{"id":78817,"date":"2022-03-23T13:32:23","date_gmt":"2022-03-23T16:32:23","guid":{"rendered":"https:\/\/www.gaveanews.com\/?p=78817"},"modified":"2022-03-23T13:32:23","modified_gmt":"2022-03-23T16:32:23","slug":"isso-e-saudavel-para-o-futebol-diz-ex-jogador-sobre-gabigol-provocar-adversario-antes-da-final-do-carioca","status":"publish","type":"post","link":"https:\/\/www.gaveanews.com\/index.php\/2022\/03\/23\/isso-e-saudavel-para-o-futebol-diz-ex-jogador-sobre-gabigol-provocar-adversario-antes-da-final-do-carioca\/","title":{"rendered":"&#8220;Isso \u00e9 saud\u00e1vel para o futebol&#8221;, diz ex-jogador sobre Gabigol provocar advers\u00e1rio antes da final do Carioca"},"content":{"rendered":"<p>Gabigol viveu mais um momento muito importante na carreira na \u00faltima ter\u00e7a-feira. O atacante eternizou seus p\u00e9s na Cal\u00e7ada da Fama, do Maracan\u00e3. Durante a cerim\u00f4nia, o jogador foi questionado sobre qual advers\u00e1rio gostaria de enfrentar na final do Campeonato Carioca e respondeu da seguinte forma: \u201cEles que t\u00eam que ter medo da gente.\u201d Durante o programa \u201cOs Donos da Bola\u201d, Carlos Alberto, ex-jogador comentou sobre a declara\u00e7\u00e3o do artilheiro rubro-negro.<\/p>\n<p>\u201cEu gosto desse tipo de provoca\u00e7\u00e3o. Acho que isso \u00e9 saud\u00e1vel para o futebol e tem que ser visto com bons olhos porque ele \u00e9 a favor da rivalidade assim como eu sou. N\u00e3o vejo problema nenhum nisso, s\u00f3 que essa gera\u00e7\u00e3o mais \u201cmimimi\u201d n\u00e3o gosta, os torcedores das outras equipes ficam chateados com esse tipo de declara\u00e7\u00e3o, mas ele \u00e9 um jogador que tem personalidade e admiro isso nele.\u201d<\/p>\n<p>O elenco rubro-negro se reapresenta nesta quarta-feira para iniciar a prepara\u00e7\u00e3o para a decis\u00e3o do Carioca. Botafogo e Fluminense se enfrentam no domingo, \u00e0s 16h, no Maracan\u00e3 para saber que ser\u00e1 o advers\u00e1rio do Flamengo. O time de Abel Braga ganhou a primeira partida da semifinal por 1 a 0 e tem a vantagem para o segundo duelo.<\/p>\n<p>A FERJ (Federa\u00e7\u00e3o de Futebol do Estado do Rio de Janeiro) definiu que os confrontos das finais do Campeonato Carioca ser\u00e3o disputados dias 31 de mar\u00e7o, quinta-feira, e 3 de abril, domingo. Os hor\u00e1rios e locais ainda n\u00e3o foram divulgados.<\/p>\n<p>Retirado de: Di\u00e1rio do Fla<\/p>\n","protected":false},"excerpt":{"rendered":"<p>Gabigol viveu mais um momento muito importante na carreira na \u00faltima ter\u00e7a-feira. O atacante eternizou seus p\u00e9s na Cal\u00e7ada da Fama, do Maracan\u00e3. Durante a cerim\u00f4nia, o jogador foi questionado sobre qual advers\u00e1rio gostaria de enfrentar na final do Campeonato Carioca e respondeu da seguinte forma: \u201cEles que t\u00eam que ter medo da gente.\u201d Durante [&hellip;]<\/p>\n","protected":false},"author":1,"featured_media":78773,"comment_status":"open","ping_status":"closed","sticky":false,"template":"","format":"standard","meta":{"footnotes":""},"categories":[1],"tags":[],"class_list":["post-78817","post","type-post","status-publish","format-standard","has-post-thumbnail","hentry","category-flamengo"],"yoast_head":"<!-- This site is optimized with the Yoast SEO Premium plugin v24.2 (Yoast SEO v26.9) - https:\/\/yoast.com\/product\/yoast-seo-premium-wordpress\/ -->\n<title>&quot;Isso \u00e9 saud\u00e1vel para o futebol&quot;, diz ex-jogador sobre Gabigol provocar advers\u00e1rio antes da final do Carioca<\/title>\n<meta name=\"robots\" content=\"index, follow, max-snippet:-1, max-image-preview:large, max-video-preview:-1\" \/>\n<link rel=\"canonical\" href=\"https:\/\/www.gaveanews.com\/index.php\/2022\/03\/23\/isso-e-saudavel-para-o-futebol-diz-ex-jogador-sobre-gabigol-provocar-adversario-antes-da-final-do-carioca\/\" \/>\n<meta property=\"og:locale\" content=\"pt_BR\" \/>\n<meta property=\"og:type\" content=\"article\" \/>\n<meta property=\"og:title\" content=\"&quot;Isso \u00e9 saud\u00e1vel para o futebol&quot;, diz ex-jogador sobre Gabigol provocar advers\u00e1rio antes da final do Carioca\" \/>\n<meta property=\"og:description\" content=\"Gabigol viveu mais um momento muito importante na carreira na \u00faltima ter\u00e7a-feira. O atacante eternizou seus p\u00e9s na Cal\u00e7ada da Fama, do Maracan\u00e3. Durante a cerim\u00f4nia, o jogador foi questionado sobre qual advers\u00e1rio gostaria de enfrentar na final do Campeonato Carioca e respondeu da seguinte forma: \u201cEles que t\u00eam que ter medo da gente.\u201d Durante [&hellip;]\" \/>\n<meta property=\"og:url\" content=\"https:\/\/www.gaveanews.com\/index.php\/2022\/03\/23\/isso-e-saudavel-para-o-futebol-diz-ex-jogador-sobre-gabigol-provocar-adversario-antes-da-final-do-carioca\/\" \/>\n<meta property=\"og:site_name\" content=\"G\u00e1vea News\" \/>\n<meta property=\"article:publisher\" content=\"https:\/\/facebook.com\/gaveaNews\/\" \/>\n<meta property=\"article:published_time\" content=\"2022-03-23T16:32:23+00:00\" \/>\n<meta property=\"og:image\" content=\"https:\/\/www.gaveanews.com\/wp-content\/uploads\/Nunes-e-Gabigol-sao-homenageados-e-deixam-marca-na-calcada-da-fama-do-Maracana.webp\" \/>\n\t<meta property=\"og:image:width\" content=\"2048\" \/>\n\t<meta property=\"og:image:height\" content=\"1364\" \/>\n\t<meta property=\"og:image:type\" content=\"image\/jpeg\" \/>\n<meta name=\"author\" content=\"Equipe G\u00e1vea News\" \/>\n<meta name=\"twitter:card\" content=\"summary_large_image\" \/>\n<meta name=\"twitter:label1\" content=\"Escrito por\" \/>\n\t<meta name=\"twitter:data1\" content=\"Equipe G\u00e1vea News\" \/>\n\t<meta name=\"twitter:label2\" content=\"Est. tempo de leitura\" \/>\n\t<meta name=\"twitter:data2\" content=\"2 minutos\" \/>\n<script type=\"application\/ld+json\" class=\"yoast-schema-graph\">{\"@context\":\"https:\/\/schema.org\",\"@graph\":[{\"@type\":\"NewsArticle\",\"@id\":\"https:\/\/www.gaveanews.com\/index.php\/2022\/03\/23\/isso-e-saudavel-para-o-futebol-diz-ex-jogador-sobre-gabigol-provocar-adversario-antes-da-final-do-carioca\/#article\",\"isPartOf\":{\"@id\":\"https:\/\/www.gaveanews.com\/index.php\/2022\/03\/23\/isso-e-saudavel-para-o-futebol-diz-ex-jogador-sobre-gabigol-provocar-adversario-antes-da-final-do-carioca\/\"},\"author\":{\"name\":\"Equipe G\u00e1vea News\",\"@id\":\"https:\/\/www.gaveanews.com\/#\/schema\/person\/2ec14f73fb96be2caf28f91afb14749d\"},\"headline\":\"&#8220;Isso \u00e9 saud\u00e1vel para o futebol&#8221;, diz ex-jogador sobre Gabigol provocar advers\u00e1rio antes da final do Carioca\",\"datePublished\":\"2022-03-23T16:32:23+00:00\",\"mainEntityOfPage\":{\"@id\":\"https:\/\/www.gaveanews.com\/index.php\/2022\/03\/23\/isso-e-saudavel-para-o-futebol-diz-ex-jogador-sobre-gabigol-provocar-adversario-antes-da-final-do-carioca\/\"},\"wordCount\":277,\"commentCount\":0,\"image\":{\"@id\":\"https:\/\/www.gaveanews.com\/index.php\/2022\/03\/23\/isso-e-saudavel-para-o-futebol-diz-ex-jogador-sobre-gabigol-provocar-adversario-antes-da-final-do-carioca\/#primaryimage\"},\"thumbnailUrl\":\"https:\/\/www.gaveanews.com\/wp-content\/uploads\/Nunes-e-Gabigol-sao-homenageados-e-deixam-marca-na-calcada-da-fama-do-Maracana.webp\",\"articleSection\":[\"Flamengo\"],\"inLanguage\":\"pt-BR\",\"potentialAction\":[{\"@type\":\"CommentAction\",\"name\":\"Comment\",\"target\":[\"https:\/\/www.gaveanews.com\/index.php\/2022\/03\/23\/isso-e-saudavel-para-o-futebol-diz-ex-jogador-sobre-gabigol-provocar-adversario-antes-da-final-do-carioca\/#respond\"]}],\"copyrightYear\":\"2022\",\"copyrightHolder\":{\"@id\":\"https:\/\/www.gaveanews.com\/#organization\"}},{\"@type\":\"WebPage\",\"@id\":\"https:\/\/www.gaveanews.com\/index.php\/2022\/03\/23\/isso-e-saudavel-para-o-futebol-diz-ex-jogador-sobre-gabigol-provocar-adversario-antes-da-final-do-carioca\/\",\"url\":\"https:\/\/www.gaveanews.com\/index.php\/2022\/03\/23\/isso-e-saudavel-para-o-futebol-diz-ex-jogador-sobre-gabigol-provocar-adversario-antes-da-final-do-carioca\/\",\"name\":\"\\\"Isso \u00e9 saud\u00e1vel para o futebol\\\", diz ex-jogador sobre Gabigol provocar advers\u00e1rio antes da final do Carioca\",\"isPartOf\":{\"@id\":\"https:\/\/www.gaveanews.com\/#website\"},\"primaryImageOfPage\":{\"@id\":\"https:\/\/www.gaveanews.com\/index.php\/2022\/03\/23\/isso-e-saudavel-para-o-futebol-diz-ex-jogador-sobre-gabigol-provocar-adversario-antes-da-final-do-carioca\/#primaryimage\"},\"image\":{\"@id\":\"https:\/\/www.gaveanews.com\/index.php\/2022\/03\/23\/isso-e-saudavel-para-o-futebol-diz-ex-jogador-sobre-gabigol-provocar-adversario-antes-da-final-do-carioca\/#primaryimage\"},\"thumbnailUrl\":\"https:\/\/www.gaveanews.com\/wp-content\/uploads\/Nunes-e-Gabigol-sao-homenageados-e-deixam-marca-na-calcada-da-fama-do-Maracana.webp\",\"datePublished\":\"2022-03-23T16:32:23+00:00\",\"author\":{\"@id\":\"https:\/\/www.gaveanews.com\/#\/schema\/person\/2ec14f73fb96be2caf28f91afb14749d\"},\"breadcrumb\":{\"@id\":\"https:\/\/www.gaveanews.com\/index.php\/2022\/03\/23\/isso-e-saudavel-para-o-futebol-diz-ex-jogador-sobre-gabigol-provocar-adversario-antes-da-final-do-carioca\/#breadcrumb\"},\"inLanguage\":\"pt-BR\",\"potentialAction\":[{\"@type\":\"ReadAction\",\"target\":[\"https:\/\/www.gaveanews.com\/index.php\/2022\/03\/23\/isso-e-saudavel-para-o-futebol-diz-ex-jogador-sobre-gabigol-provocar-adversario-antes-da-final-do-carioca\/\"]}]},{\"@type\":\"ImageObject\",\"inLanguage\":\"pt-BR\",\"@id\":\"https:\/\/www.gaveanews.com\/index.php\/2022\/03\/23\/isso-e-saudavel-para-o-futebol-diz-ex-jogador-sobre-gabigol-provocar-adversario-antes-da-final-do-carioca\/#primaryimage\",\"url\":\"https:\/\/www.gaveanews.com\/wp-content\/uploads\/Nunes-e-Gabigol-sao-homenageados-e-deixam-marca-na-calcada-da-fama-do-Maracana.webp\",\"contentUrl\":\"https:\/\/www.gaveanews.com\/wp-content\/uploads\/Nunes-e-Gabigol-sao-homenageados-e-deixam-marca-na-calcada-da-fama-do-Maracana.webp\",\"width\":2048,\"height\":1364,\"caption\":\"Nunes e Gabigol s\u00e3o homenageados e deixam marca na cal\u00e7ada da fama do Maracan\u00e3 (Foto: Marcelo Cortes\/Flamengo)\"},{\"@type\":\"BreadcrumbList\",\"@id\":\"https:\/\/www.gaveanews.com\/index.php\/2022\/03\/23\/isso-e-saudavel-para-o-futebol-diz-ex-jogador-sobre-gabigol-provocar-adversario-antes-da-final-do-carioca\/#breadcrumb\",\"itemListElement\":[{\"@type\":\"ListItem\",\"position\":1,\"name\":\"Home\",\"item\":\"https:\/\/www.gaveanews.com\/\"},{\"@type\":\"ListItem\",\"position\":2,\"name\":\"&#8220;Isso \u00e9 saud\u00e1vel para o futebol&#8221;, diz ex-jogador sobre Gabigol provocar advers\u00e1rio antes da final do Carioca\"}]},{\"@type\":\"WebSite\",\"@id\":\"https:\/\/www.gaveanews.com\/#website\",\"url\":\"https:\/\/www.gaveanews.com\/\",\"name\":\"G\u00e1vea News\",\"description\":\"Veja todas as not\u00edcias sobre o Flamengo: Contrata\u00e7\u00f5es, categorias de base, resultados das partidas, tabela de classifica\u00e7\u00e3o, pr\u00f3ximos jogos!\",\"potentialAction\":[{\"@type\":\"SearchAction\",\"target\":{\"@type\":\"EntryPoint\",\"urlTemplate\":\"https:\/\/www.gaveanews.com\/?s={search_term_string}\"},\"query-input\":{\"@type\":\"PropertyValueSpecification\",\"valueRequired\":true,\"valueName\":\"search_term_string\"}}],\"inLanguage\":\"pt-BR\"},{\"@type\":\"Person\",\"@id\":\"https:\/\/www.gaveanews.com\/#\/schema\/person\/2ec14f73fb96be2caf28f91afb14749d\",\"name\":\"Equipe G\u00e1vea News\",\"image\":{\"@type\":\"ImageObject\",\"inLanguage\":\"pt-BR\",\"@id\":\"https:\/\/www.gaveanews.com\/#\/schema\/person\/image\/\",\"url\":\"https:\/\/secure.gravatar.com\/avatar\/1e1956f1facbffd3f8fa53a326721950116b3b9dc9bd44939c01180fd4a745a9?s=96&d=mm&r=g\",\"contentUrl\":\"https:\/\/secure.gravatar.com\/avatar\/1e1956f1facbffd3f8fa53a326721950116b3b9dc9bd44939c01180fd4a745a9?s=96&d=mm&r=g\",\"caption\":\"Equipe G\u00e1vea News\"}}]}<\/script>\n<!-- \/ Yoast SEO Premium plugin. -->","yoast_head_json":{"title":"\"Isso \u00e9 saud\u00e1vel para o futebol\", diz ex-jogador sobre Gabigol provocar advers\u00e1rio antes da final do Carioca","robots":{"index":"index","follow":"follow","max-snippet":"max-snippet:-1","max-image-preview":"max-image-preview:large","max-video-preview":"max-video-preview:-1"},"canonical":"https:\/\/www.gaveanews.com\/index.php\/2022\/03\/23\/isso-e-saudavel-para-o-futebol-diz-ex-jogador-sobre-gabigol-provocar-adversario-antes-da-final-do-carioca\/","og_locale":"pt_BR","og_type":"article","og_title":"\"Isso \u00e9 saud\u00e1vel para o futebol\", diz ex-jogador sobre Gabigol provocar advers\u00e1rio antes da final do Carioca","og_description":"Gabigol viveu mais um momento muito importante na carreira na \u00faltima ter\u00e7a-feira. O atacante eternizou seus p\u00e9s na Cal\u00e7ada da Fama, do Maracan\u00e3. Durante a cerim\u00f4nia, o jogador foi questionado sobre qual advers\u00e1rio gostaria de enfrentar na final do Campeonato Carioca e respondeu da seguinte forma: \u201cEles que t\u00eam que ter medo da gente.\u201d Durante [&hellip;]","og_url":"https:\/\/www.gaveanews.com\/index.php\/2022\/03\/23\/isso-e-saudavel-para-o-futebol-diz-ex-jogador-sobre-gabigol-provocar-adversario-antes-da-final-do-carioca\/","og_site_name":"G\u00e1vea News","article_publisher":"https:\/\/facebook.com\/gaveaNews\/","article_published_time":"2022-03-23T16:32:23+00:00","og_image":[{"width":2048,"height":1364,"url":"https:\/\/www.gaveanews.com\/wp-content\/uploads\/Nunes-e-Gabigol-sao-homenageados-e-deixam-marca-na-calcada-da-fama-do-Maracana.webp","type":"image\/jpeg"}],"author":"Equipe G\u00e1vea News","twitter_card":"summary_large_image","twitter_misc":{"Escrito por":"Equipe G\u00e1vea News","Est. tempo de leitura":"2 minutos"},"schema":{"@context":"https:\/\/schema.org","@graph":[{"@type":"NewsArticle","@id":"https:\/\/www.gaveanews.com\/index.php\/2022\/03\/23\/isso-e-saudavel-para-o-futebol-diz-ex-jogador-sobre-gabigol-provocar-adversario-antes-da-final-do-carioca\/#article","isPartOf":{"@id":"https:\/\/www.gaveanews.com\/index.php\/2022\/03\/23\/isso-e-saudavel-para-o-futebol-diz-ex-jogador-sobre-gabigol-provocar-adversario-antes-da-final-do-carioca\/"},"author":{"name":"Equipe G\u00e1vea News","@id":"https:\/\/www.gaveanews.com\/#\/schema\/person\/2ec14f73fb96be2caf28f91afb14749d"},"headline":"&#8220;Isso \u00e9 saud\u00e1vel para o futebol&#8221;, diz ex-jogador sobre Gabigol provocar advers\u00e1rio antes da final do Carioca","datePublished":"2022-03-23T16:32:23+00:00","mainEntityOfPage":{"@id":"https:\/\/www.gaveanews.com\/index.php\/2022\/03\/23\/isso-e-saudavel-para-o-futebol-diz-ex-jogador-sobre-gabigol-provocar-adversario-antes-da-final-do-carioca\/"},"wordCount":277,"commentCount":0,"image":{"@id":"https:\/\/www.gaveanews.com\/index.php\/2022\/03\/23\/isso-e-saudavel-para-o-futebol-diz-ex-jogador-sobre-gabigol-provocar-adversario-antes-da-final-do-carioca\/#primaryimage"},"thumbnailUrl":"https:\/\/www.gaveanews.com\/wp-content\/uploads\/Nunes-e-Gabigol-sao-homenageados-e-deixam-marca-na-calcada-da-fama-do-Maracana.webp","articleSection":["Flamengo"],"inLanguage":"pt-BR","potentialAction":[{"@type":"CommentAction","name":"Comment","target":["https:\/\/www.gaveanews.com\/index.php\/2022\/03\/23\/isso-e-saudavel-para-o-futebol-diz-ex-jogador-sobre-gabigol-provocar-adversario-antes-da-final-do-carioca\/#respond"]}],"copyrightYear":"2022","copyrightHolder":{"@id":"https:\/\/www.gaveanews.com\/#organization"}},{"@type":"WebPage","@id":"https:\/\/www.gaveanews.com\/index.php\/2022\/03\/23\/isso-e-saudavel-para-o-futebol-diz-ex-jogador-sobre-gabigol-provocar-adversario-antes-da-final-do-carioca\/","url":"https:\/\/www.gaveanews.com\/index.php\/2022\/03\/23\/isso-e-saudavel-para-o-futebol-diz-ex-jogador-sobre-gabigol-provocar-adversario-antes-da-final-do-carioca\/","name":"\"Isso \u00e9 saud\u00e1vel para o futebol\", diz ex-jogador sobre Gabigol provocar advers\u00e1rio antes da final do Carioca","isPartOf":{"@id":"https:\/\/www.gaveanews.com\/#website"},"primaryImageOfPage":{"@id":"https:\/\/www.gaveanews.com\/index.php\/2022\/03\/23\/isso-e-saudavel-para-o-futebol-diz-ex-jogador-sobre-gabigol-provocar-adversario-antes-da-final-do-carioca\/#primaryimage"},"image":{"@id":"https:\/\/www.gaveanews.com\/index.php\/2022\/03\/23\/isso-e-saudavel-para-o-futebol-diz-ex-jogador-sobre-gabigol-provocar-adversario-antes-da-final-do-carioca\/#primaryimage"},"thumbnailUrl":"https:\/\/www.gaveanews.com\/wp-content\/uploads\/Nunes-e-Gabigol-sao-homenageados-e-deixam-marca-na-calcada-da-fama-do-Maracana.webp","datePublished":"2022-03-23T16:32:23+00:00","author":{"@id":"https:\/\/www.gaveanews.com\/#\/schema\/person\/2ec14f73fb96be2caf28f91afb14749d"},"breadcrumb":{"@id":"https:\/\/www.gaveanews.com\/index.php\/2022\/03\/23\/isso-e-saudavel-para-o-futebol-diz-ex-jogador-sobre-gabigol-provocar-adversario-antes-da-final-do-carioca\/#breadcrumb"},"inLanguage":"pt-BR","potentialAction":[{"@type":"ReadAction","target":["https:\/\/www.gaveanews.com\/index.php\/2022\/03\/23\/isso-e-saudavel-para-o-futebol-diz-ex-jogador-sobre-gabigol-provocar-adversario-antes-da-final-do-carioca\/"]}]},{"@type":"ImageObject","inLanguage":"pt-BR","@id":"https:\/\/www.gaveanews.com\/index.php\/2022\/03\/23\/isso-e-saudavel-para-o-futebol-diz-ex-jogador-sobre-gabigol-provocar-adversario-antes-da-final-do-carioca\/#primaryimage","url":"https:\/\/www.gaveanews.com\/wp-content\/uploads\/Nunes-e-Gabigol-sao-homenageados-e-deixam-marca-na-calcada-da-fama-do-Maracana.webp","contentUrl":"https:\/\/www.gaveanews.com\/wp-content\/uploads\/Nunes-e-Gabigol-sao-homenageados-e-deixam-marca-na-calcada-da-fama-do-Maracana.webp","width":2048,"height":1364,"caption":"Nunes e Gabigol s\u00e3o homenageados e deixam marca na cal\u00e7ada da fama do Maracan\u00e3 (Foto: Marcelo Cortes\/Flamengo)"},{"@type":"BreadcrumbList","@id":"https:\/\/www.gaveanews.com\/index.php\/2022\/03\/23\/isso-e-saudavel-para-o-futebol-diz-ex-jogador-sobre-gabigol-provocar-adversario-antes-da-final-do-carioca\/#breadcrumb","itemListElement":[{"@type":"ListItem","position":1,"name":"Home","item":"https:\/\/www.gaveanews.com\/"},{"@type":"ListItem","position":2,"name":"&#8220;Isso \u00e9 saud\u00e1vel para o futebol&#8221;, diz ex-jogador sobre Gabigol provocar advers\u00e1rio antes da final do Carioca"}]},{"@type":"WebSite","@id":"https:\/\/www.gaveanews.com\/#website","url":"https:\/\/www.gaveanews.com\/","name":"G\u00e1vea News","description":"Veja todas as not\u00edcias sobre o Flamengo: Contrata\u00e7\u00f5es, categorias de base, resultados das partidas, tabela de classifica\u00e7\u00e3o, pr\u00f3ximos jogos!","potentialAction":[{"@type":"SearchAction","target":{"@type":"EntryPoint","urlTemplate":"https:\/\/www.gaveanews.com\/?s={search_term_string}"},"query-input":{"@type":"PropertyValueSpecification","valueRequired":true,"valueName":"search_term_string"}}],"inLanguage":"pt-BR"},{"@type":"Person","@id":"https:\/\/www.gaveanews.com\/#\/schema\/person\/2ec14f73fb96be2caf28f91afb14749d","name":"Equipe G\u00e1vea News","image":{"@type":"ImageObject","inLanguage":"pt-BR","@id":"https:\/\/www.gaveanews.com\/#\/schema\/person\/image\/","url":"https:\/\/secure.gravatar.com\/avatar\/1e1956f1facbffd3f8fa53a326721950116b3b9dc9bd44939c01180fd4a745a9?s=96&d=mm&r=g","contentUrl":"https:\/\/secure.gravatar.com\/avatar\/1e1956f1facbffd3f8fa53a326721950116b3b9dc9bd44939c01180fd4a745a9?s=96&d=mm&r=g","caption":"Equipe G\u00e1vea News"}}]}},"_links":{"self":[{"href":"https:\/\/www.gaveanews.com\/index.php\/wp-json\/wp\/v2\/posts\/78817","targetHints":{"allow":["GET"]}}],"collection":[{"href":"https:\/\/www.gaveanews.com\/index.php\/wp-json\/wp\/v2\/posts"}],"about":[{"href":"https:\/\/www.gaveanews.com\/index.php\/wp-json\/wp\/v2\/types\/post"}],"author":[{"embeddable":true,"href":"https:\/\/www.gaveanews.com\/index.php\/wp-json\/wp\/v2\/users\/1"}],"replies":[{"embeddable":true,"href":"https:\/\/www.gaveanews.com\/index.php\/wp-json\/wp\/v2\/comments?post=78817"}],"version-history":[{"count":0,"href":"https:\/\/www.gaveanews.com\/index.php\/wp-json\/wp\/v2\/posts\/78817\/revisions"}],"wp:featuredmedia":[{"embeddable":true,"href":"https:\/\/www.gaveanews.com\/index.php\/wp-json\/wp\/v2\/media\/78773"}],"wp:attachment":[{"href":"https:\/\/www.gaveanews.com\/index.php\/wp-json\/wp\/v2\/media?parent=78817"}],"wp:term":[{"taxonomy":"category","embeddable":true,"href":"https:\/\/www.gaveanews.com\/index.php\/wp-json\/wp\/v2\/categories?post=78817"},{"taxonomy":"post_tag","embeddable":true,"href":"https:\/\/www.gaveanews.com\/index.php\/wp-json\/wp\/v2\/tags?post=78817"}],"curies":[{"name":"wp","href":"https:\/\/api.w.org\/{rel}","templated":true}]}}