{"id":78848,"date":"2022-03-23T23:45:51","date_gmt":"2022-03-24T02:45:51","guid":{"rendered":"https:\/\/www.gaveanews.com\/?p=78848"},"modified":"2022-03-23T23:45:51","modified_gmt":"2022-03-24T02:45:51","slug":"palmeiras-encerrou-conversas-por-pedro-apos-exigencia-do-flamengo-entenda","status":"publish","type":"post","link":"https:\/\/www.gaveanews.com\/index.php\/2022\/03\/23\/palmeiras-encerrou-conversas-por-pedro-apos-exigencia-do-flamengo-entenda\/","title":{"rendered":"Palmeiras encerrou conversas por Pedro ap\u00f3s exig\u00eancia do Flamengo; entenda"},"content":{"rendered":"<p>Depois de insistir na busca pela contrata\u00e7\u00e3o do atacante Pedro, do Flamengo, o Palmeiras declinou de vez do neg\u00f3cio e descarta a possibilidade de adquirir o centroavante para o time de Abel Ferreira, que j\u00e1 manifestou diversas vezes o desejo de contar com um homem de refer\u00eancia no plantel palestrino.<\/p>\n<p>De acordo com o jornalista Bruno Andrade, do UOL Esporte, as tratativas tiveram um ponto final quando o Flamengo especulou a possibilidade de incluir Gabriel Menino e Patrick de Paula no \u201cpacote\u201d da negocia\u00e7\u00e3o.<\/p>\n<p>A dupla possui valor estimado de mercado de 12 milh\u00f5es de euros (R$ 64 milh\u00f5es) cada. Ap\u00f3s o declinar da possibilidade, o Palmeiras acabou negociando Patrick de Paula para o Botafogo por 6 milh\u00f5es de euros (R$ 32 milh\u00f5es) por 50% de seus direitos federativos, e ficou com a outra metade da fatia.<\/p>\n<p>Se aceitasse a contraproposta, incluindo cifras ofertadas e jogadores solicitados pelo fato, o Palmeiras estaria desembolsando 47 milh\u00f5es de euros (R$ 252 milh\u00f5es na cota\u00e7\u00e3o atual). O \u00edndice de gastos para o Verd\u00e3o subiria ainda mais com a inclus\u00e3o de luvas de assinatura de contrato, comiss\u00e3o para intermedi\u00e1rios, al\u00e9m do pr\u00f3prio sal\u00e1rio de Pedro, que por sinal n\u00e3o seria baixo.<\/p>\n<p>Nesta quarta-feira (23), a presidente do Palmeiras, Leila Pereira, falou sobre as investidas por Pedro, e descartou oficialmente a possibilidade de um neg\u00f3cio.<\/p>\n<p>\u201cAcabou. Essa conversa acabou porque o clube (Flamengo) n\u00e3o tem interesse em negociar. Por mim, essa conversa est\u00e1 encerrada\u201d, disse a mandat\u00e1ria em entrevista ao \u201cGE\u201d.<\/p>\n<p>Retirado de: Torcedores<\/p>\n","protected":false},"excerpt":{"rendered":"<p>Depois de insistir na busca pela contrata\u00e7\u00e3o do atacante Pedro, do Flamengo, o Palmeiras declinou de vez do neg\u00f3cio e descarta a possibilidade de adquirir o centroavante para o time de Abel Ferreira, que j\u00e1 manifestou diversas vezes o desejo de contar com um homem de refer\u00eancia no plantel palestrino. De acordo com o jornalista [&hellip;]<\/p>\n","protected":false},"author":1,"featured_media":77336,"comment_status":"open","ping_status":"closed","sticky":false,"template":"","format":"standard","meta":{"footnotes":""},"categories":[1],"tags":[],"class_list":["post-78848","post","type-post","status-publish","format-standard","has-post-thumbnail","hentry","category-flamengo"],"yoast_head":"<!-- This site is optimized with the Yoast SEO Premium plugin v24.2 (Yoast SEO v26.9) - https:\/\/yoast.com\/product\/yoast-seo-premium-wordpress\/ -->\n<title>Palmeiras encerrou conversas por Pedro ap\u00f3s exig\u00eancia do Flamengo; entenda<\/title>\n<meta name=\"robots\" content=\"index, follow, max-snippet:-1, max-image-preview:large, max-video-preview:-1\" \/>\n<link rel=\"canonical\" href=\"https:\/\/www.gaveanews.com\/index.php\/2022\/03\/23\/palmeiras-encerrou-conversas-por-pedro-apos-exigencia-do-flamengo-entenda\/\" \/>\n<meta property=\"og:locale\" content=\"pt_BR\" \/>\n<meta property=\"og:type\" content=\"article\" \/>\n<meta property=\"og:title\" content=\"Palmeiras encerrou conversas por Pedro ap\u00f3s exig\u00eancia do Flamengo; entenda\" \/>\n<meta property=\"og:description\" content=\"Depois de insistir na busca pela contrata\u00e7\u00e3o do atacante Pedro, do Flamengo, o Palmeiras declinou de vez do neg\u00f3cio e descarta a possibilidade de adquirir o centroavante para o time de Abel Ferreira, que j\u00e1 manifestou diversas vezes o desejo de contar com um homem de refer\u00eancia no plantel palestrino. De acordo com o jornalista [&hellip;]\" \/>\n<meta property=\"og:url\" content=\"https:\/\/www.gaveanews.com\/index.php\/2022\/03\/23\/palmeiras-encerrou-conversas-por-pedro-apos-exigencia-do-flamengo-entenda\/\" \/>\n<meta property=\"og:site_name\" content=\"G\u00e1vea News\" \/>\n<meta property=\"article:publisher\" content=\"https:\/\/facebook.com\/gaveaNews\/\" \/>\n<meta property=\"article:published_time\" content=\"2022-03-24T02:45:51+00:00\" \/>\n<meta property=\"og:image\" content=\"https:\/\/www.gaveanews.com\/wp-content\/uploads\/Pedro-comemora-gol-marcado-pelo-Flamengo-contra-o-Botafogo.webp\" \/>\n\t<meta property=\"og:image:width\" content=\"800\" \/>\n\t<meta property=\"og:image:height\" content=\"560\" \/>\n\t<meta property=\"og:image:type\" content=\"image\/jpeg\" \/>\n<meta name=\"author\" content=\"Equipe G\u00e1vea News\" \/>\n<meta name=\"twitter:card\" content=\"summary_large_image\" \/>\n<meta name=\"twitter:label1\" content=\"Escrito por\" \/>\n\t<meta name=\"twitter:data1\" content=\"Equipe G\u00e1vea News\" \/>\n\t<meta name=\"twitter:label2\" content=\"Est. tempo de leitura\" \/>\n\t<meta name=\"twitter:data2\" content=\"2 minutos\" \/>\n<script type=\"application\/ld+json\" class=\"yoast-schema-graph\">{\"@context\":\"https:\/\/schema.org\",\"@graph\":[{\"@type\":\"NewsArticle\",\"@id\":\"https:\/\/www.gaveanews.com\/index.php\/2022\/03\/23\/palmeiras-encerrou-conversas-por-pedro-apos-exigencia-do-flamengo-entenda\/#article\",\"isPartOf\":{\"@id\":\"https:\/\/www.gaveanews.com\/index.php\/2022\/03\/23\/palmeiras-encerrou-conversas-por-pedro-apos-exigencia-do-flamengo-entenda\/\"},\"author\":{\"name\":\"Equipe G\u00e1vea News\",\"@id\":\"https:\/\/www.gaveanews.com\/#\/schema\/person\/2ec14f73fb96be2caf28f91afb14749d\"},\"headline\":\"Palmeiras encerrou conversas por Pedro ap\u00f3s exig\u00eancia do Flamengo; entenda\",\"datePublished\":\"2022-03-24T02:45:51+00:00\",\"mainEntityOfPage\":{\"@id\":\"https:\/\/www.gaveanews.com\/index.php\/2022\/03\/23\/palmeiras-encerrou-conversas-por-pedro-apos-exigencia-do-flamengo-entenda\/\"},\"wordCount\":276,\"commentCount\":0,\"image\":{\"@id\":\"https:\/\/www.gaveanews.com\/index.php\/2022\/03\/23\/palmeiras-encerrou-conversas-por-pedro-apos-exigencia-do-flamengo-entenda\/#primaryimage\"},\"thumbnailUrl\":\"https:\/\/www.gaveanews.com\/wp-content\/uploads\/Pedro-comemora-gol-marcado-pelo-Flamengo-contra-o-Botafogo.webp\",\"articleSection\":[\"Flamengo\"],\"inLanguage\":\"pt-BR\",\"potentialAction\":[{\"@type\":\"CommentAction\",\"name\":\"Comment\",\"target\":[\"https:\/\/www.gaveanews.com\/index.php\/2022\/03\/23\/palmeiras-encerrou-conversas-por-pedro-apos-exigencia-do-flamengo-entenda\/#respond\"]}],\"copyrightYear\":\"2022\",\"copyrightHolder\":{\"@id\":\"https:\/\/www.gaveanews.com\/#organization\"}},{\"@type\":\"WebPage\",\"@id\":\"https:\/\/www.gaveanews.com\/index.php\/2022\/03\/23\/palmeiras-encerrou-conversas-por-pedro-apos-exigencia-do-flamengo-entenda\/\",\"url\":\"https:\/\/www.gaveanews.com\/index.php\/2022\/03\/23\/palmeiras-encerrou-conversas-por-pedro-apos-exigencia-do-flamengo-entenda\/\",\"name\":\"Palmeiras encerrou conversas por Pedro ap\u00f3s exig\u00eancia do Flamengo; entenda\",\"isPartOf\":{\"@id\":\"https:\/\/www.gaveanews.com\/#website\"},\"primaryImageOfPage\":{\"@id\":\"https:\/\/www.gaveanews.com\/index.php\/2022\/03\/23\/palmeiras-encerrou-conversas-por-pedro-apos-exigencia-do-flamengo-entenda\/#primaryimage\"},\"image\":{\"@id\":\"https:\/\/www.gaveanews.com\/index.php\/2022\/03\/23\/palmeiras-encerrou-conversas-por-pedro-apos-exigencia-do-flamengo-entenda\/#primaryimage\"},\"thumbnailUrl\":\"https:\/\/www.gaveanews.com\/wp-content\/uploads\/Pedro-comemora-gol-marcado-pelo-Flamengo-contra-o-Botafogo.webp\",\"datePublished\":\"2022-03-24T02:45:51+00:00\",\"author\":{\"@id\":\"https:\/\/www.gaveanews.com\/#\/schema\/person\/2ec14f73fb96be2caf28f91afb14749d\"},\"breadcrumb\":{\"@id\":\"https:\/\/www.gaveanews.com\/index.php\/2022\/03\/23\/palmeiras-encerrou-conversas-por-pedro-apos-exigencia-do-flamengo-entenda\/#breadcrumb\"},\"inLanguage\":\"pt-BR\",\"potentialAction\":[{\"@type\":\"ReadAction\",\"target\":[\"https:\/\/www.gaveanews.com\/index.php\/2022\/03\/23\/palmeiras-encerrou-conversas-por-pedro-apos-exigencia-do-flamengo-entenda\/\"]}]},{\"@type\":\"ImageObject\",\"inLanguage\":\"pt-BR\",\"@id\":\"https:\/\/www.gaveanews.com\/index.php\/2022\/03\/23\/palmeiras-encerrou-conversas-por-pedro-apos-exigencia-do-flamengo-entenda\/#primaryimage\",\"url\":\"https:\/\/www.gaveanews.com\/wp-content\/uploads\/Pedro-comemora-gol-marcado-pelo-Flamengo-contra-o-Botafogo.webp\",\"contentUrl\":\"https:\/\/www.gaveanews.com\/wp-content\/uploads\/Pedro-comemora-gol-marcado-pelo-Flamengo-contra-o-Botafogo.webp\",\"width\":800,\"height\":560,\"caption\":\"Pedro comemora gol marcado pelo Flamengo contra o Botafogo (Foto: Gilvan de Souza\/Flamengo)\"},{\"@type\":\"BreadcrumbList\",\"@id\":\"https:\/\/www.gaveanews.com\/index.php\/2022\/03\/23\/palmeiras-encerrou-conversas-por-pedro-apos-exigencia-do-flamengo-entenda\/#breadcrumb\",\"itemListElement\":[{\"@type\":\"ListItem\",\"position\":1,\"name\":\"Home\",\"item\":\"https:\/\/www.gaveanews.com\/\"},{\"@type\":\"ListItem\",\"position\":2,\"name\":\"Palmeiras encerrou conversas por Pedro ap\u00f3s exig\u00eancia do Flamengo; entenda\"}]},{\"@type\":\"WebSite\",\"@id\":\"https:\/\/www.gaveanews.com\/#website\",\"url\":\"https:\/\/www.gaveanews.com\/\",\"name\":\"G\u00e1vea News\",\"description\":\"Veja todas as not\u00edcias sobre o Flamengo: Contrata\u00e7\u00f5es, categorias de base, resultados das partidas, tabela de classifica\u00e7\u00e3o, pr\u00f3ximos jogos!\",\"potentialAction\":[{\"@type\":\"SearchAction\",\"target\":{\"@type\":\"EntryPoint\",\"urlTemplate\":\"https:\/\/www.gaveanews.com\/?s={search_term_string}\"},\"query-input\":{\"@type\":\"PropertyValueSpecification\",\"valueRequired\":true,\"valueName\":\"search_term_string\"}}],\"inLanguage\":\"pt-BR\"},{\"@type\":\"Person\",\"@id\":\"https:\/\/www.gaveanews.com\/#\/schema\/person\/2ec14f73fb96be2caf28f91afb14749d\",\"name\":\"Equipe G\u00e1vea News\",\"image\":{\"@type\":\"ImageObject\",\"inLanguage\":\"pt-BR\",\"@id\":\"https:\/\/www.gaveanews.com\/#\/schema\/person\/image\/\",\"url\":\"https:\/\/secure.gravatar.com\/avatar\/1e1956f1facbffd3f8fa53a326721950116b3b9dc9bd44939c01180fd4a745a9?s=96&d=mm&r=g\",\"contentUrl\":\"https:\/\/secure.gravatar.com\/avatar\/1e1956f1facbffd3f8fa53a326721950116b3b9dc9bd44939c01180fd4a745a9?s=96&d=mm&r=g\",\"caption\":\"Equipe G\u00e1vea News\"}}]}<\/script>\n<!-- \/ Yoast SEO Premium plugin. -->","yoast_head_json":{"title":"Palmeiras encerrou conversas por Pedro ap\u00f3s exig\u00eancia do Flamengo; entenda","robots":{"index":"index","follow":"follow","max-snippet":"max-snippet:-1","max-image-preview":"max-image-preview:large","max-video-preview":"max-video-preview:-1"},"canonical":"https:\/\/www.gaveanews.com\/index.php\/2022\/03\/23\/palmeiras-encerrou-conversas-por-pedro-apos-exigencia-do-flamengo-entenda\/","og_locale":"pt_BR","og_type":"article","og_title":"Palmeiras encerrou conversas por Pedro ap\u00f3s exig\u00eancia do Flamengo; entenda","og_description":"Depois de insistir na busca pela contrata\u00e7\u00e3o do atacante Pedro, do Flamengo, o Palmeiras declinou de vez do neg\u00f3cio e descarta a possibilidade de adquirir o centroavante para o time de Abel Ferreira, que j\u00e1 manifestou diversas vezes o desejo de contar com um homem de refer\u00eancia no plantel palestrino. De acordo com o jornalista [&hellip;]","og_url":"https:\/\/www.gaveanews.com\/index.php\/2022\/03\/23\/palmeiras-encerrou-conversas-por-pedro-apos-exigencia-do-flamengo-entenda\/","og_site_name":"G\u00e1vea News","article_publisher":"https:\/\/facebook.com\/gaveaNews\/","article_published_time":"2022-03-24T02:45:51+00:00","og_image":[{"width":800,"height":560,"url":"https:\/\/www.gaveanews.com\/wp-content\/uploads\/Pedro-comemora-gol-marcado-pelo-Flamengo-contra-o-Botafogo.webp","type":"image\/jpeg"}],"author":"Equipe G\u00e1vea News","twitter_card":"summary_large_image","twitter_misc":{"Escrito por":"Equipe G\u00e1vea News","Est. tempo de leitura":"2 minutos"},"schema":{"@context":"https:\/\/schema.org","@graph":[{"@type":"NewsArticle","@id":"https:\/\/www.gaveanews.com\/index.php\/2022\/03\/23\/palmeiras-encerrou-conversas-por-pedro-apos-exigencia-do-flamengo-entenda\/#article","isPartOf":{"@id":"https:\/\/www.gaveanews.com\/index.php\/2022\/03\/23\/palmeiras-encerrou-conversas-por-pedro-apos-exigencia-do-flamengo-entenda\/"},"author":{"name":"Equipe G\u00e1vea News","@id":"https:\/\/www.gaveanews.com\/#\/schema\/person\/2ec14f73fb96be2caf28f91afb14749d"},"headline":"Palmeiras encerrou conversas por Pedro ap\u00f3s exig\u00eancia do Flamengo; entenda","datePublished":"2022-03-24T02:45:51+00:00","mainEntityOfPage":{"@id":"https:\/\/www.gaveanews.com\/index.php\/2022\/03\/23\/palmeiras-encerrou-conversas-por-pedro-apos-exigencia-do-flamengo-entenda\/"},"wordCount":276,"commentCount":0,"image":{"@id":"https:\/\/www.gaveanews.com\/index.php\/2022\/03\/23\/palmeiras-encerrou-conversas-por-pedro-apos-exigencia-do-flamengo-entenda\/#primaryimage"},"thumbnailUrl":"https:\/\/www.gaveanews.com\/wp-content\/uploads\/Pedro-comemora-gol-marcado-pelo-Flamengo-contra-o-Botafogo.webp","articleSection":["Flamengo"],"inLanguage":"pt-BR","potentialAction":[{"@type":"CommentAction","name":"Comment","target":["https:\/\/www.gaveanews.com\/index.php\/2022\/03\/23\/palmeiras-encerrou-conversas-por-pedro-apos-exigencia-do-flamengo-entenda\/#respond"]}],"copyrightYear":"2022","copyrightHolder":{"@id":"https:\/\/www.gaveanews.com\/#organization"}},{"@type":"WebPage","@id":"https:\/\/www.gaveanews.com\/index.php\/2022\/03\/23\/palmeiras-encerrou-conversas-por-pedro-apos-exigencia-do-flamengo-entenda\/","url":"https:\/\/www.gaveanews.com\/index.php\/2022\/03\/23\/palmeiras-encerrou-conversas-por-pedro-apos-exigencia-do-flamengo-entenda\/","name":"Palmeiras encerrou conversas por Pedro ap\u00f3s exig\u00eancia do Flamengo; entenda","isPartOf":{"@id":"https:\/\/www.gaveanews.com\/#website"},"primaryImageOfPage":{"@id":"https:\/\/www.gaveanews.com\/index.php\/2022\/03\/23\/palmeiras-encerrou-conversas-por-pedro-apos-exigencia-do-flamengo-entenda\/#primaryimage"},"image":{"@id":"https:\/\/www.gaveanews.com\/index.php\/2022\/03\/23\/palmeiras-encerrou-conversas-por-pedro-apos-exigencia-do-flamengo-entenda\/#primaryimage"},"thumbnailUrl":"https:\/\/www.gaveanews.com\/wp-content\/uploads\/Pedro-comemora-gol-marcado-pelo-Flamengo-contra-o-Botafogo.webp","datePublished":"2022-03-24T02:45:51+00:00","author":{"@id":"https:\/\/www.gaveanews.com\/#\/schema\/person\/2ec14f73fb96be2caf28f91afb14749d"},"breadcrumb":{"@id":"https:\/\/www.gaveanews.com\/index.php\/2022\/03\/23\/palmeiras-encerrou-conversas-por-pedro-apos-exigencia-do-flamengo-entenda\/#breadcrumb"},"inLanguage":"pt-BR","potentialAction":[{"@type":"ReadAction","target":["https:\/\/www.gaveanews.com\/index.php\/2022\/03\/23\/palmeiras-encerrou-conversas-por-pedro-apos-exigencia-do-flamengo-entenda\/"]}]},{"@type":"ImageObject","inLanguage":"pt-BR","@id":"https:\/\/www.gaveanews.com\/index.php\/2022\/03\/23\/palmeiras-encerrou-conversas-por-pedro-apos-exigencia-do-flamengo-entenda\/#primaryimage","url":"https:\/\/www.gaveanews.com\/wp-content\/uploads\/Pedro-comemora-gol-marcado-pelo-Flamengo-contra-o-Botafogo.webp","contentUrl":"https:\/\/www.gaveanews.com\/wp-content\/uploads\/Pedro-comemora-gol-marcado-pelo-Flamengo-contra-o-Botafogo.webp","width":800,"height":560,"caption":"Pedro comemora gol marcado pelo Flamengo contra o Botafogo (Foto: Gilvan de Souza\/Flamengo)"},{"@type":"BreadcrumbList","@id":"https:\/\/www.gaveanews.com\/index.php\/2022\/03\/23\/palmeiras-encerrou-conversas-por-pedro-apos-exigencia-do-flamengo-entenda\/#breadcrumb","itemListElement":[{"@type":"ListItem","position":1,"name":"Home","item":"https:\/\/www.gaveanews.com\/"},{"@type":"ListItem","position":2,"name":"Palmeiras encerrou conversas por Pedro ap\u00f3s exig\u00eancia do Flamengo; entenda"}]},{"@type":"WebSite","@id":"https:\/\/www.gaveanews.com\/#website","url":"https:\/\/www.gaveanews.com\/","name":"G\u00e1vea News","description":"Veja todas as not\u00edcias sobre o Flamengo: Contrata\u00e7\u00f5es, categorias de base, resultados das partidas, tabela de classifica\u00e7\u00e3o, pr\u00f3ximos jogos!","potentialAction":[{"@type":"SearchAction","target":{"@type":"EntryPoint","urlTemplate":"https:\/\/www.gaveanews.com\/?s={search_term_string}"},"query-input":{"@type":"PropertyValueSpecification","valueRequired":true,"valueName":"search_term_string"}}],"inLanguage":"pt-BR"},{"@type":"Person","@id":"https:\/\/www.gaveanews.com\/#\/schema\/person\/2ec14f73fb96be2caf28f91afb14749d","name":"Equipe G\u00e1vea News","image":{"@type":"ImageObject","inLanguage":"pt-BR","@id":"https:\/\/www.gaveanews.com\/#\/schema\/person\/image\/","url":"https:\/\/secure.gravatar.com\/avatar\/1e1956f1facbffd3f8fa53a326721950116b3b9dc9bd44939c01180fd4a745a9?s=96&d=mm&r=g","contentUrl":"https:\/\/secure.gravatar.com\/avatar\/1e1956f1facbffd3f8fa53a326721950116b3b9dc9bd44939c01180fd4a745a9?s=96&d=mm&r=g","caption":"Equipe G\u00e1vea News"}}]}},"_links":{"self":[{"href":"https:\/\/www.gaveanews.com\/index.php\/wp-json\/wp\/v2\/posts\/78848","targetHints":{"allow":["GET"]}}],"collection":[{"href":"https:\/\/www.gaveanews.com\/index.php\/wp-json\/wp\/v2\/posts"}],"about":[{"href":"https:\/\/www.gaveanews.com\/index.php\/wp-json\/wp\/v2\/types\/post"}],"author":[{"embeddable":true,"href":"https:\/\/www.gaveanews.com\/index.php\/wp-json\/wp\/v2\/users\/1"}],"replies":[{"embeddable":true,"href":"https:\/\/www.gaveanews.com\/index.php\/wp-json\/wp\/v2\/comments?post=78848"}],"version-history":[{"count":0,"href":"https:\/\/www.gaveanews.com\/index.php\/wp-json\/wp\/v2\/posts\/78848\/revisions"}],"wp:featuredmedia":[{"embeddable":true,"href":"https:\/\/www.gaveanews.com\/index.php\/wp-json\/wp\/v2\/media\/77336"}],"wp:attachment":[{"href":"https:\/\/www.gaveanews.com\/index.php\/wp-json\/wp\/v2\/media?parent=78848"}],"wp:term":[{"taxonomy":"category","embeddable":true,"href":"https:\/\/www.gaveanews.com\/index.php\/wp-json\/wp\/v2\/categories?post=78848"},{"taxonomy":"post_tag","embeddable":true,"href":"https:\/\/www.gaveanews.com\/index.php\/wp-json\/wp\/v2\/tags?post=78848"}],"curies":[{"name":"wp","href":"https:\/\/api.w.org\/{rel}","templated":true}]}}