{"id":78850,"date":"2022-03-24T00:35:56","date_gmt":"2022-03-24T03:35:56","guid":{"rendered":"https:\/\/www.gaveanews.com\/?p=78850"},"modified":"2022-03-24T00:35:56","modified_gmt":"2022-03-24T03:35:56","slug":"presidente-do-flamengo-brinca-com-gabigol-e-diz-quantos-gols-quer-que-o-atacante-marque-pelo-clube","status":"publish","type":"post","link":"https:\/\/www.gaveanews.com\/index.php\/2022\/03\/24\/presidente-do-flamengo-brinca-com-gabigol-e-diz-quantos-gols-quer-que-o-atacante-marque-pelo-clube\/","title":{"rendered":"Presidente do Flamengo brinca com Gabigol e diz quantos gols quer que o atacante marque pelo clube"},"content":{"rendered":"<p>Gabigol \u00e9 o maior \u00eddolo recente do Flamengo, al\u00e9m de ser artilheiro do clube em todas as temporadas desde que chegou, em janeiro de 2019. No evento que marcou a homenagem a Gabigol e Nunes \u2013 outro centroavante \u00eddolo do Flamengo, na Cal\u00e7ada da Fama do Maracan\u00e3, o presidente rubro-negro, Rodolfo Landim brincou e colocou uma meta para Gabigol: 220 gols com a camisa do Flamengo.<\/p>\n<p>Em entrevista \u00e0 imprensa ap\u00f3s o evento, Landim revelou a brincadeira e revelou a resposta de Gabigol.<\/p>\n<p>\u201cVoc\u00ea tem que passar isso (atual quantidade de gols), fazer uns 220 gols, pelo menos. Assim, r\u00e1pido, porque tem muita gente boa na tua frente ainda. A\u00ed ele (Gabi): \u201cN\u00e3o, presidente. S\u00f3 vai me deixando aqui mais um tempo que eu vou fazendo golzinho.\u201d \u00c9 um golzinho atr\u00e1s do outro que ele vai fazendo todo dia\u201d, disse o presidente Landim, em tom bem-humorado.<\/p>\n<h3>Gabigol na lista de artilheiros do Flamengo<\/h3>\n<p>Com 113 gols marcados, Gabigol j\u00e1 est\u00e1 marcado na hist\u00f3ria do Flamengo. Por\u00e9m, se comparado ao top-5 de artilheiros da hist\u00f3ria do clube, o camisa 9 ainda est\u00e1 distante.<\/p>\n<p>O 5\u00ba colocado do ranking, por exemplo, \u00e9 Rom\u00e1rio, que marcou 204 gols pelo clube entre 1995 e 1999. Em 4\u00ba lugar na artilharia hist\u00f3ria do Flamengo est\u00e1 o pouco conhecido Pirillo, com 204 gols. Ele foi um dos craques do clube nos anos 1940 e ficou no Fla de 1942 a 1947. Em 3\u00ba lugar est\u00e1 outro artilheiro de tempos antigos. O atacante Henrique, que ficou no Flamengo por nove anos, de 1954 a 1963, foi \u00e0s redes 216 vezes pelo clube carioca. O 2\u00ba colocado \u00e9 ningu\u00e9m menos que Dida, maior \u00eddolo da vida de Zico. Ele jogou no Flamengo de 1954 a 1965, tendo marcado 264 gols. O l\u00edder da lista n\u00e3o poderia ser outro, e parece ser mesmo inalcan\u00e7\u00e1vel. Zico, com 509 gols marcados pelo clube de 1974 a 1984, depois de 1985 a 1989.<\/p>\n<p>Retirado de: Di\u00e1rio do Fla<\/p>\n","protected":false},"excerpt":{"rendered":"<p>Gabigol \u00e9 o maior \u00eddolo recente do Flamengo, al\u00e9m de ser artilheiro do clube em todas as temporadas desde que chegou, em janeiro de 2019. No evento que marcou a homenagem a Gabigol e Nunes \u2013 outro centroavante \u00eddolo do Flamengo, na Cal\u00e7ada da Fama do Maracan\u00e3, o presidente rubro-negro, Rodolfo Landim brincou e colocou [&hellip;]<\/p>\n","protected":false},"author":1,"featured_media":78773,"comment_status":"open","ping_status":"closed","sticky":false,"template":"","format":"standard","meta":{"footnotes":""},"categories":[47],"tags":[],"class_list":["post-78850","post","type-post","status-publish","format-standard","has-post-thumbnail","hentry","category-destaques"],"yoast_head":"<!-- This site is optimized with the Yoast SEO Premium plugin v24.2 (Yoast SEO v26.9) - https:\/\/yoast.com\/product\/yoast-seo-premium-wordpress\/ -->\n<title>Presidente do Flamengo brinca com Gabigol e diz quantos gols quer que o atacante marque pelo clube<\/title>\n<meta name=\"robots\" content=\"index, follow, max-snippet:-1, max-image-preview:large, max-video-preview:-1\" \/>\n<link rel=\"canonical\" href=\"https:\/\/www.gaveanews.com\/index.php\/2022\/03\/24\/presidente-do-flamengo-brinca-com-gabigol-e-diz-quantos-gols-quer-que-o-atacante-marque-pelo-clube\/\" \/>\n<meta property=\"og:locale\" content=\"pt_BR\" \/>\n<meta property=\"og:type\" content=\"article\" \/>\n<meta property=\"og:title\" content=\"Presidente do Flamengo brinca com Gabigol e diz quantos gols quer que o atacante marque pelo clube\" \/>\n<meta property=\"og:description\" content=\"Gabigol \u00e9 o maior \u00eddolo recente do Flamengo, al\u00e9m de ser artilheiro do clube em todas as temporadas desde que chegou, em janeiro de 2019. No evento que marcou a homenagem a Gabigol e Nunes \u2013 outro centroavante \u00eddolo do Flamengo, na Cal\u00e7ada da Fama do Maracan\u00e3, o presidente rubro-negro, Rodolfo Landim brincou e colocou [&hellip;]\" \/>\n<meta property=\"og:url\" content=\"https:\/\/www.gaveanews.com\/index.php\/2022\/03\/24\/presidente-do-flamengo-brinca-com-gabigol-e-diz-quantos-gols-quer-que-o-atacante-marque-pelo-clube\/\" \/>\n<meta property=\"og:site_name\" content=\"G\u00e1vea News\" \/>\n<meta property=\"article:publisher\" content=\"https:\/\/facebook.com\/gaveaNews\/\" \/>\n<meta property=\"article:published_time\" content=\"2022-03-24T03:35:56+00:00\" \/>\n<meta property=\"og:image\" content=\"https:\/\/www.gaveanews.com\/wp-content\/uploads\/Nunes-e-Gabigol-sao-homenageados-e-deixam-marca-na-calcada-da-fama-do-Maracana.webp\" \/>\n\t<meta property=\"og:image:width\" content=\"2048\" \/>\n\t<meta property=\"og:image:height\" content=\"1364\" \/>\n\t<meta property=\"og:image:type\" content=\"image\/jpeg\" \/>\n<meta name=\"author\" content=\"Equipe G\u00e1vea News\" \/>\n<meta name=\"twitter:card\" content=\"summary_large_image\" \/>\n<meta name=\"twitter:label1\" content=\"Escrito por\" \/>\n\t<meta name=\"twitter:data1\" content=\"Equipe G\u00e1vea News\" \/>\n\t<meta name=\"twitter:label2\" content=\"Est. tempo de leitura\" \/>\n\t<meta name=\"twitter:data2\" content=\"2 minutos\" \/>\n<script type=\"application\/ld+json\" class=\"yoast-schema-graph\">{\"@context\":\"https:\/\/schema.org\",\"@graph\":[{\"@type\":\"NewsArticle\",\"@id\":\"https:\/\/www.gaveanews.com\/index.php\/2022\/03\/24\/presidente-do-flamengo-brinca-com-gabigol-e-diz-quantos-gols-quer-que-o-atacante-marque-pelo-clube\/#article\",\"isPartOf\":{\"@id\":\"https:\/\/www.gaveanews.com\/index.php\/2022\/03\/24\/presidente-do-flamengo-brinca-com-gabigol-e-diz-quantos-gols-quer-que-o-atacante-marque-pelo-clube\/\"},\"author\":{\"name\":\"Equipe G\u00e1vea News\",\"@id\":\"https:\/\/www.gaveanews.com\/#\/schema\/person\/2ec14f73fb96be2caf28f91afb14749d\"},\"headline\":\"Presidente do Flamengo brinca com Gabigol e diz quantos gols quer que o atacante marque pelo clube\",\"datePublished\":\"2022-03-24T03:35:56+00:00\",\"mainEntityOfPage\":{\"@id\":\"https:\/\/www.gaveanews.com\/index.php\/2022\/03\/24\/presidente-do-flamengo-brinca-com-gabigol-e-diz-quantos-gols-quer-que-o-atacante-marque-pelo-clube\/\"},\"wordCount\":326,\"commentCount\":0,\"image\":{\"@id\":\"https:\/\/www.gaveanews.com\/index.php\/2022\/03\/24\/presidente-do-flamengo-brinca-com-gabigol-e-diz-quantos-gols-quer-que-o-atacante-marque-pelo-clube\/#primaryimage\"},\"thumbnailUrl\":\"https:\/\/www.gaveanews.com\/wp-content\/uploads\/Nunes-e-Gabigol-sao-homenageados-e-deixam-marca-na-calcada-da-fama-do-Maracana.webp\",\"articleSection\":[\"Destaques\"],\"inLanguage\":\"pt-BR\",\"potentialAction\":[{\"@type\":\"CommentAction\",\"name\":\"Comment\",\"target\":[\"https:\/\/www.gaveanews.com\/index.php\/2022\/03\/24\/presidente-do-flamengo-brinca-com-gabigol-e-diz-quantos-gols-quer-que-o-atacante-marque-pelo-clube\/#respond\"]}],\"copyrightYear\":\"2022\",\"copyrightHolder\":{\"@id\":\"https:\/\/www.gaveanews.com\/#organization\"}},{\"@type\":\"WebPage\",\"@id\":\"https:\/\/www.gaveanews.com\/index.php\/2022\/03\/24\/presidente-do-flamengo-brinca-com-gabigol-e-diz-quantos-gols-quer-que-o-atacante-marque-pelo-clube\/\",\"url\":\"https:\/\/www.gaveanews.com\/index.php\/2022\/03\/24\/presidente-do-flamengo-brinca-com-gabigol-e-diz-quantos-gols-quer-que-o-atacante-marque-pelo-clube\/\",\"name\":\"Presidente do Flamengo brinca com Gabigol e diz quantos gols quer que o atacante marque pelo clube\",\"isPartOf\":{\"@id\":\"https:\/\/www.gaveanews.com\/#website\"},\"primaryImageOfPage\":{\"@id\":\"https:\/\/www.gaveanews.com\/index.php\/2022\/03\/24\/presidente-do-flamengo-brinca-com-gabigol-e-diz-quantos-gols-quer-que-o-atacante-marque-pelo-clube\/#primaryimage\"},\"image\":{\"@id\":\"https:\/\/www.gaveanews.com\/index.php\/2022\/03\/24\/presidente-do-flamengo-brinca-com-gabigol-e-diz-quantos-gols-quer-que-o-atacante-marque-pelo-clube\/#primaryimage\"},\"thumbnailUrl\":\"https:\/\/www.gaveanews.com\/wp-content\/uploads\/Nunes-e-Gabigol-sao-homenageados-e-deixam-marca-na-calcada-da-fama-do-Maracana.webp\",\"datePublished\":\"2022-03-24T03:35:56+00:00\",\"author\":{\"@id\":\"https:\/\/www.gaveanews.com\/#\/schema\/person\/2ec14f73fb96be2caf28f91afb14749d\"},\"breadcrumb\":{\"@id\":\"https:\/\/www.gaveanews.com\/index.php\/2022\/03\/24\/presidente-do-flamengo-brinca-com-gabigol-e-diz-quantos-gols-quer-que-o-atacante-marque-pelo-clube\/#breadcrumb\"},\"inLanguage\":\"pt-BR\",\"potentialAction\":[{\"@type\":\"ReadAction\",\"target\":[\"https:\/\/www.gaveanews.com\/index.php\/2022\/03\/24\/presidente-do-flamengo-brinca-com-gabigol-e-diz-quantos-gols-quer-que-o-atacante-marque-pelo-clube\/\"]}]},{\"@type\":\"ImageObject\",\"inLanguage\":\"pt-BR\",\"@id\":\"https:\/\/www.gaveanews.com\/index.php\/2022\/03\/24\/presidente-do-flamengo-brinca-com-gabigol-e-diz-quantos-gols-quer-que-o-atacante-marque-pelo-clube\/#primaryimage\",\"url\":\"https:\/\/www.gaveanews.com\/wp-content\/uploads\/Nunes-e-Gabigol-sao-homenageados-e-deixam-marca-na-calcada-da-fama-do-Maracana.webp\",\"contentUrl\":\"https:\/\/www.gaveanews.com\/wp-content\/uploads\/Nunes-e-Gabigol-sao-homenageados-e-deixam-marca-na-calcada-da-fama-do-Maracana.webp\",\"width\":2048,\"height\":1364,\"caption\":\"Nunes e Gabigol s\u00e3o homenageados e deixam marca na cal\u00e7ada da fama do Maracan\u00e3 (Foto: Marcelo Cortes\/Flamengo)\"},{\"@type\":\"BreadcrumbList\",\"@id\":\"https:\/\/www.gaveanews.com\/index.php\/2022\/03\/24\/presidente-do-flamengo-brinca-com-gabigol-e-diz-quantos-gols-quer-que-o-atacante-marque-pelo-clube\/#breadcrumb\",\"itemListElement\":[{\"@type\":\"ListItem\",\"position\":1,\"name\":\"Home\",\"item\":\"https:\/\/www.gaveanews.com\/\"},{\"@type\":\"ListItem\",\"position\":2,\"name\":\"Presidente do Flamengo brinca com Gabigol e diz quantos gols quer que o atacante marque pelo clube\"}]},{\"@type\":\"WebSite\",\"@id\":\"https:\/\/www.gaveanews.com\/#website\",\"url\":\"https:\/\/www.gaveanews.com\/\",\"name\":\"G\u00e1vea News\",\"description\":\"Veja todas as not\u00edcias sobre o Flamengo: Contrata\u00e7\u00f5es, categorias de base, resultados das partidas, tabela de classifica\u00e7\u00e3o, pr\u00f3ximos jogos!\",\"potentialAction\":[{\"@type\":\"SearchAction\",\"target\":{\"@type\":\"EntryPoint\",\"urlTemplate\":\"https:\/\/www.gaveanews.com\/?s={search_term_string}\"},\"query-input\":{\"@type\":\"PropertyValueSpecification\",\"valueRequired\":true,\"valueName\":\"search_term_string\"}}],\"inLanguage\":\"pt-BR\"},{\"@type\":\"Person\",\"@id\":\"https:\/\/www.gaveanews.com\/#\/schema\/person\/2ec14f73fb96be2caf28f91afb14749d\",\"name\":\"Equipe G\u00e1vea News\",\"image\":{\"@type\":\"ImageObject\",\"inLanguage\":\"pt-BR\",\"@id\":\"https:\/\/www.gaveanews.com\/#\/schema\/person\/image\/\",\"url\":\"https:\/\/secure.gravatar.com\/avatar\/1e1956f1facbffd3f8fa53a326721950116b3b9dc9bd44939c01180fd4a745a9?s=96&d=mm&r=g\",\"contentUrl\":\"https:\/\/secure.gravatar.com\/avatar\/1e1956f1facbffd3f8fa53a326721950116b3b9dc9bd44939c01180fd4a745a9?s=96&d=mm&r=g\",\"caption\":\"Equipe G\u00e1vea News\"}}]}<\/script>\n<!-- \/ Yoast SEO Premium plugin. -->","yoast_head_json":{"title":"Presidente do Flamengo brinca com Gabigol e diz quantos gols quer que o atacante marque pelo clube","robots":{"index":"index","follow":"follow","max-snippet":"max-snippet:-1","max-image-preview":"max-image-preview:large","max-video-preview":"max-video-preview:-1"},"canonical":"https:\/\/www.gaveanews.com\/index.php\/2022\/03\/24\/presidente-do-flamengo-brinca-com-gabigol-e-diz-quantos-gols-quer-que-o-atacante-marque-pelo-clube\/","og_locale":"pt_BR","og_type":"article","og_title":"Presidente do Flamengo brinca com Gabigol e diz quantos gols quer que o atacante marque pelo clube","og_description":"Gabigol \u00e9 o maior \u00eddolo recente do Flamengo, al\u00e9m de ser artilheiro do clube em todas as temporadas desde que chegou, em janeiro de 2019. No evento que marcou a homenagem a Gabigol e Nunes \u2013 outro centroavante \u00eddolo do Flamengo, na Cal\u00e7ada da Fama do Maracan\u00e3, o presidente rubro-negro, Rodolfo Landim brincou e colocou [&hellip;]","og_url":"https:\/\/www.gaveanews.com\/index.php\/2022\/03\/24\/presidente-do-flamengo-brinca-com-gabigol-e-diz-quantos-gols-quer-que-o-atacante-marque-pelo-clube\/","og_site_name":"G\u00e1vea News","article_publisher":"https:\/\/facebook.com\/gaveaNews\/","article_published_time":"2022-03-24T03:35:56+00:00","og_image":[{"width":2048,"height":1364,"url":"https:\/\/www.gaveanews.com\/wp-content\/uploads\/Nunes-e-Gabigol-sao-homenageados-e-deixam-marca-na-calcada-da-fama-do-Maracana.webp","type":"image\/jpeg"}],"author":"Equipe G\u00e1vea News","twitter_card":"summary_large_image","twitter_misc":{"Escrito por":"Equipe G\u00e1vea News","Est. tempo de leitura":"2 minutos"},"schema":{"@context":"https:\/\/schema.org","@graph":[{"@type":"NewsArticle","@id":"https:\/\/www.gaveanews.com\/index.php\/2022\/03\/24\/presidente-do-flamengo-brinca-com-gabigol-e-diz-quantos-gols-quer-que-o-atacante-marque-pelo-clube\/#article","isPartOf":{"@id":"https:\/\/www.gaveanews.com\/index.php\/2022\/03\/24\/presidente-do-flamengo-brinca-com-gabigol-e-diz-quantos-gols-quer-que-o-atacante-marque-pelo-clube\/"},"author":{"name":"Equipe G\u00e1vea News","@id":"https:\/\/www.gaveanews.com\/#\/schema\/person\/2ec14f73fb96be2caf28f91afb14749d"},"headline":"Presidente do Flamengo brinca com Gabigol e diz quantos gols quer que o atacante marque pelo clube","datePublished":"2022-03-24T03:35:56+00:00","mainEntityOfPage":{"@id":"https:\/\/www.gaveanews.com\/index.php\/2022\/03\/24\/presidente-do-flamengo-brinca-com-gabigol-e-diz-quantos-gols-quer-que-o-atacante-marque-pelo-clube\/"},"wordCount":326,"commentCount":0,"image":{"@id":"https:\/\/www.gaveanews.com\/index.php\/2022\/03\/24\/presidente-do-flamengo-brinca-com-gabigol-e-diz-quantos-gols-quer-que-o-atacante-marque-pelo-clube\/#primaryimage"},"thumbnailUrl":"https:\/\/www.gaveanews.com\/wp-content\/uploads\/Nunes-e-Gabigol-sao-homenageados-e-deixam-marca-na-calcada-da-fama-do-Maracana.webp","articleSection":["Destaques"],"inLanguage":"pt-BR","potentialAction":[{"@type":"CommentAction","name":"Comment","target":["https:\/\/www.gaveanews.com\/index.php\/2022\/03\/24\/presidente-do-flamengo-brinca-com-gabigol-e-diz-quantos-gols-quer-que-o-atacante-marque-pelo-clube\/#respond"]}],"copyrightYear":"2022","copyrightHolder":{"@id":"https:\/\/www.gaveanews.com\/#organization"}},{"@type":"WebPage","@id":"https:\/\/www.gaveanews.com\/index.php\/2022\/03\/24\/presidente-do-flamengo-brinca-com-gabigol-e-diz-quantos-gols-quer-que-o-atacante-marque-pelo-clube\/","url":"https:\/\/www.gaveanews.com\/index.php\/2022\/03\/24\/presidente-do-flamengo-brinca-com-gabigol-e-diz-quantos-gols-quer-que-o-atacante-marque-pelo-clube\/","name":"Presidente do Flamengo brinca com Gabigol e diz quantos gols quer que o atacante marque pelo clube","isPartOf":{"@id":"https:\/\/www.gaveanews.com\/#website"},"primaryImageOfPage":{"@id":"https:\/\/www.gaveanews.com\/index.php\/2022\/03\/24\/presidente-do-flamengo-brinca-com-gabigol-e-diz-quantos-gols-quer-que-o-atacante-marque-pelo-clube\/#primaryimage"},"image":{"@id":"https:\/\/www.gaveanews.com\/index.php\/2022\/03\/24\/presidente-do-flamengo-brinca-com-gabigol-e-diz-quantos-gols-quer-que-o-atacante-marque-pelo-clube\/#primaryimage"},"thumbnailUrl":"https:\/\/www.gaveanews.com\/wp-content\/uploads\/Nunes-e-Gabigol-sao-homenageados-e-deixam-marca-na-calcada-da-fama-do-Maracana.webp","datePublished":"2022-03-24T03:35:56+00:00","author":{"@id":"https:\/\/www.gaveanews.com\/#\/schema\/person\/2ec14f73fb96be2caf28f91afb14749d"},"breadcrumb":{"@id":"https:\/\/www.gaveanews.com\/index.php\/2022\/03\/24\/presidente-do-flamengo-brinca-com-gabigol-e-diz-quantos-gols-quer-que-o-atacante-marque-pelo-clube\/#breadcrumb"},"inLanguage":"pt-BR","potentialAction":[{"@type":"ReadAction","target":["https:\/\/www.gaveanews.com\/index.php\/2022\/03\/24\/presidente-do-flamengo-brinca-com-gabigol-e-diz-quantos-gols-quer-que-o-atacante-marque-pelo-clube\/"]}]},{"@type":"ImageObject","inLanguage":"pt-BR","@id":"https:\/\/www.gaveanews.com\/index.php\/2022\/03\/24\/presidente-do-flamengo-brinca-com-gabigol-e-diz-quantos-gols-quer-que-o-atacante-marque-pelo-clube\/#primaryimage","url":"https:\/\/www.gaveanews.com\/wp-content\/uploads\/Nunes-e-Gabigol-sao-homenageados-e-deixam-marca-na-calcada-da-fama-do-Maracana.webp","contentUrl":"https:\/\/www.gaveanews.com\/wp-content\/uploads\/Nunes-e-Gabigol-sao-homenageados-e-deixam-marca-na-calcada-da-fama-do-Maracana.webp","width":2048,"height":1364,"caption":"Nunes e Gabigol s\u00e3o homenageados e deixam marca na cal\u00e7ada da fama do Maracan\u00e3 (Foto: Marcelo Cortes\/Flamengo)"},{"@type":"BreadcrumbList","@id":"https:\/\/www.gaveanews.com\/index.php\/2022\/03\/24\/presidente-do-flamengo-brinca-com-gabigol-e-diz-quantos-gols-quer-que-o-atacante-marque-pelo-clube\/#breadcrumb","itemListElement":[{"@type":"ListItem","position":1,"name":"Home","item":"https:\/\/www.gaveanews.com\/"},{"@type":"ListItem","position":2,"name":"Presidente do Flamengo brinca com Gabigol e diz quantos gols quer que o atacante marque pelo clube"}]},{"@type":"WebSite","@id":"https:\/\/www.gaveanews.com\/#website","url":"https:\/\/www.gaveanews.com\/","name":"G\u00e1vea News","description":"Veja todas as not\u00edcias sobre o Flamengo: Contrata\u00e7\u00f5es, categorias de base, resultados das partidas, tabela de classifica\u00e7\u00e3o, pr\u00f3ximos jogos!","potentialAction":[{"@type":"SearchAction","target":{"@type":"EntryPoint","urlTemplate":"https:\/\/www.gaveanews.com\/?s={search_term_string}"},"query-input":{"@type":"PropertyValueSpecification","valueRequired":true,"valueName":"search_term_string"}}],"inLanguage":"pt-BR"},{"@type":"Person","@id":"https:\/\/www.gaveanews.com\/#\/schema\/person\/2ec14f73fb96be2caf28f91afb14749d","name":"Equipe G\u00e1vea News","image":{"@type":"ImageObject","inLanguage":"pt-BR","@id":"https:\/\/www.gaveanews.com\/#\/schema\/person\/image\/","url":"https:\/\/secure.gravatar.com\/avatar\/1e1956f1facbffd3f8fa53a326721950116b3b9dc9bd44939c01180fd4a745a9?s=96&d=mm&r=g","contentUrl":"https:\/\/secure.gravatar.com\/avatar\/1e1956f1facbffd3f8fa53a326721950116b3b9dc9bd44939c01180fd4a745a9?s=96&d=mm&r=g","caption":"Equipe G\u00e1vea News"}}]}},"_links":{"self":[{"href":"https:\/\/www.gaveanews.com\/index.php\/wp-json\/wp\/v2\/posts\/78850","targetHints":{"allow":["GET"]}}],"collection":[{"href":"https:\/\/www.gaveanews.com\/index.php\/wp-json\/wp\/v2\/posts"}],"about":[{"href":"https:\/\/www.gaveanews.com\/index.php\/wp-json\/wp\/v2\/types\/post"}],"author":[{"embeddable":true,"href":"https:\/\/www.gaveanews.com\/index.php\/wp-json\/wp\/v2\/users\/1"}],"replies":[{"embeddable":true,"href":"https:\/\/www.gaveanews.com\/index.php\/wp-json\/wp\/v2\/comments?post=78850"}],"version-history":[{"count":0,"href":"https:\/\/www.gaveanews.com\/index.php\/wp-json\/wp\/v2\/posts\/78850\/revisions"}],"wp:featuredmedia":[{"embeddable":true,"href":"https:\/\/www.gaveanews.com\/index.php\/wp-json\/wp\/v2\/media\/78773"}],"wp:attachment":[{"href":"https:\/\/www.gaveanews.com\/index.php\/wp-json\/wp\/v2\/media?parent=78850"}],"wp:term":[{"taxonomy":"category","embeddable":true,"href":"https:\/\/www.gaveanews.com\/index.php\/wp-json\/wp\/v2\/categories?post=78850"},{"taxonomy":"post_tag","embeddable":true,"href":"https:\/\/www.gaveanews.com\/index.php\/wp-json\/wp\/v2\/tags?post=78850"}],"curies":[{"name":"wp","href":"https:\/\/api.w.org\/{rel}","templated":true}]}}