{"id":78870,"date":"2022-03-25T12:52:10","date_gmt":"2022-03-25T15:52:10","guid":{"rendered":"https:\/\/www.gaveanews.com\/?p=78870"},"modified":"2022-03-25T12:52:10","modified_gmt":"2022-03-25T15:52:10","slug":"saiba-quem-o-flamengo-enfrentara-na-fase-de-grupos-da-libertadores","status":"publish","type":"post","link":"https:\/\/www.gaveanews.com\/index.php\/2022\/03\/25\/saiba-quem-o-flamengo-enfrentara-na-fase-de-grupos-da-libertadores\/","title":{"rendered":"Saiba quem o Flamengo enfrentar\u00e1 na fase de grupos da Libertadores"},"content":{"rendered":"<p>A pr\u00e9-Libertadores terminou na semana passada, e com os resultados em m\u00e3os, a Conmebol realizou o sorteio da fase de grupos do torneio nesta sexta-feira (25). Vice da competi\u00e7\u00e3o continental e do Brasileir\u00e3o na temporada passada, o Flamengo foi colocado no pote 1 e foi um dos &#8220;cabe\u00e7as de chave&#8221;.<\/p>\n<p>Cabe destacar que o Mais Querido j\u00e1 sabia que haveriam poucas chances de enfrentar outro brasileiro nesta etapa. O \u00fanico cen\u00e1rio que faria o caso poss\u00edvel seria se o Am\u00e9rica-MG fosse escolhido para figurar o grupo, j\u00e1 que ele foi classificado pela fase preliminar e n\u00e3o entra na regra da diversifica\u00e7\u00e3o dos grupos.<\/p>\n<p>Com o sorteio realizado, o Rubro-Negro sabe que enfrentar\u00e1 Universidad Cat\u00f3lica, Sporting Cristal e Talleres nesta etapa da Libertadores. Vale lembrar que <a href=\"https:\/\/www.gaveanews.com\/index.php\/2021\/12\/27\/criterio-do-gol-fora-de-casa-e-mantido-na-fase-de-grupos-da-libertadores\/\">o gol fora de casa foi mantido como crit\u00e9rio de desempate nesta fase da competi\u00e7\u00e3o<\/a>.<\/p>\n<p>Leia tamb\u00e9m:\u00a0<a href=\"https:\/\/www.gaveanews.com\/index.php\/2022\/03\/24\/flamengo-esta-interessado-em-ex-goleiro-do-fluminense\/\">Flamengo est\u00e1 interessado em ex-goleiro do Fluminense<\/a><\/p>\n<p>Al\u00e9m do Flamengo, os demais clubes brasileiros tamb\u00e9m souberam quais ser\u00e3o seus respectivos advers\u00e1rios nesta pr\u00f3xima fase da Libertadores. Veja abaixo como foi configurado cada grupo:<\/p>\n<h3>Grupo A<\/h3>\n<ul>\n<li>Palmeiras<\/li>\n<li>Emelec<\/li>\n<li>Deportivo T\u00e1chira<\/li>\n<li>Indep. Petrolero<\/li>\n<\/ul>\n<h3>Grupo B<\/h3>\n<ul>\n<li>Athletico PR<\/li>\n<li>Libertad<\/li>\n<li>Caracas<\/li>\n<li>The Strongest<\/li>\n<\/ul>\n<h3>Grupo C<\/h3>\n<ul>\n<li>Nacional<\/li>\n<li>V\u00e9lez<\/li>\n<li>Bragantino<\/li>\n<li>Estudiantes De La Plata<\/li>\n<\/ul>\n<h3>Grupo D<\/h3>\n<ul>\n<li>Atl\u00e9tico Mineiro<\/li>\n<li>Indep. Del Valle<\/li>\n<li>Deportes Tolima<\/li>\n<li>Am\u00e9rica-MG<\/li>\n<\/ul>\n<h3>Grupo E<\/h3>\n<ul>\n<li>Boca Juniors<\/li>\n<li>Corinthians<\/li>\n<li>Deportivo Cali<\/li>\n<li>Always Ready<\/li>\n<\/ul>\n<h3>Grupo F<\/h3>\n<ul>\n<li>River Plate<\/li>\n<li>Colo-colo<\/li>\n<li>Alianza Lima<\/li>\n<li>Fortaleza<\/li>\n<\/ul>\n<h3>Grupo G<\/h3>\n<ul>\n<li>Pe\u00f1arol<\/li>\n<li>Cerro Porte\u00f1o<\/li>\n<li>Col\u00f3n<\/li>\n<li>Olimpia<\/li>\n<\/ul>\n<h3>Grupo H<\/h3>\n<ul>\n<li>Flamengo<\/li>\n<li>Univ. Cat\u00f3lica<\/li>\n<li>Sporting Cristal<\/li>\n<li>Talleres<\/li>\n<\/ul>\n","protected":false},"excerpt":{"rendered":"<p>A pr\u00e9-Libertadores terminou na semana passada, e com os resultados em m\u00e3os, a Conmebol realizou o sorteio da fase de grupos do torneio nesta sexta-feira (25). Vice da competi\u00e7\u00e3o continental e do Brasileir\u00e3o na temporada passada, o Flamengo foi colocado no pote 1 e foi um dos &#8220;cabe\u00e7as de chave&#8221;. Cabe destacar que o Mais [&hellip;]<\/p>\n","protected":false},"author":4,"featured_media":68615,"comment_status":"open","ping_status":"closed","sticky":false,"template":"","format":"standard","meta":{"footnotes":""},"categories":[1],"tags":[],"class_list":["post-78870","post","type-post","status-publish","format-standard","has-post-thumbnail","hentry","category-flamengo"],"yoast_head":"<!-- This site is optimized with the Yoast SEO Premium plugin v24.2 (Yoast SEO v26.9) - https:\/\/yoast.com\/product\/yoast-seo-premium-wordpress\/ -->\n<title>Saiba quem o Flamengo enfrentar\u00e1 na fase de grupos da Libertadores<\/title>\n<meta name=\"robots\" content=\"index, follow, max-snippet:-1, max-image-preview:large, max-video-preview:-1\" \/>\n<link rel=\"canonical\" href=\"https:\/\/www.gaveanews.com\/index.php\/2022\/03\/25\/saiba-quem-o-flamengo-enfrentara-na-fase-de-grupos-da-libertadores\/\" \/>\n<meta property=\"og:locale\" content=\"pt_BR\" \/>\n<meta property=\"og:type\" content=\"article\" \/>\n<meta property=\"og:title\" content=\"Saiba quem o Flamengo enfrentar\u00e1 na fase de grupos da Libertadores\" \/>\n<meta property=\"og:description\" content=\"A pr\u00e9-Libertadores terminou na semana passada, e com os resultados em m\u00e3os, a Conmebol realizou o sorteio da fase de grupos do torneio nesta sexta-feira (25). Vice da competi\u00e7\u00e3o continental e do Brasileir\u00e3o na temporada passada, o Flamengo foi colocado no pote 1 e foi um dos &#8220;cabe\u00e7as de chave&#8221;. Cabe destacar que o Mais [&hellip;]\" \/>\n<meta property=\"og:url\" content=\"https:\/\/www.gaveanews.com\/index.php\/2022\/03\/25\/saiba-quem-o-flamengo-enfrentara-na-fase-de-grupos-da-libertadores\/\" \/>\n<meta property=\"og:site_name\" content=\"G\u00e1vea News\" \/>\n<meta property=\"article:publisher\" content=\"https:\/\/facebook.com\/gaveaNews\/\" \/>\n<meta property=\"article:published_time\" content=\"2022-03-25T15:52:10+00:00\" \/>\n<meta property=\"og:image\" content=\"https:\/\/www.gaveanews.com\/wp-content\/uploads\/Taca-da-Libertadores-e-bandeira-do-Flamengo-no-estadio-do-Maracana.webp\" \/>\n\t<meta property=\"og:image:width\" content=\"900\" \/>\n\t<meta property=\"og:image:height\" content=\"1200\" \/>\n\t<meta property=\"og:image:type\" content=\"image\/jpeg\" \/>\n<meta name=\"author\" content=\"Let\u00edcia Gerheim\" \/>\n<meta name=\"twitter:card\" content=\"summary_large_image\" \/>\n<meta name=\"twitter:label1\" content=\"Escrito por\" \/>\n\t<meta name=\"twitter:data1\" content=\"Let\u00edcia Gerheim\" \/>\n\t<meta name=\"twitter:label2\" content=\"Est. tempo de leitura\" \/>\n\t<meta name=\"twitter:data2\" content=\"2 minutos\" \/>\n<script type=\"application\/ld+json\" class=\"yoast-schema-graph\">{\"@context\":\"https:\/\/schema.org\",\"@graph\":[{\"@type\":\"NewsArticle\",\"@id\":\"https:\/\/www.gaveanews.com\/index.php\/2022\/03\/25\/saiba-quem-o-flamengo-enfrentara-na-fase-de-grupos-da-libertadores\/#article\",\"isPartOf\":{\"@id\":\"https:\/\/www.gaveanews.com\/index.php\/2022\/03\/25\/saiba-quem-o-flamengo-enfrentara-na-fase-de-grupos-da-libertadores\/\"},\"author\":{\"name\":\"Let\u00edcia Gerheim\",\"@id\":\"https:\/\/www.gaveanews.com\/#\/schema\/person\/714c67050b836198af2450ba1c142a67\"},\"headline\":\"Saiba quem o Flamengo enfrentar\u00e1 na fase de grupos da Libertadores\",\"datePublished\":\"2022-03-25T15:52:10+00:00\",\"mainEntityOfPage\":{\"@id\":\"https:\/\/www.gaveanews.com\/index.php\/2022\/03\/25\/saiba-quem-o-flamengo-enfrentara-na-fase-de-grupos-da-libertadores\/\"},\"wordCount\":278,\"commentCount\":0,\"image\":{\"@id\":\"https:\/\/www.gaveanews.com\/index.php\/2022\/03\/25\/saiba-quem-o-flamengo-enfrentara-na-fase-de-grupos-da-libertadores\/#primaryimage\"},\"thumbnailUrl\":\"https:\/\/www.gaveanews.com\/wp-content\/uploads\/Taca-da-Libertadores-e-bandeira-do-Flamengo-no-estadio-do-Maracana.webp\",\"articleSection\":[\"Flamengo\"],\"inLanguage\":\"pt-BR\",\"potentialAction\":[{\"@type\":\"CommentAction\",\"name\":\"Comment\",\"target\":[\"https:\/\/www.gaveanews.com\/index.php\/2022\/03\/25\/saiba-quem-o-flamengo-enfrentara-na-fase-de-grupos-da-libertadores\/#respond\"]}],\"copyrightYear\":\"2022\",\"copyrightHolder\":{\"@id\":\"https:\/\/www.gaveanews.com\/#organization\"}},{\"@type\":\"WebPage\",\"@id\":\"https:\/\/www.gaveanews.com\/index.php\/2022\/03\/25\/saiba-quem-o-flamengo-enfrentara-na-fase-de-grupos-da-libertadores\/\",\"url\":\"https:\/\/www.gaveanews.com\/index.php\/2022\/03\/25\/saiba-quem-o-flamengo-enfrentara-na-fase-de-grupos-da-libertadores\/\",\"name\":\"Saiba quem o Flamengo enfrentar\u00e1 na fase de grupos da Libertadores\",\"isPartOf\":{\"@id\":\"https:\/\/www.gaveanews.com\/#website\"},\"primaryImageOfPage\":{\"@id\":\"https:\/\/www.gaveanews.com\/index.php\/2022\/03\/25\/saiba-quem-o-flamengo-enfrentara-na-fase-de-grupos-da-libertadores\/#primaryimage\"},\"image\":{\"@id\":\"https:\/\/www.gaveanews.com\/index.php\/2022\/03\/25\/saiba-quem-o-flamengo-enfrentara-na-fase-de-grupos-da-libertadores\/#primaryimage\"},\"thumbnailUrl\":\"https:\/\/www.gaveanews.com\/wp-content\/uploads\/Taca-da-Libertadores-e-bandeira-do-Flamengo-no-estadio-do-Maracana.webp\",\"datePublished\":\"2022-03-25T15:52:10+00:00\",\"author\":{\"@id\":\"https:\/\/www.gaveanews.com\/#\/schema\/person\/714c67050b836198af2450ba1c142a67\"},\"breadcrumb\":{\"@id\":\"https:\/\/www.gaveanews.com\/index.php\/2022\/03\/25\/saiba-quem-o-flamengo-enfrentara-na-fase-de-grupos-da-libertadores\/#breadcrumb\"},\"inLanguage\":\"pt-BR\",\"potentialAction\":[{\"@type\":\"ReadAction\",\"target\":[\"https:\/\/www.gaveanews.com\/index.php\/2022\/03\/25\/saiba-quem-o-flamengo-enfrentara-na-fase-de-grupos-da-libertadores\/\"]}]},{\"@type\":\"ImageObject\",\"inLanguage\":\"pt-BR\",\"@id\":\"https:\/\/www.gaveanews.com\/index.php\/2022\/03\/25\/saiba-quem-o-flamengo-enfrentara-na-fase-de-grupos-da-libertadores\/#primaryimage\",\"url\":\"https:\/\/www.gaveanews.com\/wp-content\/uploads\/Taca-da-Libertadores-e-bandeira-do-Flamengo-no-estadio-do-Maracana.webp\",\"contentUrl\":\"https:\/\/www.gaveanews.com\/wp-content\/uploads\/Taca-da-Libertadores-e-bandeira-do-Flamengo-no-estadio-do-Maracana.webp\",\"width\":900,\"height\":1200,\"caption\":\"Ta\u00e7a da Libertadores e bandeira do Flamengo no est\u00e1dio do Maracan\u00e3 (Foto: Reprodu\u00e7\u00e3o\/ Rodrigo Dunshee de Abranches\/Twitter)\"},{\"@type\":\"BreadcrumbList\",\"@id\":\"https:\/\/www.gaveanews.com\/index.php\/2022\/03\/25\/saiba-quem-o-flamengo-enfrentara-na-fase-de-grupos-da-libertadores\/#breadcrumb\",\"itemListElement\":[{\"@type\":\"ListItem\",\"position\":1,\"name\":\"Home\",\"item\":\"https:\/\/www.gaveanews.com\/\"},{\"@type\":\"ListItem\",\"position\":2,\"name\":\"Saiba quem o Flamengo enfrentar\u00e1 na fase de grupos da Libertadores\"}]},{\"@type\":\"WebSite\",\"@id\":\"https:\/\/www.gaveanews.com\/#website\",\"url\":\"https:\/\/www.gaveanews.com\/\",\"name\":\"G\u00e1vea News\",\"description\":\"Veja todas as not\u00edcias sobre o Flamengo: Contrata\u00e7\u00f5es, categorias de base, resultados das partidas, tabela de classifica\u00e7\u00e3o, pr\u00f3ximos jogos!\",\"potentialAction\":[{\"@type\":\"SearchAction\",\"target\":{\"@type\":\"EntryPoint\",\"urlTemplate\":\"https:\/\/www.gaveanews.com\/?s={search_term_string}\"},\"query-input\":{\"@type\":\"PropertyValueSpecification\",\"valueRequired\":true,\"valueName\":\"search_term_string\"}}],\"inLanguage\":\"pt-BR\"},{\"@type\":\"Person\",\"@id\":\"https:\/\/www.gaveanews.com\/#\/schema\/person\/714c67050b836198af2450ba1c142a67\",\"name\":\"Let\u00edcia Gerheim\",\"image\":{\"@type\":\"ImageObject\",\"inLanguage\":\"pt-BR\",\"@id\":\"https:\/\/www.gaveanews.com\/#\/schema\/person\/image\/\",\"url\":\"https:\/\/secure.gravatar.com\/avatar\/60734739c50fcebfbac509e2a826ccd0ff405c019bc73aab9354f19ecad1dcb4?s=96&d=mm&r=g\",\"contentUrl\":\"https:\/\/secure.gravatar.com\/avatar\/60734739c50fcebfbac509e2a826ccd0ff405c019bc73aab9354f19ecad1dcb4?s=96&d=mm&r=g\",\"caption\":\"Let\u00edcia Gerheim\"}}]}<\/script>\n<!-- \/ Yoast SEO Premium plugin. -->","yoast_head_json":{"title":"Saiba quem o Flamengo enfrentar\u00e1 na fase de grupos da Libertadores","robots":{"index":"index","follow":"follow","max-snippet":"max-snippet:-1","max-image-preview":"max-image-preview:large","max-video-preview":"max-video-preview:-1"},"canonical":"https:\/\/www.gaveanews.com\/index.php\/2022\/03\/25\/saiba-quem-o-flamengo-enfrentara-na-fase-de-grupos-da-libertadores\/","og_locale":"pt_BR","og_type":"article","og_title":"Saiba quem o Flamengo enfrentar\u00e1 na fase de grupos da Libertadores","og_description":"A pr\u00e9-Libertadores terminou na semana passada, e com os resultados em m\u00e3os, a Conmebol realizou o sorteio da fase de grupos do torneio nesta sexta-feira (25). Vice da competi\u00e7\u00e3o continental e do Brasileir\u00e3o na temporada passada, o Flamengo foi colocado no pote 1 e foi um dos &#8220;cabe\u00e7as de chave&#8221;. Cabe destacar que o Mais [&hellip;]","og_url":"https:\/\/www.gaveanews.com\/index.php\/2022\/03\/25\/saiba-quem-o-flamengo-enfrentara-na-fase-de-grupos-da-libertadores\/","og_site_name":"G\u00e1vea News","article_publisher":"https:\/\/facebook.com\/gaveaNews\/","article_published_time":"2022-03-25T15:52:10+00:00","og_image":[{"width":900,"height":1200,"url":"https:\/\/www.gaveanews.com\/wp-content\/uploads\/Taca-da-Libertadores-e-bandeira-do-Flamengo-no-estadio-do-Maracana.webp","type":"image\/jpeg"}],"author":"Let\u00edcia Gerheim","twitter_card":"summary_large_image","twitter_misc":{"Escrito por":"Let\u00edcia Gerheim","Est. tempo de leitura":"2 minutos"},"schema":{"@context":"https:\/\/schema.org","@graph":[{"@type":"NewsArticle","@id":"https:\/\/www.gaveanews.com\/index.php\/2022\/03\/25\/saiba-quem-o-flamengo-enfrentara-na-fase-de-grupos-da-libertadores\/#article","isPartOf":{"@id":"https:\/\/www.gaveanews.com\/index.php\/2022\/03\/25\/saiba-quem-o-flamengo-enfrentara-na-fase-de-grupos-da-libertadores\/"},"author":{"name":"Let\u00edcia Gerheim","@id":"https:\/\/www.gaveanews.com\/#\/schema\/person\/714c67050b836198af2450ba1c142a67"},"headline":"Saiba quem o Flamengo enfrentar\u00e1 na fase de grupos da Libertadores","datePublished":"2022-03-25T15:52:10+00:00","mainEntityOfPage":{"@id":"https:\/\/www.gaveanews.com\/index.php\/2022\/03\/25\/saiba-quem-o-flamengo-enfrentara-na-fase-de-grupos-da-libertadores\/"},"wordCount":278,"commentCount":0,"image":{"@id":"https:\/\/www.gaveanews.com\/index.php\/2022\/03\/25\/saiba-quem-o-flamengo-enfrentara-na-fase-de-grupos-da-libertadores\/#primaryimage"},"thumbnailUrl":"https:\/\/www.gaveanews.com\/wp-content\/uploads\/Taca-da-Libertadores-e-bandeira-do-Flamengo-no-estadio-do-Maracana.webp","articleSection":["Flamengo"],"inLanguage":"pt-BR","potentialAction":[{"@type":"CommentAction","name":"Comment","target":["https:\/\/www.gaveanews.com\/index.php\/2022\/03\/25\/saiba-quem-o-flamengo-enfrentara-na-fase-de-grupos-da-libertadores\/#respond"]}],"copyrightYear":"2022","copyrightHolder":{"@id":"https:\/\/www.gaveanews.com\/#organization"}},{"@type":"WebPage","@id":"https:\/\/www.gaveanews.com\/index.php\/2022\/03\/25\/saiba-quem-o-flamengo-enfrentara-na-fase-de-grupos-da-libertadores\/","url":"https:\/\/www.gaveanews.com\/index.php\/2022\/03\/25\/saiba-quem-o-flamengo-enfrentara-na-fase-de-grupos-da-libertadores\/","name":"Saiba quem o Flamengo enfrentar\u00e1 na fase de grupos da Libertadores","isPartOf":{"@id":"https:\/\/www.gaveanews.com\/#website"},"primaryImageOfPage":{"@id":"https:\/\/www.gaveanews.com\/index.php\/2022\/03\/25\/saiba-quem-o-flamengo-enfrentara-na-fase-de-grupos-da-libertadores\/#primaryimage"},"image":{"@id":"https:\/\/www.gaveanews.com\/index.php\/2022\/03\/25\/saiba-quem-o-flamengo-enfrentara-na-fase-de-grupos-da-libertadores\/#primaryimage"},"thumbnailUrl":"https:\/\/www.gaveanews.com\/wp-content\/uploads\/Taca-da-Libertadores-e-bandeira-do-Flamengo-no-estadio-do-Maracana.webp","datePublished":"2022-03-25T15:52:10+00:00","author":{"@id":"https:\/\/www.gaveanews.com\/#\/schema\/person\/714c67050b836198af2450ba1c142a67"},"breadcrumb":{"@id":"https:\/\/www.gaveanews.com\/index.php\/2022\/03\/25\/saiba-quem-o-flamengo-enfrentara-na-fase-de-grupos-da-libertadores\/#breadcrumb"},"inLanguage":"pt-BR","potentialAction":[{"@type":"ReadAction","target":["https:\/\/www.gaveanews.com\/index.php\/2022\/03\/25\/saiba-quem-o-flamengo-enfrentara-na-fase-de-grupos-da-libertadores\/"]}]},{"@type":"ImageObject","inLanguage":"pt-BR","@id":"https:\/\/www.gaveanews.com\/index.php\/2022\/03\/25\/saiba-quem-o-flamengo-enfrentara-na-fase-de-grupos-da-libertadores\/#primaryimage","url":"https:\/\/www.gaveanews.com\/wp-content\/uploads\/Taca-da-Libertadores-e-bandeira-do-Flamengo-no-estadio-do-Maracana.webp","contentUrl":"https:\/\/www.gaveanews.com\/wp-content\/uploads\/Taca-da-Libertadores-e-bandeira-do-Flamengo-no-estadio-do-Maracana.webp","width":900,"height":1200,"caption":"Ta\u00e7a da Libertadores e bandeira do Flamengo no est\u00e1dio do Maracan\u00e3 (Foto: Reprodu\u00e7\u00e3o\/ Rodrigo Dunshee de Abranches\/Twitter)"},{"@type":"BreadcrumbList","@id":"https:\/\/www.gaveanews.com\/index.php\/2022\/03\/25\/saiba-quem-o-flamengo-enfrentara-na-fase-de-grupos-da-libertadores\/#breadcrumb","itemListElement":[{"@type":"ListItem","position":1,"name":"Home","item":"https:\/\/www.gaveanews.com\/"},{"@type":"ListItem","position":2,"name":"Saiba quem o Flamengo enfrentar\u00e1 na fase de grupos da Libertadores"}]},{"@type":"WebSite","@id":"https:\/\/www.gaveanews.com\/#website","url":"https:\/\/www.gaveanews.com\/","name":"G\u00e1vea News","description":"Veja todas as not\u00edcias sobre o Flamengo: Contrata\u00e7\u00f5es, categorias de base, resultados das partidas, tabela de classifica\u00e7\u00e3o, pr\u00f3ximos jogos!","potentialAction":[{"@type":"SearchAction","target":{"@type":"EntryPoint","urlTemplate":"https:\/\/www.gaveanews.com\/?s={search_term_string}"},"query-input":{"@type":"PropertyValueSpecification","valueRequired":true,"valueName":"search_term_string"}}],"inLanguage":"pt-BR"},{"@type":"Person","@id":"https:\/\/www.gaveanews.com\/#\/schema\/person\/714c67050b836198af2450ba1c142a67","name":"Let\u00edcia Gerheim","image":{"@type":"ImageObject","inLanguage":"pt-BR","@id":"https:\/\/www.gaveanews.com\/#\/schema\/person\/image\/","url":"https:\/\/secure.gravatar.com\/avatar\/60734739c50fcebfbac509e2a826ccd0ff405c019bc73aab9354f19ecad1dcb4?s=96&d=mm&r=g","contentUrl":"https:\/\/secure.gravatar.com\/avatar\/60734739c50fcebfbac509e2a826ccd0ff405c019bc73aab9354f19ecad1dcb4?s=96&d=mm&r=g","caption":"Let\u00edcia Gerheim"}}]}},"_links":{"self":[{"href":"https:\/\/www.gaveanews.com\/index.php\/wp-json\/wp\/v2\/posts\/78870","targetHints":{"allow":["GET"]}}],"collection":[{"href":"https:\/\/www.gaveanews.com\/index.php\/wp-json\/wp\/v2\/posts"}],"about":[{"href":"https:\/\/www.gaveanews.com\/index.php\/wp-json\/wp\/v2\/types\/post"}],"author":[{"embeddable":true,"href":"https:\/\/www.gaveanews.com\/index.php\/wp-json\/wp\/v2\/users\/4"}],"replies":[{"embeddable":true,"href":"https:\/\/www.gaveanews.com\/index.php\/wp-json\/wp\/v2\/comments?post=78870"}],"version-history":[{"count":0,"href":"https:\/\/www.gaveanews.com\/index.php\/wp-json\/wp\/v2\/posts\/78870\/revisions"}],"wp:featuredmedia":[{"embeddable":true,"href":"https:\/\/www.gaveanews.com\/index.php\/wp-json\/wp\/v2\/media\/68615"}],"wp:attachment":[{"href":"https:\/\/www.gaveanews.com\/index.php\/wp-json\/wp\/v2\/media?parent=78870"}],"wp:term":[{"taxonomy":"category","embeddable":true,"href":"https:\/\/www.gaveanews.com\/index.php\/wp-json\/wp\/v2\/categories?post=78870"},{"taxonomy":"post_tag","embeddable":true,"href":"https:\/\/www.gaveanews.com\/index.php\/wp-json\/wp\/v2\/tags?post=78870"}],"curies":[{"name":"wp","href":"https:\/\/api.w.org\/{rel}","templated":true}]}}