{"id":78887,"date":"2022-03-24T18:56:47","date_gmt":"2022-03-24T21:56:47","guid":{"rendered":"https:\/\/www.gaveanews.com\/?p=78887"},"modified":"2022-03-24T18:56:47","modified_gmt":"2022-03-24T21:56:47","slug":"rony-e-melhor-do-que-pedro-opina-sormani-sobre-jogador-do-flamengo","status":"publish","type":"post","link":"https:\/\/www.gaveanews.com\/index.php\/2022\/03\/24\/rony-e-melhor-do-que-pedro-opina-sormani-sobre-jogador-do-flamengo\/","title":{"rendered":"&#8220;Rony \u00e9 melhor do que Pedro&#8221;, opina Sormani sobre jogador do Flamengo"},"content":{"rendered":"<p>Um dos assuntos mais discutidos pelos palmeirenses nas \u00faltimas semanas foi a possibilidade de o time paulista realizar a compra de Pedro, atacante do Flamengo. Os torcedores, no entanto, ficaram na vontade mesmo, j\u00e1 que <a href=\"https:\/\/www.gaveanews.com\/index.php\/2022\/03\/23\/leila-pereira-do-palmeiras-e-sincera-ao-falar-sobre-pedro-do-flamengo\/\">a pr\u00f3pria presidente do Alviverde confirmou a desist\u00eancia no atleta<\/a>.<\/p>\n<p>Contudo, o assunto ainda \u00e9 discutido na m\u00eddia esportiva. Desta vez, Sormani afirmou em sua participa\u00e7\u00e3o no programa <em>\u201dF90\u201d<\/em> da <em>ESPN<\/em> que o Palmeiras n\u00e3o precisa correr atr\u00e1s do camisa 21 rubro-negro. De acordo com o comentarista, Roni j\u00e1 faz parte do elenco e desempenha melhor a fun\u00e7\u00e3o, sendo considerado melhor do que Pedro por ele.<\/p>\n<p><strong><em>\u2014 Eu, se sou presidente do Palmeiras, n\u00e3o contrato um centroavante. Eu acho o Rony melhor que o Pedro. No sistema de jogo do futebol moderno de hoje, jogador que tem essa movimenta\u00e7\u00e3o, a velocidade, a intelig\u00eancia t\u00e1tica que tem\u2026 Ele faz gol sempre.<\/em><\/strong><\/p>\n<p><strong><em>\u2014 O gol contra o Corinthians, acho, uma cabe\u00e7ada dele, a bola volta e o Danilo faz o gol. Quem que estava l\u00e1 cabeceando? Era ele (Rony). N\u00e3o \u00e9 que se esconde, ele briga, ele \u00e9 r\u00e1pido. Olha o gol que fez ontem\u2026 Todo jogo ele t\u00e1 l\u00e1. \u2018Uh, quase fez, t\u00e1\u00a0vendo s\u00f3? T\u00e1 faltando um centroavante\u2019. \u00c9 porque ele est\u00e1 l\u00e1. Ser\u00e1 que um centroavante de of\u00edcio estaria perdendo esses gols? Eu n\u00e3o sei, mas o Rony est\u00e1 sempre l\u00e1, brigando, correndo, driblando, abrindo espa\u00e7o, criando confus\u00e3o na defesa advers\u00e1rio.<\/em><\/strong><\/p>\n<p>Finalizando sua linha de racioc\u00ednio, Sormani declarou que Roni \u00e9 mais habilidoso que Pedro, colocando em compara\u00e7\u00e3o seu bom per\u00edodo no Fluminense, assim como sua melhor fase no Flamengo at\u00e9 aqui.<\/p>\n<p><strong><em>\u2014 Para mim, hoje, o Rony \u00e9 mais jogador que o Pedro. Pega o Pedro do Fluminense, do Flamengo, quando jogou bem, eu prefiro o Rony. Qual o melhor trio de ataque? Arrascaeta, Bruno Henrique e Gabriel\u2026 Por que isso trio \u00e9 bom? Porque n\u00e3o tem ningu\u00e9m fixo. Veiga, Dudu e Rony s\u00e3o bons? Porque n\u00e3o tem ningu\u00e9m fixo.<\/em><\/strong><\/p>\n<p>Com Pedro \u00e0 disposi\u00e7\u00e3o, o Flamengo treina para disputar a final do Campeonato Carioca. Ainda sem hor\u00e1rio marcado, as partidas decisivas pelo t\u00edtulo do torneio, os confrontos foram agendados para o dia 31 de mar\u00e7o (pr\u00f3xima quinta-feira) e 03 de abril (domingo seguinte).<\/p>\n","protected":false},"excerpt":{"rendered":"<p>Um dos assuntos mais discutidos pelos palmeirenses nas \u00faltimas semanas foi a possibilidade de o time paulista realizar a compra de Pedro, atacante do Flamengo. Os torcedores, no entanto, ficaram na vontade mesmo, j\u00e1 que a pr\u00f3pria presidente do Alviverde confirmou a desist\u00eancia no atleta. Contudo, o assunto ainda \u00e9 discutido na m\u00eddia esportiva. Desta [&hellip;]<\/p>\n","protected":false},"author":4,"featured_media":69966,"comment_status":"open","ping_status":"closed","sticky":false,"template":"","format":"standard","meta":{"footnotes":""},"categories":[1],"tags":[],"class_list":["post-78887","post","type-post","status-publish","format-standard","has-post-thumbnail","hentry","category-flamengo"],"yoast_head":"<!-- This site is optimized with the Yoast SEO Premium plugin v24.2 (Yoast SEO v26.9) - https:\/\/yoast.com\/product\/yoast-seo-premium-wordpress\/ -->\n<title>&quot;Rony \u00e9 melhor do que Pedro&quot;, opina Sormani sobre jogador do Flamengo<\/title>\n<meta name=\"robots\" content=\"index, follow, max-snippet:-1, max-image-preview:large, max-video-preview:-1\" \/>\n<link rel=\"canonical\" href=\"https:\/\/www.gaveanews.com\/index.php\/2022\/03\/24\/rony-e-melhor-do-que-pedro-opina-sormani-sobre-jogador-do-flamengo\/\" \/>\n<meta property=\"og:locale\" content=\"pt_BR\" \/>\n<meta property=\"og:type\" content=\"article\" \/>\n<meta property=\"og:title\" content=\"&quot;Rony \u00e9 melhor do que Pedro&quot;, opina Sormani sobre jogador do Flamengo\" \/>\n<meta property=\"og:description\" content=\"Um dos assuntos mais discutidos pelos palmeirenses nas \u00faltimas semanas foi a possibilidade de o time paulista realizar a compra de Pedro, atacante do Flamengo. Os torcedores, no entanto, ficaram na vontade mesmo, j\u00e1 que a pr\u00f3pria presidente do Alviverde confirmou a desist\u00eancia no atleta. Contudo, o assunto ainda \u00e9 discutido na m\u00eddia esportiva. Desta [&hellip;]\" \/>\n<meta property=\"og:url\" content=\"https:\/\/www.gaveanews.com\/index.php\/2022\/03\/24\/rony-e-melhor-do-que-pedro-opina-sormani-sobre-jogador-do-flamengo\/\" \/>\n<meta property=\"og:site_name\" content=\"G\u00e1vea News\" \/>\n<meta property=\"article:publisher\" content=\"https:\/\/facebook.com\/gaveaNews\/\" \/>\n<meta property=\"article:published_time\" content=\"2022-03-24T21:56:47+00:00\" \/>\n<meta property=\"og:image\" content=\"https:\/\/www.gaveanews.com\/wp-content\/uploads\/Pedro-comemora-gol-marcado-pelo-Flamengo-contra-o-Juventude-no-Campeonato-Brasileiro-2021.webp\" \/>\n\t<meta property=\"og:image:width\" content=\"799\" \/>\n\t<meta property=\"og:image:height\" content=\"533\" \/>\n\t<meta property=\"og:image:type\" content=\"image\/jpeg\" \/>\n<meta name=\"author\" content=\"Let\u00edcia Gerheim\" \/>\n<meta name=\"twitter:card\" content=\"summary_large_image\" \/>\n<meta name=\"twitter:label1\" content=\"Escrito por\" \/>\n\t<meta name=\"twitter:data1\" content=\"Let\u00edcia Gerheim\" \/>\n\t<meta name=\"twitter:label2\" content=\"Est. tempo de leitura\" \/>\n\t<meta name=\"twitter:data2\" content=\"3 minutos\" \/>\n<script type=\"application\/ld+json\" class=\"yoast-schema-graph\">{\"@context\":\"https:\/\/schema.org\",\"@graph\":[{\"@type\":\"NewsArticle\",\"@id\":\"https:\/\/www.gaveanews.com\/index.php\/2022\/03\/24\/rony-e-melhor-do-que-pedro-opina-sormani-sobre-jogador-do-flamengo\/#article\",\"isPartOf\":{\"@id\":\"https:\/\/www.gaveanews.com\/index.php\/2022\/03\/24\/rony-e-melhor-do-que-pedro-opina-sormani-sobre-jogador-do-flamengo\/\"},\"author\":{\"name\":\"Let\u00edcia Gerheim\",\"@id\":\"https:\/\/www.gaveanews.com\/#\/schema\/person\/714c67050b836198af2450ba1c142a67\"},\"headline\":\"&#8220;Rony \u00e9 melhor do que Pedro&#8221;, opina Sormani sobre jogador do Flamengo\",\"datePublished\":\"2022-03-24T21:56:47+00:00\",\"mainEntityOfPage\":{\"@id\":\"https:\/\/www.gaveanews.com\/index.php\/2022\/03\/24\/rony-e-melhor-do-que-pedro-opina-sormani-sobre-jogador-do-flamengo\/\"},\"wordCount\":399,\"commentCount\":0,\"image\":{\"@id\":\"https:\/\/www.gaveanews.com\/index.php\/2022\/03\/24\/rony-e-melhor-do-que-pedro-opina-sormani-sobre-jogador-do-flamengo\/#primaryimage\"},\"thumbnailUrl\":\"https:\/\/www.gaveanews.com\/wp-content\/uploads\/Pedro-comemora-gol-marcado-pelo-Flamengo-contra-o-Juventude-no-Campeonato-Brasileiro-2021.webp\",\"articleSection\":[\"Flamengo\"],\"inLanguage\":\"pt-BR\",\"potentialAction\":[{\"@type\":\"CommentAction\",\"name\":\"Comment\",\"target\":[\"https:\/\/www.gaveanews.com\/index.php\/2022\/03\/24\/rony-e-melhor-do-que-pedro-opina-sormani-sobre-jogador-do-flamengo\/#respond\"]}],\"copyrightYear\":\"2022\",\"copyrightHolder\":{\"@id\":\"https:\/\/www.gaveanews.com\/#organization\"}},{\"@type\":\"WebPage\",\"@id\":\"https:\/\/www.gaveanews.com\/index.php\/2022\/03\/24\/rony-e-melhor-do-que-pedro-opina-sormani-sobre-jogador-do-flamengo\/\",\"url\":\"https:\/\/www.gaveanews.com\/index.php\/2022\/03\/24\/rony-e-melhor-do-que-pedro-opina-sormani-sobre-jogador-do-flamengo\/\",\"name\":\"\\\"Rony \u00e9 melhor do que Pedro\\\", opina Sormani sobre jogador do Flamengo\",\"isPartOf\":{\"@id\":\"https:\/\/www.gaveanews.com\/#website\"},\"primaryImageOfPage\":{\"@id\":\"https:\/\/www.gaveanews.com\/index.php\/2022\/03\/24\/rony-e-melhor-do-que-pedro-opina-sormani-sobre-jogador-do-flamengo\/#primaryimage\"},\"image\":{\"@id\":\"https:\/\/www.gaveanews.com\/index.php\/2022\/03\/24\/rony-e-melhor-do-que-pedro-opina-sormani-sobre-jogador-do-flamengo\/#primaryimage\"},\"thumbnailUrl\":\"https:\/\/www.gaveanews.com\/wp-content\/uploads\/Pedro-comemora-gol-marcado-pelo-Flamengo-contra-o-Juventude-no-Campeonato-Brasileiro-2021.webp\",\"datePublished\":\"2022-03-24T21:56:47+00:00\",\"author\":{\"@id\":\"https:\/\/www.gaveanews.com\/#\/schema\/person\/714c67050b836198af2450ba1c142a67\"},\"breadcrumb\":{\"@id\":\"https:\/\/www.gaveanews.com\/index.php\/2022\/03\/24\/rony-e-melhor-do-que-pedro-opina-sormani-sobre-jogador-do-flamengo\/#breadcrumb\"},\"inLanguage\":\"pt-BR\",\"potentialAction\":[{\"@type\":\"ReadAction\",\"target\":[\"https:\/\/www.gaveanews.com\/index.php\/2022\/03\/24\/rony-e-melhor-do-que-pedro-opina-sormani-sobre-jogador-do-flamengo\/\"]}]},{\"@type\":\"ImageObject\",\"inLanguage\":\"pt-BR\",\"@id\":\"https:\/\/www.gaveanews.com\/index.php\/2022\/03\/24\/rony-e-melhor-do-que-pedro-opina-sormani-sobre-jogador-do-flamengo\/#primaryimage\",\"url\":\"https:\/\/www.gaveanews.com\/wp-content\/uploads\/Pedro-comemora-gol-marcado-pelo-Flamengo-contra-o-Juventude-no-Campeonato-Brasileiro-2021.webp\",\"contentUrl\":\"https:\/\/www.gaveanews.com\/wp-content\/uploads\/Pedro-comemora-gol-marcado-pelo-Flamengo-contra-o-Juventude-no-Campeonato-Brasileiro-2021.webp\",\"width\":799,\"height\":533,\"caption\":\"Pedro comemora gol marcado pelo Flamengo contra o Juventude no Campeonato Brasileiro 2021 (Foto: Marcelo Cortes\/Flamengo)\"},{\"@type\":\"BreadcrumbList\",\"@id\":\"https:\/\/www.gaveanews.com\/index.php\/2022\/03\/24\/rony-e-melhor-do-que-pedro-opina-sormani-sobre-jogador-do-flamengo\/#breadcrumb\",\"itemListElement\":[{\"@type\":\"ListItem\",\"position\":1,\"name\":\"Home\",\"item\":\"https:\/\/www.gaveanews.com\/\"},{\"@type\":\"ListItem\",\"position\":2,\"name\":\"&#8220;Rony \u00e9 melhor do que Pedro&#8221;, opina Sormani sobre jogador do Flamengo\"}]},{\"@type\":\"WebSite\",\"@id\":\"https:\/\/www.gaveanews.com\/#website\",\"url\":\"https:\/\/www.gaveanews.com\/\",\"name\":\"G\u00e1vea News\",\"description\":\"Veja todas as not\u00edcias sobre o Flamengo: Contrata\u00e7\u00f5es, categorias de base, resultados das partidas, tabela de classifica\u00e7\u00e3o, pr\u00f3ximos jogos!\",\"potentialAction\":[{\"@type\":\"SearchAction\",\"target\":{\"@type\":\"EntryPoint\",\"urlTemplate\":\"https:\/\/www.gaveanews.com\/?s={search_term_string}\"},\"query-input\":{\"@type\":\"PropertyValueSpecification\",\"valueRequired\":true,\"valueName\":\"search_term_string\"}}],\"inLanguage\":\"pt-BR\"},{\"@type\":\"Person\",\"@id\":\"https:\/\/www.gaveanews.com\/#\/schema\/person\/714c67050b836198af2450ba1c142a67\",\"name\":\"Let\u00edcia Gerheim\",\"image\":{\"@type\":\"ImageObject\",\"inLanguage\":\"pt-BR\",\"@id\":\"https:\/\/www.gaveanews.com\/#\/schema\/person\/image\/\",\"url\":\"https:\/\/secure.gravatar.com\/avatar\/60734739c50fcebfbac509e2a826ccd0ff405c019bc73aab9354f19ecad1dcb4?s=96&d=mm&r=g\",\"contentUrl\":\"https:\/\/secure.gravatar.com\/avatar\/60734739c50fcebfbac509e2a826ccd0ff405c019bc73aab9354f19ecad1dcb4?s=96&d=mm&r=g\",\"caption\":\"Let\u00edcia Gerheim\"}}]}<\/script>\n<!-- \/ Yoast SEO Premium plugin. -->","yoast_head_json":{"title":"\"Rony \u00e9 melhor do que Pedro\", opina Sormani sobre jogador do Flamengo","robots":{"index":"index","follow":"follow","max-snippet":"max-snippet:-1","max-image-preview":"max-image-preview:large","max-video-preview":"max-video-preview:-1"},"canonical":"https:\/\/www.gaveanews.com\/index.php\/2022\/03\/24\/rony-e-melhor-do-que-pedro-opina-sormani-sobre-jogador-do-flamengo\/","og_locale":"pt_BR","og_type":"article","og_title":"\"Rony \u00e9 melhor do que Pedro\", opina Sormani sobre jogador do Flamengo","og_description":"Um dos assuntos mais discutidos pelos palmeirenses nas \u00faltimas semanas foi a possibilidade de o time paulista realizar a compra de Pedro, atacante do Flamengo. Os torcedores, no entanto, ficaram na vontade mesmo, j\u00e1 que a pr\u00f3pria presidente do Alviverde confirmou a desist\u00eancia no atleta. Contudo, o assunto ainda \u00e9 discutido na m\u00eddia esportiva. Desta [&hellip;]","og_url":"https:\/\/www.gaveanews.com\/index.php\/2022\/03\/24\/rony-e-melhor-do-que-pedro-opina-sormani-sobre-jogador-do-flamengo\/","og_site_name":"G\u00e1vea News","article_publisher":"https:\/\/facebook.com\/gaveaNews\/","article_published_time":"2022-03-24T21:56:47+00:00","og_image":[{"width":799,"height":533,"url":"https:\/\/www.gaveanews.com\/wp-content\/uploads\/Pedro-comemora-gol-marcado-pelo-Flamengo-contra-o-Juventude-no-Campeonato-Brasileiro-2021.webp","type":"image\/jpeg"}],"author":"Let\u00edcia Gerheim","twitter_card":"summary_large_image","twitter_misc":{"Escrito por":"Let\u00edcia Gerheim","Est. tempo de leitura":"3 minutos"},"schema":{"@context":"https:\/\/schema.org","@graph":[{"@type":"NewsArticle","@id":"https:\/\/www.gaveanews.com\/index.php\/2022\/03\/24\/rony-e-melhor-do-que-pedro-opina-sormani-sobre-jogador-do-flamengo\/#article","isPartOf":{"@id":"https:\/\/www.gaveanews.com\/index.php\/2022\/03\/24\/rony-e-melhor-do-que-pedro-opina-sormani-sobre-jogador-do-flamengo\/"},"author":{"name":"Let\u00edcia Gerheim","@id":"https:\/\/www.gaveanews.com\/#\/schema\/person\/714c67050b836198af2450ba1c142a67"},"headline":"&#8220;Rony \u00e9 melhor do que Pedro&#8221;, opina Sormani sobre jogador do Flamengo","datePublished":"2022-03-24T21:56:47+00:00","mainEntityOfPage":{"@id":"https:\/\/www.gaveanews.com\/index.php\/2022\/03\/24\/rony-e-melhor-do-que-pedro-opina-sormani-sobre-jogador-do-flamengo\/"},"wordCount":399,"commentCount":0,"image":{"@id":"https:\/\/www.gaveanews.com\/index.php\/2022\/03\/24\/rony-e-melhor-do-que-pedro-opina-sormani-sobre-jogador-do-flamengo\/#primaryimage"},"thumbnailUrl":"https:\/\/www.gaveanews.com\/wp-content\/uploads\/Pedro-comemora-gol-marcado-pelo-Flamengo-contra-o-Juventude-no-Campeonato-Brasileiro-2021.webp","articleSection":["Flamengo"],"inLanguage":"pt-BR","potentialAction":[{"@type":"CommentAction","name":"Comment","target":["https:\/\/www.gaveanews.com\/index.php\/2022\/03\/24\/rony-e-melhor-do-que-pedro-opina-sormani-sobre-jogador-do-flamengo\/#respond"]}],"copyrightYear":"2022","copyrightHolder":{"@id":"https:\/\/www.gaveanews.com\/#organization"}},{"@type":"WebPage","@id":"https:\/\/www.gaveanews.com\/index.php\/2022\/03\/24\/rony-e-melhor-do-que-pedro-opina-sormani-sobre-jogador-do-flamengo\/","url":"https:\/\/www.gaveanews.com\/index.php\/2022\/03\/24\/rony-e-melhor-do-que-pedro-opina-sormani-sobre-jogador-do-flamengo\/","name":"\"Rony \u00e9 melhor do que Pedro\", opina Sormani sobre jogador do Flamengo","isPartOf":{"@id":"https:\/\/www.gaveanews.com\/#website"},"primaryImageOfPage":{"@id":"https:\/\/www.gaveanews.com\/index.php\/2022\/03\/24\/rony-e-melhor-do-que-pedro-opina-sormani-sobre-jogador-do-flamengo\/#primaryimage"},"image":{"@id":"https:\/\/www.gaveanews.com\/index.php\/2022\/03\/24\/rony-e-melhor-do-que-pedro-opina-sormani-sobre-jogador-do-flamengo\/#primaryimage"},"thumbnailUrl":"https:\/\/www.gaveanews.com\/wp-content\/uploads\/Pedro-comemora-gol-marcado-pelo-Flamengo-contra-o-Juventude-no-Campeonato-Brasileiro-2021.webp","datePublished":"2022-03-24T21:56:47+00:00","author":{"@id":"https:\/\/www.gaveanews.com\/#\/schema\/person\/714c67050b836198af2450ba1c142a67"},"breadcrumb":{"@id":"https:\/\/www.gaveanews.com\/index.php\/2022\/03\/24\/rony-e-melhor-do-que-pedro-opina-sormani-sobre-jogador-do-flamengo\/#breadcrumb"},"inLanguage":"pt-BR","potentialAction":[{"@type":"ReadAction","target":["https:\/\/www.gaveanews.com\/index.php\/2022\/03\/24\/rony-e-melhor-do-que-pedro-opina-sormani-sobre-jogador-do-flamengo\/"]}]},{"@type":"ImageObject","inLanguage":"pt-BR","@id":"https:\/\/www.gaveanews.com\/index.php\/2022\/03\/24\/rony-e-melhor-do-que-pedro-opina-sormani-sobre-jogador-do-flamengo\/#primaryimage","url":"https:\/\/www.gaveanews.com\/wp-content\/uploads\/Pedro-comemora-gol-marcado-pelo-Flamengo-contra-o-Juventude-no-Campeonato-Brasileiro-2021.webp","contentUrl":"https:\/\/www.gaveanews.com\/wp-content\/uploads\/Pedro-comemora-gol-marcado-pelo-Flamengo-contra-o-Juventude-no-Campeonato-Brasileiro-2021.webp","width":799,"height":533,"caption":"Pedro comemora gol marcado pelo Flamengo contra o Juventude no Campeonato Brasileiro 2021 (Foto: Marcelo Cortes\/Flamengo)"},{"@type":"BreadcrumbList","@id":"https:\/\/www.gaveanews.com\/index.php\/2022\/03\/24\/rony-e-melhor-do-que-pedro-opina-sormani-sobre-jogador-do-flamengo\/#breadcrumb","itemListElement":[{"@type":"ListItem","position":1,"name":"Home","item":"https:\/\/www.gaveanews.com\/"},{"@type":"ListItem","position":2,"name":"&#8220;Rony \u00e9 melhor do que Pedro&#8221;, opina Sormani sobre jogador do Flamengo"}]},{"@type":"WebSite","@id":"https:\/\/www.gaveanews.com\/#website","url":"https:\/\/www.gaveanews.com\/","name":"G\u00e1vea News","description":"Veja todas as not\u00edcias sobre o Flamengo: Contrata\u00e7\u00f5es, categorias de base, resultados das partidas, tabela de classifica\u00e7\u00e3o, pr\u00f3ximos jogos!","potentialAction":[{"@type":"SearchAction","target":{"@type":"EntryPoint","urlTemplate":"https:\/\/www.gaveanews.com\/?s={search_term_string}"},"query-input":{"@type":"PropertyValueSpecification","valueRequired":true,"valueName":"search_term_string"}}],"inLanguage":"pt-BR"},{"@type":"Person","@id":"https:\/\/www.gaveanews.com\/#\/schema\/person\/714c67050b836198af2450ba1c142a67","name":"Let\u00edcia Gerheim","image":{"@type":"ImageObject","inLanguage":"pt-BR","@id":"https:\/\/www.gaveanews.com\/#\/schema\/person\/image\/","url":"https:\/\/secure.gravatar.com\/avatar\/60734739c50fcebfbac509e2a826ccd0ff405c019bc73aab9354f19ecad1dcb4?s=96&d=mm&r=g","contentUrl":"https:\/\/secure.gravatar.com\/avatar\/60734739c50fcebfbac509e2a826ccd0ff405c019bc73aab9354f19ecad1dcb4?s=96&d=mm&r=g","caption":"Let\u00edcia Gerheim"}}]}},"_links":{"self":[{"href":"https:\/\/www.gaveanews.com\/index.php\/wp-json\/wp\/v2\/posts\/78887","targetHints":{"allow":["GET"]}}],"collection":[{"href":"https:\/\/www.gaveanews.com\/index.php\/wp-json\/wp\/v2\/posts"}],"about":[{"href":"https:\/\/www.gaveanews.com\/index.php\/wp-json\/wp\/v2\/types\/post"}],"author":[{"embeddable":true,"href":"https:\/\/www.gaveanews.com\/index.php\/wp-json\/wp\/v2\/users\/4"}],"replies":[{"embeddable":true,"href":"https:\/\/www.gaveanews.com\/index.php\/wp-json\/wp\/v2\/comments?post=78887"}],"version-history":[{"count":0,"href":"https:\/\/www.gaveanews.com\/index.php\/wp-json\/wp\/v2\/posts\/78887\/revisions"}],"wp:featuredmedia":[{"embeddable":true,"href":"https:\/\/www.gaveanews.com\/index.php\/wp-json\/wp\/v2\/media\/69966"}],"wp:attachment":[{"href":"https:\/\/www.gaveanews.com\/index.php\/wp-json\/wp\/v2\/media?parent=78887"}],"wp:term":[{"taxonomy":"category","embeddable":true,"href":"https:\/\/www.gaveanews.com\/index.php\/wp-json\/wp\/v2\/categories?post=78887"},{"taxonomy":"post_tag","embeddable":true,"href":"https:\/\/www.gaveanews.com\/index.php\/wp-json\/wp\/v2\/tags?post=78887"}],"curies":[{"name":"wp","href":"https:\/\/api.w.org\/{rel}","templated":true}]}}