{"id":78897,"date":"2022-03-24T18:55:59","date_gmt":"2022-03-24T21:55:59","guid":{"rendered":"https:\/\/www.gaveanews.com\/?p=78897"},"modified":"2024-04-07T08:24:32","modified_gmt":"2024-04-07T11:24:32","slug":"torcedor-do-flamengo-galvao-bueno-deixara-a-rede-globo","status":"publish","type":"post","link":"https:\/\/www.gaveanews.com\/index.php\/2022\/03\/24\/torcedor-do-flamengo-galvao-bueno-deixara-a-rede-globo\/","title":{"rendered":"Torcedor do Flamengo, Galv\u00e3o Bueno deixar\u00e1 a Globo"},"content":{"rendered":"<p>Ap\u00f3s 41 anos, Galv\u00e3o Bueno vai deixar as narra\u00e7\u00f5es na Rede Globo ap\u00f3s a Copa do Mundo de 2022, disputada no Catar. Decis\u00e3o foi anunciada nesta quinta-feira (24), e o ic\u00f4nico narrador ir\u00e1 sair da emissora no fim de 2022, per\u00edodo que coincide com o t\u00e9rmino do contrato dele com a Globo.<\/p>\n<p>Em entrevista para o jornal \u201dO Globo\u201d, o narrador comentou sobre o futuro longe das transmiss\u00f5es na TV aberta, no entanto, afirmou que n\u00e3o ir\u00e1 se desvencilhar totalmente da emissora.<\/p>\n<p>\u201cEu tenho contrato com a Globo at\u00e9 o fim do ano. E a gente resolveu que ir\u00edamos investir muito na minha participa\u00e7\u00e3o na Olimp\u00edada e, esse ano, seria sele\u00e7\u00e3o brasileira e Copa do Mundo. E estamos conversando para ver o que ser\u00e1 depois do dia 18 de dezembro, que \u00e9 o dia da final. Espero estar com sa\u00fade para estar l\u00e1\u201d, disse Galv\u00e3o ao jornal O Globo.<\/p>\n<p>\u201cE temos at\u00e9 l\u00e1 para resolver o que vai acontecer. Eu diria que hoje tenho uma consci\u00eancia de que seria minha \u00faltima Copa do Mundo narrando em TV. Tudo tem seu tempo. Mas, ao mesmo tempo, que termina o contrato para essa minha sequ\u00eancia de 41 anos na Globo, com trabalho do dia a dia, programa, narra\u00e7\u00e3o de jogos, com essas coisas, a tend\u00eancia nessa conversa \u00e9 que isso pare depois da Copa do Mundo. Mas estamos negociando outras coisas. Outros caminhos. E, muito provavelmente, muita coisa nesse mundo digital e outras plataformas dentro do Grupo Globo. A Globo \u00e9 minha casa.\u201d<\/p>\n<p>Galv\u00e3o Bueno tamb\u00e9m falou sobre sua \u00faltima transmiss\u00e3o de um jogo da Sele\u00e7\u00e3o Brasileira no Maracan\u00e3. Nesta quinta-feira (24), \u00e0s 20h30, o Brasil ir\u00e1 enfrentar o Chile no est\u00e1dio, pela 17\u00aa e pen\u00faltima rodada das Eliminat\u00f3rias Sul-Americanas. O duelo tamb\u00e9m marca a \u00faltima partida de Tite em solo brasileiro sob o comando da sele\u00e7\u00e3o.<\/p>\n<p>\u201dN\u00e3o poderia chegar a minha \u00faltima transmiss\u00e3o de sele\u00e7\u00e3o brasileira em TV aberta sem me referir a isso. \u00c9 um momento que vai ser muito especial, marcante e de muita emo\u00e7\u00e3o\u201d, acrescentou.<\/p>\n<div class=\"td-post-content tagdiv-type\">\n<h3>Confira a nota da TV Globo<\/h3>\n<p><em>A hist\u00f3ria do Galv\u00e3o Bueno se mistura \u00e0 pr\u00f3pria hist\u00f3ria do esporte brasileiro. Nenhum outro narrador esteve t\u00e3o presente nas principais conquistas do esporte brasileiro quanto Galv\u00e3o Bueno nos \u00faltimos 41 anos. Foi atrav\u00e9s da voz dele que acompanhamos os momentos mais importantes dos nossos atletas, nos emocionamos com conquistas, choramos juntos perdas dram\u00e1ticas, celebramos as mensagens de esperan\u00e7a e supera\u00e7\u00e3o que o esporte traz. Todo mundo lembra onde estava quando ele gritava \u201c\u00e9 tetra\u201d, abra\u00e7ado a Pel\u00e9. Ou quando Galv\u00e3o, assustado, narrava o acidente em Imola que levou um dos maiores \u00eddolos brasileiros de todos os tempos, Ayrton Senna.<\/em><\/p>\n<p><em>\u00c9 um privil\u00e9gio para a Globo contar com o talento, o carisma e a dedica\u00e7\u00e3o desse gigante do jornalismo esportivo brasileiro por mais de 40 anos. Um legado que fica para o jornalismo esportivo. A emo\u00e7\u00e3o no lugar mais alto do p\u00f3dio.<\/em><\/p>\n<p><em>O v\u00ednculo fixo de Galv\u00e3o com a Globo se encerra no fim do ano, ap\u00f3s a transmiss\u00e3o da Copa do Mundo do Catar. Ser\u00e1 um ano intenso, de muitos desafios, realiza\u00e7\u00f5es e, certamente, de muita emo\u00e7\u00e3o. \u201cGalv\u00e3o \u00e9 um g\u00eanio da comunica\u00e7\u00e3o, que reinventou a fun\u00e7\u00e3o de um narrador nas transmiss\u00f5es esportivas. Haver\u00e1 pra sempre na hist\u00f3ria da TV brasileira o antes e o depois de Galv\u00e3o. Juntos, estamos preparando uma despedida \u00e0 altura da hist\u00f3ria dele na Copa do Catar. Ser\u00e1 inesquec\u00edvel para o Galv\u00e3o e para o p\u00fablico\u201d, afirma Renato Ribeiro, Diretor do Esporte da Globo.<\/em><\/p>\n<p><em>\u201cEu me realizei como profissional nesses 41 anos na Globo. Foram emo\u00e7\u00f5es fort\u00edssimas. Estarei com a sele\u00e7\u00e3o brasileira e com o futebol at\u00e9 o dia 18 de dezembro. Depois, vira-se uma p\u00e1gina e o livro continua. Pretendo mergulhar de cabe\u00e7a no mundo digital, estamos falando sobre possibilidades em outras plataformas. A Globo \u00e9 minha casa\u201d, declara Galv\u00e3o Bueno.<\/em><\/p>\n<\/div>\n<p>Retirado de: Di\u00e1rio do Fla<\/p>\n","protected":false},"excerpt":{"rendered":"<p>Ap\u00f3s 41 anos, Galv\u00e3o Bueno vai deixar as narra\u00e7\u00f5es na Rede Globo ap\u00f3s a Copa do Mundo de 2022, disputada no Catar. Decis\u00e3o foi anunciada nesta quinta-feira (24), e o ic\u00f4nico narrador ir\u00e1 sair da emissora no fim de 2022, per\u00edodo que coincide com o t\u00e9rmino do contrato dele com a Globo. Em entrevista para [&hellip;]<\/p>\n","protected":false},"author":1,"featured_media":47962,"comment_status":"open","ping_status":"closed","sticky":false,"template":"","format":"standard","meta":{"footnotes":""},"categories":[47],"tags":[182],"class_list":["post-78897","post","type-post","status-publish","format-standard","has-post-thumbnail","hentry","category-destaques","tag-carlos-eduardo-dos-santos-galvao-bueno"],"yoast_head":"<!-- This site is optimized with the Yoast SEO Premium plugin v24.2 (Yoast SEO v26.9) - https:\/\/yoast.com\/product\/yoast-seo-premium-wordpress\/ -->\n<title>Torcedor do Flamengo, Galv\u00e3o Bueno deixar\u00e1 a Globo<\/title>\n<meta name=\"robots\" content=\"index, follow, max-snippet:-1, max-image-preview:large, max-video-preview:-1\" \/>\n<link rel=\"canonical\" href=\"https:\/\/www.gaveanews.com\/index.php\/2022\/03\/24\/torcedor-do-flamengo-galvao-bueno-deixara-a-rede-globo\/\" \/>\n<meta property=\"og:locale\" content=\"pt_BR\" \/>\n<meta property=\"og:type\" content=\"article\" \/>\n<meta property=\"og:title\" content=\"Torcedor do Flamengo, Galv\u00e3o Bueno deixar\u00e1 a Globo\" \/>\n<meta property=\"og:description\" content=\"Ap\u00f3s 41 anos, Galv\u00e3o Bueno vai deixar as narra\u00e7\u00f5es na Rede Globo ap\u00f3s a Copa do Mundo de 2022, disputada no Catar. Decis\u00e3o foi anunciada nesta quinta-feira (24), e o ic\u00f4nico narrador ir\u00e1 sair da emissora no fim de 2022, per\u00edodo que coincide com o t\u00e9rmino do contrato dele com a Globo. Em entrevista para [&hellip;]\" \/>\n<meta property=\"og:url\" content=\"https:\/\/www.gaveanews.com\/index.php\/2022\/03\/24\/torcedor-do-flamengo-galvao-bueno-deixara-a-rede-globo\/\" \/>\n<meta property=\"og:site_name\" content=\"G\u00e1vea News\" \/>\n<meta property=\"article:publisher\" content=\"https:\/\/facebook.com\/gaveaNews\/\" \/>\n<meta property=\"article:published_time\" content=\"2022-03-24T21:55:59+00:00\" \/>\n<meta property=\"article:modified_time\" content=\"2024-04-07T11:24:32+00:00\" \/>\n<meta property=\"og:image\" content=\"https:\/\/www.gaveanews.com\/wp-content\/uploads\/Galvao-Bueno-com-o-terno-da-Rede-Globo-e-da-SporTV.webp\" \/>\n\t<meta property=\"og:image:width\" content=\"1200\" \/>\n\t<meta property=\"og:image:height\" content=\"912\" \/>\n\t<meta property=\"og:image:type\" content=\"image\/jpeg\" \/>\n<meta name=\"author\" content=\"Equipe G\u00e1vea News\" \/>\n<meta name=\"twitter:card\" content=\"summary_large_image\" \/>\n<meta name=\"twitter:label1\" content=\"Escrito por\" \/>\n\t<meta name=\"twitter:data1\" content=\"Equipe G\u00e1vea News\" \/>\n\t<meta name=\"twitter:label2\" content=\"Est. tempo de leitura\" \/>\n\t<meta name=\"twitter:data2\" content=\"4 minutos\" \/>\n<script type=\"application\/ld+json\" class=\"yoast-schema-graph\">{\"@context\":\"https:\/\/schema.org\",\"@graph\":[{\"@type\":\"NewsArticle\",\"@id\":\"https:\/\/www.gaveanews.com\/index.php\/2022\/03\/24\/torcedor-do-flamengo-galvao-bueno-deixara-a-rede-globo\/#article\",\"isPartOf\":{\"@id\":\"https:\/\/www.gaveanews.com\/index.php\/2022\/03\/24\/torcedor-do-flamengo-galvao-bueno-deixara-a-rede-globo\/\"},\"author\":{\"name\":\"Equipe G\u00e1vea News\",\"@id\":\"https:\/\/www.gaveanews.com\/#\/schema\/person\/2ec14f73fb96be2caf28f91afb14749d\"},\"headline\":\"Torcedor do Flamengo, Galv\u00e3o Bueno deixar\u00e1 a Globo\",\"datePublished\":\"2022-03-24T21:55:59+00:00\",\"dateModified\":\"2024-04-07T11:24:32+00:00\",\"mainEntityOfPage\":{\"@id\":\"https:\/\/www.gaveanews.com\/index.php\/2022\/03\/24\/torcedor-do-flamengo-galvao-bueno-deixara-a-rede-globo\/\"},\"wordCount\":706,\"commentCount\":0,\"image\":{\"@id\":\"https:\/\/www.gaveanews.com\/index.php\/2022\/03\/24\/torcedor-do-flamengo-galvao-bueno-deixara-a-rede-globo\/#primaryimage\"},\"thumbnailUrl\":\"https:\/\/www.gaveanews.com\/wp-content\/uploads\/Galvao-Bueno-com-o-terno-da-Rede-Globo-e-da-SporTV.webp\",\"keywords\":[\"Carlos Eduardo dos Santos Galv\u00e3o Bueno\"],\"articleSection\":[\"Destaques\"],\"inLanguage\":\"pt-BR\",\"potentialAction\":[{\"@type\":\"CommentAction\",\"name\":\"Comment\",\"target\":[\"https:\/\/www.gaveanews.com\/index.php\/2022\/03\/24\/torcedor-do-flamengo-galvao-bueno-deixara-a-rede-globo\/#respond\"]}],\"copyrightYear\":\"2022\",\"copyrightHolder\":{\"@id\":\"https:\/\/www.gaveanews.com\/#organization\"}},{\"@type\":\"WebPage\",\"@id\":\"https:\/\/www.gaveanews.com\/index.php\/2022\/03\/24\/torcedor-do-flamengo-galvao-bueno-deixara-a-rede-globo\/\",\"url\":\"https:\/\/www.gaveanews.com\/index.php\/2022\/03\/24\/torcedor-do-flamengo-galvao-bueno-deixara-a-rede-globo\/\",\"name\":\"Torcedor do Flamengo, Galv\u00e3o Bueno deixar\u00e1 a Globo\",\"isPartOf\":{\"@id\":\"https:\/\/www.gaveanews.com\/#website\"},\"primaryImageOfPage\":{\"@id\":\"https:\/\/www.gaveanews.com\/index.php\/2022\/03\/24\/torcedor-do-flamengo-galvao-bueno-deixara-a-rede-globo\/#primaryimage\"},\"image\":{\"@id\":\"https:\/\/www.gaveanews.com\/index.php\/2022\/03\/24\/torcedor-do-flamengo-galvao-bueno-deixara-a-rede-globo\/#primaryimage\"},\"thumbnailUrl\":\"https:\/\/www.gaveanews.com\/wp-content\/uploads\/Galvao-Bueno-com-o-terno-da-Rede-Globo-e-da-SporTV.webp\",\"datePublished\":\"2022-03-24T21:55:59+00:00\",\"dateModified\":\"2024-04-07T11:24:32+00:00\",\"author\":{\"@id\":\"https:\/\/www.gaveanews.com\/#\/schema\/person\/2ec14f73fb96be2caf28f91afb14749d\"},\"breadcrumb\":{\"@id\":\"https:\/\/www.gaveanews.com\/index.php\/2022\/03\/24\/torcedor-do-flamengo-galvao-bueno-deixara-a-rede-globo\/#breadcrumb\"},\"inLanguage\":\"pt-BR\",\"potentialAction\":[{\"@type\":\"ReadAction\",\"target\":[\"https:\/\/www.gaveanews.com\/index.php\/2022\/03\/24\/torcedor-do-flamengo-galvao-bueno-deixara-a-rede-globo\/\"]}]},{\"@type\":\"ImageObject\",\"inLanguage\":\"pt-BR\",\"@id\":\"https:\/\/www.gaveanews.com\/index.php\/2022\/03\/24\/torcedor-do-flamengo-galvao-bueno-deixara-a-rede-globo\/#primaryimage\",\"url\":\"https:\/\/www.gaveanews.com\/wp-content\/uploads\/Galvao-Bueno-com-o-terno-da-Rede-Globo-e-da-SporTV.webp\",\"contentUrl\":\"https:\/\/www.gaveanews.com\/wp-content\/uploads\/Galvao-Bueno-com-o-terno-da-Rede-Globo-e-da-SporTV.webp\",\"width\":1200,\"height\":912,\"caption\":\"Galv\u00e3o Bueno com o terno da Rede Globo e da SporTV (Foto: Divulga\u00e7\u00e3o)\"},{\"@type\":\"BreadcrumbList\",\"@id\":\"https:\/\/www.gaveanews.com\/index.php\/2022\/03\/24\/torcedor-do-flamengo-galvao-bueno-deixara-a-rede-globo\/#breadcrumb\",\"itemListElement\":[{\"@type\":\"ListItem\",\"position\":1,\"name\":\"Home\",\"item\":\"https:\/\/www.gaveanews.com\/\"},{\"@type\":\"ListItem\",\"position\":2,\"name\":\"Torcedor do Flamengo, Galv\u00e3o Bueno deixar\u00e1 a Globo\"}]},{\"@type\":\"WebSite\",\"@id\":\"https:\/\/www.gaveanews.com\/#website\",\"url\":\"https:\/\/www.gaveanews.com\/\",\"name\":\"G\u00e1vea News\",\"description\":\"Veja todas as not\u00edcias sobre o Flamengo: Contrata\u00e7\u00f5es, categorias de base, resultados das partidas, tabela de classifica\u00e7\u00e3o, pr\u00f3ximos jogos!\",\"potentialAction\":[{\"@type\":\"SearchAction\",\"target\":{\"@type\":\"EntryPoint\",\"urlTemplate\":\"https:\/\/www.gaveanews.com\/?s={search_term_string}\"},\"query-input\":{\"@type\":\"PropertyValueSpecification\",\"valueRequired\":true,\"valueName\":\"search_term_string\"}}],\"inLanguage\":\"pt-BR\"},{\"@type\":\"Person\",\"@id\":\"https:\/\/www.gaveanews.com\/#\/schema\/person\/2ec14f73fb96be2caf28f91afb14749d\",\"name\":\"Equipe G\u00e1vea News\",\"image\":{\"@type\":\"ImageObject\",\"inLanguage\":\"pt-BR\",\"@id\":\"https:\/\/www.gaveanews.com\/#\/schema\/person\/image\/\",\"url\":\"https:\/\/secure.gravatar.com\/avatar\/1e1956f1facbffd3f8fa53a326721950116b3b9dc9bd44939c01180fd4a745a9?s=96&d=mm&r=g\",\"contentUrl\":\"https:\/\/secure.gravatar.com\/avatar\/1e1956f1facbffd3f8fa53a326721950116b3b9dc9bd44939c01180fd4a745a9?s=96&d=mm&r=g\",\"caption\":\"Equipe G\u00e1vea News\"}}]}<\/script>\n<!-- \/ Yoast SEO Premium plugin. -->","yoast_head_json":{"title":"Torcedor do Flamengo, Galv\u00e3o Bueno deixar\u00e1 a Globo","robots":{"index":"index","follow":"follow","max-snippet":"max-snippet:-1","max-image-preview":"max-image-preview:large","max-video-preview":"max-video-preview:-1"},"canonical":"https:\/\/www.gaveanews.com\/index.php\/2022\/03\/24\/torcedor-do-flamengo-galvao-bueno-deixara-a-rede-globo\/","og_locale":"pt_BR","og_type":"article","og_title":"Torcedor do Flamengo, Galv\u00e3o Bueno deixar\u00e1 a Globo","og_description":"Ap\u00f3s 41 anos, Galv\u00e3o Bueno vai deixar as narra\u00e7\u00f5es na Rede Globo ap\u00f3s a Copa do Mundo de 2022, disputada no Catar. Decis\u00e3o foi anunciada nesta quinta-feira (24), e o ic\u00f4nico narrador ir\u00e1 sair da emissora no fim de 2022, per\u00edodo que coincide com o t\u00e9rmino do contrato dele com a Globo. Em entrevista para [&hellip;]","og_url":"https:\/\/www.gaveanews.com\/index.php\/2022\/03\/24\/torcedor-do-flamengo-galvao-bueno-deixara-a-rede-globo\/","og_site_name":"G\u00e1vea News","article_publisher":"https:\/\/facebook.com\/gaveaNews\/","article_published_time":"2022-03-24T21:55:59+00:00","article_modified_time":"2024-04-07T11:24:32+00:00","og_image":[{"width":1200,"height":912,"url":"https:\/\/www.gaveanews.com\/wp-content\/uploads\/Galvao-Bueno-com-o-terno-da-Rede-Globo-e-da-SporTV.webp","type":"image\/jpeg"}],"author":"Equipe G\u00e1vea News","twitter_card":"summary_large_image","twitter_misc":{"Escrito por":"Equipe G\u00e1vea News","Est. tempo de leitura":"4 minutos"},"schema":{"@context":"https:\/\/schema.org","@graph":[{"@type":"NewsArticle","@id":"https:\/\/www.gaveanews.com\/index.php\/2022\/03\/24\/torcedor-do-flamengo-galvao-bueno-deixara-a-rede-globo\/#article","isPartOf":{"@id":"https:\/\/www.gaveanews.com\/index.php\/2022\/03\/24\/torcedor-do-flamengo-galvao-bueno-deixara-a-rede-globo\/"},"author":{"name":"Equipe G\u00e1vea News","@id":"https:\/\/www.gaveanews.com\/#\/schema\/person\/2ec14f73fb96be2caf28f91afb14749d"},"headline":"Torcedor do Flamengo, Galv\u00e3o Bueno deixar\u00e1 a Globo","datePublished":"2022-03-24T21:55:59+00:00","dateModified":"2024-04-07T11:24:32+00:00","mainEntityOfPage":{"@id":"https:\/\/www.gaveanews.com\/index.php\/2022\/03\/24\/torcedor-do-flamengo-galvao-bueno-deixara-a-rede-globo\/"},"wordCount":706,"commentCount":0,"image":{"@id":"https:\/\/www.gaveanews.com\/index.php\/2022\/03\/24\/torcedor-do-flamengo-galvao-bueno-deixara-a-rede-globo\/#primaryimage"},"thumbnailUrl":"https:\/\/www.gaveanews.com\/wp-content\/uploads\/Galvao-Bueno-com-o-terno-da-Rede-Globo-e-da-SporTV.webp","keywords":["Carlos Eduardo dos Santos Galv\u00e3o Bueno"],"articleSection":["Destaques"],"inLanguage":"pt-BR","potentialAction":[{"@type":"CommentAction","name":"Comment","target":["https:\/\/www.gaveanews.com\/index.php\/2022\/03\/24\/torcedor-do-flamengo-galvao-bueno-deixara-a-rede-globo\/#respond"]}],"copyrightYear":"2022","copyrightHolder":{"@id":"https:\/\/www.gaveanews.com\/#organization"}},{"@type":"WebPage","@id":"https:\/\/www.gaveanews.com\/index.php\/2022\/03\/24\/torcedor-do-flamengo-galvao-bueno-deixara-a-rede-globo\/","url":"https:\/\/www.gaveanews.com\/index.php\/2022\/03\/24\/torcedor-do-flamengo-galvao-bueno-deixara-a-rede-globo\/","name":"Torcedor do Flamengo, Galv\u00e3o Bueno deixar\u00e1 a Globo","isPartOf":{"@id":"https:\/\/www.gaveanews.com\/#website"},"primaryImageOfPage":{"@id":"https:\/\/www.gaveanews.com\/index.php\/2022\/03\/24\/torcedor-do-flamengo-galvao-bueno-deixara-a-rede-globo\/#primaryimage"},"image":{"@id":"https:\/\/www.gaveanews.com\/index.php\/2022\/03\/24\/torcedor-do-flamengo-galvao-bueno-deixara-a-rede-globo\/#primaryimage"},"thumbnailUrl":"https:\/\/www.gaveanews.com\/wp-content\/uploads\/Galvao-Bueno-com-o-terno-da-Rede-Globo-e-da-SporTV.webp","datePublished":"2022-03-24T21:55:59+00:00","dateModified":"2024-04-07T11:24:32+00:00","author":{"@id":"https:\/\/www.gaveanews.com\/#\/schema\/person\/2ec14f73fb96be2caf28f91afb14749d"},"breadcrumb":{"@id":"https:\/\/www.gaveanews.com\/index.php\/2022\/03\/24\/torcedor-do-flamengo-galvao-bueno-deixara-a-rede-globo\/#breadcrumb"},"inLanguage":"pt-BR","potentialAction":[{"@type":"ReadAction","target":["https:\/\/www.gaveanews.com\/index.php\/2022\/03\/24\/torcedor-do-flamengo-galvao-bueno-deixara-a-rede-globo\/"]}]},{"@type":"ImageObject","inLanguage":"pt-BR","@id":"https:\/\/www.gaveanews.com\/index.php\/2022\/03\/24\/torcedor-do-flamengo-galvao-bueno-deixara-a-rede-globo\/#primaryimage","url":"https:\/\/www.gaveanews.com\/wp-content\/uploads\/Galvao-Bueno-com-o-terno-da-Rede-Globo-e-da-SporTV.webp","contentUrl":"https:\/\/www.gaveanews.com\/wp-content\/uploads\/Galvao-Bueno-com-o-terno-da-Rede-Globo-e-da-SporTV.webp","width":1200,"height":912,"caption":"Galv\u00e3o Bueno com o terno da Rede Globo e da SporTV (Foto: Divulga\u00e7\u00e3o)"},{"@type":"BreadcrumbList","@id":"https:\/\/www.gaveanews.com\/index.php\/2022\/03\/24\/torcedor-do-flamengo-galvao-bueno-deixara-a-rede-globo\/#breadcrumb","itemListElement":[{"@type":"ListItem","position":1,"name":"Home","item":"https:\/\/www.gaveanews.com\/"},{"@type":"ListItem","position":2,"name":"Torcedor do Flamengo, Galv\u00e3o Bueno deixar\u00e1 a Globo"}]},{"@type":"WebSite","@id":"https:\/\/www.gaveanews.com\/#website","url":"https:\/\/www.gaveanews.com\/","name":"G\u00e1vea News","description":"Veja todas as not\u00edcias sobre o Flamengo: Contrata\u00e7\u00f5es, categorias de base, resultados das partidas, tabela de classifica\u00e7\u00e3o, pr\u00f3ximos jogos!","potentialAction":[{"@type":"SearchAction","target":{"@type":"EntryPoint","urlTemplate":"https:\/\/www.gaveanews.com\/?s={search_term_string}"},"query-input":{"@type":"PropertyValueSpecification","valueRequired":true,"valueName":"search_term_string"}}],"inLanguage":"pt-BR"},{"@type":"Person","@id":"https:\/\/www.gaveanews.com\/#\/schema\/person\/2ec14f73fb96be2caf28f91afb14749d","name":"Equipe G\u00e1vea News","image":{"@type":"ImageObject","inLanguage":"pt-BR","@id":"https:\/\/www.gaveanews.com\/#\/schema\/person\/image\/","url":"https:\/\/secure.gravatar.com\/avatar\/1e1956f1facbffd3f8fa53a326721950116b3b9dc9bd44939c01180fd4a745a9?s=96&d=mm&r=g","contentUrl":"https:\/\/secure.gravatar.com\/avatar\/1e1956f1facbffd3f8fa53a326721950116b3b9dc9bd44939c01180fd4a745a9?s=96&d=mm&r=g","caption":"Equipe G\u00e1vea News"}}]}},"_links":{"self":[{"href":"https:\/\/www.gaveanews.com\/index.php\/wp-json\/wp\/v2\/posts\/78897","targetHints":{"allow":["GET"]}}],"collection":[{"href":"https:\/\/www.gaveanews.com\/index.php\/wp-json\/wp\/v2\/posts"}],"about":[{"href":"https:\/\/www.gaveanews.com\/index.php\/wp-json\/wp\/v2\/types\/post"}],"author":[{"embeddable":true,"href":"https:\/\/www.gaveanews.com\/index.php\/wp-json\/wp\/v2\/users\/1"}],"replies":[{"embeddable":true,"href":"https:\/\/www.gaveanews.com\/index.php\/wp-json\/wp\/v2\/comments?post=78897"}],"version-history":[{"count":1,"href":"https:\/\/www.gaveanews.com\/index.php\/wp-json\/wp\/v2\/posts\/78897\/revisions"}],"predecessor-version":[{"id":135818,"href":"https:\/\/www.gaveanews.com\/index.php\/wp-json\/wp\/v2\/posts\/78897\/revisions\/135818"}],"wp:featuredmedia":[{"embeddable":true,"href":"https:\/\/www.gaveanews.com\/index.php\/wp-json\/wp\/v2\/media\/47962"}],"wp:attachment":[{"href":"https:\/\/www.gaveanews.com\/index.php\/wp-json\/wp\/v2\/media?parent=78897"}],"wp:term":[{"taxonomy":"category","embeddable":true,"href":"https:\/\/www.gaveanews.com\/index.php\/wp-json\/wp\/v2\/categories?post=78897"},{"taxonomy":"post_tag","embeddable":true,"href":"https:\/\/www.gaveanews.com\/index.php\/wp-json\/wp\/v2\/tags?post=78897"}],"curies":[{"name":"wp","href":"https:\/\/api.w.org\/{rel}","templated":true}]}}