{"id":79010,"date":"2022-03-28T19:18:05","date_gmt":"2022-03-28T22:18:05","guid":{"rendered":"https:\/\/www.gaveanews.com\/?p=79010"},"modified":"2022-03-28T19:18:05","modified_gmt":"2022-03-28T22:18:05","slug":"devido-ao-jogo-com-o-flamengo-altos-busca-ampliar-estadio-em-300","status":"publish","type":"post","link":"https:\/\/www.gaveanews.com\/index.php\/2022\/03\/28\/devido-ao-jogo-com-o-flamengo-altos-busca-ampliar-estadio-em-300\/","title":{"rendered":"Devido ao jogo com o Flamengo, Altos busca ampliar est\u00e1dio em 300%"},"content":{"rendered":"<p>O est\u00e1dio Albert\u00e3o, em Teresina, foi o escolhido pelo Altos para receber o Flamengo no jogo da terceira fase da Copa do Brasil. Atualmente, o local tem libera\u00e7\u00e3o para receber somente 13.500 torcedores (o que corresponde 1\/3 dos seus 40 mil lugares de capacidade). Com o Rubro-Negro como advers\u00e1rio, a diretoria do Altos vai tentar ampliar para os 40 mil lugares para o duelo da Copa do Brasil.<\/p>\n<p>O presidente do Altos Warton Lacerda informou ao ge que ir\u00e1 solicitar a amplia\u00e7\u00e3o da capacidade do Albert\u00e3o. Com o sorteio, o time piauiense vai receber o Flamengo no jogo de ida, decidindo no Rio de Janeiro. As datas b\u00e1sicas reservadas pela CBF para os jogos de ida s\u00e3o 19, 20 e 21 de abril.<\/p>\n<p>Warton garantiu n\u00e3o ter possibilidade do mando de campo sair do Piau\u00ed.<\/p>\n<p><em><strong>\u2014 Para acabar com fake news, Altos x Flamengo ser\u00e1 no Albert\u00e3o. Sou do Piau\u00ed e defendo o meu povo, ent\u00e3o, ser\u00e1 no Albert\u00e3o. Vou lutar para melhorar o laudo, junto com o Governo do Estado e a Fundespi (\u00f3rg\u00e3o que administra o est\u00e1dio) para a gente aumentar a capacidade. Vamos ver se a gente consegue liberar para os 40 mil<\/strong><\/em> \u2014 afirmou Warton.<\/p>\n<p>A restri\u00e7\u00e3o do est\u00e1dio Albert\u00e3o para os 13.500 torcedores foi calculada pelo Corpo de Bombeiros no laudo mais recente do Albert\u00e3o, feito no fim de fevereiro. O Laudo de Preven\u00e7\u00e3o e Combate de Inc\u00eandio tem validade de um ano.<\/p>\n<div class=\"mc-column content-text active-extra-styles\" data-block-type=\"raw\" data-block-weight=\"5\" data-block-id=\"11\">\n<div class=\"content-intertitle\">\n<h2><strong>P\u00fablico liberado no Albert\u00e3o: 13.500<\/strong><\/h2>\n<\/div>\n<\/div>\n<div class=\"mc-column content-text active-extra-styles\" data-block-type=\"raw\" data-block-weight=\"16\" data-block-id=\"12\">\n<ul class=\"content-unordered-list\">\n<li>6 mil na arquibancada cabines de r\u00e1dio<\/li>\n<li>7 mil na arquibancada placar<\/li>\n<li>500 na cadeira central<\/li>\n<\/ul>\n<p><em><strong>\u2014 Das medidas de seguran\u00e7a contra inc\u00eandio e p\u00e2nico previstas no projeto t\u00e9cnico, est\u00e3o instalados nos setores liberados para acesso p\u00fablico as sa\u00eddas de emerg\u00eancias, os extintores de inc\u00eandio, as sinaliza\u00e7\u00f5es e sistema de ilumina\u00e7\u00e3o de emerg\u00eancia. Est\u00e3o pendentes de instala\u00e7\u00e3o os sistemas de Hidrantes e de Alarme de inc\u00eandios<\/strong><\/em> \u2014 pontuou o Corpo de Bombeiros no novo laudo, que tem validade at\u00e9 25 de fevereiro de 2023.<\/p>\n<p>O Albert\u00e3o passou dois anos sem receber torcida. Al\u00e9m das restri\u00e7\u00f5es de torcida por causa da pandemia de Covid-19, o est\u00e1dio tinha uma puni\u00e7\u00e3o do STJD, ap\u00f3s uma briga entre torcidas do River-PI e Am\u00e9rica-RN pela Copa do Nordeste 2020.<\/p>\n<p>Somente neste m\u00eas de mar\u00e7o, o Albert\u00e3o ganhou libera\u00e7\u00e3o de p\u00fablico do STJD por causa do jogo do Santos contra o Fluminense-PI pela segunda fase Copa do Brasil.<\/p>\n<p>Ainda de acordo com o laudo da Pol\u00edcia Militar, produzido em 2022 e encaminhado ao STJD como garantia para libera\u00e7\u00e3o de torcedores, a propor\u00e7\u00e3o entre o n\u00famero de agentes e o n\u00famero de torcedores dever\u00e1 ser de, no m\u00ednimo, um agente para cada 250 torcedores.<\/p>\n<p>A \u00faltima vez que o est\u00e1dio recebeu 40 mil pessoas foi na final da S\u00e9rie D do Brasileiro, em 2015, no jogo da volta entre River-PI e Botafogo-SP. O empate sem gols deu o t\u00edtulo ao time paulista.<\/p>\n<\/div>\n<div class=\"row medium-uncollapsed content-media content-photo\" data-block-type=\"backstage-photo\" data-block-id=\"13\">\n<div class=\"column medium-22 large-20 medium-centered content-media__container\">\n<div class=\"content-media-container glb-skeleton-box\">\n<p>O Altos passou da primeira fase da Copa do Brasil ao vencer o Sport, por 1 a 0, com gol de Betinho. Na segunda fase, o Jacar\u00e9 tirou o ABC, nos p\u00eanaltis, ap\u00f3s empate por 1 a 1 no tempo normal. Em 2022, o Jacar\u00e9 faz a sua quinta participa\u00e7\u00e3o de Copa do Brasil e pela primeira vez chegou \u00e0 terceira fase.<\/p>\n<p>Retirado de: Globo Esporte<\/p>\n<\/div>\n<\/div>\n<\/div>\n<p>&nbsp;<\/p>\n","protected":false},"excerpt":{"rendered":"<p>O est\u00e1dio Albert\u00e3o, em Teresina, foi o escolhido pelo Altos para receber o Flamengo no jogo da terceira fase da Copa do Brasil. Atualmente, o local tem libera\u00e7\u00e3o para receber somente 13.500 torcedores (o que corresponde 1\/3 dos seus 40 mil lugares de capacidade). Com o Rubro-Negro como advers\u00e1rio, a diretoria do Altos vai tentar [&hellip;]<\/p>\n","protected":false},"author":1,"featured_media":70208,"comment_status":"open","ping_status":"closed","sticky":false,"template":"","format":"standard","meta":{"footnotes":""},"categories":[1],"tags":[],"class_list":["post-79010","post","type-post","status-publish","format-standard","has-post-thumbnail","hentry","category-flamengo"],"yoast_head":"<!-- This site is optimized with the Yoast SEO Premium plugin v24.2 (Yoast SEO v26.9) - https:\/\/yoast.com\/product\/yoast-seo-premium-wordpress\/ -->\n<title>Devido ao jogo com o Flamengo, Altos busca ampliar est\u00e1dio em 300%<\/title>\n<meta name=\"robots\" content=\"index, follow, max-snippet:-1, max-image-preview:large, max-video-preview:-1\" \/>\n<link rel=\"canonical\" href=\"https:\/\/www.gaveanews.com\/index.php\/2022\/03\/28\/devido-ao-jogo-com-o-flamengo-altos-busca-ampliar-estadio-em-300\/\" \/>\n<meta property=\"og:locale\" content=\"pt_BR\" \/>\n<meta property=\"og:type\" content=\"article\" \/>\n<meta property=\"og:title\" content=\"Devido ao jogo com o Flamengo, Altos busca ampliar est\u00e1dio em 300%\" \/>\n<meta property=\"og:description\" content=\"O est\u00e1dio Albert\u00e3o, em Teresina, foi o escolhido pelo Altos para receber o Flamengo no jogo da terceira fase da Copa do Brasil. Atualmente, o local tem libera\u00e7\u00e3o para receber somente 13.500 torcedores (o que corresponde 1\/3 dos seus 40 mil lugares de capacidade). Com o Rubro-Negro como advers\u00e1rio, a diretoria do Altos vai tentar [&hellip;]\" \/>\n<meta property=\"og:url\" content=\"https:\/\/www.gaveanews.com\/index.php\/2022\/03\/28\/devido-ao-jogo-com-o-flamengo-altos-busca-ampliar-estadio-em-300\/\" \/>\n<meta property=\"og:site_name\" content=\"G\u00e1vea News\" \/>\n<meta property=\"article:publisher\" content=\"https:\/\/facebook.com\/gaveaNews\/\" \/>\n<meta property=\"article:published_time\" content=\"2022-03-28T22:18:05+00:00\" \/>\n<meta property=\"og:image\" content=\"https:\/\/www.gaveanews.com\/wp-content\/uploads\/Taca-da-Copa-do-Brasil.webp\" \/>\n\t<meta property=\"og:image:width\" content=\"846\" \/>\n\t<meta property=\"og:image:height\" content=\"564\" \/>\n\t<meta property=\"og:image:type\" content=\"image\/jpeg\" \/>\n<meta name=\"author\" content=\"Equipe G\u00e1vea News\" \/>\n<meta name=\"twitter:card\" content=\"summary_large_image\" \/>\n<meta name=\"twitter:label1\" content=\"Escrito por\" \/>\n\t<meta name=\"twitter:data1\" content=\"Equipe G\u00e1vea News\" \/>\n\t<meta name=\"twitter:label2\" content=\"Est. tempo de leitura\" \/>\n\t<meta name=\"twitter:data2\" content=\"3 minutos\" \/>\n<script type=\"application\/ld+json\" class=\"yoast-schema-graph\">{\"@context\":\"https:\/\/schema.org\",\"@graph\":[{\"@type\":\"NewsArticle\",\"@id\":\"https:\/\/www.gaveanews.com\/index.php\/2022\/03\/28\/devido-ao-jogo-com-o-flamengo-altos-busca-ampliar-estadio-em-300\/#article\",\"isPartOf\":{\"@id\":\"https:\/\/www.gaveanews.com\/index.php\/2022\/03\/28\/devido-ao-jogo-com-o-flamengo-altos-busca-ampliar-estadio-em-300\/\"},\"author\":{\"name\":\"Equipe G\u00e1vea News\",\"@id\":\"https:\/\/www.gaveanews.com\/#\/schema\/person\/2ec14f73fb96be2caf28f91afb14749d\"},\"headline\":\"Devido ao jogo com o Flamengo, Altos busca ampliar est\u00e1dio em 300%\",\"datePublished\":\"2022-03-28T22:18:05+00:00\",\"mainEntityOfPage\":{\"@id\":\"https:\/\/www.gaveanews.com\/index.php\/2022\/03\/28\/devido-ao-jogo-com-o-flamengo-altos-busca-ampliar-estadio-em-300\/\"},\"wordCount\":589,\"commentCount\":0,\"image\":{\"@id\":\"https:\/\/www.gaveanews.com\/index.php\/2022\/03\/28\/devido-ao-jogo-com-o-flamengo-altos-busca-ampliar-estadio-em-300\/#primaryimage\"},\"thumbnailUrl\":\"https:\/\/www.gaveanews.com\/wp-content\/uploads\/Taca-da-Copa-do-Brasil.webp\",\"articleSection\":[\"Flamengo\"],\"inLanguage\":\"pt-BR\",\"potentialAction\":[{\"@type\":\"CommentAction\",\"name\":\"Comment\",\"target\":[\"https:\/\/www.gaveanews.com\/index.php\/2022\/03\/28\/devido-ao-jogo-com-o-flamengo-altos-busca-ampliar-estadio-em-300\/#respond\"]}],\"copyrightYear\":\"2022\",\"copyrightHolder\":{\"@id\":\"https:\/\/www.gaveanews.com\/#organization\"}},{\"@type\":\"WebPage\",\"@id\":\"https:\/\/www.gaveanews.com\/index.php\/2022\/03\/28\/devido-ao-jogo-com-o-flamengo-altos-busca-ampliar-estadio-em-300\/\",\"url\":\"https:\/\/www.gaveanews.com\/index.php\/2022\/03\/28\/devido-ao-jogo-com-o-flamengo-altos-busca-ampliar-estadio-em-300\/\",\"name\":\"Devido ao jogo com o Flamengo, Altos busca ampliar est\u00e1dio em 300%\",\"isPartOf\":{\"@id\":\"https:\/\/www.gaveanews.com\/#website\"},\"primaryImageOfPage\":{\"@id\":\"https:\/\/www.gaveanews.com\/index.php\/2022\/03\/28\/devido-ao-jogo-com-o-flamengo-altos-busca-ampliar-estadio-em-300\/#primaryimage\"},\"image\":{\"@id\":\"https:\/\/www.gaveanews.com\/index.php\/2022\/03\/28\/devido-ao-jogo-com-o-flamengo-altos-busca-ampliar-estadio-em-300\/#primaryimage\"},\"thumbnailUrl\":\"https:\/\/www.gaveanews.com\/wp-content\/uploads\/Taca-da-Copa-do-Brasil.webp\",\"datePublished\":\"2022-03-28T22:18:05+00:00\",\"author\":{\"@id\":\"https:\/\/www.gaveanews.com\/#\/schema\/person\/2ec14f73fb96be2caf28f91afb14749d\"},\"breadcrumb\":{\"@id\":\"https:\/\/www.gaveanews.com\/index.php\/2022\/03\/28\/devido-ao-jogo-com-o-flamengo-altos-busca-ampliar-estadio-em-300\/#breadcrumb\"},\"inLanguage\":\"pt-BR\",\"potentialAction\":[{\"@type\":\"ReadAction\",\"target\":[\"https:\/\/www.gaveanews.com\/index.php\/2022\/03\/28\/devido-ao-jogo-com-o-flamengo-altos-busca-ampliar-estadio-em-300\/\"]}]},{\"@type\":\"ImageObject\",\"inLanguage\":\"pt-BR\",\"@id\":\"https:\/\/www.gaveanews.com\/index.php\/2022\/03\/28\/devido-ao-jogo-com-o-flamengo-altos-busca-ampliar-estadio-em-300\/#primaryimage\",\"url\":\"https:\/\/www.gaveanews.com\/wp-content\/uploads\/Taca-da-Copa-do-Brasil.webp\",\"contentUrl\":\"https:\/\/www.gaveanews.com\/wp-content\/uploads\/Taca-da-Copa-do-Brasil.webp\",\"width\":846,\"height\":564,\"caption\":\"Ta\u00e7a da Copa do Brasil (Foto: Lucas Figueiredo\/CBF)\"},{\"@type\":\"BreadcrumbList\",\"@id\":\"https:\/\/www.gaveanews.com\/index.php\/2022\/03\/28\/devido-ao-jogo-com-o-flamengo-altos-busca-ampliar-estadio-em-300\/#breadcrumb\",\"itemListElement\":[{\"@type\":\"ListItem\",\"position\":1,\"name\":\"Home\",\"item\":\"https:\/\/www.gaveanews.com\/\"},{\"@type\":\"ListItem\",\"position\":2,\"name\":\"Devido ao jogo com o Flamengo, Altos busca ampliar est\u00e1dio em 300%\"}]},{\"@type\":\"WebSite\",\"@id\":\"https:\/\/www.gaveanews.com\/#website\",\"url\":\"https:\/\/www.gaveanews.com\/\",\"name\":\"G\u00e1vea News\",\"description\":\"Veja todas as not\u00edcias sobre o Flamengo: Contrata\u00e7\u00f5es, categorias de base, resultados das partidas, tabela de classifica\u00e7\u00e3o, pr\u00f3ximos jogos!\",\"potentialAction\":[{\"@type\":\"SearchAction\",\"target\":{\"@type\":\"EntryPoint\",\"urlTemplate\":\"https:\/\/www.gaveanews.com\/?s={search_term_string}\"},\"query-input\":{\"@type\":\"PropertyValueSpecification\",\"valueRequired\":true,\"valueName\":\"search_term_string\"}}],\"inLanguage\":\"pt-BR\"},{\"@type\":\"Person\",\"@id\":\"https:\/\/www.gaveanews.com\/#\/schema\/person\/2ec14f73fb96be2caf28f91afb14749d\",\"name\":\"Equipe G\u00e1vea News\",\"image\":{\"@type\":\"ImageObject\",\"inLanguage\":\"pt-BR\",\"@id\":\"https:\/\/www.gaveanews.com\/#\/schema\/person\/image\/\",\"url\":\"https:\/\/secure.gravatar.com\/avatar\/1e1956f1facbffd3f8fa53a326721950116b3b9dc9bd44939c01180fd4a745a9?s=96&d=mm&r=g\",\"contentUrl\":\"https:\/\/secure.gravatar.com\/avatar\/1e1956f1facbffd3f8fa53a326721950116b3b9dc9bd44939c01180fd4a745a9?s=96&d=mm&r=g\",\"caption\":\"Equipe G\u00e1vea News\"}}]}<\/script>\n<!-- \/ Yoast SEO Premium plugin. -->","yoast_head_json":{"title":"Devido ao jogo com o Flamengo, Altos busca ampliar est\u00e1dio em 300%","robots":{"index":"index","follow":"follow","max-snippet":"max-snippet:-1","max-image-preview":"max-image-preview:large","max-video-preview":"max-video-preview:-1"},"canonical":"https:\/\/www.gaveanews.com\/index.php\/2022\/03\/28\/devido-ao-jogo-com-o-flamengo-altos-busca-ampliar-estadio-em-300\/","og_locale":"pt_BR","og_type":"article","og_title":"Devido ao jogo com o Flamengo, Altos busca ampliar est\u00e1dio em 300%","og_description":"O est\u00e1dio Albert\u00e3o, em Teresina, foi o escolhido pelo Altos para receber o Flamengo no jogo da terceira fase da Copa do Brasil. Atualmente, o local tem libera\u00e7\u00e3o para receber somente 13.500 torcedores (o que corresponde 1\/3 dos seus 40 mil lugares de capacidade). Com o Rubro-Negro como advers\u00e1rio, a diretoria do Altos vai tentar [&hellip;]","og_url":"https:\/\/www.gaveanews.com\/index.php\/2022\/03\/28\/devido-ao-jogo-com-o-flamengo-altos-busca-ampliar-estadio-em-300\/","og_site_name":"G\u00e1vea News","article_publisher":"https:\/\/facebook.com\/gaveaNews\/","article_published_time":"2022-03-28T22:18:05+00:00","og_image":[{"width":846,"height":564,"url":"https:\/\/www.gaveanews.com\/wp-content\/uploads\/Taca-da-Copa-do-Brasil.webp","type":"image\/jpeg"}],"author":"Equipe G\u00e1vea News","twitter_card":"summary_large_image","twitter_misc":{"Escrito por":"Equipe G\u00e1vea News","Est. tempo de leitura":"3 minutos"},"schema":{"@context":"https:\/\/schema.org","@graph":[{"@type":"NewsArticle","@id":"https:\/\/www.gaveanews.com\/index.php\/2022\/03\/28\/devido-ao-jogo-com-o-flamengo-altos-busca-ampliar-estadio-em-300\/#article","isPartOf":{"@id":"https:\/\/www.gaveanews.com\/index.php\/2022\/03\/28\/devido-ao-jogo-com-o-flamengo-altos-busca-ampliar-estadio-em-300\/"},"author":{"name":"Equipe G\u00e1vea News","@id":"https:\/\/www.gaveanews.com\/#\/schema\/person\/2ec14f73fb96be2caf28f91afb14749d"},"headline":"Devido ao jogo com o Flamengo, Altos busca ampliar est\u00e1dio em 300%","datePublished":"2022-03-28T22:18:05+00:00","mainEntityOfPage":{"@id":"https:\/\/www.gaveanews.com\/index.php\/2022\/03\/28\/devido-ao-jogo-com-o-flamengo-altos-busca-ampliar-estadio-em-300\/"},"wordCount":589,"commentCount":0,"image":{"@id":"https:\/\/www.gaveanews.com\/index.php\/2022\/03\/28\/devido-ao-jogo-com-o-flamengo-altos-busca-ampliar-estadio-em-300\/#primaryimage"},"thumbnailUrl":"https:\/\/www.gaveanews.com\/wp-content\/uploads\/Taca-da-Copa-do-Brasil.webp","articleSection":["Flamengo"],"inLanguage":"pt-BR","potentialAction":[{"@type":"CommentAction","name":"Comment","target":["https:\/\/www.gaveanews.com\/index.php\/2022\/03\/28\/devido-ao-jogo-com-o-flamengo-altos-busca-ampliar-estadio-em-300\/#respond"]}],"copyrightYear":"2022","copyrightHolder":{"@id":"https:\/\/www.gaveanews.com\/#organization"}},{"@type":"WebPage","@id":"https:\/\/www.gaveanews.com\/index.php\/2022\/03\/28\/devido-ao-jogo-com-o-flamengo-altos-busca-ampliar-estadio-em-300\/","url":"https:\/\/www.gaveanews.com\/index.php\/2022\/03\/28\/devido-ao-jogo-com-o-flamengo-altos-busca-ampliar-estadio-em-300\/","name":"Devido ao jogo com o Flamengo, Altos busca ampliar est\u00e1dio em 300%","isPartOf":{"@id":"https:\/\/www.gaveanews.com\/#website"},"primaryImageOfPage":{"@id":"https:\/\/www.gaveanews.com\/index.php\/2022\/03\/28\/devido-ao-jogo-com-o-flamengo-altos-busca-ampliar-estadio-em-300\/#primaryimage"},"image":{"@id":"https:\/\/www.gaveanews.com\/index.php\/2022\/03\/28\/devido-ao-jogo-com-o-flamengo-altos-busca-ampliar-estadio-em-300\/#primaryimage"},"thumbnailUrl":"https:\/\/www.gaveanews.com\/wp-content\/uploads\/Taca-da-Copa-do-Brasil.webp","datePublished":"2022-03-28T22:18:05+00:00","author":{"@id":"https:\/\/www.gaveanews.com\/#\/schema\/person\/2ec14f73fb96be2caf28f91afb14749d"},"breadcrumb":{"@id":"https:\/\/www.gaveanews.com\/index.php\/2022\/03\/28\/devido-ao-jogo-com-o-flamengo-altos-busca-ampliar-estadio-em-300\/#breadcrumb"},"inLanguage":"pt-BR","potentialAction":[{"@type":"ReadAction","target":["https:\/\/www.gaveanews.com\/index.php\/2022\/03\/28\/devido-ao-jogo-com-o-flamengo-altos-busca-ampliar-estadio-em-300\/"]}]},{"@type":"ImageObject","inLanguage":"pt-BR","@id":"https:\/\/www.gaveanews.com\/index.php\/2022\/03\/28\/devido-ao-jogo-com-o-flamengo-altos-busca-ampliar-estadio-em-300\/#primaryimage","url":"https:\/\/www.gaveanews.com\/wp-content\/uploads\/Taca-da-Copa-do-Brasil.webp","contentUrl":"https:\/\/www.gaveanews.com\/wp-content\/uploads\/Taca-da-Copa-do-Brasil.webp","width":846,"height":564,"caption":"Ta\u00e7a da Copa do Brasil (Foto: Lucas Figueiredo\/CBF)"},{"@type":"BreadcrumbList","@id":"https:\/\/www.gaveanews.com\/index.php\/2022\/03\/28\/devido-ao-jogo-com-o-flamengo-altos-busca-ampliar-estadio-em-300\/#breadcrumb","itemListElement":[{"@type":"ListItem","position":1,"name":"Home","item":"https:\/\/www.gaveanews.com\/"},{"@type":"ListItem","position":2,"name":"Devido ao jogo com o Flamengo, Altos busca ampliar est\u00e1dio em 300%"}]},{"@type":"WebSite","@id":"https:\/\/www.gaveanews.com\/#website","url":"https:\/\/www.gaveanews.com\/","name":"G\u00e1vea News","description":"Veja todas as not\u00edcias sobre o Flamengo: Contrata\u00e7\u00f5es, categorias de base, resultados das partidas, tabela de classifica\u00e7\u00e3o, pr\u00f3ximos jogos!","potentialAction":[{"@type":"SearchAction","target":{"@type":"EntryPoint","urlTemplate":"https:\/\/www.gaveanews.com\/?s={search_term_string}"},"query-input":{"@type":"PropertyValueSpecification","valueRequired":true,"valueName":"search_term_string"}}],"inLanguage":"pt-BR"},{"@type":"Person","@id":"https:\/\/www.gaveanews.com\/#\/schema\/person\/2ec14f73fb96be2caf28f91afb14749d","name":"Equipe G\u00e1vea News","image":{"@type":"ImageObject","inLanguage":"pt-BR","@id":"https:\/\/www.gaveanews.com\/#\/schema\/person\/image\/","url":"https:\/\/secure.gravatar.com\/avatar\/1e1956f1facbffd3f8fa53a326721950116b3b9dc9bd44939c01180fd4a745a9?s=96&d=mm&r=g","contentUrl":"https:\/\/secure.gravatar.com\/avatar\/1e1956f1facbffd3f8fa53a326721950116b3b9dc9bd44939c01180fd4a745a9?s=96&d=mm&r=g","caption":"Equipe G\u00e1vea News"}}]}},"_links":{"self":[{"href":"https:\/\/www.gaveanews.com\/index.php\/wp-json\/wp\/v2\/posts\/79010","targetHints":{"allow":["GET"]}}],"collection":[{"href":"https:\/\/www.gaveanews.com\/index.php\/wp-json\/wp\/v2\/posts"}],"about":[{"href":"https:\/\/www.gaveanews.com\/index.php\/wp-json\/wp\/v2\/types\/post"}],"author":[{"embeddable":true,"href":"https:\/\/www.gaveanews.com\/index.php\/wp-json\/wp\/v2\/users\/1"}],"replies":[{"embeddable":true,"href":"https:\/\/www.gaveanews.com\/index.php\/wp-json\/wp\/v2\/comments?post=79010"}],"version-history":[{"count":0,"href":"https:\/\/www.gaveanews.com\/index.php\/wp-json\/wp\/v2\/posts\/79010\/revisions"}],"wp:featuredmedia":[{"embeddable":true,"href":"https:\/\/www.gaveanews.com\/index.php\/wp-json\/wp\/v2\/media\/70208"}],"wp:attachment":[{"href":"https:\/\/www.gaveanews.com\/index.php\/wp-json\/wp\/v2\/media?parent=79010"}],"wp:term":[{"taxonomy":"category","embeddable":true,"href":"https:\/\/www.gaveanews.com\/index.php\/wp-json\/wp\/v2\/categories?post=79010"},{"taxonomy":"post_tag","embeddable":true,"href":"https:\/\/www.gaveanews.com\/index.php\/wp-json\/wp\/v2\/tags?post=79010"}],"curies":[{"name":"wp","href":"https:\/\/api.w.org\/{rel}","templated":true}]}}