{"id":79023,"date":"2022-03-29T00:12:25","date_gmt":"2022-03-29T03:12:25","guid":{"rendered":"https:\/\/www.gaveanews.com\/?p=79023"},"modified":"2022-03-29T00:12:25","modified_gmt":"2022-03-29T03:12:25","slug":"lesao-de-ayrton-lucas-veja-quanto-tempo-sera-necessario-para-ele-voltar-a-jogar","status":"publish","type":"post","link":"https:\/\/www.gaveanews.com\/index.php\/2022\/03\/29\/lesao-de-ayrton-lucas-veja-quanto-tempo-sera-necessario-para-ele-voltar-a-jogar\/","title":{"rendered":"Les\u00e3o de Ayrton Lucas: Veja quanto tempo ser\u00e1 necess\u00e1rio para ele voltar a jogar"},"content":{"rendered":"<p>De acordo com Mauro C\u00e9zar, jornalista do UOL, o Flamengo possui negocia\u00e7\u00f5es avan\u00e7adas para a contrata\u00e7\u00e3o de Ayrton Lucas. Contudo, uma les\u00e3o contra\u00edda na \u00faltima partida deixou os flamenguistas receosos.<\/p>\n<p>Ayrton Lucas se lesionou na partida contra o Nizhny Novgorod, que terminou em 1 a 1. Inicialmente, o clube russo temeu que o jogador tivesse fraturado a perna, o que n\u00e3o acontece. Uma an\u00e1lise posterior revelou uma contus\u00e3o no osso e nos m\u00fasculos da perna.<\/p>\n<p>Com isso, o assessor de imprensa do Spartak Moscou revelou que o per\u00edodo de recupera\u00e7\u00e3o seria de um m\u00eas ap\u00f3s a les\u00e3o, sofrida no dia 19 de mar\u00e7o.<\/p>\n<p>\u2014 <em><strong>O Ayrton foi examinado, ele tem uma contus\u00e3o no osso e nos m\u00fasculos da perna. Esse \u00e9 um dano s\u00e9rio, mas, felizmente, n\u00e3o \u00e9 uma fratura, embora qualquer coisa pudesse ter acontecido ap\u00f3s essa colis\u00e3o. O per\u00edodo de recupera\u00e7\u00e3o ser\u00e1 de aproximadamente um m\u00eas<\/strong><\/em>, revelou Dmitry Zelenov, citado pelo correspondente do campeonato Salavat Murtazin.<\/p>\n<p>Ayrton Lucas chegaria ao Flamengo por empr\u00e9stimo at\u00e9 o final da temporada de 2022.<\/p>\n<p>Retirado de: Mercado do Futebol<\/p>\n","protected":false},"excerpt":{"rendered":"<p>De acordo com Mauro C\u00e9zar, jornalista do UOL, o Flamengo possui negocia\u00e7\u00f5es avan\u00e7adas para a contrata\u00e7\u00e3o de Ayrton Lucas. Contudo, uma les\u00e3o contra\u00edda na \u00faltima partida deixou os flamenguistas receosos. Ayrton Lucas se lesionou na partida contra o Nizhny Novgorod, que terminou em 1 a 1. Inicialmente, o clube russo temeu que o jogador tivesse [&hellip;]<\/p>\n","protected":false},"author":1,"featured_media":78983,"comment_status":"open","ping_status":"closed","sticky":false,"template":"","format":"standard","meta":{"footnotes":""},"categories":[1],"tags":[],"class_list":["post-79023","post","type-post","status-publish","format-standard","has-post-thumbnail","hentry","category-flamengo"],"yoast_head":"<!-- This site is optimized with the Yoast SEO Premium plugin v24.2 (Yoast SEO v26.9) - https:\/\/yoast.com\/product\/yoast-seo-premium-wordpress\/ -->\n<title>Les\u00e3o de Ayrton Lucas: Veja quanto tempo ser\u00e1 necess\u00e1rio para ele voltar a jogar<\/title>\n<meta name=\"robots\" content=\"index, follow, max-snippet:-1, max-image-preview:large, max-video-preview:-1\" \/>\n<link rel=\"canonical\" href=\"https:\/\/www.gaveanews.com\/index.php\/2022\/03\/29\/lesao-de-ayrton-lucas-veja-quanto-tempo-sera-necessario-para-ele-voltar-a-jogar\/\" \/>\n<meta property=\"og:locale\" content=\"pt_BR\" \/>\n<meta property=\"og:type\" content=\"article\" \/>\n<meta property=\"og:title\" content=\"Les\u00e3o de Ayrton Lucas: Veja quanto tempo ser\u00e1 necess\u00e1rio para ele voltar a jogar\" \/>\n<meta property=\"og:description\" content=\"De acordo com Mauro C\u00e9zar, jornalista do UOL, o Flamengo possui negocia\u00e7\u00f5es avan\u00e7adas para a contrata\u00e7\u00e3o de Ayrton Lucas. Contudo, uma les\u00e3o contra\u00edda na \u00faltima partida deixou os flamenguistas receosos. Ayrton Lucas se lesionou na partida contra o Nizhny Novgorod, que terminou em 1 a 1. Inicialmente, o clube russo temeu que o jogador tivesse [&hellip;]\" \/>\n<meta property=\"og:url\" content=\"https:\/\/www.gaveanews.com\/index.php\/2022\/03\/29\/lesao-de-ayrton-lucas-veja-quanto-tempo-sera-necessario-para-ele-voltar-a-jogar\/\" \/>\n<meta property=\"og:site_name\" content=\"G\u00e1vea News\" \/>\n<meta property=\"article:publisher\" content=\"https:\/\/facebook.com\/gaveaNews\/\" \/>\n<meta property=\"article:published_time\" content=\"2022-03-29T03:12:25+00:00\" \/>\n<meta property=\"og:image\" content=\"https:\/\/www.gaveanews.com\/wp-content\/uploads\/Ayrton-Lucas-ex-lateral-do-Spartak-Moscou.webp\" \/>\n\t<meta property=\"og:image:width\" content=\"640\" \/>\n\t<meta property=\"og:image:height\" content=\"640\" \/>\n\t<meta property=\"og:image:type\" content=\"image\/jpeg\" \/>\n<meta name=\"author\" content=\"Equipe G\u00e1vea News\" \/>\n<meta name=\"twitter:card\" content=\"summary_large_image\" \/>\n<meta name=\"twitter:label1\" content=\"Escrito por\" \/>\n\t<meta name=\"twitter:data1\" content=\"Equipe G\u00e1vea News\" \/>\n\t<meta name=\"twitter:label2\" content=\"Est. tempo de leitura\" \/>\n\t<meta name=\"twitter:data2\" content=\"1 minuto\" \/>\n<script type=\"application\/ld+json\" class=\"yoast-schema-graph\">{\"@context\":\"https:\/\/schema.org\",\"@graph\":[{\"@type\":\"NewsArticle\",\"@id\":\"https:\/\/www.gaveanews.com\/index.php\/2022\/03\/29\/lesao-de-ayrton-lucas-veja-quanto-tempo-sera-necessario-para-ele-voltar-a-jogar\/#article\",\"isPartOf\":{\"@id\":\"https:\/\/www.gaveanews.com\/index.php\/2022\/03\/29\/lesao-de-ayrton-lucas-veja-quanto-tempo-sera-necessario-para-ele-voltar-a-jogar\/\"},\"author\":{\"name\":\"Equipe G\u00e1vea News\",\"@id\":\"https:\/\/www.gaveanews.com\/#\/schema\/person\/2ec14f73fb96be2caf28f91afb14749d\"},\"headline\":\"Les\u00e3o de Ayrton Lucas: Veja quanto tempo ser\u00e1 necess\u00e1rio para ele voltar a jogar\",\"datePublished\":\"2022-03-29T03:12:25+00:00\",\"mainEntityOfPage\":{\"@id\":\"https:\/\/www.gaveanews.com\/index.php\/2022\/03\/29\/lesao-de-ayrton-lucas-veja-quanto-tempo-sera-necessario-para-ele-voltar-a-jogar\/\"},\"wordCount\":212,\"commentCount\":0,\"image\":{\"@id\":\"https:\/\/www.gaveanews.com\/index.php\/2022\/03\/29\/lesao-de-ayrton-lucas-veja-quanto-tempo-sera-necessario-para-ele-voltar-a-jogar\/#primaryimage\"},\"thumbnailUrl\":\"https:\/\/www.gaveanews.com\/wp-content\/uploads\/Ayrton-Lucas-ex-lateral-do-Spartak-Moscou.webp\",\"articleSection\":[\"Flamengo\"],\"inLanguage\":\"pt-BR\",\"potentialAction\":[{\"@type\":\"CommentAction\",\"name\":\"Comment\",\"target\":[\"https:\/\/www.gaveanews.com\/index.php\/2022\/03\/29\/lesao-de-ayrton-lucas-veja-quanto-tempo-sera-necessario-para-ele-voltar-a-jogar\/#respond\"]}],\"copyrightYear\":\"2022\",\"copyrightHolder\":{\"@id\":\"https:\/\/www.gaveanews.com\/#organization\"}},{\"@type\":\"WebPage\",\"@id\":\"https:\/\/www.gaveanews.com\/index.php\/2022\/03\/29\/lesao-de-ayrton-lucas-veja-quanto-tempo-sera-necessario-para-ele-voltar-a-jogar\/\",\"url\":\"https:\/\/www.gaveanews.com\/index.php\/2022\/03\/29\/lesao-de-ayrton-lucas-veja-quanto-tempo-sera-necessario-para-ele-voltar-a-jogar\/\",\"name\":\"Les\u00e3o de Ayrton Lucas: Veja quanto tempo ser\u00e1 necess\u00e1rio para ele voltar a jogar\",\"isPartOf\":{\"@id\":\"https:\/\/www.gaveanews.com\/#website\"},\"primaryImageOfPage\":{\"@id\":\"https:\/\/www.gaveanews.com\/index.php\/2022\/03\/29\/lesao-de-ayrton-lucas-veja-quanto-tempo-sera-necessario-para-ele-voltar-a-jogar\/#primaryimage\"},\"image\":{\"@id\":\"https:\/\/www.gaveanews.com\/index.php\/2022\/03\/29\/lesao-de-ayrton-lucas-veja-quanto-tempo-sera-necessario-para-ele-voltar-a-jogar\/#primaryimage\"},\"thumbnailUrl\":\"https:\/\/www.gaveanews.com\/wp-content\/uploads\/Ayrton-Lucas-ex-lateral-do-Spartak-Moscou.webp\",\"datePublished\":\"2022-03-29T03:12:25+00:00\",\"author\":{\"@id\":\"https:\/\/www.gaveanews.com\/#\/schema\/person\/2ec14f73fb96be2caf28f91afb14749d\"},\"breadcrumb\":{\"@id\":\"https:\/\/www.gaveanews.com\/index.php\/2022\/03\/29\/lesao-de-ayrton-lucas-veja-quanto-tempo-sera-necessario-para-ele-voltar-a-jogar\/#breadcrumb\"},\"inLanguage\":\"pt-BR\",\"potentialAction\":[{\"@type\":\"ReadAction\",\"target\":[\"https:\/\/www.gaveanews.com\/index.php\/2022\/03\/29\/lesao-de-ayrton-lucas-veja-quanto-tempo-sera-necessario-para-ele-voltar-a-jogar\/\"]}]},{\"@type\":\"ImageObject\",\"inLanguage\":\"pt-BR\",\"@id\":\"https:\/\/www.gaveanews.com\/index.php\/2022\/03\/29\/lesao-de-ayrton-lucas-veja-quanto-tempo-sera-necessario-para-ele-voltar-a-jogar\/#primaryimage\",\"url\":\"https:\/\/www.gaveanews.com\/wp-content\/uploads\/Ayrton-Lucas-ex-lateral-do-Spartak-Moscou.webp\",\"contentUrl\":\"https:\/\/www.gaveanews.com\/wp-content\/uploads\/Ayrton-Lucas-ex-lateral-do-Spartak-Moscou.webp\",\"width\":640,\"height\":640,\"caption\":\"Ayrton Lucas em a\u00e7\u00e3o pelo Spartak Moscou (Foto: Divulga\u00e7\u00e3o)\"},{\"@type\":\"BreadcrumbList\",\"@id\":\"https:\/\/www.gaveanews.com\/index.php\/2022\/03\/29\/lesao-de-ayrton-lucas-veja-quanto-tempo-sera-necessario-para-ele-voltar-a-jogar\/#breadcrumb\",\"itemListElement\":[{\"@type\":\"ListItem\",\"position\":1,\"name\":\"Home\",\"item\":\"https:\/\/www.gaveanews.com\/\"},{\"@type\":\"ListItem\",\"position\":2,\"name\":\"Les\u00e3o de Ayrton Lucas: Veja quanto tempo ser\u00e1 necess\u00e1rio para ele voltar a jogar\"}]},{\"@type\":\"WebSite\",\"@id\":\"https:\/\/www.gaveanews.com\/#website\",\"url\":\"https:\/\/www.gaveanews.com\/\",\"name\":\"G\u00e1vea News\",\"description\":\"Veja todas as not\u00edcias sobre o Flamengo: Contrata\u00e7\u00f5es, categorias de base, resultados das partidas, tabela de classifica\u00e7\u00e3o, pr\u00f3ximos jogos!\",\"potentialAction\":[{\"@type\":\"SearchAction\",\"target\":{\"@type\":\"EntryPoint\",\"urlTemplate\":\"https:\/\/www.gaveanews.com\/?s={search_term_string}\"},\"query-input\":{\"@type\":\"PropertyValueSpecification\",\"valueRequired\":true,\"valueName\":\"search_term_string\"}}],\"inLanguage\":\"pt-BR\"},{\"@type\":\"Person\",\"@id\":\"https:\/\/www.gaveanews.com\/#\/schema\/person\/2ec14f73fb96be2caf28f91afb14749d\",\"name\":\"Equipe G\u00e1vea News\",\"image\":{\"@type\":\"ImageObject\",\"inLanguage\":\"pt-BR\",\"@id\":\"https:\/\/www.gaveanews.com\/#\/schema\/person\/image\/\",\"url\":\"https:\/\/secure.gravatar.com\/avatar\/1e1956f1facbffd3f8fa53a326721950116b3b9dc9bd44939c01180fd4a745a9?s=96&d=mm&r=g\",\"contentUrl\":\"https:\/\/secure.gravatar.com\/avatar\/1e1956f1facbffd3f8fa53a326721950116b3b9dc9bd44939c01180fd4a745a9?s=96&d=mm&r=g\",\"caption\":\"Equipe G\u00e1vea News\"}}]}<\/script>\n<!-- \/ Yoast SEO Premium plugin. -->","yoast_head_json":{"title":"Les\u00e3o de Ayrton Lucas: Veja quanto tempo ser\u00e1 necess\u00e1rio para ele voltar a jogar","robots":{"index":"index","follow":"follow","max-snippet":"max-snippet:-1","max-image-preview":"max-image-preview:large","max-video-preview":"max-video-preview:-1"},"canonical":"https:\/\/www.gaveanews.com\/index.php\/2022\/03\/29\/lesao-de-ayrton-lucas-veja-quanto-tempo-sera-necessario-para-ele-voltar-a-jogar\/","og_locale":"pt_BR","og_type":"article","og_title":"Les\u00e3o de Ayrton Lucas: Veja quanto tempo ser\u00e1 necess\u00e1rio para ele voltar a jogar","og_description":"De acordo com Mauro C\u00e9zar, jornalista do UOL, o Flamengo possui negocia\u00e7\u00f5es avan\u00e7adas para a contrata\u00e7\u00e3o de Ayrton Lucas. Contudo, uma les\u00e3o contra\u00edda na \u00faltima partida deixou os flamenguistas receosos. Ayrton Lucas se lesionou na partida contra o Nizhny Novgorod, que terminou em 1 a 1. Inicialmente, o clube russo temeu que o jogador tivesse [&hellip;]","og_url":"https:\/\/www.gaveanews.com\/index.php\/2022\/03\/29\/lesao-de-ayrton-lucas-veja-quanto-tempo-sera-necessario-para-ele-voltar-a-jogar\/","og_site_name":"G\u00e1vea News","article_publisher":"https:\/\/facebook.com\/gaveaNews\/","article_published_time":"2022-03-29T03:12:25+00:00","og_image":[{"width":640,"height":640,"url":"https:\/\/www.gaveanews.com\/wp-content\/uploads\/Ayrton-Lucas-ex-lateral-do-Spartak-Moscou.webp","type":"image\/jpeg"}],"author":"Equipe G\u00e1vea News","twitter_card":"summary_large_image","twitter_misc":{"Escrito por":"Equipe G\u00e1vea News","Est. tempo de leitura":"1 minuto"},"schema":{"@context":"https:\/\/schema.org","@graph":[{"@type":"NewsArticle","@id":"https:\/\/www.gaveanews.com\/index.php\/2022\/03\/29\/lesao-de-ayrton-lucas-veja-quanto-tempo-sera-necessario-para-ele-voltar-a-jogar\/#article","isPartOf":{"@id":"https:\/\/www.gaveanews.com\/index.php\/2022\/03\/29\/lesao-de-ayrton-lucas-veja-quanto-tempo-sera-necessario-para-ele-voltar-a-jogar\/"},"author":{"name":"Equipe G\u00e1vea News","@id":"https:\/\/www.gaveanews.com\/#\/schema\/person\/2ec14f73fb96be2caf28f91afb14749d"},"headline":"Les\u00e3o de Ayrton Lucas: Veja quanto tempo ser\u00e1 necess\u00e1rio para ele voltar a jogar","datePublished":"2022-03-29T03:12:25+00:00","mainEntityOfPage":{"@id":"https:\/\/www.gaveanews.com\/index.php\/2022\/03\/29\/lesao-de-ayrton-lucas-veja-quanto-tempo-sera-necessario-para-ele-voltar-a-jogar\/"},"wordCount":212,"commentCount":0,"image":{"@id":"https:\/\/www.gaveanews.com\/index.php\/2022\/03\/29\/lesao-de-ayrton-lucas-veja-quanto-tempo-sera-necessario-para-ele-voltar-a-jogar\/#primaryimage"},"thumbnailUrl":"https:\/\/www.gaveanews.com\/wp-content\/uploads\/Ayrton-Lucas-ex-lateral-do-Spartak-Moscou.webp","articleSection":["Flamengo"],"inLanguage":"pt-BR","potentialAction":[{"@type":"CommentAction","name":"Comment","target":["https:\/\/www.gaveanews.com\/index.php\/2022\/03\/29\/lesao-de-ayrton-lucas-veja-quanto-tempo-sera-necessario-para-ele-voltar-a-jogar\/#respond"]}],"copyrightYear":"2022","copyrightHolder":{"@id":"https:\/\/www.gaveanews.com\/#organization"}},{"@type":"WebPage","@id":"https:\/\/www.gaveanews.com\/index.php\/2022\/03\/29\/lesao-de-ayrton-lucas-veja-quanto-tempo-sera-necessario-para-ele-voltar-a-jogar\/","url":"https:\/\/www.gaveanews.com\/index.php\/2022\/03\/29\/lesao-de-ayrton-lucas-veja-quanto-tempo-sera-necessario-para-ele-voltar-a-jogar\/","name":"Les\u00e3o de Ayrton Lucas: Veja quanto tempo ser\u00e1 necess\u00e1rio para ele voltar a jogar","isPartOf":{"@id":"https:\/\/www.gaveanews.com\/#website"},"primaryImageOfPage":{"@id":"https:\/\/www.gaveanews.com\/index.php\/2022\/03\/29\/lesao-de-ayrton-lucas-veja-quanto-tempo-sera-necessario-para-ele-voltar-a-jogar\/#primaryimage"},"image":{"@id":"https:\/\/www.gaveanews.com\/index.php\/2022\/03\/29\/lesao-de-ayrton-lucas-veja-quanto-tempo-sera-necessario-para-ele-voltar-a-jogar\/#primaryimage"},"thumbnailUrl":"https:\/\/www.gaveanews.com\/wp-content\/uploads\/Ayrton-Lucas-ex-lateral-do-Spartak-Moscou.webp","datePublished":"2022-03-29T03:12:25+00:00","author":{"@id":"https:\/\/www.gaveanews.com\/#\/schema\/person\/2ec14f73fb96be2caf28f91afb14749d"},"breadcrumb":{"@id":"https:\/\/www.gaveanews.com\/index.php\/2022\/03\/29\/lesao-de-ayrton-lucas-veja-quanto-tempo-sera-necessario-para-ele-voltar-a-jogar\/#breadcrumb"},"inLanguage":"pt-BR","potentialAction":[{"@type":"ReadAction","target":["https:\/\/www.gaveanews.com\/index.php\/2022\/03\/29\/lesao-de-ayrton-lucas-veja-quanto-tempo-sera-necessario-para-ele-voltar-a-jogar\/"]}]},{"@type":"ImageObject","inLanguage":"pt-BR","@id":"https:\/\/www.gaveanews.com\/index.php\/2022\/03\/29\/lesao-de-ayrton-lucas-veja-quanto-tempo-sera-necessario-para-ele-voltar-a-jogar\/#primaryimage","url":"https:\/\/www.gaveanews.com\/wp-content\/uploads\/Ayrton-Lucas-ex-lateral-do-Spartak-Moscou.webp","contentUrl":"https:\/\/www.gaveanews.com\/wp-content\/uploads\/Ayrton-Lucas-ex-lateral-do-Spartak-Moscou.webp","width":640,"height":640,"caption":"Ayrton Lucas em a\u00e7\u00e3o pelo Spartak Moscou (Foto: Divulga\u00e7\u00e3o)"},{"@type":"BreadcrumbList","@id":"https:\/\/www.gaveanews.com\/index.php\/2022\/03\/29\/lesao-de-ayrton-lucas-veja-quanto-tempo-sera-necessario-para-ele-voltar-a-jogar\/#breadcrumb","itemListElement":[{"@type":"ListItem","position":1,"name":"Home","item":"https:\/\/www.gaveanews.com\/"},{"@type":"ListItem","position":2,"name":"Les\u00e3o de Ayrton Lucas: Veja quanto tempo ser\u00e1 necess\u00e1rio para ele voltar a jogar"}]},{"@type":"WebSite","@id":"https:\/\/www.gaveanews.com\/#website","url":"https:\/\/www.gaveanews.com\/","name":"G\u00e1vea News","description":"Veja todas as not\u00edcias sobre o Flamengo: Contrata\u00e7\u00f5es, categorias de base, resultados das partidas, tabela de classifica\u00e7\u00e3o, pr\u00f3ximos jogos!","potentialAction":[{"@type":"SearchAction","target":{"@type":"EntryPoint","urlTemplate":"https:\/\/www.gaveanews.com\/?s={search_term_string}"},"query-input":{"@type":"PropertyValueSpecification","valueRequired":true,"valueName":"search_term_string"}}],"inLanguage":"pt-BR"},{"@type":"Person","@id":"https:\/\/www.gaveanews.com\/#\/schema\/person\/2ec14f73fb96be2caf28f91afb14749d","name":"Equipe G\u00e1vea News","image":{"@type":"ImageObject","inLanguage":"pt-BR","@id":"https:\/\/www.gaveanews.com\/#\/schema\/person\/image\/","url":"https:\/\/secure.gravatar.com\/avatar\/1e1956f1facbffd3f8fa53a326721950116b3b9dc9bd44939c01180fd4a745a9?s=96&d=mm&r=g","contentUrl":"https:\/\/secure.gravatar.com\/avatar\/1e1956f1facbffd3f8fa53a326721950116b3b9dc9bd44939c01180fd4a745a9?s=96&d=mm&r=g","caption":"Equipe G\u00e1vea News"}}]}},"_links":{"self":[{"href":"https:\/\/www.gaveanews.com\/index.php\/wp-json\/wp\/v2\/posts\/79023","targetHints":{"allow":["GET"]}}],"collection":[{"href":"https:\/\/www.gaveanews.com\/index.php\/wp-json\/wp\/v2\/posts"}],"about":[{"href":"https:\/\/www.gaveanews.com\/index.php\/wp-json\/wp\/v2\/types\/post"}],"author":[{"embeddable":true,"href":"https:\/\/www.gaveanews.com\/index.php\/wp-json\/wp\/v2\/users\/1"}],"replies":[{"embeddable":true,"href":"https:\/\/www.gaveanews.com\/index.php\/wp-json\/wp\/v2\/comments?post=79023"}],"version-history":[{"count":0,"href":"https:\/\/www.gaveanews.com\/index.php\/wp-json\/wp\/v2\/posts\/79023\/revisions"}],"wp:featuredmedia":[{"embeddable":true,"href":"https:\/\/www.gaveanews.com\/index.php\/wp-json\/wp\/v2\/media\/78983"}],"wp:attachment":[{"href":"https:\/\/www.gaveanews.com\/index.php\/wp-json\/wp\/v2\/media?parent=79023"}],"wp:term":[{"taxonomy":"category","embeddable":true,"href":"https:\/\/www.gaveanews.com\/index.php\/wp-json\/wp\/v2\/categories?post=79023"},{"taxonomy":"post_tag","embeddable":true,"href":"https:\/\/www.gaveanews.com\/index.php\/wp-json\/wp\/v2\/tags?post=79023"}],"curies":[{"name":"wp","href":"https:\/\/api.w.org\/{rel}","templated":true}]}}