{"id":79025,"date":"2022-03-29T01:07:30","date_gmt":"2022-03-29T04:07:30","guid":{"rendered":"https:\/\/www.gaveanews.com\/?p=79025"},"modified":"2022-03-29T10:04:10","modified_gmt":"2022-03-29T13:04:10","slug":"flamengo-de-paulo-sousa-ainda-nao-rendeu-o-que-pode","status":"publish","type":"post","link":"https:\/\/www.gaveanews.com\/index.php\/2022\/03\/29\/flamengo-de-paulo-sousa-ainda-nao-rendeu-o-que-pode\/","title":{"rendered":"&#8220;Flamengo de Paulo Sousa ainda n\u00e3o rendeu o que pode&#8221;"},"content":{"rendered":"<p>No \u00faltimo domingo, o Flamengo conheceu o seu advers\u00e1rio na grande decis\u00e3o do Campeonato Carioca. Pelo terceiro ano consecutivo teremos um Fla-Flu para decidir a competi\u00e7\u00e3o, as partidas ser\u00e3o realizadas na pr\u00f3xima quarta-feira (30) e s\u00e1bado (02).<\/p>\n<p>Durante o programa \u2018Bem, Amigos\u2019, do SporTV, os comentaristas falaram sobre as expectativas para os confrontos das finais do Campeonato Carioca 2022.<\/p>\n<p>\u201cO Flamengo teve dificuldade contra esse mesmo Fluminense neste ano, eu concordo que na parte t\u00e9cnica o Flamengo \u00e9 muito mais talentoso. Mas o Flamengo do Paulo Sousa ainda n\u00e3o jogou o que pode, ainda n\u00e3o rendeu o que \u00e9 esperado dele. O Fluminense tem se mantido como um time que gosta de jogar no contra-ataque e esse estilo tem encaixado bem contra o Flamengo\u201d, disse Caio Ribeiro.<\/p>\n<p>Everaldo Marques garantiu que a dist\u00e2ncia t\u00e9cnica entre as equipes \u00e9 grande, o narrador enxerga um Flamengo abaixo do que pode render, mas com um elenco mais qualificado e uma torcida tricolor descrente do time pelos \u00faltimos resultados.<\/p>\n<p>\u201cEu acho que a dist\u00e2ncia entre Flamengo e Fluminense \u00e9 grande, o torcedor do tricolor est\u00e1 meio ressabiado pelos dois jogos contra o Botafogo. Alguns amigos torcedores do Fluminense que eu converso nas redes sociais n\u00e3o est\u00e3o animados, principalmente pela venda do Luiz Henrique e a elimina\u00e7\u00e3o na Libertadores. O Flamengo tamb\u00e9m n\u00e3o tem enchido os olhos, mas \u00e9 favorito por ter um elenco melhor, teve a recupera\u00e7\u00e3o do Bruno Henrique que deve estar pronto para a final\u201d.<\/p>\n<p>Retirado de: Di\u00e1rio do Fla<\/p>\n","protected":false},"excerpt":{"rendered":"<p>No \u00faltimo domingo, o Flamengo conheceu o seu advers\u00e1rio na grande decis\u00e3o do Campeonato Carioca. Pelo terceiro ano consecutivo teremos um Fla-Flu para decidir a competi\u00e7\u00e3o, as partidas ser\u00e3o realizadas na pr\u00f3xima quarta-feira (30) e s\u00e1bado (02). Durante o programa \u2018Bem, Amigos\u2019, do SporTV, os comentaristas falaram sobre as expectativas para os confrontos das finais [&hellip;]<\/p>\n","protected":false},"author":1,"featured_media":78969,"comment_status":"open","ping_status":"closed","sticky":false,"template":"","format":"standard","meta":{"footnotes":""},"categories":[1],"tags":[],"class_list":["post-79025","post","type-post","status-publish","format-standard","has-post-thumbnail","hentry","category-flamengo"],"yoast_head":"<!-- This site is optimized with the Yoast SEO Premium plugin v24.2 (Yoast SEO v26.9) - https:\/\/yoast.com\/product\/yoast-seo-premium-wordpress\/ -->\n<title>&quot;Flamengo de Paulo Sousa ainda n\u00e3o rendeu o que pode&quot;<\/title>\n<meta name=\"robots\" content=\"index, follow, max-snippet:-1, max-image-preview:large, max-video-preview:-1\" \/>\n<link rel=\"canonical\" href=\"https:\/\/www.gaveanews.com\/index.php\/2022\/03\/29\/flamengo-de-paulo-sousa-ainda-nao-rendeu-o-que-pode\/\" \/>\n<meta property=\"og:locale\" content=\"pt_BR\" \/>\n<meta property=\"og:type\" content=\"article\" \/>\n<meta property=\"og:title\" content=\"&quot;Flamengo de Paulo Sousa ainda n\u00e3o rendeu o que pode&quot;\" \/>\n<meta property=\"og:description\" content=\"No \u00faltimo domingo, o Flamengo conheceu o seu advers\u00e1rio na grande decis\u00e3o do Campeonato Carioca. Pelo terceiro ano consecutivo teremos um Fla-Flu para decidir a competi\u00e7\u00e3o, as partidas ser\u00e3o realizadas na pr\u00f3xima quarta-feira (30) e s\u00e1bado (02). Durante o programa \u2018Bem, Amigos\u2019, do SporTV, os comentaristas falaram sobre as expectativas para os confrontos das finais [&hellip;]\" \/>\n<meta property=\"og:url\" content=\"https:\/\/www.gaveanews.com\/index.php\/2022\/03\/29\/flamengo-de-paulo-sousa-ainda-nao-rendeu-o-que-pode\/\" \/>\n<meta property=\"og:site_name\" content=\"G\u00e1vea News\" \/>\n<meta property=\"article:publisher\" content=\"https:\/\/facebook.com\/gaveaNews\/\" \/>\n<meta property=\"article:published_time\" content=\"2022-03-29T04:07:30+00:00\" \/>\n<meta property=\"article:modified_time\" content=\"2022-03-29T13:04:10+00:00\" \/>\n<meta property=\"og:image\" content=\"https:\/\/www.gaveanews.com\/wp-content\/uploads\/Jogadores-em-treinamento-do-Flamengo-no-Ninho-do-Urubu.webp\" \/>\n\t<meta property=\"og:image:width\" content=\"799\" \/>\n\t<meta property=\"og:image:height\" content=\"532\" \/>\n\t<meta property=\"og:image:type\" content=\"image\/jpeg\" \/>\n<meta name=\"author\" content=\"Equipe G\u00e1vea News\" \/>\n<meta name=\"twitter:card\" content=\"summary_large_image\" \/>\n<meta name=\"twitter:label1\" content=\"Escrito por\" \/>\n\t<meta name=\"twitter:data1\" content=\"Equipe G\u00e1vea News\" \/>\n\t<meta name=\"twitter:label2\" content=\"Est. tempo de leitura\" \/>\n\t<meta name=\"twitter:data2\" content=\"2 minutos\" \/>\n<script type=\"application\/ld+json\" class=\"yoast-schema-graph\">{\"@context\":\"https:\/\/schema.org\",\"@graph\":[{\"@type\":\"NewsArticle\",\"@id\":\"https:\/\/www.gaveanews.com\/index.php\/2022\/03\/29\/flamengo-de-paulo-sousa-ainda-nao-rendeu-o-que-pode\/#article\",\"isPartOf\":{\"@id\":\"https:\/\/www.gaveanews.com\/index.php\/2022\/03\/29\/flamengo-de-paulo-sousa-ainda-nao-rendeu-o-que-pode\/\"},\"author\":{\"name\":\"Equipe G\u00e1vea News\",\"@id\":\"https:\/\/www.gaveanews.com\/#\/schema\/person\/2ec14f73fb96be2caf28f91afb14749d\"},\"headline\":\"&#8220;Flamengo de Paulo Sousa ainda n\u00e3o rendeu o que pode&#8221;\",\"datePublished\":\"2022-03-29T04:07:30+00:00\",\"dateModified\":\"2022-03-29T13:04:10+00:00\",\"mainEntityOfPage\":{\"@id\":\"https:\/\/www.gaveanews.com\/index.php\/2022\/03\/29\/flamengo-de-paulo-sousa-ainda-nao-rendeu-o-que-pode\/\"},\"wordCount\":270,\"commentCount\":0,\"image\":{\"@id\":\"https:\/\/www.gaveanews.com\/index.php\/2022\/03\/29\/flamengo-de-paulo-sousa-ainda-nao-rendeu-o-que-pode\/#primaryimage\"},\"thumbnailUrl\":\"https:\/\/www.gaveanews.com\/wp-content\/uploads\/Jogadores-em-treinamento-do-Flamengo-no-Ninho-do-Urubu.webp\",\"articleSection\":[\"Flamengo\"],\"inLanguage\":\"pt-BR\",\"potentialAction\":[{\"@type\":\"CommentAction\",\"name\":\"Comment\",\"target\":[\"https:\/\/www.gaveanews.com\/index.php\/2022\/03\/29\/flamengo-de-paulo-sousa-ainda-nao-rendeu-o-que-pode\/#respond\"]}],\"copyrightYear\":\"2022\",\"copyrightHolder\":{\"@id\":\"https:\/\/www.gaveanews.com\/#organization\"}},{\"@type\":\"WebPage\",\"@id\":\"https:\/\/www.gaveanews.com\/index.php\/2022\/03\/29\/flamengo-de-paulo-sousa-ainda-nao-rendeu-o-que-pode\/\",\"url\":\"https:\/\/www.gaveanews.com\/index.php\/2022\/03\/29\/flamengo-de-paulo-sousa-ainda-nao-rendeu-o-que-pode\/\",\"name\":\"\\\"Flamengo de Paulo Sousa ainda n\u00e3o rendeu o que pode\\\"\",\"isPartOf\":{\"@id\":\"https:\/\/www.gaveanews.com\/#website\"},\"primaryImageOfPage\":{\"@id\":\"https:\/\/www.gaveanews.com\/index.php\/2022\/03\/29\/flamengo-de-paulo-sousa-ainda-nao-rendeu-o-que-pode\/#primaryimage\"},\"image\":{\"@id\":\"https:\/\/www.gaveanews.com\/index.php\/2022\/03\/29\/flamengo-de-paulo-sousa-ainda-nao-rendeu-o-que-pode\/#primaryimage\"},\"thumbnailUrl\":\"https:\/\/www.gaveanews.com\/wp-content\/uploads\/Jogadores-em-treinamento-do-Flamengo-no-Ninho-do-Urubu.webp\",\"datePublished\":\"2022-03-29T04:07:30+00:00\",\"dateModified\":\"2022-03-29T13:04:10+00:00\",\"author\":{\"@id\":\"https:\/\/www.gaveanews.com\/#\/schema\/person\/2ec14f73fb96be2caf28f91afb14749d\"},\"breadcrumb\":{\"@id\":\"https:\/\/www.gaveanews.com\/index.php\/2022\/03\/29\/flamengo-de-paulo-sousa-ainda-nao-rendeu-o-que-pode\/#breadcrumb\"},\"inLanguage\":\"pt-BR\",\"potentialAction\":[{\"@type\":\"ReadAction\",\"target\":[\"https:\/\/www.gaveanews.com\/index.php\/2022\/03\/29\/flamengo-de-paulo-sousa-ainda-nao-rendeu-o-que-pode\/\"]}]},{\"@type\":\"ImageObject\",\"inLanguage\":\"pt-BR\",\"@id\":\"https:\/\/www.gaveanews.com\/index.php\/2022\/03\/29\/flamengo-de-paulo-sousa-ainda-nao-rendeu-o-que-pode\/#primaryimage\",\"url\":\"https:\/\/www.gaveanews.com\/wp-content\/uploads\/Jogadores-em-treinamento-do-Flamengo-no-Ninho-do-Urubu.webp\",\"contentUrl\":\"https:\/\/www.gaveanews.com\/wp-content\/uploads\/Jogadores-em-treinamento-do-Flamengo-no-Ninho-do-Urubu.webp\",\"width\":799,\"height\":532,\"caption\":\"Jogadores em treinamento do Flamengo no Ninho do Urubu (Foto: Paula Reis\/Flamengo)\"},{\"@type\":\"BreadcrumbList\",\"@id\":\"https:\/\/www.gaveanews.com\/index.php\/2022\/03\/29\/flamengo-de-paulo-sousa-ainda-nao-rendeu-o-que-pode\/#breadcrumb\",\"itemListElement\":[{\"@type\":\"ListItem\",\"position\":1,\"name\":\"Home\",\"item\":\"https:\/\/www.gaveanews.com\/\"},{\"@type\":\"ListItem\",\"position\":2,\"name\":\"&#8220;Flamengo de Paulo Sousa ainda n\u00e3o rendeu o que pode&#8221;\"}]},{\"@type\":\"WebSite\",\"@id\":\"https:\/\/www.gaveanews.com\/#website\",\"url\":\"https:\/\/www.gaveanews.com\/\",\"name\":\"G\u00e1vea News\",\"description\":\"Veja todas as not\u00edcias sobre o Flamengo: Contrata\u00e7\u00f5es, categorias de base, resultados das partidas, tabela de classifica\u00e7\u00e3o, pr\u00f3ximos jogos!\",\"potentialAction\":[{\"@type\":\"SearchAction\",\"target\":{\"@type\":\"EntryPoint\",\"urlTemplate\":\"https:\/\/www.gaveanews.com\/?s={search_term_string}\"},\"query-input\":{\"@type\":\"PropertyValueSpecification\",\"valueRequired\":true,\"valueName\":\"search_term_string\"}}],\"inLanguage\":\"pt-BR\"},{\"@type\":\"Person\",\"@id\":\"https:\/\/www.gaveanews.com\/#\/schema\/person\/2ec14f73fb96be2caf28f91afb14749d\",\"name\":\"Equipe G\u00e1vea News\",\"image\":{\"@type\":\"ImageObject\",\"inLanguage\":\"pt-BR\",\"@id\":\"https:\/\/www.gaveanews.com\/#\/schema\/person\/image\/\",\"url\":\"https:\/\/secure.gravatar.com\/avatar\/1e1956f1facbffd3f8fa53a326721950116b3b9dc9bd44939c01180fd4a745a9?s=96&d=mm&r=g\",\"contentUrl\":\"https:\/\/secure.gravatar.com\/avatar\/1e1956f1facbffd3f8fa53a326721950116b3b9dc9bd44939c01180fd4a745a9?s=96&d=mm&r=g\",\"caption\":\"Equipe G\u00e1vea News\"}}]}<\/script>\n<!-- \/ Yoast SEO Premium plugin. -->","yoast_head_json":{"title":"\"Flamengo de Paulo Sousa ainda n\u00e3o rendeu o que pode\"","robots":{"index":"index","follow":"follow","max-snippet":"max-snippet:-1","max-image-preview":"max-image-preview:large","max-video-preview":"max-video-preview:-1"},"canonical":"https:\/\/www.gaveanews.com\/index.php\/2022\/03\/29\/flamengo-de-paulo-sousa-ainda-nao-rendeu-o-que-pode\/","og_locale":"pt_BR","og_type":"article","og_title":"\"Flamengo de Paulo Sousa ainda n\u00e3o rendeu o que pode\"","og_description":"No \u00faltimo domingo, o Flamengo conheceu o seu advers\u00e1rio na grande decis\u00e3o do Campeonato Carioca. Pelo terceiro ano consecutivo teremos um Fla-Flu para decidir a competi\u00e7\u00e3o, as partidas ser\u00e3o realizadas na pr\u00f3xima quarta-feira (30) e s\u00e1bado (02). Durante o programa \u2018Bem, Amigos\u2019, do SporTV, os comentaristas falaram sobre as expectativas para os confrontos das finais [&hellip;]","og_url":"https:\/\/www.gaveanews.com\/index.php\/2022\/03\/29\/flamengo-de-paulo-sousa-ainda-nao-rendeu-o-que-pode\/","og_site_name":"G\u00e1vea News","article_publisher":"https:\/\/facebook.com\/gaveaNews\/","article_published_time":"2022-03-29T04:07:30+00:00","article_modified_time":"2022-03-29T13:04:10+00:00","og_image":[{"width":799,"height":532,"url":"https:\/\/www.gaveanews.com\/wp-content\/uploads\/Jogadores-em-treinamento-do-Flamengo-no-Ninho-do-Urubu.webp","type":"image\/jpeg"}],"author":"Equipe G\u00e1vea News","twitter_card":"summary_large_image","twitter_misc":{"Escrito por":"Equipe G\u00e1vea News","Est. tempo de leitura":"2 minutos"},"schema":{"@context":"https:\/\/schema.org","@graph":[{"@type":"NewsArticle","@id":"https:\/\/www.gaveanews.com\/index.php\/2022\/03\/29\/flamengo-de-paulo-sousa-ainda-nao-rendeu-o-que-pode\/#article","isPartOf":{"@id":"https:\/\/www.gaveanews.com\/index.php\/2022\/03\/29\/flamengo-de-paulo-sousa-ainda-nao-rendeu-o-que-pode\/"},"author":{"name":"Equipe G\u00e1vea News","@id":"https:\/\/www.gaveanews.com\/#\/schema\/person\/2ec14f73fb96be2caf28f91afb14749d"},"headline":"&#8220;Flamengo de Paulo Sousa ainda n\u00e3o rendeu o que pode&#8221;","datePublished":"2022-03-29T04:07:30+00:00","dateModified":"2022-03-29T13:04:10+00:00","mainEntityOfPage":{"@id":"https:\/\/www.gaveanews.com\/index.php\/2022\/03\/29\/flamengo-de-paulo-sousa-ainda-nao-rendeu-o-que-pode\/"},"wordCount":270,"commentCount":0,"image":{"@id":"https:\/\/www.gaveanews.com\/index.php\/2022\/03\/29\/flamengo-de-paulo-sousa-ainda-nao-rendeu-o-que-pode\/#primaryimage"},"thumbnailUrl":"https:\/\/www.gaveanews.com\/wp-content\/uploads\/Jogadores-em-treinamento-do-Flamengo-no-Ninho-do-Urubu.webp","articleSection":["Flamengo"],"inLanguage":"pt-BR","potentialAction":[{"@type":"CommentAction","name":"Comment","target":["https:\/\/www.gaveanews.com\/index.php\/2022\/03\/29\/flamengo-de-paulo-sousa-ainda-nao-rendeu-o-que-pode\/#respond"]}],"copyrightYear":"2022","copyrightHolder":{"@id":"https:\/\/www.gaveanews.com\/#organization"}},{"@type":"WebPage","@id":"https:\/\/www.gaveanews.com\/index.php\/2022\/03\/29\/flamengo-de-paulo-sousa-ainda-nao-rendeu-o-que-pode\/","url":"https:\/\/www.gaveanews.com\/index.php\/2022\/03\/29\/flamengo-de-paulo-sousa-ainda-nao-rendeu-o-que-pode\/","name":"\"Flamengo de Paulo Sousa ainda n\u00e3o rendeu o que pode\"","isPartOf":{"@id":"https:\/\/www.gaveanews.com\/#website"},"primaryImageOfPage":{"@id":"https:\/\/www.gaveanews.com\/index.php\/2022\/03\/29\/flamengo-de-paulo-sousa-ainda-nao-rendeu-o-que-pode\/#primaryimage"},"image":{"@id":"https:\/\/www.gaveanews.com\/index.php\/2022\/03\/29\/flamengo-de-paulo-sousa-ainda-nao-rendeu-o-que-pode\/#primaryimage"},"thumbnailUrl":"https:\/\/www.gaveanews.com\/wp-content\/uploads\/Jogadores-em-treinamento-do-Flamengo-no-Ninho-do-Urubu.webp","datePublished":"2022-03-29T04:07:30+00:00","dateModified":"2022-03-29T13:04:10+00:00","author":{"@id":"https:\/\/www.gaveanews.com\/#\/schema\/person\/2ec14f73fb96be2caf28f91afb14749d"},"breadcrumb":{"@id":"https:\/\/www.gaveanews.com\/index.php\/2022\/03\/29\/flamengo-de-paulo-sousa-ainda-nao-rendeu-o-que-pode\/#breadcrumb"},"inLanguage":"pt-BR","potentialAction":[{"@type":"ReadAction","target":["https:\/\/www.gaveanews.com\/index.php\/2022\/03\/29\/flamengo-de-paulo-sousa-ainda-nao-rendeu-o-que-pode\/"]}]},{"@type":"ImageObject","inLanguage":"pt-BR","@id":"https:\/\/www.gaveanews.com\/index.php\/2022\/03\/29\/flamengo-de-paulo-sousa-ainda-nao-rendeu-o-que-pode\/#primaryimage","url":"https:\/\/www.gaveanews.com\/wp-content\/uploads\/Jogadores-em-treinamento-do-Flamengo-no-Ninho-do-Urubu.webp","contentUrl":"https:\/\/www.gaveanews.com\/wp-content\/uploads\/Jogadores-em-treinamento-do-Flamengo-no-Ninho-do-Urubu.webp","width":799,"height":532,"caption":"Jogadores em treinamento do Flamengo no Ninho do Urubu (Foto: Paula Reis\/Flamengo)"},{"@type":"BreadcrumbList","@id":"https:\/\/www.gaveanews.com\/index.php\/2022\/03\/29\/flamengo-de-paulo-sousa-ainda-nao-rendeu-o-que-pode\/#breadcrumb","itemListElement":[{"@type":"ListItem","position":1,"name":"Home","item":"https:\/\/www.gaveanews.com\/"},{"@type":"ListItem","position":2,"name":"&#8220;Flamengo de Paulo Sousa ainda n\u00e3o rendeu o que pode&#8221;"}]},{"@type":"WebSite","@id":"https:\/\/www.gaveanews.com\/#website","url":"https:\/\/www.gaveanews.com\/","name":"G\u00e1vea News","description":"Veja todas as not\u00edcias sobre o Flamengo: Contrata\u00e7\u00f5es, categorias de base, resultados das partidas, tabela de classifica\u00e7\u00e3o, pr\u00f3ximos jogos!","potentialAction":[{"@type":"SearchAction","target":{"@type":"EntryPoint","urlTemplate":"https:\/\/www.gaveanews.com\/?s={search_term_string}"},"query-input":{"@type":"PropertyValueSpecification","valueRequired":true,"valueName":"search_term_string"}}],"inLanguage":"pt-BR"},{"@type":"Person","@id":"https:\/\/www.gaveanews.com\/#\/schema\/person\/2ec14f73fb96be2caf28f91afb14749d","name":"Equipe G\u00e1vea News","image":{"@type":"ImageObject","inLanguage":"pt-BR","@id":"https:\/\/www.gaveanews.com\/#\/schema\/person\/image\/","url":"https:\/\/secure.gravatar.com\/avatar\/1e1956f1facbffd3f8fa53a326721950116b3b9dc9bd44939c01180fd4a745a9?s=96&d=mm&r=g","contentUrl":"https:\/\/secure.gravatar.com\/avatar\/1e1956f1facbffd3f8fa53a326721950116b3b9dc9bd44939c01180fd4a745a9?s=96&d=mm&r=g","caption":"Equipe G\u00e1vea News"}}]}},"_links":{"self":[{"href":"https:\/\/www.gaveanews.com\/index.php\/wp-json\/wp\/v2\/posts\/79025","targetHints":{"allow":["GET"]}}],"collection":[{"href":"https:\/\/www.gaveanews.com\/index.php\/wp-json\/wp\/v2\/posts"}],"about":[{"href":"https:\/\/www.gaveanews.com\/index.php\/wp-json\/wp\/v2\/types\/post"}],"author":[{"embeddable":true,"href":"https:\/\/www.gaveanews.com\/index.php\/wp-json\/wp\/v2\/users\/1"}],"replies":[{"embeddable":true,"href":"https:\/\/www.gaveanews.com\/index.php\/wp-json\/wp\/v2\/comments?post=79025"}],"version-history":[{"count":0,"href":"https:\/\/www.gaveanews.com\/index.php\/wp-json\/wp\/v2\/posts\/79025\/revisions"}],"wp:featuredmedia":[{"embeddable":true,"href":"https:\/\/www.gaveanews.com\/index.php\/wp-json\/wp\/v2\/media\/78969"}],"wp:attachment":[{"href":"https:\/\/www.gaveanews.com\/index.php\/wp-json\/wp\/v2\/media?parent=79025"}],"wp:term":[{"taxonomy":"category","embeddable":true,"href":"https:\/\/www.gaveanews.com\/index.php\/wp-json\/wp\/v2\/categories?post=79025"},{"taxonomy":"post_tag","embeddable":true,"href":"https:\/\/www.gaveanews.com\/index.php\/wp-json\/wp\/v2\/tags?post=79025"}],"curies":[{"name":"wp","href":"https:\/\/api.w.org\/{rel}","templated":true}]}}