{"id":79087,"date":"2022-03-30T00:10:54","date_gmt":"2022-03-30T03:10:54","guid":{"rendered":"https:\/\/www.gaveanews.com\/?p=79087"},"modified":"2022-03-30T00:13:04","modified_gmt":"2022-03-30T03:13:04","slug":"apos-ser-afastado-por-alteracao-nos-exames-cardiacos-zagueiro-revelado-no-flamengo-volta-a-treinar","status":"publish","type":"post","link":"https:\/\/www.gaveanews.com\/index.php\/2022\/03\/30\/apos-ser-afastado-por-alteracao-nos-exames-cardiacos-zagueiro-revelado-no-flamengo-volta-a-treinar\/","title":{"rendered":"Ap\u00f3s ser afastado por altera\u00e7\u00e3o nos exames card\u00edacos, zagueiro revelado no Flamengo volta a treinar"},"content":{"rendered":"<p>Ap\u00f3s nove dias afastado das atividades do Red Bull Bragantino por conta de uma altera\u00e7\u00e3o nos exames card\u00edacos, o zagueiro Natan foi liberado pelos m\u00e9dicos do clube para voltar ao treinamentos nesta ter\u00e7a-feira (29). O atleta de 21 anos revelado pelo Flamengo teve varia\u00e7\u00e3o nos exames cardiol\u00f3gicos detectada no \u00faltimo domingo (20), e a princ\u00edpio, por preocupa\u00e7\u00e3o do Massa Bruta, ficaria cerca de 60 dias afastados.<\/p>\n<blockquote class=\"twitter-tweet\" data-width=\"550\" data-dnt=\"true\">\n<p lang=\"pt\" dir=\"ltr\">Ele est\u00e1 de volta! Sorriso no rosto de quem foi liberado pelos m\u00e9dicos para voltar aos treinos! Vamos juntos, <a href=\"https:\/\/twitter.com\/Natansouza0404?ref_src=twsrc%5Etfw\">@Natansouza0404<\/a>. \u26bd\ufe0f\ud83d\udc4a<\/p>\n<p>\ud83d\udcf8 Ari Ferreira <a href=\"https:\/\/twitter.com\/hashtag\/RedBullBragantino?src=hash&amp;ref_src=twsrc%5Etfw\">#RedBullBragantino<\/a> <a href=\"https:\/\/t.co\/Pz5KpbRtgn\">pic.twitter.com\/Pz5KpbRtgn<\/a><\/p>\n<p>&mdash; Red Bull Bragantino (@RedBullBraga) <a href=\"https:\/\/twitter.com\/RedBullBraga\/status\/1508923464039682062?ref_src=twsrc%5Etfw\">March 29, 2022<\/a><\/p><\/blockquote>\n<p><script async src=\"https:\/\/platform.twitter.com\/widgets.js\" charset=\"utf-8\"><\/script><\/p>\n<p>Depois do dia de treinamentos, Natan publicou uma animada mensagem nas redes sociais comemorando o retorno aos gramados ap\u00f3s o pequeno susto. Al\u00e9m disso, o jovem zagueiro tamb\u00e9m aproveitou a postagem para agradecer o carinho dos torcedores que se preocuparam com a situa\u00e7\u00e3o.<\/p>\n<p>\u201dT\u00d4 DE VOLTA! Eu sempre tive certeza que papai do c\u00e9u nunca me deixaria na m\u00e3o. Obrigado por tantas mensagens de carinho, de for\u00e7a e de respeito. T\u00f4 MUITO mais forte do que antes. Cora\u00e7\u00e3o vibrando de amor e muita vontade de seguir escrevendo minha hist\u00f3ria. VAMO QUE VAMO!\u201d, escreveu Natan em seu perfil no Twitter.<\/p>\n<blockquote class=\"twitter-tweet\" data-width=\"550\" data-dnt=\"true\">\n<p lang=\"pt\" dir=\"ltr\">T\u00d4 DE VOLTA! Eu sempre tive certeza que papai do c\u00e9u nunca me deixaria na m\u00e3o. Obrigado por tantas mensagens de carinho, de for\u00e7a e de respeito. T\u00f4 MUITO mais forte do que antes. Cora\u00e7\u00e3o vibrando de amor e muita vontade de seguir escrevendo minha hist\u00f3ria. VAMO QUE VAMO! \u2764\ufe0f\u2764\ufe0f\u2764\ufe0f <a href=\"https:\/\/t.co\/NZjYkc4LLX\">pic.twitter.com\/NZjYkc4LLX<\/a><\/p>\n<p>&mdash; Natan Souza (@Natansouza0404) <a href=\"https:\/\/twitter.com\/Natansouza0404\/status\/1508922185552908301?ref_src=twsrc%5Etfw\">March 29, 2022<\/a><\/p><\/blockquote>\n<p><script async src=\"https:\/\/platform.twitter.com\/widgets.js\" charset=\"utf-8\"><\/script><\/p>\n<p>Natan chegou ao Red Bull Bragantino por empr\u00e9stimo vindo do Flamengo, em mar\u00e7o de 2021. No contrato, existia uma cl\u00e1usula de compra obrigat\u00f3ria caso o jogador disputasse 22 jogos. Sendo assim, ap\u00f3s a meta ser batida, o clube de Bragan\u00e7a adquiriu o atleta em definitivo por R$ 22 milh\u00f5es, com v\u00ednculo at\u00e9 dezembro de 2026.<\/p>\n<p>Retirado de: Di\u00e1rio do Fla<\/p>\n","protected":false},"excerpt":{"rendered":"<p>Ap\u00f3s nove dias afastado das atividades do Red Bull Bragantino por conta de uma altera\u00e7\u00e3o nos exames card\u00edacos, o zagueiro Natan foi liberado pelos m\u00e9dicos do clube para voltar ao treinamentos nesta ter\u00e7a-feira (29). O atleta de 21 anos revelado pelo Flamengo teve varia\u00e7\u00e3o nos exames cardiol\u00f3gicos detectada no \u00faltimo domingo (20), e a princ\u00edpio, [&hellip;]<\/p>\n","protected":false},"author":1,"featured_media":64039,"comment_status":"open","ping_status":"closed","sticky":false,"template":"","format":"standard","meta":{"footnotes":""},"categories":[1],"tags":[],"class_list":["post-79087","post","type-post","status-publish","format-standard","has-post-thumbnail","hentry","category-flamengo"],"yoast_head":"<!-- This site is optimized with the Yoast SEO Premium plugin v24.2 (Yoast SEO v26.9) - https:\/\/yoast.com\/product\/yoast-seo-premium-wordpress\/ -->\n<title>Ap\u00f3s ser afastado por altera\u00e7\u00e3o nos exames card\u00edacos, zagueiro revelado no Flamengo volta a treinar<\/title>\n<meta name=\"robots\" content=\"index, follow, max-snippet:-1, max-image-preview:large, max-video-preview:-1\" \/>\n<link rel=\"canonical\" href=\"https:\/\/www.gaveanews.com\/index.php\/2022\/03\/30\/apos-ser-afastado-por-alteracao-nos-exames-cardiacos-zagueiro-revelado-no-flamengo-volta-a-treinar\/\" \/>\n<meta property=\"og:locale\" content=\"pt_BR\" \/>\n<meta property=\"og:type\" content=\"article\" \/>\n<meta property=\"og:title\" content=\"Ap\u00f3s ser afastado por altera\u00e7\u00e3o nos exames card\u00edacos, zagueiro revelado no Flamengo volta a treinar\" \/>\n<meta property=\"og:description\" content=\"Ap\u00f3s nove dias afastado das atividades do Red Bull Bragantino por conta de uma altera\u00e7\u00e3o nos exames card\u00edacos, o zagueiro Natan foi liberado pelos m\u00e9dicos do clube para voltar ao treinamentos nesta ter\u00e7a-feira (29). O atleta de 21 anos revelado pelo Flamengo teve varia\u00e7\u00e3o nos exames cardiol\u00f3gicos detectada no \u00faltimo domingo (20), e a princ\u00edpio, [&hellip;]\" \/>\n<meta property=\"og:url\" content=\"https:\/\/www.gaveanews.com\/index.php\/2022\/03\/30\/apos-ser-afastado-por-alteracao-nos-exames-cardiacos-zagueiro-revelado-no-flamengo-volta-a-treinar\/\" \/>\n<meta property=\"og:site_name\" content=\"G\u00e1vea News\" \/>\n<meta property=\"article:publisher\" content=\"https:\/\/facebook.com\/gaveaNews\/\" \/>\n<meta property=\"article:published_time\" content=\"2022-03-30T03:10:54+00:00\" \/>\n<meta property=\"article:modified_time\" content=\"2022-03-30T03:13:04+00:00\" \/>\n<meta property=\"og:image\" content=\"https:\/\/www.gaveanews.com\/wp-content\/uploads\/Natan-em-acao-pelo-Bragantino.webp\" \/>\n\t<meta property=\"og:image:width\" content=\"1159\" \/>\n\t<meta property=\"og:image:height\" content=\"758\" \/>\n\t<meta property=\"og:image:type\" content=\"image\/jpeg\" \/>\n<meta name=\"author\" content=\"Equipe G\u00e1vea News\" \/>\n<meta name=\"twitter:card\" content=\"summary_large_image\" \/>\n<meta name=\"twitter:label1\" content=\"Escrito por\" \/>\n\t<meta name=\"twitter:data1\" content=\"Equipe G\u00e1vea News\" \/>\n\t<meta name=\"twitter:label2\" content=\"Est. tempo de leitura\" \/>\n\t<meta name=\"twitter:data2\" content=\"2 minutos\" \/>\n<script type=\"application\/ld+json\" class=\"yoast-schema-graph\">{\"@context\":\"https:\/\/schema.org\",\"@graph\":[{\"@type\":\"NewsArticle\",\"@id\":\"https:\/\/www.gaveanews.com\/index.php\/2022\/03\/30\/apos-ser-afastado-por-alteracao-nos-exames-cardiacos-zagueiro-revelado-no-flamengo-volta-a-treinar\/#article\",\"isPartOf\":{\"@id\":\"https:\/\/www.gaveanews.com\/index.php\/2022\/03\/30\/apos-ser-afastado-por-alteracao-nos-exames-cardiacos-zagueiro-revelado-no-flamengo-volta-a-treinar\/\"},\"author\":{\"name\":\"Equipe G\u00e1vea News\",\"@id\":\"https:\/\/www.gaveanews.com\/#\/schema\/person\/2ec14f73fb96be2caf28f91afb14749d\"},\"headline\":\"Ap\u00f3s ser afastado por altera\u00e7\u00e3o nos exames card\u00edacos, zagueiro revelado no Flamengo volta a treinar\",\"datePublished\":\"2022-03-30T03:10:54+00:00\",\"dateModified\":\"2022-03-30T03:13:04+00:00\",\"mainEntityOfPage\":{\"@id\":\"https:\/\/www.gaveanews.com\/index.php\/2022\/03\/30\/apos-ser-afastado-por-alteracao-nos-exames-cardiacos-zagueiro-revelado-no-flamengo-volta-a-treinar\/\"},\"wordCount\":318,\"commentCount\":0,\"image\":{\"@id\":\"https:\/\/www.gaveanews.com\/index.php\/2022\/03\/30\/apos-ser-afastado-por-alteracao-nos-exames-cardiacos-zagueiro-revelado-no-flamengo-volta-a-treinar\/#primaryimage\"},\"thumbnailUrl\":\"https:\/\/www.gaveanews.com\/wp-content\/uploads\/Natan-em-acao-pelo-Bragantino.webp\",\"articleSection\":[\"Flamengo\"],\"inLanguage\":\"pt-BR\",\"potentialAction\":[{\"@type\":\"CommentAction\",\"name\":\"Comment\",\"target\":[\"https:\/\/www.gaveanews.com\/index.php\/2022\/03\/30\/apos-ser-afastado-por-alteracao-nos-exames-cardiacos-zagueiro-revelado-no-flamengo-volta-a-treinar\/#respond\"]}],\"copyrightYear\":\"2022\",\"copyrightHolder\":{\"@id\":\"https:\/\/www.gaveanews.com\/#organization\"}},{\"@type\":\"WebPage\",\"@id\":\"https:\/\/www.gaveanews.com\/index.php\/2022\/03\/30\/apos-ser-afastado-por-alteracao-nos-exames-cardiacos-zagueiro-revelado-no-flamengo-volta-a-treinar\/\",\"url\":\"https:\/\/www.gaveanews.com\/index.php\/2022\/03\/30\/apos-ser-afastado-por-alteracao-nos-exames-cardiacos-zagueiro-revelado-no-flamengo-volta-a-treinar\/\",\"name\":\"Ap\u00f3s ser afastado por altera\u00e7\u00e3o nos exames card\u00edacos, zagueiro revelado no Flamengo volta a treinar\",\"isPartOf\":{\"@id\":\"https:\/\/www.gaveanews.com\/#website\"},\"primaryImageOfPage\":{\"@id\":\"https:\/\/www.gaveanews.com\/index.php\/2022\/03\/30\/apos-ser-afastado-por-alteracao-nos-exames-cardiacos-zagueiro-revelado-no-flamengo-volta-a-treinar\/#primaryimage\"},\"image\":{\"@id\":\"https:\/\/www.gaveanews.com\/index.php\/2022\/03\/30\/apos-ser-afastado-por-alteracao-nos-exames-cardiacos-zagueiro-revelado-no-flamengo-volta-a-treinar\/#primaryimage\"},\"thumbnailUrl\":\"https:\/\/www.gaveanews.com\/wp-content\/uploads\/Natan-em-acao-pelo-Bragantino.webp\",\"datePublished\":\"2022-03-30T03:10:54+00:00\",\"dateModified\":\"2022-03-30T03:13:04+00:00\",\"author\":{\"@id\":\"https:\/\/www.gaveanews.com\/#\/schema\/person\/2ec14f73fb96be2caf28f91afb14749d\"},\"breadcrumb\":{\"@id\":\"https:\/\/www.gaveanews.com\/index.php\/2022\/03\/30\/apos-ser-afastado-por-alteracao-nos-exames-cardiacos-zagueiro-revelado-no-flamengo-volta-a-treinar\/#breadcrumb\"},\"inLanguage\":\"pt-BR\",\"potentialAction\":[{\"@type\":\"ReadAction\",\"target\":[\"https:\/\/www.gaveanews.com\/index.php\/2022\/03\/30\/apos-ser-afastado-por-alteracao-nos-exames-cardiacos-zagueiro-revelado-no-flamengo-volta-a-treinar\/\"]}]},{\"@type\":\"ImageObject\",\"inLanguage\":\"pt-BR\",\"@id\":\"https:\/\/www.gaveanews.com\/index.php\/2022\/03\/30\/apos-ser-afastado-por-alteracao-nos-exames-cardiacos-zagueiro-revelado-no-flamengo-volta-a-treinar\/#primaryimage\",\"url\":\"https:\/\/www.gaveanews.com\/wp-content\/uploads\/Natan-em-acao-pelo-Bragantino.webp\",\"contentUrl\":\"https:\/\/www.gaveanews.com\/wp-content\/uploads\/Natan-em-acao-pelo-Bragantino.webp\",\"width\":1159,\"height\":758,\"caption\":\"Natan em a\u00e7\u00e3o pelo Bragantino (Foto: Ari Ferreira)\"},{\"@type\":\"BreadcrumbList\",\"@id\":\"https:\/\/www.gaveanews.com\/index.php\/2022\/03\/30\/apos-ser-afastado-por-alteracao-nos-exames-cardiacos-zagueiro-revelado-no-flamengo-volta-a-treinar\/#breadcrumb\",\"itemListElement\":[{\"@type\":\"ListItem\",\"position\":1,\"name\":\"Home\",\"item\":\"https:\/\/www.gaveanews.com\/\"},{\"@type\":\"ListItem\",\"position\":2,\"name\":\"Ap\u00f3s ser afastado por altera\u00e7\u00e3o nos exames card\u00edacos, zagueiro revelado no Flamengo volta a treinar\"}]},{\"@type\":\"WebSite\",\"@id\":\"https:\/\/www.gaveanews.com\/#website\",\"url\":\"https:\/\/www.gaveanews.com\/\",\"name\":\"G\u00e1vea News\",\"description\":\"Veja todas as not\u00edcias sobre o Flamengo: Contrata\u00e7\u00f5es, categorias de base, resultados das partidas, tabela de classifica\u00e7\u00e3o, pr\u00f3ximos jogos!\",\"potentialAction\":[{\"@type\":\"SearchAction\",\"target\":{\"@type\":\"EntryPoint\",\"urlTemplate\":\"https:\/\/www.gaveanews.com\/?s={search_term_string}\"},\"query-input\":{\"@type\":\"PropertyValueSpecification\",\"valueRequired\":true,\"valueName\":\"search_term_string\"}}],\"inLanguage\":\"pt-BR\"},{\"@type\":\"Person\",\"@id\":\"https:\/\/www.gaveanews.com\/#\/schema\/person\/2ec14f73fb96be2caf28f91afb14749d\",\"name\":\"Equipe G\u00e1vea News\",\"image\":{\"@type\":\"ImageObject\",\"inLanguage\":\"pt-BR\",\"@id\":\"https:\/\/www.gaveanews.com\/#\/schema\/person\/image\/\",\"url\":\"https:\/\/secure.gravatar.com\/avatar\/1e1956f1facbffd3f8fa53a326721950116b3b9dc9bd44939c01180fd4a745a9?s=96&d=mm&r=g\",\"contentUrl\":\"https:\/\/secure.gravatar.com\/avatar\/1e1956f1facbffd3f8fa53a326721950116b3b9dc9bd44939c01180fd4a745a9?s=96&d=mm&r=g\",\"caption\":\"Equipe G\u00e1vea News\"}}]}<\/script>\n<!-- \/ Yoast SEO Premium plugin. -->","yoast_head_json":{"title":"Ap\u00f3s ser afastado por altera\u00e7\u00e3o nos exames card\u00edacos, zagueiro revelado no Flamengo volta a treinar","robots":{"index":"index","follow":"follow","max-snippet":"max-snippet:-1","max-image-preview":"max-image-preview:large","max-video-preview":"max-video-preview:-1"},"canonical":"https:\/\/www.gaveanews.com\/index.php\/2022\/03\/30\/apos-ser-afastado-por-alteracao-nos-exames-cardiacos-zagueiro-revelado-no-flamengo-volta-a-treinar\/","og_locale":"pt_BR","og_type":"article","og_title":"Ap\u00f3s ser afastado por altera\u00e7\u00e3o nos exames card\u00edacos, zagueiro revelado no Flamengo volta a treinar","og_description":"Ap\u00f3s nove dias afastado das atividades do Red Bull Bragantino por conta de uma altera\u00e7\u00e3o nos exames card\u00edacos, o zagueiro Natan foi liberado pelos m\u00e9dicos do clube para voltar ao treinamentos nesta ter\u00e7a-feira (29). O atleta de 21 anos revelado pelo Flamengo teve varia\u00e7\u00e3o nos exames cardiol\u00f3gicos detectada no \u00faltimo domingo (20), e a princ\u00edpio, [&hellip;]","og_url":"https:\/\/www.gaveanews.com\/index.php\/2022\/03\/30\/apos-ser-afastado-por-alteracao-nos-exames-cardiacos-zagueiro-revelado-no-flamengo-volta-a-treinar\/","og_site_name":"G\u00e1vea News","article_publisher":"https:\/\/facebook.com\/gaveaNews\/","article_published_time":"2022-03-30T03:10:54+00:00","article_modified_time":"2022-03-30T03:13:04+00:00","og_image":[{"width":1159,"height":758,"url":"https:\/\/www.gaveanews.com\/wp-content\/uploads\/Natan-em-acao-pelo-Bragantino.webp","type":"image\/jpeg"}],"author":"Equipe G\u00e1vea News","twitter_card":"summary_large_image","twitter_misc":{"Escrito por":"Equipe G\u00e1vea News","Est. tempo de leitura":"2 minutos"},"schema":{"@context":"https:\/\/schema.org","@graph":[{"@type":"NewsArticle","@id":"https:\/\/www.gaveanews.com\/index.php\/2022\/03\/30\/apos-ser-afastado-por-alteracao-nos-exames-cardiacos-zagueiro-revelado-no-flamengo-volta-a-treinar\/#article","isPartOf":{"@id":"https:\/\/www.gaveanews.com\/index.php\/2022\/03\/30\/apos-ser-afastado-por-alteracao-nos-exames-cardiacos-zagueiro-revelado-no-flamengo-volta-a-treinar\/"},"author":{"name":"Equipe G\u00e1vea News","@id":"https:\/\/www.gaveanews.com\/#\/schema\/person\/2ec14f73fb96be2caf28f91afb14749d"},"headline":"Ap\u00f3s ser afastado por altera\u00e7\u00e3o nos exames card\u00edacos, zagueiro revelado no Flamengo volta a treinar","datePublished":"2022-03-30T03:10:54+00:00","dateModified":"2022-03-30T03:13:04+00:00","mainEntityOfPage":{"@id":"https:\/\/www.gaveanews.com\/index.php\/2022\/03\/30\/apos-ser-afastado-por-alteracao-nos-exames-cardiacos-zagueiro-revelado-no-flamengo-volta-a-treinar\/"},"wordCount":318,"commentCount":0,"image":{"@id":"https:\/\/www.gaveanews.com\/index.php\/2022\/03\/30\/apos-ser-afastado-por-alteracao-nos-exames-cardiacos-zagueiro-revelado-no-flamengo-volta-a-treinar\/#primaryimage"},"thumbnailUrl":"https:\/\/www.gaveanews.com\/wp-content\/uploads\/Natan-em-acao-pelo-Bragantino.webp","articleSection":["Flamengo"],"inLanguage":"pt-BR","potentialAction":[{"@type":"CommentAction","name":"Comment","target":["https:\/\/www.gaveanews.com\/index.php\/2022\/03\/30\/apos-ser-afastado-por-alteracao-nos-exames-cardiacos-zagueiro-revelado-no-flamengo-volta-a-treinar\/#respond"]}],"copyrightYear":"2022","copyrightHolder":{"@id":"https:\/\/www.gaveanews.com\/#organization"}},{"@type":"WebPage","@id":"https:\/\/www.gaveanews.com\/index.php\/2022\/03\/30\/apos-ser-afastado-por-alteracao-nos-exames-cardiacos-zagueiro-revelado-no-flamengo-volta-a-treinar\/","url":"https:\/\/www.gaveanews.com\/index.php\/2022\/03\/30\/apos-ser-afastado-por-alteracao-nos-exames-cardiacos-zagueiro-revelado-no-flamengo-volta-a-treinar\/","name":"Ap\u00f3s ser afastado por altera\u00e7\u00e3o nos exames card\u00edacos, zagueiro revelado no Flamengo volta a treinar","isPartOf":{"@id":"https:\/\/www.gaveanews.com\/#website"},"primaryImageOfPage":{"@id":"https:\/\/www.gaveanews.com\/index.php\/2022\/03\/30\/apos-ser-afastado-por-alteracao-nos-exames-cardiacos-zagueiro-revelado-no-flamengo-volta-a-treinar\/#primaryimage"},"image":{"@id":"https:\/\/www.gaveanews.com\/index.php\/2022\/03\/30\/apos-ser-afastado-por-alteracao-nos-exames-cardiacos-zagueiro-revelado-no-flamengo-volta-a-treinar\/#primaryimage"},"thumbnailUrl":"https:\/\/www.gaveanews.com\/wp-content\/uploads\/Natan-em-acao-pelo-Bragantino.webp","datePublished":"2022-03-30T03:10:54+00:00","dateModified":"2022-03-30T03:13:04+00:00","author":{"@id":"https:\/\/www.gaveanews.com\/#\/schema\/person\/2ec14f73fb96be2caf28f91afb14749d"},"breadcrumb":{"@id":"https:\/\/www.gaveanews.com\/index.php\/2022\/03\/30\/apos-ser-afastado-por-alteracao-nos-exames-cardiacos-zagueiro-revelado-no-flamengo-volta-a-treinar\/#breadcrumb"},"inLanguage":"pt-BR","potentialAction":[{"@type":"ReadAction","target":["https:\/\/www.gaveanews.com\/index.php\/2022\/03\/30\/apos-ser-afastado-por-alteracao-nos-exames-cardiacos-zagueiro-revelado-no-flamengo-volta-a-treinar\/"]}]},{"@type":"ImageObject","inLanguage":"pt-BR","@id":"https:\/\/www.gaveanews.com\/index.php\/2022\/03\/30\/apos-ser-afastado-por-alteracao-nos-exames-cardiacos-zagueiro-revelado-no-flamengo-volta-a-treinar\/#primaryimage","url":"https:\/\/www.gaveanews.com\/wp-content\/uploads\/Natan-em-acao-pelo-Bragantino.webp","contentUrl":"https:\/\/www.gaveanews.com\/wp-content\/uploads\/Natan-em-acao-pelo-Bragantino.webp","width":1159,"height":758,"caption":"Natan em a\u00e7\u00e3o pelo Bragantino (Foto: Ari Ferreira)"},{"@type":"BreadcrumbList","@id":"https:\/\/www.gaveanews.com\/index.php\/2022\/03\/30\/apos-ser-afastado-por-alteracao-nos-exames-cardiacos-zagueiro-revelado-no-flamengo-volta-a-treinar\/#breadcrumb","itemListElement":[{"@type":"ListItem","position":1,"name":"Home","item":"https:\/\/www.gaveanews.com\/"},{"@type":"ListItem","position":2,"name":"Ap\u00f3s ser afastado por altera\u00e7\u00e3o nos exames card\u00edacos, zagueiro revelado no Flamengo volta a treinar"}]},{"@type":"WebSite","@id":"https:\/\/www.gaveanews.com\/#website","url":"https:\/\/www.gaveanews.com\/","name":"G\u00e1vea News","description":"Veja todas as not\u00edcias sobre o Flamengo: Contrata\u00e7\u00f5es, categorias de base, resultados das partidas, tabela de classifica\u00e7\u00e3o, pr\u00f3ximos jogos!","potentialAction":[{"@type":"SearchAction","target":{"@type":"EntryPoint","urlTemplate":"https:\/\/www.gaveanews.com\/?s={search_term_string}"},"query-input":{"@type":"PropertyValueSpecification","valueRequired":true,"valueName":"search_term_string"}}],"inLanguage":"pt-BR"},{"@type":"Person","@id":"https:\/\/www.gaveanews.com\/#\/schema\/person\/2ec14f73fb96be2caf28f91afb14749d","name":"Equipe G\u00e1vea News","image":{"@type":"ImageObject","inLanguage":"pt-BR","@id":"https:\/\/www.gaveanews.com\/#\/schema\/person\/image\/","url":"https:\/\/secure.gravatar.com\/avatar\/1e1956f1facbffd3f8fa53a326721950116b3b9dc9bd44939c01180fd4a745a9?s=96&d=mm&r=g","contentUrl":"https:\/\/secure.gravatar.com\/avatar\/1e1956f1facbffd3f8fa53a326721950116b3b9dc9bd44939c01180fd4a745a9?s=96&d=mm&r=g","caption":"Equipe G\u00e1vea News"}}]}},"_links":{"self":[{"href":"https:\/\/www.gaveanews.com\/index.php\/wp-json\/wp\/v2\/posts\/79087","targetHints":{"allow":["GET"]}}],"collection":[{"href":"https:\/\/www.gaveanews.com\/index.php\/wp-json\/wp\/v2\/posts"}],"about":[{"href":"https:\/\/www.gaveanews.com\/index.php\/wp-json\/wp\/v2\/types\/post"}],"author":[{"embeddable":true,"href":"https:\/\/www.gaveanews.com\/index.php\/wp-json\/wp\/v2\/users\/1"}],"replies":[{"embeddable":true,"href":"https:\/\/www.gaveanews.com\/index.php\/wp-json\/wp\/v2\/comments?post=79087"}],"version-history":[{"count":0,"href":"https:\/\/www.gaveanews.com\/index.php\/wp-json\/wp\/v2\/posts\/79087\/revisions"}],"wp:featuredmedia":[{"embeddable":true,"href":"https:\/\/www.gaveanews.com\/index.php\/wp-json\/wp\/v2\/media\/64039"}],"wp:attachment":[{"href":"https:\/\/www.gaveanews.com\/index.php\/wp-json\/wp\/v2\/media?parent=79087"}],"wp:term":[{"taxonomy":"category","embeddable":true,"href":"https:\/\/www.gaveanews.com\/index.php\/wp-json\/wp\/v2\/categories?post=79087"},{"taxonomy":"post_tag","embeddable":true,"href":"https:\/\/www.gaveanews.com\/index.php\/wp-json\/wp\/v2\/tags?post=79087"}],"curies":[{"name":"wp","href":"https:\/\/api.w.org\/{rel}","templated":true}]}}