{"id":79097,"date":"2022-03-30T08:49:20","date_gmt":"2022-03-30T11:49:20","guid":{"rendered":"https:\/\/www.gaveanews.com\/?p=79097"},"modified":"2022-03-30T08:49:20","modified_gmt":"2022-03-30T11:49:20","slug":"marinho-se-assombra-com-dimensao-do-flamengo-e-quer-ser-voz-dos-oprimidos","status":"publish","type":"post","link":"https:\/\/www.gaveanews.com\/index.php\/2022\/03\/30\/marinho-se-assombra-com-dimensao-do-flamengo-e-quer-ser-voz-dos-oprimidos\/","title":{"rendered":"Marinho se assombra com dimens\u00e3o do Flamengo e quer ser voz dos oprimidos"},"content":{"rendered":"<p>O alagoano Marinho n\u00e3o \u00e9 de Macei\u00f3. A pedido do atacante do Flamengo, esta reportagem come\u00e7a com uma informa\u00e7\u00e3o que ele pede que seja amplamente divulgada: sua cidade natal \u00e9 Penedo, situada \u00e0s margens do S\u00e3o Francisco e coladinha na divisa com Sergipe:<\/p>\n<p>&#8220;Escreve a\u00ed umas dez vezes que eu sou de Penedo&#8221;.<\/p>\n<p>O vermelho e o preto nunca foram novidade para o jogador, que aprendeu a amar as cores desde que corria atr\u00e1s da bola com os amigos. Por influ\u00eancia do pai, Jos\u00e9 Carlos, ele cresceu sonhando em brilhar no Maracan\u00e3 cheio e com a Na\u00e7\u00e3o a seu lado. Houve um namoro em 2016, mas o casamento aconteceu anos depois. O assombro com o tamanho do clube, ele afirma, \u00e9 grande mesmo para quem sempre foi um torcedor.<\/p>\n<p>&#8220;Al\u00e9m dos jogadores que temos e da dimens\u00e3o do que \u00e9 o Flamengo, entender isso \u00e9 gigantesco. \u00c9 um privil\u00e9gio muito grande. \u00c9 incr\u00edvel ver o que \u00e9 a torcida do Flamengo. Em qualquer cidade s\u00f3 tem flamenguista. Falo pela minha cidade. Meu pai andava com camisa do Flamengo o tempo todo, minha sobrinha mal nasceu e j\u00e1 tinha roupinha. Minha casa respira Flamengo. Realizar esse sonho e estar aqui \u00e9 muito incr\u00edvel. Tudo respira Flamengo no Rio e no Brasil&#8221;, disse ele, em entrevista exclusiva ao UOL Esporte.<\/p>\n<p>&#8220;Viver e respirar isso \u00e9 incr\u00edvel. Paro no sinal e vejo as crian\u00e7as vendendo bala com a camisa do Flamengo. Eu acho muito incr\u00edvel o que o Flamengo representa para quem joga e para o torcedor. Temos de fazer mais do que o m\u00e1ximo. Sentir o torcedor vibrar e cantar nos move. Eu me arrepiei entrando em campo com a torcida no Maracan\u00e3&#8221;, acrescentou.<\/p>\n<p>Conhecido pelo jeito espont\u00e2neo, o camisa 31 demonstra sensibilidade com as dificuldades alheias. Durante sua passagem pelo Santos, foi alvo de racismo e, aos prantos, se posicionou de forma dura. O epis\u00f3dio abriu os olhos do atacante, que entendeu o poder de sua voz e n\u00e3o pretende deixar desamparados aqueles que n\u00e3o podem se manifestar:<\/p>\n<p>&#8220;As pessoas t\u00eam medo de expor algo, muitos falam que \u00e9 s\u00f3 um mimimi. A partir do momento que aconteceu comigo, falei que n\u00e3o tinha como aceitar. Vou ficar batendo de frente com isso. Se quem tem uma voz n\u00e3o se manifestar, vamos deixar quem passa por isso diariamente desprotegido. Se uma pessoa p\u00fablica n\u00e3o se manifesta, nunca vai acabar. Sempre procurei estudar e brigar pelo que acho certo. N\u00e3o \u00e9 s\u00f3 sobre racismo. Tem muito crime sendo cometido por homofobia. Isso machuca e maltrata as pessoas que passam por isso. N\u00e3o \u00e9 bacana. \u00c9 uma das coisas que eu estou junto. O Flamengo est\u00e1 sempre engajado nessas causas tamb\u00e9m, isso nos fortalece para a gente n\u00e3o lutar sozinho. A gente tem oportunidade de ser uma voz ativa para as pessoas que est\u00e3o ocultas e n\u00e3o podem se expor&#8221;, exp\u00f4s.<\/p>\n<p>Famoso pelos memes e o jeito despojado, o rubro-negro disse que refletiu sobre seu comportamento e que as brincadeiras t\u00eam hora. Mais que um cara engra\u00e7ado, ele quer ser reconhecido por outras qualidades.<\/p>\n<p>&#8220;N\u00e3o \u00e9 s\u00f3 meme e um cara engra\u00e7ado, sou um cara inteligente&#8221;, afirmou.<\/p>\n<p>Retirado de: UOL<\/p>\n","protected":false},"excerpt":{"rendered":"<p>O alagoano Marinho n\u00e3o \u00e9 de Macei\u00f3. A pedido do atacante do Flamengo, esta reportagem come\u00e7a com uma informa\u00e7\u00e3o que ele pede que seja amplamente divulgada: sua cidade natal \u00e9 Penedo, situada \u00e0s margens do S\u00e3o Francisco e coladinha na divisa com Sergipe: &#8220;Escreve a\u00ed umas dez vezes que eu sou de Penedo&#8221;. O vermelho [&hellip;]<\/p>\n","protected":false},"author":1,"featured_media":78338,"comment_status":"open","ping_status":"closed","sticky":false,"template":"","format":"standard","meta":{"footnotes":""},"categories":[1],"tags":[],"class_list":["post-79097","post","type-post","status-publish","format-standard","has-post-thumbnail","hentry","category-flamengo"],"yoast_head":"<!-- This site is optimized with the Yoast SEO Premium plugin v24.2 (Yoast SEO v26.9) - https:\/\/yoast.com\/product\/yoast-seo-premium-wordpress\/ -->\n<title>Marinho se assombra com dimens\u00e3o do Flamengo e quer ser voz dos oprimidos<\/title>\n<meta name=\"robots\" content=\"index, follow, max-snippet:-1, max-image-preview:large, max-video-preview:-1\" \/>\n<link rel=\"canonical\" href=\"https:\/\/www.gaveanews.com\/index.php\/2022\/03\/30\/marinho-se-assombra-com-dimensao-do-flamengo-e-quer-ser-voz-dos-oprimidos\/\" \/>\n<meta property=\"og:locale\" content=\"pt_BR\" \/>\n<meta property=\"og:type\" content=\"article\" \/>\n<meta property=\"og:title\" content=\"Marinho se assombra com dimens\u00e3o do Flamengo e quer ser voz dos oprimidos\" \/>\n<meta property=\"og:description\" content=\"O alagoano Marinho n\u00e3o \u00e9 de Macei\u00f3. A pedido do atacante do Flamengo, esta reportagem come\u00e7a com uma informa\u00e7\u00e3o que ele pede que seja amplamente divulgada: sua cidade natal \u00e9 Penedo, situada \u00e0s margens do S\u00e3o Francisco e coladinha na divisa com Sergipe: &#8220;Escreve a\u00ed umas dez vezes que eu sou de Penedo&#8221;. O vermelho [&hellip;]\" \/>\n<meta property=\"og:url\" content=\"https:\/\/www.gaveanews.com\/index.php\/2022\/03\/30\/marinho-se-assombra-com-dimensao-do-flamengo-e-quer-ser-voz-dos-oprimidos\/\" \/>\n<meta property=\"og:site_name\" content=\"G\u00e1vea News\" \/>\n<meta property=\"article:publisher\" content=\"https:\/\/facebook.com\/gaveaNews\/\" \/>\n<meta property=\"article:published_time\" content=\"2022-03-30T11:49:20+00:00\" \/>\n<meta property=\"og:image\" content=\"https:\/\/www.gaveanews.com\/wp-content\/uploads\/Marinho-em-acao-pelo-Flamengo-contra-o-Bangu-no-Maracana.webp\" \/>\n\t<meta property=\"og:image:width\" content=\"800\" \/>\n\t<meta property=\"og:image:height\" content=\"532\" \/>\n\t<meta property=\"og:image:type\" content=\"image\/jpeg\" \/>\n<meta name=\"author\" content=\"Equipe G\u00e1vea News\" \/>\n<meta name=\"twitter:card\" content=\"summary_large_image\" \/>\n<meta name=\"twitter:label1\" content=\"Escrito por\" \/>\n\t<meta name=\"twitter:data1\" content=\"Equipe G\u00e1vea News\" \/>\n\t<meta name=\"twitter:label2\" content=\"Est. tempo de leitura\" \/>\n\t<meta name=\"twitter:data2\" content=\"3 minutos\" \/>\n<script type=\"application\/ld+json\" class=\"yoast-schema-graph\">{\"@context\":\"https:\/\/schema.org\",\"@graph\":[{\"@type\":\"NewsArticle\",\"@id\":\"https:\/\/www.gaveanews.com\/index.php\/2022\/03\/30\/marinho-se-assombra-com-dimensao-do-flamengo-e-quer-ser-voz-dos-oprimidos\/#article\",\"isPartOf\":{\"@id\":\"https:\/\/www.gaveanews.com\/index.php\/2022\/03\/30\/marinho-se-assombra-com-dimensao-do-flamengo-e-quer-ser-voz-dos-oprimidos\/\"},\"author\":{\"name\":\"Equipe G\u00e1vea News\",\"@id\":\"https:\/\/www.gaveanews.com\/#\/schema\/person\/2ec14f73fb96be2caf28f91afb14749d\"},\"headline\":\"Marinho se assombra com dimens\u00e3o do Flamengo e quer ser voz dos oprimidos\",\"datePublished\":\"2022-03-30T11:49:20+00:00\",\"mainEntityOfPage\":{\"@id\":\"https:\/\/www.gaveanews.com\/index.php\/2022\/03\/30\/marinho-se-assombra-com-dimensao-do-flamengo-e-quer-ser-voz-dos-oprimidos\/\"},\"wordCount\":559,\"commentCount\":0,\"image\":{\"@id\":\"https:\/\/www.gaveanews.com\/index.php\/2022\/03\/30\/marinho-se-assombra-com-dimensao-do-flamengo-e-quer-ser-voz-dos-oprimidos\/#primaryimage\"},\"thumbnailUrl\":\"https:\/\/www.gaveanews.com\/wp-content\/uploads\/Marinho-em-acao-pelo-Flamengo-contra-o-Bangu-no-Maracana.webp\",\"articleSection\":[\"Flamengo\"],\"inLanguage\":\"pt-BR\",\"potentialAction\":[{\"@type\":\"CommentAction\",\"name\":\"Comment\",\"target\":[\"https:\/\/www.gaveanews.com\/index.php\/2022\/03\/30\/marinho-se-assombra-com-dimensao-do-flamengo-e-quer-ser-voz-dos-oprimidos\/#respond\"]}],\"copyrightYear\":\"2022\",\"copyrightHolder\":{\"@id\":\"https:\/\/www.gaveanews.com\/#organization\"}},{\"@type\":\"WebPage\",\"@id\":\"https:\/\/www.gaveanews.com\/index.php\/2022\/03\/30\/marinho-se-assombra-com-dimensao-do-flamengo-e-quer-ser-voz-dos-oprimidos\/\",\"url\":\"https:\/\/www.gaveanews.com\/index.php\/2022\/03\/30\/marinho-se-assombra-com-dimensao-do-flamengo-e-quer-ser-voz-dos-oprimidos\/\",\"name\":\"Marinho se assombra com dimens\u00e3o do Flamengo e quer ser voz dos oprimidos\",\"isPartOf\":{\"@id\":\"https:\/\/www.gaveanews.com\/#website\"},\"primaryImageOfPage\":{\"@id\":\"https:\/\/www.gaveanews.com\/index.php\/2022\/03\/30\/marinho-se-assombra-com-dimensao-do-flamengo-e-quer-ser-voz-dos-oprimidos\/#primaryimage\"},\"image\":{\"@id\":\"https:\/\/www.gaveanews.com\/index.php\/2022\/03\/30\/marinho-se-assombra-com-dimensao-do-flamengo-e-quer-ser-voz-dos-oprimidos\/#primaryimage\"},\"thumbnailUrl\":\"https:\/\/www.gaveanews.com\/wp-content\/uploads\/Marinho-em-acao-pelo-Flamengo-contra-o-Bangu-no-Maracana.webp\",\"datePublished\":\"2022-03-30T11:49:20+00:00\",\"author\":{\"@id\":\"https:\/\/www.gaveanews.com\/#\/schema\/person\/2ec14f73fb96be2caf28f91afb14749d\"},\"breadcrumb\":{\"@id\":\"https:\/\/www.gaveanews.com\/index.php\/2022\/03\/30\/marinho-se-assombra-com-dimensao-do-flamengo-e-quer-ser-voz-dos-oprimidos\/#breadcrumb\"},\"inLanguage\":\"pt-BR\",\"potentialAction\":[{\"@type\":\"ReadAction\",\"target\":[\"https:\/\/www.gaveanews.com\/index.php\/2022\/03\/30\/marinho-se-assombra-com-dimensao-do-flamengo-e-quer-ser-voz-dos-oprimidos\/\"]}]},{\"@type\":\"ImageObject\",\"inLanguage\":\"pt-BR\",\"@id\":\"https:\/\/www.gaveanews.com\/index.php\/2022\/03\/30\/marinho-se-assombra-com-dimensao-do-flamengo-e-quer-ser-voz-dos-oprimidos\/#primaryimage\",\"url\":\"https:\/\/www.gaveanews.com\/wp-content\/uploads\/Marinho-em-acao-pelo-Flamengo-contra-o-Bangu-no-Maracana.webp\",\"contentUrl\":\"https:\/\/www.gaveanews.com\/wp-content\/uploads\/Marinho-em-acao-pelo-Flamengo-contra-o-Bangu-no-Maracana.webp\",\"width\":800,\"height\":532,\"caption\":\"Marinho em a\u00e7\u00e3o pelo Flamengo contra o Bangu no Maracan\u00e3 (Foto: Marcelo Cortes\/Flamengo)\"},{\"@type\":\"BreadcrumbList\",\"@id\":\"https:\/\/www.gaveanews.com\/index.php\/2022\/03\/30\/marinho-se-assombra-com-dimensao-do-flamengo-e-quer-ser-voz-dos-oprimidos\/#breadcrumb\",\"itemListElement\":[{\"@type\":\"ListItem\",\"position\":1,\"name\":\"Home\",\"item\":\"https:\/\/www.gaveanews.com\/\"},{\"@type\":\"ListItem\",\"position\":2,\"name\":\"Marinho se assombra com dimens\u00e3o do Flamengo e quer ser voz dos oprimidos\"}]},{\"@type\":\"WebSite\",\"@id\":\"https:\/\/www.gaveanews.com\/#website\",\"url\":\"https:\/\/www.gaveanews.com\/\",\"name\":\"G\u00e1vea News\",\"description\":\"Veja todas as not\u00edcias sobre o Flamengo: Contrata\u00e7\u00f5es, categorias de base, resultados das partidas, tabela de classifica\u00e7\u00e3o, pr\u00f3ximos jogos!\",\"potentialAction\":[{\"@type\":\"SearchAction\",\"target\":{\"@type\":\"EntryPoint\",\"urlTemplate\":\"https:\/\/www.gaveanews.com\/?s={search_term_string}\"},\"query-input\":{\"@type\":\"PropertyValueSpecification\",\"valueRequired\":true,\"valueName\":\"search_term_string\"}}],\"inLanguage\":\"pt-BR\"},{\"@type\":\"Person\",\"@id\":\"https:\/\/www.gaveanews.com\/#\/schema\/person\/2ec14f73fb96be2caf28f91afb14749d\",\"name\":\"Equipe G\u00e1vea News\",\"image\":{\"@type\":\"ImageObject\",\"inLanguage\":\"pt-BR\",\"@id\":\"https:\/\/www.gaveanews.com\/#\/schema\/person\/image\/\",\"url\":\"https:\/\/secure.gravatar.com\/avatar\/1e1956f1facbffd3f8fa53a326721950116b3b9dc9bd44939c01180fd4a745a9?s=96&d=mm&r=g\",\"contentUrl\":\"https:\/\/secure.gravatar.com\/avatar\/1e1956f1facbffd3f8fa53a326721950116b3b9dc9bd44939c01180fd4a745a9?s=96&d=mm&r=g\",\"caption\":\"Equipe G\u00e1vea News\"}}]}<\/script>\n<!-- \/ Yoast SEO Premium plugin. -->","yoast_head_json":{"title":"Marinho se assombra com dimens\u00e3o do Flamengo e quer ser voz dos oprimidos","robots":{"index":"index","follow":"follow","max-snippet":"max-snippet:-1","max-image-preview":"max-image-preview:large","max-video-preview":"max-video-preview:-1"},"canonical":"https:\/\/www.gaveanews.com\/index.php\/2022\/03\/30\/marinho-se-assombra-com-dimensao-do-flamengo-e-quer-ser-voz-dos-oprimidos\/","og_locale":"pt_BR","og_type":"article","og_title":"Marinho se assombra com dimens\u00e3o do Flamengo e quer ser voz dos oprimidos","og_description":"O alagoano Marinho n\u00e3o \u00e9 de Macei\u00f3. A pedido do atacante do Flamengo, esta reportagem come\u00e7a com uma informa\u00e7\u00e3o que ele pede que seja amplamente divulgada: sua cidade natal \u00e9 Penedo, situada \u00e0s margens do S\u00e3o Francisco e coladinha na divisa com Sergipe: &#8220;Escreve a\u00ed umas dez vezes que eu sou de Penedo&#8221;. O vermelho [&hellip;]","og_url":"https:\/\/www.gaveanews.com\/index.php\/2022\/03\/30\/marinho-se-assombra-com-dimensao-do-flamengo-e-quer-ser-voz-dos-oprimidos\/","og_site_name":"G\u00e1vea News","article_publisher":"https:\/\/facebook.com\/gaveaNews\/","article_published_time":"2022-03-30T11:49:20+00:00","og_image":[{"width":800,"height":532,"url":"https:\/\/www.gaveanews.com\/wp-content\/uploads\/Marinho-em-acao-pelo-Flamengo-contra-o-Bangu-no-Maracana.webp","type":"image\/jpeg"}],"author":"Equipe G\u00e1vea News","twitter_card":"summary_large_image","twitter_misc":{"Escrito por":"Equipe G\u00e1vea News","Est. tempo de leitura":"3 minutos"},"schema":{"@context":"https:\/\/schema.org","@graph":[{"@type":"NewsArticle","@id":"https:\/\/www.gaveanews.com\/index.php\/2022\/03\/30\/marinho-se-assombra-com-dimensao-do-flamengo-e-quer-ser-voz-dos-oprimidos\/#article","isPartOf":{"@id":"https:\/\/www.gaveanews.com\/index.php\/2022\/03\/30\/marinho-se-assombra-com-dimensao-do-flamengo-e-quer-ser-voz-dos-oprimidos\/"},"author":{"name":"Equipe G\u00e1vea News","@id":"https:\/\/www.gaveanews.com\/#\/schema\/person\/2ec14f73fb96be2caf28f91afb14749d"},"headline":"Marinho se assombra com dimens\u00e3o do Flamengo e quer ser voz dos oprimidos","datePublished":"2022-03-30T11:49:20+00:00","mainEntityOfPage":{"@id":"https:\/\/www.gaveanews.com\/index.php\/2022\/03\/30\/marinho-se-assombra-com-dimensao-do-flamengo-e-quer-ser-voz-dos-oprimidos\/"},"wordCount":559,"commentCount":0,"image":{"@id":"https:\/\/www.gaveanews.com\/index.php\/2022\/03\/30\/marinho-se-assombra-com-dimensao-do-flamengo-e-quer-ser-voz-dos-oprimidos\/#primaryimage"},"thumbnailUrl":"https:\/\/www.gaveanews.com\/wp-content\/uploads\/Marinho-em-acao-pelo-Flamengo-contra-o-Bangu-no-Maracana.webp","articleSection":["Flamengo"],"inLanguage":"pt-BR","potentialAction":[{"@type":"CommentAction","name":"Comment","target":["https:\/\/www.gaveanews.com\/index.php\/2022\/03\/30\/marinho-se-assombra-com-dimensao-do-flamengo-e-quer-ser-voz-dos-oprimidos\/#respond"]}],"copyrightYear":"2022","copyrightHolder":{"@id":"https:\/\/www.gaveanews.com\/#organization"}},{"@type":"WebPage","@id":"https:\/\/www.gaveanews.com\/index.php\/2022\/03\/30\/marinho-se-assombra-com-dimensao-do-flamengo-e-quer-ser-voz-dos-oprimidos\/","url":"https:\/\/www.gaveanews.com\/index.php\/2022\/03\/30\/marinho-se-assombra-com-dimensao-do-flamengo-e-quer-ser-voz-dos-oprimidos\/","name":"Marinho se assombra com dimens\u00e3o do Flamengo e quer ser voz dos oprimidos","isPartOf":{"@id":"https:\/\/www.gaveanews.com\/#website"},"primaryImageOfPage":{"@id":"https:\/\/www.gaveanews.com\/index.php\/2022\/03\/30\/marinho-se-assombra-com-dimensao-do-flamengo-e-quer-ser-voz-dos-oprimidos\/#primaryimage"},"image":{"@id":"https:\/\/www.gaveanews.com\/index.php\/2022\/03\/30\/marinho-se-assombra-com-dimensao-do-flamengo-e-quer-ser-voz-dos-oprimidos\/#primaryimage"},"thumbnailUrl":"https:\/\/www.gaveanews.com\/wp-content\/uploads\/Marinho-em-acao-pelo-Flamengo-contra-o-Bangu-no-Maracana.webp","datePublished":"2022-03-30T11:49:20+00:00","author":{"@id":"https:\/\/www.gaveanews.com\/#\/schema\/person\/2ec14f73fb96be2caf28f91afb14749d"},"breadcrumb":{"@id":"https:\/\/www.gaveanews.com\/index.php\/2022\/03\/30\/marinho-se-assombra-com-dimensao-do-flamengo-e-quer-ser-voz-dos-oprimidos\/#breadcrumb"},"inLanguage":"pt-BR","potentialAction":[{"@type":"ReadAction","target":["https:\/\/www.gaveanews.com\/index.php\/2022\/03\/30\/marinho-se-assombra-com-dimensao-do-flamengo-e-quer-ser-voz-dos-oprimidos\/"]}]},{"@type":"ImageObject","inLanguage":"pt-BR","@id":"https:\/\/www.gaveanews.com\/index.php\/2022\/03\/30\/marinho-se-assombra-com-dimensao-do-flamengo-e-quer-ser-voz-dos-oprimidos\/#primaryimage","url":"https:\/\/www.gaveanews.com\/wp-content\/uploads\/Marinho-em-acao-pelo-Flamengo-contra-o-Bangu-no-Maracana.webp","contentUrl":"https:\/\/www.gaveanews.com\/wp-content\/uploads\/Marinho-em-acao-pelo-Flamengo-contra-o-Bangu-no-Maracana.webp","width":800,"height":532,"caption":"Marinho em a\u00e7\u00e3o pelo Flamengo contra o Bangu no Maracan\u00e3 (Foto: Marcelo Cortes\/Flamengo)"},{"@type":"BreadcrumbList","@id":"https:\/\/www.gaveanews.com\/index.php\/2022\/03\/30\/marinho-se-assombra-com-dimensao-do-flamengo-e-quer-ser-voz-dos-oprimidos\/#breadcrumb","itemListElement":[{"@type":"ListItem","position":1,"name":"Home","item":"https:\/\/www.gaveanews.com\/"},{"@type":"ListItem","position":2,"name":"Marinho se assombra com dimens\u00e3o do Flamengo e quer ser voz dos oprimidos"}]},{"@type":"WebSite","@id":"https:\/\/www.gaveanews.com\/#website","url":"https:\/\/www.gaveanews.com\/","name":"G\u00e1vea News","description":"Veja todas as not\u00edcias sobre o Flamengo: Contrata\u00e7\u00f5es, categorias de base, resultados das partidas, tabela de classifica\u00e7\u00e3o, pr\u00f3ximos jogos!","potentialAction":[{"@type":"SearchAction","target":{"@type":"EntryPoint","urlTemplate":"https:\/\/www.gaveanews.com\/?s={search_term_string}"},"query-input":{"@type":"PropertyValueSpecification","valueRequired":true,"valueName":"search_term_string"}}],"inLanguage":"pt-BR"},{"@type":"Person","@id":"https:\/\/www.gaveanews.com\/#\/schema\/person\/2ec14f73fb96be2caf28f91afb14749d","name":"Equipe G\u00e1vea News","image":{"@type":"ImageObject","inLanguage":"pt-BR","@id":"https:\/\/www.gaveanews.com\/#\/schema\/person\/image\/","url":"https:\/\/secure.gravatar.com\/avatar\/1e1956f1facbffd3f8fa53a326721950116b3b9dc9bd44939c01180fd4a745a9?s=96&d=mm&r=g","contentUrl":"https:\/\/secure.gravatar.com\/avatar\/1e1956f1facbffd3f8fa53a326721950116b3b9dc9bd44939c01180fd4a745a9?s=96&d=mm&r=g","caption":"Equipe G\u00e1vea News"}}]}},"_links":{"self":[{"href":"https:\/\/www.gaveanews.com\/index.php\/wp-json\/wp\/v2\/posts\/79097","targetHints":{"allow":["GET"]}}],"collection":[{"href":"https:\/\/www.gaveanews.com\/index.php\/wp-json\/wp\/v2\/posts"}],"about":[{"href":"https:\/\/www.gaveanews.com\/index.php\/wp-json\/wp\/v2\/types\/post"}],"author":[{"embeddable":true,"href":"https:\/\/www.gaveanews.com\/index.php\/wp-json\/wp\/v2\/users\/1"}],"replies":[{"embeddable":true,"href":"https:\/\/www.gaveanews.com\/index.php\/wp-json\/wp\/v2\/comments?post=79097"}],"version-history":[{"count":0,"href":"https:\/\/www.gaveanews.com\/index.php\/wp-json\/wp\/v2\/posts\/79097\/revisions"}],"wp:featuredmedia":[{"embeddable":true,"href":"https:\/\/www.gaveanews.com\/index.php\/wp-json\/wp\/v2\/media\/78338"}],"wp:attachment":[{"href":"https:\/\/www.gaveanews.com\/index.php\/wp-json\/wp\/v2\/media?parent=79097"}],"wp:term":[{"taxonomy":"category","embeddable":true,"href":"https:\/\/www.gaveanews.com\/index.php\/wp-json\/wp\/v2\/categories?post=79097"},{"taxonomy":"post_tag","embeddable":true,"href":"https:\/\/www.gaveanews.com\/index.php\/wp-json\/wp\/v2\/tags?post=79097"}],"curies":[{"name":"wp","href":"https:\/\/api.w.org\/{rel}","templated":true}]}}