{"id":79101,"date":"2022-03-30T11:12:17","date_gmt":"2022-03-30T14:12:17","guid":{"rendered":"https:\/\/www.gaveanews.com\/?p=79101"},"modified":"2022-03-30T11:12:17","modified_gmt":"2022-03-30T14:12:17","slug":"antes-da-final-do-carioca-paulo-sousa-manda-recado-para-torcida-do-flamengo","status":"publish","type":"post","link":"https:\/\/www.gaveanews.com\/index.php\/2022\/03\/30\/antes-da-final-do-carioca-paulo-sousa-manda-recado-para-torcida-do-flamengo\/","title":{"rendered":"Antes da final do Carioca, Paulo Sousa manda recado para torcida do Flamengo"},"content":{"rendered":"<p>Nesta noite, o Flamengo entra em campo em seu primeiro confronto pela final do Campeonato Carioca. A partida contar\u00e1 com o mando de campo do Flamengo, o que significa que a maior parte das arquibancadas estar\u00e1 tingida de vermelho e preto pelo mar de flamenguistas presentes.<\/p>\n<p>A ansiedade para o cl\u00e1ssico \u00e9 grande, e os rubro-negros esgotaram os ingressos dispon\u00edveis em pouco mais de um dia de comercializa\u00e7\u00e3o. Sabendo do grande p\u00fablico que ter\u00e1 neste duelo, Paulo Sousa decidiu se manifestar.<\/p>\n<p>Em suas palavras, o treinador n\u00e3o escondeu as dificuldades que a equipe poder\u00e1 encontrar em campo. Por\u00e9m, al\u00e9m disso, ele chamou a responsabilidade e afirmou que far\u00e1 o poss\u00edvel para vencer o confronto, convidando a torcida a participar do cl\u00e1ssico e ser o 12\u00ba jogador, apoiando o time a todo momento.<\/p>\n<h2>Confira a publica\u00e7\u00e3o:<\/h2>\n<blockquote class=\"twitter-tweet\" data-width=\"550\" data-dnt=\"true\">\n<p lang=\"qme\" dir=\"ltr\">\u2764\ufe0f\ud83d\udda4 <a href=\"https:\/\/t.co\/ZwnW3Cix6E\">pic.twitter.com\/ZwnW3Cix6E<\/a><\/p>\n<p>&mdash; Paulo MCD Sousa (@paulomcdsousa) <a href=\"https:\/\/twitter.com\/paulomcdsousa\/status\/1509108417025265669?ref_src=twsrc%5Etfw\">March 30, 2022<\/a><\/p><\/blockquote>\n<p><script async src=\"https:\/\/platform.twitter.com\/widgets.js\" charset=\"utf-8\"><\/script><\/p>\n<p>A bola rola para Flamengo e Fluminense \u00e0s 21h40 (hor\u00e1rio de Bras\u00edlia), no Maracan\u00e3. Contando apenas com seus pr\u00f3prios m\u00e9ritos nesta etapa, nenhuma das equipes come\u00e7ar\u00e1 o jogo com vantagem, e o empate levar\u00e1 a decis\u00e3o para o jogo do final de semana.<\/p>\n","protected":false},"excerpt":{"rendered":"<p>Nesta noite, o Flamengo entra em campo em seu primeiro confronto pela final do Campeonato Carioca. A partida contar\u00e1 com o mando de campo do Flamengo, o que significa que a maior parte das arquibancadas estar\u00e1 tingida de vermelho e preto pelo mar de flamenguistas presentes. A ansiedade para o cl\u00e1ssico \u00e9 grande, e os [&hellip;]<\/p>\n","protected":false},"author":4,"featured_media":78291,"comment_status":"open","ping_status":"closed","sticky":false,"template":"","format":"standard","meta":{"footnotes":""},"categories":[1],"tags":[],"class_list":["post-79101","post","type-post","status-publish","format-standard","has-post-thumbnail","hentry","category-flamengo"],"yoast_head":"<!-- This site is optimized with the Yoast SEO Premium plugin v24.2 (Yoast SEO v26.9) - https:\/\/yoast.com\/product\/yoast-seo-premium-wordpress\/ -->\n<title>Antes da final do Carioca, Paulo Sousa manda recado para torcida do Fla<\/title>\n<meta name=\"robots\" content=\"index, follow, max-snippet:-1, max-image-preview:large, max-video-preview:-1\" \/>\n<link rel=\"canonical\" href=\"https:\/\/www.gaveanews.com\/index.php\/2022\/03\/30\/antes-da-final-do-carioca-paulo-sousa-manda-recado-para-torcida-do-flamengo\/\" \/>\n<meta property=\"og:locale\" content=\"pt_BR\" \/>\n<meta property=\"og:type\" content=\"article\" \/>\n<meta property=\"og:title\" content=\"Antes da final do Carioca, Paulo Sousa manda recado para torcida do Flamengo\" \/>\n<meta property=\"og:description\" content=\"Nesta noite, o Flamengo entra em campo em seu primeiro confronto pela final do Campeonato Carioca. A partida contar\u00e1 com o mando de campo do Flamengo, o que significa que a maior parte das arquibancadas estar\u00e1 tingida de vermelho e preto pelo mar de flamenguistas presentes. A ansiedade para o cl\u00e1ssico \u00e9 grande, e os [&hellip;]\" \/>\n<meta property=\"og:url\" content=\"https:\/\/www.gaveanews.com\/index.php\/2022\/03\/30\/antes-da-final-do-carioca-paulo-sousa-manda-recado-para-torcida-do-flamengo\/\" \/>\n<meta property=\"og:site_name\" content=\"G\u00e1vea News\" \/>\n<meta property=\"article:publisher\" content=\"https:\/\/facebook.com\/gaveaNews\/\" \/>\n<meta property=\"article:published_time\" content=\"2022-03-30T14:12:17+00:00\" \/>\n<meta property=\"og:image\" content=\"https:\/\/www.gaveanews.com\/wp-content\/uploads\/Paulo-Sousa-comanda-o-Flamengo-no-Maracana-pelo-Campeonato-Carioca-2022.webp\" \/>\n\t<meta property=\"og:image:width\" content=\"799\" \/>\n\t<meta property=\"og:image:height\" content=\"533\" \/>\n\t<meta property=\"og:image:type\" content=\"image\/jpeg\" \/>\n<meta name=\"author\" content=\"Let\u00edcia Gerheim\" \/>\n<meta name=\"twitter:card\" content=\"summary_large_image\" \/>\n<meta name=\"twitter:label1\" content=\"Escrito por\" \/>\n\t<meta name=\"twitter:data1\" content=\"Let\u00edcia Gerheim\" \/>\n\t<meta name=\"twitter:label2\" content=\"Est. tempo de leitura\" \/>\n\t<meta name=\"twitter:data2\" content=\"1 minuto\" \/>\n<script type=\"application\/ld+json\" class=\"yoast-schema-graph\">{\"@context\":\"https:\/\/schema.org\",\"@graph\":[{\"@type\":\"NewsArticle\",\"@id\":\"https:\/\/www.gaveanews.com\/index.php\/2022\/03\/30\/antes-da-final-do-carioca-paulo-sousa-manda-recado-para-torcida-do-flamengo\/#article\",\"isPartOf\":{\"@id\":\"https:\/\/www.gaveanews.com\/index.php\/2022\/03\/30\/antes-da-final-do-carioca-paulo-sousa-manda-recado-para-torcida-do-flamengo\/\"},\"author\":{\"name\":\"Let\u00edcia Gerheim\",\"@id\":\"https:\/\/www.gaveanews.com\/#\/schema\/person\/714c67050b836198af2450ba1c142a67\"},\"headline\":\"Antes da final do Carioca, Paulo Sousa manda recado para torcida do Flamengo\",\"datePublished\":\"2022-03-30T14:12:17+00:00\",\"mainEntityOfPage\":{\"@id\":\"https:\/\/www.gaveanews.com\/index.php\/2022\/03\/30\/antes-da-final-do-carioca-paulo-sousa-manda-recado-para-torcida-do-flamengo\/\"},\"wordCount\":216,\"commentCount\":0,\"image\":{\"@id\":\"https:\/\/www.gaveanews.com\/index.php\/2022\/03\/30\/antes-da-final-do-carioca-paulo-sousa-manda-recado-para-torcida-do-flamengo\/#primaryimage\"},\"thumbnailUrl\":\"https:\/\/www.gaveanews.com\/wp-content\/uploads\/Paulo-Sousa-comanda-o-Flamengo-no-Maracana-pelo-Campeonato-Carioca-2022.webp\",\"articleSection\":[\"Flamengo\"],\"inLanguage\":\"pt-BR\",\"potentialAction\":[{\"@type\":\"CommentAction\",\"name\":\"Comment\",\"target\":[\"https:\/\/www.gaveanews.com\/index.php\/2022\/03\/30\/antes-da-final-do-carioca-paulo-sousa-manda-recado-para-torcida-do-flamengo\/#respond\"]}],\"copyrightYear\":\"2022\",\"copyrightHolder\":{\"@id\":\"https:\/\/www.gaveanews.com\/#organization\"}},{\"@type\":\"WebPage\",\"@id\":\"https:\/\/www.gaveanews.com\/index.php\/2022\/03\/30\/antes-da-final-do-carioca-paulo-sousa-manda-recado-para-torcida-do-flamengo\/\",\"url\":\"https:\/\/www.gaveanews.com\/index.php\/2022\/03\/30\/antes-da-final-do-carioca-paulo-sousa-manda-recado-para-torcida-do-flamengo\/\",\"name\":\"Antes da final do Carioca, Paulo Sousa manda recado para torcida do Fla\",\"isPartOf\":{\"@id\":\"https:\/\/www.gaveanews.com\/#website\"},\"primaryImageOfPage\":{\"@id\":\"https:\/\/www.gaveanews.com\/index.php\/2022\/03\/30\/antes-da-final-do-carioca-paulo-sousa-manda-recado-para-torcida-do-flamengo\/#primaryimage\"},\"image\":{\"@id\":\"https:\/\/www.gaveanews.com\/index.php\/2022\/03\/30\/antes-da-final-do-carioca-paulo-sousa-manda-recado-para-torcida-do-flamengo\/#primaryimage\"},\"thumbnailUrl\":\"https:\/\/www.gaveanews.com\/wp-content\/uploads\/Paulo-Sousa-comanda-o-Flamengo-no-Maracana-pelo-Campeonato-Carioca-2022.webp\",\"datePublished\":\"2022-03-30T14:12:17+00:00\",\"author\":{\"@id\":\"https:\/\/www.gaveanews.com\/#\/schema\/person\/714c67050b836198af2450ba1c142a67\"},\"breadcrumb\":{\"@id\":\"https:\/\/www.gaveanews.com\/index.php\/2022\/03\/30\/antes-da-final-do-carioca-paulo-sousa-manda-recado-para-torcida-do-flamengo\/#breadcrumb\"},\"inLanguage\":\"pt-BR\",\"potentialAction\":[{\"@type\":\"ReadAction\",\"target\":[\"https:\/\/www.gaveanews.com\/index.php\/2022\/03\/30\/antes-da-final-do-carioca-paulo-sousa-manda-recado-para-torcida-do-flamengo\/\"]}]},{\"@type\":\"ImageObject\",\"inLanguage\":\"pt-BR\",\"@id\":\"https:\/\/www.gaveanews.com\/index.php\/2022\/03\/30\/antes-da-final-do-carioca-paulo-sousa-manda-recado-para-torcida-do-flamengo\/#primaryimage\",\"url\":\"https:\/\/www.gaveanews.com\/wp-content\/uploads\/Paulo-Sousa-comanda-o-Flamengo-no-Maracana-pelo-Campeonato-Carioca-2022.webp\",\"contentUrl\":\"https:\/\/www.gaveanews.com\/wp-content\/uploads\/Paulo-Sousa-comanda-o-Flamengo-no-Maracana-pelo-Campeonato-Carioca-2022.webp\",\"width\":799,\"height\":533,\"caption\":\"Paulo Sousa comanda o Flamengo no Maracan\u00e3 pelo Campeonato Carioca 2022 (Foto: Gilvan de Souza\/Flamengo)\"},{\"@type\":\"BreadcrumbList\",\"@id\":\"https:\/\/www.gaveanews.com\/index.php\/2022\/03\/30\/antes-da-final-do-carioca-paulo-sousa-manda-recado-para-torcida-do-flamengo\/#breadcrumb\",\"itemListElement\":[{\"@type\":\"ListItem\",\"position\":1,\"name\":\"Home\",\"item\":\"https:\/\/www.gaveanews.com\/\"},{\"@type\":\"ListItem\",\"position\":2,\"name\":\"Antes da final do Carioca, Paulo Sousa manda recado para torcida do Flamengo\"}]},{\"@type\":\"WebSite\",\"@id\":\"https:\/\/www.gaveanews.com\/#website\",\"url\":\"https:\/\/www.gaveanews.com\/\",\"name\":\"G\u00e1vea News\",\"description\":\"Veja todas as not\u00edcias sobre o Flamengo: Contrata\u00e7\u00f5es, categorias de base, resultados das partidas, tabela de classifica\u00e7\u00e3o, pr\u00f3ximos jogos!\",\"potentialAction\":[{\"@type\":\"SearchAction\",\"target\":{\"@type\":\"EntryPoint\",\"urlTemplate\":\"https:\/\/www.gaveanews.com\/?s={search_term_string}\"},\"query-input\":{\"@type\":\"PropertyValueSpecification\",\"valueRequired\":true,\"valueName\":\"search_term_string\"}}],\"inLanguage\":\"pt-BR\"},{\"@type\":\"Person\",\"@id\":\"https:\/\/www.gaveanews.com\/#\/schema\/person\/714c67050b836198af2450ba1c142a67\",\"name\":\"Let\u00edcia Gerheim\",\"image\":{\"@type\":\"ImageObject\",\"inLanguage\":\"pt-BR\",\"@id\":\"https:\/\/www.gaveanews.com\/#\/schema\/person\/image\/\",\"url\":\"https:\/\/secure.gravatar.com\/avatar\/60734739c50fcebfbac509e2a826ccd0ff405c019bc73aab9354f19ecad1dcb4?s=96&d=mm&r=g\",\"contentUrl\":\"https:\/\/secure.gravatar.com\/avatar\/60734739c50fcebfbac509e2a826ccd0ff405c019bc73aab9354f19ecad1dcb4?s=96&d=mm&r=g\",\"caption\":\"Let\u00edcia Gerheim\"}}]}<\/script>\n<!-- \/ Yoast SEO Premium plugin. -->","yoast_head_json":{"title":"Antes da final do Carioca, Paulo Sousa manda recado para torcida do Fla","robots":{"index":"index","follow":"follow","max-snippet":"max-snippet:-1","max-image-preview":"max-image-preview:large","max-video-preview":"max-video-preview:-1"},"canonical":"https:\/\/www.gaveanews.com\/index.php\/2022\/03\/30\/antes-da-final-do-carioca-paulo-sousa-manda-recado-para-torcida-do-flamengo\/","og_locale":"pt_BR","og_type":"article","og_title":"Antes da final do Carioca, Paulo Sousa manda recado para torcida do Flamengo","og_description":"Nesta noite, o Flamengo entra em campo em seu primeiro confronto pela final do Campeonato Carioca. A partida contar\u00e1 com o mando de campo do Flamengo, o que significa que a maior parte das arquibancadas estar\u00e1 tingida de vermelho e preto pelo mar de flamenguistas presentes. A ansiedade para o cl\u00e1ssico \u00e9 grande, e os [&hellip;]","og_url":"https:\/\/www.gaveanews.com\/index.php\/2022\/03\/30\/antes-da-final-do-carioca-paulo-sousa-manda-recado-para-torcida-do-flamengo\/","og_site_name":"G\u00e1vea News","article_publisher":"https:\/\/facebook.com\/gaveaNews\/","article_published_time":"2022-03-30T14:12:17+00:00","og_image":[{"width":799,"height":533,"url":"https:\/\/www.gaveanews.com\/wp-content\/uploads\/Paulo-Sousa-comanda-o-Flamengo-no-Maracana-pelo-Campeonato-Carioca-2022.webp","type":"image\/jpeg"}],"author":"Let\u00edcia Gerheim","twitter_card":"summary_large_image","twitter_misc":{"Escrito por":"Let\u00edcia Gerheim","Est. tempo de leitura":"1 minuto"},"schema":{"@context":"https:\/\/schema.org","@graph":[{"@type":"NewsArticle","@id":"https:\/\/www.gaveanews.com\/index.php\/2022\/03\/30\/antes-da-final-do-carioca-paulo-sousa-manda-recado-para-torcida-do-flamengo\/#article","isPartOf":{"@id":"https:\/\/www.gaveanews.com\/index.php\/2022\/03\/30\/antes-da-final-do-carioca-paulo-sousa-manda-recado-para-torcida-do-flamengo\/"},"author":{"name":"Let\u00edcia Gerheim","@id":"https:\/\/www.gaveanews.com\/#\/schema\/person\/714c67050b836198af2450ba1c142a67"},"headline":"Antes da final do Carioca, Paulo Sousa manda recado para torcida do Flamengo","datePublished":"2022-03-30T14:12:17+00:00","mainEntityOfPage":{"@id":"https:\/\/www.gaveanews.com\/index.php\/2022\/03\/30\/antes-da-final-do-carioca-paulo-sousa-manda-recado-para-torcida-do-flamengo\/"},"wordCount":216,"commentCount":0,"image":{"@id":"https:\/\/www.gaveanews.com\/index.php\/2022\/03\/30\/antes-da-final-do-carioca-paulo-sousa-manda-recado-para-torcida-do-flamengo\/#primaryimage"},"thumbnailUrl":"https:\/\/www.gaveanews.com\/wp-content\/uploads\/Paulo-Sousa-comanda-o-Flamengo-no-Maracana-pelo-Campeonato-Carioca-2022.webp","articleSection":["Flamengo"],"inLanguage":"pt-BR","potentialAction":[{"@type":"CommentAction","name":"Comment","target":["https:\/\/www.gaveanews.com\/index.php\/2022\/03\/30\/antes-da-final-do-carioca-paulo-sousa-manda-recado-para-torcida-do-flamengo\/#respond"]}],"copyrightYear":"2022","copyrightHolder":{"@id":"https:\/\/www.gaveanews.com\/#organization"}},{"@type":"WebPage","@id":"https:\/\/www.gaveanews.com\/index.php\/2022\/03\/30\/antes-da-final-do-carioca-paulo-sousa-manda-recado-para-torcida-do-flamengo\/","url":"https:\/\/www.gaveanews.com\/index.php\/2022\/03\/30\/antes-da-final-do-carioca-paulo-sousa-manda-recado-para-torcida-do-flamengo\/","name":"Antes da final do Carioca, Paulo Sousa manda recado para torcida do Fla","isPartOf":{"@id":"https:\/\/www.gaveanews.com\/#website"},"primaryImageOfPage":{"@id":"https:\/\/www.gaveanews.com\/index.php\/2022\/03\/30\/antes-da-final-do-carioca-paulo-sousa-manda-recado-para-torcida-do-flamengo\/#primaryimage"},"image":{"@id":"https:\/\/www.gaveanews.com\/index.php\/2022\/03\/30\/antes-da-final-do-carioca-paulo-sousa-manda-recado-para-torcida-do-flamengo\/#primaryimage"},"thumbnailUrl":"https:\/\/www.gaveanews.com\/wp-content\/uploads\/Paulo-Sousa-comanda-o-Flamengo-no-Maracana-pelo-Campeonato-Carioca-2022.webp","datePublished":"2022-03-30T14:12:17+00:00","author":{"@id":"https:\/\/www.gaveanews.com\/#\/schema\/person\/714c67050b836198af2450ba1c142a67"},"breadcrumb":{"@id":"https:\/\/www.gaveanews.com\/index.php\/2022\/03\/30\/antes-da-final-do-carioca-paulo-sousa-manda-recado-para-torcida-do-flamengo\/#breadcrumb"},"inLanguage":"pt-BR","potentialAction":[{"@type":"ReadAction","target":["https:\/\/www.gaveanews.com\/index.php\/2022\/03\/30\/antes-da-final-do-carioca-paulo-sousa-manda-recado-para-torcida-do-flamengo\/"]}]},{"@type":"ImageObject","inLanguage":"pt-BR","@id":"https:\/\/www.gaveanews.com\/index.php\/2022\/03\/30\/antes-da-final-do-carioca-paulo-sousa-manda-recado-para-torcida-do-flamengo\/#primaryimage","url":"https:\/\/www.gaveanews.com\/wp-content\/uploads\/Paulo-Sousa-comanda-o-Flamengo-no-Maracana-pelo-Campeonato-Carioca-2022.webp","contentUrl":"https:\/\/www.gaveanews.com\/wp-content\/uploads\/Paulo-Sousa-comanda-o-Flamengo-no-Maracana-pelo-Campeonato-Carioca-2022.webp","width":799,"height":533,"caption":"Paulo Sousa comanda o Flamengo no Maracan\u00e3 pelo Campeonato Carioca 2022 (Foto: Gilvan de Souza\/Flamengo)"},{"@type":"BreadcrumbList","@id":"https:\/\/www.gaveanews.com\/index.php\/2022\/03\/30\/antes-da-final-do-carioca-paulo-sousa-manda-recado-para-torcida-do-flamengo\/#breadcrumb","itemListElement":[{"@type":"ListItem","position":1,"name":"Home","item":"https:\/\/www.gaveanews.com\/"},{"@type":"ListItem","position":2,"name":"Antes da final do Carioca, Paulo Sousa manda recado para torcida do Flamengo"}]},{"@type":"WebSite","@id":"https:\/\/www.gaveanews.com\/#website","url":"https:\/\/www.gaveanews.com\/","name":"G\u00e1vea News","description":"Veja todas as not\u00edcias sobre o Flamengo: Contrata\u00e7\u00f5es, categorias de base, resultados das partidas, tabela de classifica\u00e7\u00e3o, pr\u00f3ximos jogos!","potentialAction":[{"@type":"SearchAction","target":{"@type":"EntryPoint","urlTemplate":"https:\/\/www.gaveanews.com\/?s={search_term_string}"},"query-input":{"@type":"PropertyValueSpecification","valueRequired":true,"valueName":"search_term_string"}}],"inLanguage":"pt-BR"},{"@type":"Person","@id":"https:\/\/www.gaveanews.com\/#\/schema\/person\/714c67050b836198af2450ba1c142a67","name":"Let\u00edcia Gerheim","image":{"@type":"ImageObject","inLanguage":"pt-BR","@id":"https:\/\/www.gaveanews.com\/#\/schema\/person\/image\/","url":"https:\/\/secure.gravatar.com\/avatar\/60734739c50fcebfbac509e2a826ccd0ff405c019bc73aab9354f19ecad1dcb4?s=96&d=mm&r=g","contentUrl":"https:\/\/secure.gravatar.com\/avatar\/60734739c50fcebfbac509e2a826ccd0ff405c019bc73aab9354f19ecad1dcb4?s=96&d=mm&r=g","caption":"Let\u00edcia Gerheim"}}]}},"_links":{"self":[{"href":"https:\/\/www.gaveanews.com\/index.php\/wp-json\/wp\/v2\/posts\/79101","targetHints":{"allow":["GET"]}}],"collection":[{"href":"https:\/\/www.gaveanews.com\/index.php\/wp-json\/wp\/v2\/posts"}],"about":[{"href":"https:\/\/www.gaveanews.com\/index.php\/wp-json\/wp\/v2\/types\/post"}],"author":[{"embeddable":true,"href":"https:\/\/www.gaveanews.com\/index.php\/wp-json\/wp\/v2\/users\/4"}],"replies":[{"embeddable":true,"href":"https:\/\/www.gaveanews.com\/index.php\/wp-json\/wp\/v2\/comments?post=79101"}],"version-history":[{"count":0,"href":"https:\/\/www.gaveanews.com\/index.php\/wp-json\/wp\/v2\/posts\/79101\/revisions"}],"wp:featuredmedia":[{"embeddable":true,"href":"https:\/\/www.gaveanews.com\/index.php\/wp-json\/wp\/v2\/media\/78291"}],"wp:attachment":[{"href":"https:\/\/www.gaveanews.com\/index.php\/wp-json\/wp\/v2\/media?parent=79101"}],"wp:term":[{"taxonomy":"category","embeddable":true,"href":"https:\/\/www.gaveanews.com\/index.php\/wp-json\/wp\/v2\/categories?post=79101"},{"taxonomy":"post_tag","embeddable":true,"href":"https:\/\/www.gaveanews.com\/index.php\/wp-json\/wp\/v2\/tags?post=79101"}],"curies":[{"name":"wp","href":"https:\/\/api.w.org\/{rel}","templated":true}]}}