{"id":79152,"date":"2022-03-30T22:37:37","date_gmt":"2022-03-31T01:37:37","guid":{"rendered":"https:\/\/www.gaveanews.com\/?p=79152"},"modified":"2022-03-30T22:37:37","modified_gmt":"2022-03-31T01:37:37","slug":"declaracao-de-marinho-revolta-torcedores-do-santos","status":"publish","type":"post","link":"https:\/\/www.gaveanews.com\/index.php\/2022\/03\/30\/declaracao-de-marinho-revolta-torcedores-do-santos\/","title":{"rendered":"Declara\u00e7\u00e3o de Marinho revolta torcedores do Santos"},"content":{"rendered":"<p>Ap\u00f3s uma temporada brilhante em 2020, Marinho n\u00e3o conseguiu manter o rendimento no ano passado. Por conta disso, o atacante entendeu que seu ciclo no Santos havia se encerrado, algo que decretou a transfer\u00eancia para o Flamengo.<\/p>\n<p>Sendo assim, o atleta, que j\u00e1 foi eleito Rei da Am\u00e9rica, justificou a mudan\u00e7a de ares com o motivo de querer disputar t\u00edtulos de express\u00e3o, revelando que a diretoria do Peixe n\u00e3o cumpriu uma promessa importante.<\/p>\n<p><em><strong>\u2014 Eu precisava respirar novos ares, l\u00e1 n\u00e3o tinha como almejar t\u00edtulos. Cheguei aqui por tudo que fiz no Santos. Sempre guardei gratid\u00e3o ao Santos. Vim buscar t\u00edtulos no meio de tantos jogadores incr\u00edveis. O Flamengo \u00e9 gigante, lota onde joga. \u00c9 um sonho viver aqui. Me deixaram exposto. Eu me dediquei, abri m\u00e3o de todo dinheiro que o Santos me deve. O Flamengo me comprou. Tive propostas, mas disse que ficava at\u00e9 o fim do Brasileiro. Falaram que iam dar um time para a gente brigar por t\u00edtulo l\u00e1, mas n\u00e3o deram. Eu era o culpado? \u00c9 muito legal estar em clube grande, mas precisa ganhar t\u00edtulo<\/strong><\/em>, disse ao UOL Esporte.<\/p>\n<p>Por conta do seu discurso, Marinho revoltou os torcedores do Santos. Afirmando que o atacante n\u00e3o teve gratid\u00e3o ao clube paulista pela mudan\u00e7a que teve na carreira.<\/p>\n<p>Retirado de: Torcedores<\/p>\n","protected":false},"excerpt":{"rendered":"<p>Ap\u00f3s uma temporada brilhante em 2020, Marinho n\u00e3o conseguiu manter o rendimento no ano passado. Por conta disso, o atacante entendeu que seu ciclo no Santos havia se encerrado, algo que decretou a transfer\u00eancia para o Flamengo. Sendo assim, o atleta, que j\u00e1 foi eleito Rei da Am\u00e9rica, justificou a mudan\u00e7a de ares com o [&hellip;]<\/p>\n","protected":false},"author":1,"featured_media":76064,"comment_status":"open","ping_status":"closed","sticky":false,"template":"","format":"standard","meta":{"footnotes":""},"categories":[1],"tags":[],"class_list":["post-79152","post","type-post","status-publish","format-standard","has-post-thumbnail","hentry","category-flamengo"],"yoast_head":"<!-- This site is optimized with the Yoast SEO Premium plugin v24.2 (Yoast SEO v26.9) - https:\/\/yoast.com\/product\/yoast-seo-premium-wordpress\/ -->\n<title>Declara\u00e7\u00e3o de Marinho revolta torcedores do Santos<\/title>\n<meta name=\"robots\" content=\"index, follow, max-snippet:-1, max-image-preview:large, max-video-preview:-1\" \/>\n<link rel=\"canonical\" href=\"https:\/\/www.gaveanews.com\/index.php\/2022\/03\/30\/declaracao-de-marinho-revolta-torcedores-do-santos\/\" \/>\n<meta property=\"og:locale\" content=\"pt_BR\" \/>\n<meta property=\"og:type\" content=\"article\" \/>\n<meta property=\"og:title\" content=\"Declara\u00e7\u00e3o de Marinho revolta torcedores do Santos\" \/>\n<meta property=\"og:description\" content=\"Ap\u00f3s uma temporada brilhante em 2020, Marinho n\u00e3o conseguiu manter o rendimento no ano passado. Por conta disso, o atacante entendeu que seu ciclo no Santos havia se encerrado, algo que decretou a transfer\u00eancia para o Flamengo. Sendo assim, o atleta, que j\u00e1 foi eleito Rei da Am\u00e9rica, justificou a mudan\u00e7a de ares com o [&hellip;]\" \/>\n<meta property=\"og:url\" content=\"https:\/\/www.gaveanews.com\/index.php\/2022\/03\/30\/declaracao-de-marinho-revolta-torcedores-do-santos\/\" \/>\n<meta property=\"og:site_name\" content=\"G\u00e1vea News\" \/>\n<meta property=\"article:publisher\" content=\"https:\/\/facebook.com\/gaveaNews\/\" \/>\n<meta property=\"article:published_time\" content=\"2022-03-31T01:37:37+00:00\" \/>\n<meta property=\"og:image\" content=\"https:\/\/www.gaveanews.com\/wp-content\/uploads\/Marinho-comemora-seu-primeiro-gol-marcado-pelo-Flamengo.webp\" \/>\n\t<meta property=\"og:image:width\" content=\"2047\" \/>\n\t<meta property=\"og:image:height\" content=\"1365\" \/>\n\t<meta property=\"og:image:type\" content=\"image\/jpeg\" \/>\n<meta name=\"author\" content=\"Equipe G\u00e1vea News\" \/>\n<meta name=\"twitter:card\" content=\"summary_large_image\" \/>\n<meta name=\"twitter:label1\" content=\"Escrito por\" \/>\n\t<meta name=\"twitter:data1\" content=\"Equipe G\u00e1vea News\" \/>\n\t<meta name=\"twitter:label2\" content=\"Est. tempo de leitura\" \/>\n\t<meta name=\"twitter:data2\" content=\"2 minutos\" \/>\n<script type=\"application\/ld+json\" class=\"yoast-schema-graph\">{\"@context\":\"https:\/\/schema.org\",\"@graph\":[{\"@type\":\"NewsArticle\",\"@id\":\"https:\/\/www.gaveanews.com\/index.php\/2022\/03\/30\/declaracao-de-marinho-revolta-torcedores-do-santos\/#article\",\"isPartOf\":{\"@id\":\"https:\/\/www.gaveanews.com\/index.php\/2022\/03\/30\/declaracao-de-marinho-revolta-torcedores-do-santos\/\"},\"author\":{\"name\":\"Equipe G\u00e1vea News\",\"@id\":\"https:\/\/www.gaveanews.com\/#\/schema\/person\/2ec14f73fb96be2caf28f91afb14749d\"},\"headline\":\"Declara\u00e7\u00e3o de Marinho revolta torcedores do Santos\",\"datePublished\":\"2022-03-31T01:37:37+00:00\",\"mainEntityOfPage\":{\"@id\":\"https:\/\/www.gaveanews.com\/index.php\/2022\/03\/30\/declaracao-de-marinho-revolta-torcedores-do-santos\/\"},\"wordCount\":238,\"commentCount\":0,\"image\":{\"@id\":\"https:\/\/www.gaveanews.com\/index.php\/2022\/03\/30\/declaracao-de-marinho-revolta-torcedores-do-santos\/#primaryimage\"},\"thumbnailUrl\":\"https:\/\/www.gaveanews.com\/wp-content\/uploads\/Marinho-comemora-seu-primeiro-gol-marcado-pelo-Flamengo.webp\",\"articleSection\":[\"Flamengo\"],\"inLanguage\":\"pt-BR\",\"potentialAction\":[{\"@type\":\"CommentAction\",\"name\":\"Comment\",\"target\":[\"https:\/\/www.gaveanews.com\/index.php\/2022\/03\/30\/declaracao-de-marinho-revolta-torcedores-do-santos\/#respond\"]}],\"copyrightYear\":\"2022\",\"copyrightHolder\":{\"@id\":\"https:\/\/www.gaveanews.com\/#organization\"}},{\"@type\":\"WebPage\",\"@id\":\"https:\/\/www.gaveanews.com\/index.php\/2022\/03\/30\/declaracao-de-marinho-revolta-torcedores-do-santos\/\",\"url\":\"https:\/\/www.gaveanews.com\/index.php\/2022\/03\/30\/declaracao-de-marinho-revolta-torcedores-do-santos\/\",\"name\":\"Declara\u00e7\u00e3o de Marinho revolta torcedores do Santos\",\"isPartOf\":{\"@id\":\"https:\/\/www.gaveanews.com\/#website\"},\"primaryImageOfPage\":{\"@id\":\"https:\/\/www.gaveanews.com\/index.php\/2022\/03\/30\/declaracao-de-marinho-revolta-torcedores-do-santos\/#primaryimage\"},\"image\":{\"@id\":\"https:\/\/www.gaveanews.com\/index.php\/2022\/03\/30\/declaracao-de-marinho-revolta-torcedores-do-santos\/#primaryimage\"},\"thumbnailUrl\":\"https:\/\/www.gaveanews.com\/wp-content\/uploads\/Marinho-comemora-seu-primeiro-gol-marcado-pelo-Flamengo.webp\",\"datePublished\":\"2022-03-31T01:37:37+00:00\",\"author\":{\"@id\":\"https:\/\/www.gaveanews.com\/#\/schema\/person\/2ec14f73fb96be2caf28f91afb14749d\"},\"breadcrumb\":{\"@id\":\"https:\/\/www.gaveanews.com\/index.php\/2022\/03\/30\/declaracao-de-marinho-revolta-torcedores-do-santos\/#breadcrumb\"},\"inLanguage\":\"pt-BR\",\"potentialAction\":[{\"@type\":\"ReadAction\",\"target\":[\"https:\/\/www.gaveanews.com\/index.php\/2022\/03\/30\/declaracao-de-marinho-revolta-torcedores-do-santos\/\"]}]},{\"@type\":\"ImageObject\",\"inLanguage\":\"pt-BR\",\"@id\":\"https:\/\/www.gaveanews.com\/index.php\/2022\/03\/30\/declaracao-de-marinho-revolta-torcedores-do-santos\/#primaryimage\",\"url\":\"https:\/\/www.gaveanews.com\/wp-content\/uploads\/Marinho-comemora-seu-primeiro-gol-marcado-pelo-Flamengo.webp\",\"contentUrl\":\"https:\/\/www.gaveanews.com\/wp-content\/uploads\/Marinho-comemora-seu-primeiro-gol-marcado-pelo-Flamengo.webp\",\"width\":2047,\"height\":1365,\"caption\":\"Marinho comemora seu primeiro gol marcado pelo Flamengo (Foto: Gilvan de Souza\/Flamengo)\"},{\"@type\":\"BreadcrumbList\",\"@id\":\"https:\/\/www.gaveanews.com\/index.php\/2022\/03\/30\/declaracao-de-marinho-revolta-torcedores-do-santos\/#breadcrumb\",\"itemListElement\":[{\"@type\":\"ListItem\",\"position\":1,\"name\":\"Home\",\"item\":\"https:\/\/www.gaveanews.com\/\"},{\"@type\":\"ListItem\",\"position\":2,\"name\":\"Declara\u00e7\u00e3o de Marinho revolta torcedores do Santos\"}]},{\"@type\":\"WebSite\",\"@id\":\"https:\/\/www.gaveanews.com\/#website\",\"url\":\"https:\/\/www.gaveanews.com\/\",\"name\":\"G\u00e1vea News\",\"description\":\"Veja todas as not\u00edcias sobre o Flamengo: Contrata\u00e7\u00f5es, categorias de base, resultados das partidas, tabela de classifica\u00e7\u00e3o, pr\u00f3ximos jogos!\",\"potentialAction\":[{\"@type\":\"SearchAction\",\"target\":{\"@type\":\"EntryPoint\",\"urlTemplate\":\"https:\/\/www.gaveanews.com\/?s={search_term_string}\"},\"query-input\":{\"@type\":\"PropertyValueSpecification\",\"valueRequired\":true,\"valueName\":\"search_term_string\"}}],\"inLanguage\":\"pt-BR\"},{\"@type\":\"Person\",\"@id\":\"https:\/\/www.gaveanews.com\/#\/schema\/person\/2ec14f73fb96be2caf28f91afb14749d\",\"name\":\"Equipe G\u00e1vea News\",\"image\":{\"@type\":\"ImageObject\",\"inLanguage\":\"pt-BR\",\"@id\":\"https:\/\/www.gaveanews.com\/#\/schema\/person\/image\/\",\"url\":\"https:\/\/secure.gravatar.com\/avatar\/1e1956f1facbffd3f8fa53a326721950116b3b9dc9bd44939c01180fd4a745a9?s=96&d=mm&r=g\",\"contentUrl\":\"https:\/\/secure.gravatar.com\/avatar\/1e1956f1facbffd3f8fa53a326721950116b3b9dc9bd44939c01180fd4a745a9?s=96&d=mm&r=g\",\"caption\":\"Equipe G\u00e1vea News\"}}]}<\/script>\n<!-- \/ Yoast SEO Premium plugin. -->","yoast_head_json":{"title":"Declara\u00e7\u00e3o de Marinho revolta torcedores do Santos","robots":{"index":"index","follow":"follow","max-snippet":"max-snippet:-1","max-image-preview":"max-image-preview:large","max-video-preview":"max-video-preview:-1"},"canonical":"https:\/\/www.gaveanews.com\/index.php\/2022\/03\/30\/declaracao-de-marinho-revolta-torcedores-do-santos\/","og_locale":"pt_BR","og_type":"article","og_title":"Declara\u00e7\u00e3o de Marinho revolta torcedores do Santos","og_description":"Ap\u00f3s uma temporada brilhante em 2020, Marinho n\u00e3o conseguiu manter o rendimento no ano passado. Por conta disso, o atacante entendeu que seu ciclo no Santos havia se encerrado, algo que decretou a transfer\u00eancia para o Flamengo. Sendo assim, o atleta, que j\u00e1 foi eleito Rei da Am\u00e9rica, justificou a mudan\u00e7a de ares com o [&hellip;]","og_url":"https:\/\/www.gaveanews.com\/index.php\/2022\/03\/30\/declaracao-de-marinho-revolta-torcedores-do-santos\/","og_site_name":"G\u00e1vea News","article_publisher":"https:\/\/facebook.com\/gaveaNews\/","article_published_time":"2022-03-31T01:37:37+00:00","og_image":[{"width":2047,"height":1365,"url":"https:\/\/www.gaveanews.com\/wp-content\/uploads\/Marinho-comemora-seu-primeiro-gol-marcado-pelo-Flamengo.webp","type":"image\/jpeg"}],"author":"Equipe G\u00e1vea News","twitter_card":"summary_large_image","twitter_misc":{"Escrito por":"Equipe G\u00e1vea News","Est. tempo de leitura":"2 minutos"},"schema":{"@context":"https:\/\/schema.org","@graph":[{"@type":"NewsArticle","@id":"https:\/\/www.gaveanews.com\/index.php\/2022\/03\/30\/declaracao-de-marinho-revolta-torcedores-do-santos\/#article","isPartOf":{"@id":"https:\/\/www.gaveanews.com\/index.php\/2022\/03\/30\/declaracao-de-marinho-revolta-torcedores-do-santos\/"},"author":{"name":"Equipe G\u00e1vea News","@id":"https:\/\/www.gaveanews.com\/#\/schema\/person\/2ec14f73fb96be2caf28f91afb14749d"},"headline":"Declara\u00e7\u00e3o de Marinho revolta torcedores do Santos","datePublished":"2022-03-31T01:37:37+00:00","mainEntityOfPage":{"@id":"https:\/\/www.gaveanews.com\/index.php\/2022\/03\/30\/declaracao-de-marinho-revolta-torcedores-do-santos\/"},"wordCount":238,"commentCount":0,"image":{"@id":"https:\/\/www.gaveanews.com\/index.php\/2022\/03\/30\/declaracao-de-marinho-revolta-torcedores-do-santos\/#primaryimage"},"thumbnailUrl":"https:\/\/www.gaveanews.com\/wp-content\/uploads\/Marinho-comemora-seu-primeiro-gol-marcado-pelo-Flamengo.webp","articleSection":["Flamengo"],"inLanguage":"pt-BR","potentialAction":[{"@type":"CommentAction","name":"Comment","target":["https:\/\/www.gaveanews.com\/index.php\/2022\/03\/30\/declaracao-de-marinho-revolta-torcedores-do-santos\/#respond"]}],"copyrightYear":"2022","copyrightHolder":{"@id":"https:\/\/www.gaveanews.com\/#organization"}},{"@type":"WebPage","@id":"https:\/\/www.gaveanews.com\/index.php\/2022\/03\/30\/declaracao-de-marinho-revolta-torcedores-do-santos\/","url":"https:\/\/www.gaveanews.com\/index.php\/2022\/03\/30\/declaracao-de-marinho-revolta-torcedores-do-santos\/","name":"Declara\u00e7\u00e3o de Marinho revolta torcedores do Santos","isPartOf":{"@id":"https:\/\/www.gaveanews.com\/#website"},"primaryImageOfPage":{"@id":"https:\/\/www.gaveanews.com\/index.php\/2022\/03\/30\/declaracao-de-marinho-revolta-torcedores-do-santos\/#primaryimage"},"image":{"@id":"https:\/\/www.gaveanews.com\/index.php\/2022\/03\/30\/declaracao-de-marinho-revolta-torcedores-do-santos\/#primaryimage"},"thumbnailUrl":"https:\/\/www.gaveanews.com\/wp-content\/uploads\/Marinho-comemora-seu-primeiro-gol-marcado-pelo-Flamengo.webp","datePublished":"2022-03-31T01:37:37+00:00","author":{"@id":"https:\/\/www.gaveanews.com\/#\/schema\/person\/2ec14f73fb96be2caf28f91afb14749d"},"breadcrumb":{"@id":"https:\/\/www.gaveanews.com\/index.php\/2022\/03\/30\/declaracao-de-marinho-revolta-torcedores-do-santos\/#breadcrumb"},"inLanguage":"pt-BR","potentialAction":[{"@type":"ReadAction","target":["https:\/\/www.gaveanews.com\/index.php\/2022\/03\/30\/declaracao-de-marinho-revolta-torcedores-do-santos\/"]}]},{"@type":"ImageObject","inLanguage":"pt-BR","@id":"https:\/\/www.gaveanews.com\/index.php\/2022\/03\/30\/declaracao-de-marinho-revolta-torcedores-do-santos\/#primaryimage","url":"https:\/\/www.gaveanews.com\/wp-content\/uploads\/Marinho-comemora-seu-primeiro-gol-marcado-pelo-Flamengo.webp","contentUrl":"https:\/\/www.gaveanews.com\/wp-content\/uploads\/Marinho-comemora-seu-primeiro-gol-marcado-pelo-Flamengo.webp","width":2047,"height":1365,"caption":"Marinho comemora seu primeiro gol marcado pelo Flamengo (Foto: Gilvan de Souza\/Flamengo)"},{"@type":"BreadcrumbList","@id":"https:\/\/www.gaveanews.com\/index.php\/2022\/03\/30\/declaracao-de-marinho-revolta-torcedores-do-santos\/#breadcrumb","itemListElement":[{"@type":"ListItem","position":1,"name":"Home","item":"https:\/\/www.gaveanews.com\/"},{"@type":"ListItem","position":2,"name":"Declara\u00e7\u00e3o de Marinho revolta torcedores do Santos"}]},{"@type":"WebSite","@id":"https:\/\/www.gaveanews.com\/#website","url":"https:\/\/www.gaveanews.com\/","name":"G\u00e1vea News","description":"Veja todas as not\u00edcias sobre o Flamengo: Contrata\u00e7\u00f5es, categorias de base, resultados das partidas, tabela de classifica\u00e7\u00e3o, pr\u00f3ximos jogos!","potentialAction":[{"@type":"SearchAction","target":{"@type":"EntryPoint","urlTemplate":"https:\/\/www.gaveanews.com\/?s={search_term_string}"},"query-input":{"@type":"PropertyValueSpecification","valueRequired":true,"valueName":"search_term_string"}}],"inLanguage":"pt-BR"},{"@type":"Person","@id":"https:\/\/www.gaveanews.com\/#\/schema\/person\/2ec14f73fb96be2caf28f91afb14749d","name":"Equipe G\u00e1vea News","image":{"@type":"ImageObject","inLanguage":"pt-BR","@id":"https:\/\/www.gaveanews.com\/#\/schema\/person\/image\/","url":"https:\/\/secure.gravatar.com\/avatar\/1e1956f1facbffd3f8fa53a326721950116b3b9dc9bd44939c01180fd4a745a9?s=96&d=mm&r=g","contentUrl":"https:\/\/secure.gravatar.com\/avatar\/1e1956f1facbffd3f8fa53a326721950116b3b9dc9bd44939c01180fd4a745a9?s=96&d=mm&r=g","caption":"Equipe G\u00e1vea News"}}]}},"_links":{"self":[{"href":"https:\/\/www.gaveanews.com\/index.php\/wp-json\/wp\/v2\/posts\/79152","targetHints":{"allow":["GET"]}}],"collection":[{"href":"https:\/\/www.gaveanews.com\/index.php\/wp-json\/wp\/v2\/posts"}],"about":[{"href":"https:\/\/www.gaveanews.com\/index.php\/wp-json\/wp\/v2\/types\/post"}],"author":[{"embeddable":true,"href":"https:\/\/www.gaveanews.com\/index.php\/wp-json\/wp\/v2\/users\/1"}],"replies":[{"embeddable":true,"href":"https:\/\/www.gaveanews.com\/index.php\/wp-json\/wp\/v2\/comments?post=79152"}],"version-history":[{"count":0,"href":"https:\/\/www.gaveanews.com\/index.php\/wp-json\/wp\/v2\/posts\/79152\/revisions"}],"wp:featuredmedia":[{"embeddable":true,"href":"https:\/\/www.gaveanews.com\/index.php\/wp-json\/wp\/v2\/media\/76064"}],"wp:attachment":[{"href":"https:\/\/www.gaveanews.com\/index.php\/wp-json\/wp\/v2\/media?parent=79152"}],"wp:term":[{"taxonomy":"category","embeddable":true,"href":"https:\/\/www.gaveanews.com\/index.php\/wp-json\/wp\/v2\/categories?post=79152"},{"taxonomy":"post_tag","embeddable":true,"href":"https:\/\/www.gaveanews.com\/index.php\/wp-json\/wp\/v2\/tags?post=79152"}],"curies":[{"name":"wp","href":"https:\/\/api.w.org\/{rel}","templated":true}]}}