{"id":79183,"date":"2022-03-31T09:48:39","date_gmt":"2022-03-31T12:48:39","guid":{"rendered":"https:\/\/www.gaveanews.com\/?p=79183"},"modified":"2022-03-31T09:48:39","modified_gmt":"2022-03-31T12:48:39","slug":"torcedores-do-flamengo-se-irritam-com-declaracao-de-braz-apos-derrota","status":"publish","type":"post","link":"https:\/\/www.gaveanews.com\/index.php\/2022\/03\/31\/torcedores-do-flamengo-se-irritam-com-declaracao-de-braz-apos-derrota\/","title":{"rendered":"Torcedores do Flamengo se irritam com declara\u00e7\u00e3o de Braz ap\u00f3s derrota"},"content":{"rendered":"<p>O Flamengo caminha a passos largos a mais uma final frustrada neste come\u00e7o de temporada. A equipe perdeu o jogo de ida da final do Carioca por 2 a 0 para o Fluminense na \u00faltima quarta-feira e agora precisa correr atr\u00e1s de um grande preju\u00edzo para virar o jogo.<\/p>\n<p>Apesar da dist\u00e2ncia no placar e a necessidade de fazer tr\u00eas gols para vencer no tempo regulamentar, Marcos Braz acredita que o elenco \u00e9 capaz de trazer o resultado necess\u00e1rio e precisa ter tranquilidade para mudar o cen\u00e1rio do confronto.<\/p>\n<p><strong><em>\u2014 A quest\u00e3o n\u00e3o \u00e9 cobran\u00e7a. Ainda tem o outro jogo. Os jogadores tamb\u00e9m est\u00e3o chateados. N\u00e3o \u00e9 o resultado que se imaginava. Tem mais 90 minutos. Tem que ter calma e tranquilidade dentro do poss\u00edvel, sem ficar na in\u00e9rcia. O Flamengo tem total capacidade de reverter.<\/em><\/strong><\/p>\n<p>A fala de Braz, no entanto, incomodou a muitos. Ap\u00f3s ouvirem a declara\u00e7\u00e3o do dirigente, diversos internautas demonstraram sua indigna\u00e7\u00e3o com o VP de futebol e com a atual gest\u00e3o do clube.<\/p>\n<h2>Confira algumas rea\u00e7\u00f5es:<\/h2>\n<blockquote class=\"twitter-tweet\" data-width=\"550\" data-dnt=\"true\">\n<p lang=\"pt\" dir=\"ltr\">Enquanto esse cara n\u00e3o sair do Flamengo, a gente n\u00e3o vai pra frente nunca. Ele ter continuado no clube depois do que fez e 2021, \u00e9 crime.<\/p>\n<p>&mdash; \ud835\ude45\u00d8\ud835\ude4f\ud835\ude3c\u1d9c\u02b3\u1da0 (@eijoaovictor7) <a href=\"https:\/\/twitter.com\/eijoaovictor7\/status\/1509371098957295623?ref_src=twsrc%5Etfw\">March 31, 2022<\/a><\/p><\/blockquote>\n<p><script async src=\"https:\/\/platform.twitter.com\/widgets.js\" charset=\"utf-8\"><\/script><\/p>\n<blockquote class=\"twitter-tweet\" data-conversation=\"none\">\n<p dir=\"ltr\" lang=\"pt\">N\u00e3o tem como haver tranquilidade quando se tem um dirigente cego, burro e amig\u00e3o de jogador pereba como esse. Tranquilidade \u00e9 a cara dele. Vamos come\u00e7ar a viver uma fase dif\u00edcil agora, sem t\u00edtulos, sem alegrias, sem nem a imposi\u00e7\u00e3o em um dos nossos rivais, at\u00e9 isso perdemos.<\/p>\n<p>\u2014 Fla Spirit (@cristia87984054) <a href=\"https:\/\/twitter.com\/cristia87984054\/status\/1509404105004965889?ref_src=twsrc%5Etfw\">March 31, 2022<\/a><\/p><\/blockquote>\n<blockquote class=\"twitter-tweet\" data-conversation=\"none\">\n<p dir=\"ltr\" lang=\"pt\">Rodolfo Landim presidente do conselho da Petrobras. Marcos Braz, vereador no Rio de Janeiro. As coisas no Flamengo j\u00e1 come\u00e7am errado por a\u00ed, sempre \u00e9 bom lembrar.<\/p>\n<p>\u2014 Lzin \u1d9c\u02b3\u1da0 (@LzinCrf) <a href=\"https:\/\/twitter.com\/LzinCrf\/status\/1509372296951214081?ref_src=twsrc%5Etfw\">March 31, 2022<\/a><\/p><\/blockquote>\n<blockquote class=\"twitter-tweet\" data-conversation=\"none\">\n<p dir=\"ltr\" lang=\"pt\">Momento \u00e9 de &#8220;tranquilidade&#8221;. H\u00e1 quanto tempi essa porcaria de dirigente s\u00f3 fala e faz isso, bicho? J\u00e1 deu, Braz! O ac\u00famulo de merdas feitas por esse cara \u00e0 frente do futebol do Flamengo nos fez chegar a esse momento e certamente nos far\u00e1 chegar \u00e0s + terr\u00edveis humilha\u00e7\u00f5es. FORA!!<\/p>\n<p>\u2014 Van Basten \u1d9c\u02b3\u1da0 (@Mutallity) <a href=\"https:\/\/twitter.com\/Mutallity\/status\/1509395409835331585?ref_src=twsrc%5Etfw\">March 31, 2022<\/a><\/p><\/blockquote>\n<blockquote class=\"twitter-tweet\" data-conversation=\"none\">\n<p dir=\"ltr\" lang=\"pt\">Sejam humildes e entendam que o Flamengo n\u00e3o \u00e9 mais a prioridade de vcs. Bons jogadores s\u00e3o vendidos. Jogadores ruins s\u00e3o trazidos. jogadores em fim de carreira tem o contrato renovado. Bombas n\u00e3o s\u00e3o vendidas. Panela de 2019 n\u00e3o \u00e9 cobrada e boicota t\u00e9cnicos.<\/p>\n<p>\u2014 HIST\u00d3RIAS DE ROMA (@aulusmetelus) <a href=\"https:\/\/twitter.com\/aulusmetelus\/status\/1509376094696312833?ref_src=twsrc%5Etfw\">March 31, 2022<\/a><\/p><\/blockquote>\n<blockquote class=\"twitter-tweet\" data-conversation=\"none\">\n<p dir=\"ltr\" lang=\"pt\">Cara vc est\u00e1 vivendo em outra realidade , que lun\u00e1tico, s\u00f3 atrapalha o futebol do Flamengo, n\u00e3o ajuda em nada e com certeza n\u00e3o ser\u00e1 reeleito.<\/p>\n<p>\u2014 Mario (@mskornicki) <a href=\"https:\/\/twitter.com\/mskornicki\/status\/1509372949979181059?ref_src=twsrc%5Etfw\">March 31, 2022<\/a><\/p><\/blockquote>\n<blockquote class=\"twitter-tweet\" data-conversation=\"none\">\n<p dir=\"ltr\" lang=\"pt\">Essa cara tem q meter o p\u00e9 do Flamengo, enqto h\u00e1 tempo&#8230; A decad\u00eancia s\u00f3 est\u00e1 come\u00e7ando, infelizmente.<\/p>\n<p>\u2014 Mario Costa (@mariocosta21) <a href=\"https:\/\/twitter.com\/mariocosta21\/status\/1509372401208987655?ref_src=twsrc%5Etfw\">March 31, 2022<\/a><\/p><\/blockquote>\n<p>&nbsp;<\/p>\n","protected":false},"excerpt":{"rendered":"<p>O Flamengo caminha a passos largos a mais uma final frustrada neste come\u00e7o de temporada. A equipe perdeu o jogo de ida da final do Carioca por 2 a 0 para o Fluminense na \u00faltima quarta-feira e agora precisa correr atr\u00e1s de um grande preju\u00edzo para virar o jogo. Apesar da dist\u00e2ncia no placar e [&hellip;]<\/p>\n","protected":false},"author":4,"featured_media":78521,"comment_status":"open","ping_status":"closed","sticky":false,"template":"","format":"standard","meta":{"footnotes":""},"categories":[1],"tags":[],"class_list":["post-79183","post","type-post","status-publish","format-standard","has-post-thumbnail","hentry","category-flamengo"],"yoast_head":"<!-- This site is optimized with the Yoast SEO Premium plugin v24.2 (Yoast SEO v26.9) - https:\/\/yoast.com\/product\/yoast-seo-premium-wordpress\/ -->\n<title>Torcedores do Flamengo se irritam com declara\u00e7\u00e3o de Braz ap\u00f3s derrota<\/title>\n<meta name=\"robots\" content=\"index, follow, max-snippet:-1, max-image-preview:large, max-video-preview:-1\" \/>\n<link rel=\"canonical\" href=\"https:\/\/www.gaveanews.com\/index.php\/2022\/03\/31\/torcedores-do-flamengo-se-irritam-com-declaracao-de-braz-apos-derrota\/\" \/>\n<meta property=\"og:locale\" content=\"pt_BR\" \/>\n<meta property=\"og:type\" content=\"article\" \/>\n<meta property=\"og:title\" content=\"Torcedores do Flamengo se irritam com declara\u00e7\u00e3o de Braz ap\u00f3s derrota\" \/>\n<meta property=\"og:description\" content=\"O Flamengo caminha a passos largos a mais uma final frustrada neste come\u00e7o de temporada. A equipe perdeu o jogo de ida da final do Carioca por 2 a 0 para o Fluminense na \u00faltima quarta-feira e agora precisa correr atr\u00e1s de um grande preju\u00edzo para virar o jogo. Apesar da dist\u00e2ncia no placar e [&hellip;]\" \/>\n<meta property=\"og:url\" content=\"https:\/\/www.gaveanews.com\/index.php\/2022\/03\/31\/torcedores-do-flamengo-se-irritam-com-declaracao-de-braz-apos-derrota\/\" \/>\n<meta property=\"og:site_name\" content=\"G\u00e1vea News\" \/>\n<meta property=\"article:publisher\" content=\"https:\/\/facebook.com\/gaveaNews\/\" \/>\n<meta property=\"article:published_time\" content=\"2022-03-31T12:48:39+00:00\" \/>\n<meta property=\"og:image\" content=\"https:\/\/www.gaveanews.com\/wp-content\/uploads\/Marcos-Braz-em-entrevista-coletiva-do-Flamengo-no-Ninho-do-Urubu.webp\" \/>\n\t<meta property=\"og:image:width\" content=\"799\" \/>\n\t<meta property=\"og:image:height\" content=\"533\" \/>\n\t<meta property=\"og:image:type\" content=\"image\/jpeg\" \/>\n<meta name=\"author\" content=\"Let\u00edcia Gerheim\" \/>\n<meta name=\"twitter:card\" content=\"summary_large_image\" \/>\n<meta name=\"twitter:label1\" content=\"Escrito por\" \/>\n\t<meta name=\"twitter:data1\" content=\"Let\u00edcia Gerheim\" \/>\n\t<meta name=\"twitter:label2\" content=\"Est. tempo de leitura\" \/>\n\t<meta name=\"twitter:data2\" content=\"3 minutos\" \/>\n<script type=\"application\/ld+json\" class=\"yoast-schema-graph\">{\"@context\":\"https:\/\/schema.org\",\"@graph\":[{\"@type\":\"NewsArticle\",\"@id\":\"https:\/\/www.gaveanews.com\/index.php\/2022\/03\/31\/torcedores-do-flamengo-se-irritam-com-declaracao-de-braz-apos-derrota\/#article\",\"isPartOf\":{\"@id\":\"https:\/\/www.gaveanews.com\/index.php\/2022\/03\/31\/torcedores-do-flamengo-se-irritam-com-declaracao-de-braz-apos-derrota\/\"},\"author\":{\"name\":\"Let\u00edcia Gerheim\",\"@id\":\"https:\/\/www.gaveanews.com\/#\/schema\/person\/714c67050b836198af2450ba1c142a67\"},\"headline\":\"Torcedores do Flamengo se irritam com declara\u00e7\u00e3o de Braz ap\u00f3s derrota\",\"datePublished\":\"2022-03-31T12:48:39+00:00\",\"mainEntityOfPage\":{\"@id\":\"https:\/\/www.gaveanews.com\/index.php\/2022\/03\/31\/torcedores-do-flamengo-se-irritam-com-declaracao-de-braz-apos-derrota\/\"},\"wordCount\":461,\"commentCount\":0,\"image\":{\"@id\":\"https:\/\/www.gaveanews.com\/index.php\/2022\/03\/31\/torcedores-do-flamengo-se-irritam-com-declaracao-de-braz-apos-derrota\/#primaryimage\"},\"thumbnailUrl\":\"https:\/\/www.gaveanews.com\/wp-content\/uploads\/Marcos-Braz-em-entrevista-coletiva-do-Flamengo-no-Ninho-do-Urubu.webp\",\"articleSection\":[\"Flamengo\"],\"inLanguage\":\"pt-BR\",\"potentialAction\":[{\"@type\":\"CommentAction\",\"name\":\"Comment\",\"target\":[\"https:\/\/www.gaveanews.com\/index.php\/2022\/03\/31\/torcedores-do-flamengo-se-irritam-com-declaracao-de-braz-apos-derrota\/#respond\"]}],\"copyrightYear\":\"2022\",\"copyrightHolder\":{\"@id\":\"https:\/\/www.gaveanews.com\/#organization\"}},{\"@type\":\"WebPage\",\"@id\":\"https:\/\/www.gaveanews.com\/index.php\/2022\/03\/31\/torcedores-do-flamengo-se-irritam-com-declaracao-de-braz-apos-derrota\/\",\"url\":\"https:\/\/www.gaveanews.com\/index.php\/2022\/03\/31\/torcedores-do-flamengo-se-irritam-com-declaracao-de-braz-apos-derrota\/\",\"name\":\"Torcedores do Flamengo se irritam com declara\u00e7\u00e3o de Braz ap\u00f3s derrota\",\"isPartOf\":{\"@id\":\"https:\/\/www.gaveanews.com\/#website\"},\"primaryImageOfPage\":{\"@id\":\"https:\/\/www.gaveanews.com\/index.php\/2022\/03\/31\/torcedores-do-flamengo-se-irritam-com-declaracao-de-braz-apos-derrota\/#primaryimage\"},\"image\":{\"@id\":\"https:\/\/www.gaveanews.com\/index.php\/2022\/03\/31\/torcedores-do-flamengo-se-irritam-com-declaracao-de-braz-apos-derrota\/#primaryimage\"},\"thumbnailUrl\":\"https:\/\/www.gaveanews.com\/wp-content\/uploads\/Marcos-Braz-em-entrevista-coletiva-do-Flamengo-no-Ninho-do-Urubu.webp\",\"datePublished\":\"2022-03-31T12:48:39+00:00\",\"author\":{\"@id\":\"https:\/\/www.gaveanews.com\/#\/schema\/person\/714c67050b836198af2450ba1c142a67\"},\"breadcrumb\":{\"@id\":\"https:\/\/www.gaveanews.com\/index.php\/2022\/03\/31\/torcedores-do-flamengo-se-irritam-com-declaracao-de-braz-apos-derrota\/#breadcrumb\"},\"inLanguage\":\"pt-BR\",\"potentialAction\":[{\"@type\":\"ReadAction\",\"target\":[\"https:\/\/www.gaveanews.com\/index.php\/2022\/03\/31\/torcedores-do-flamengo-se-irritam-com-declaracao-de-braz-apos-derrota\/\"]}]},{\"@type\":\"ImageObject\",\"inLanguage\":\"pt-BR\",\"@id\":\"https:\/\/www.gaveanews.com\/index.php\/2022\/03\/31\/torcedores-do-flamengo-se-irritam-com-declaracao-de-braz-apos-derrota\/#primaryimage\",\"url\":\"https:\/\/www.gaveanews.com\/wp-content\/uploads\/Marcos-Braz-em-entrevista-coletiva-do-Flamengo-no-Ninho-do-Urubu.webp\",\"contentUrl\":\"https:\/\/www.gaveanews.com\/wp-content\/uploads\/Marcos-Braz-em-entrevista-coletiva-do-Flamengo-no-Ninho-do-Urubu.webp\",\"width\":799,\"height\":533,\"caption\":\"Marcos Braz em entrevista coletiva do Flamengo no Ninho do Urubu (Foto: Gilvan de Souza\/Flamengo)\"},{\"@type\":\"BreadcrumbList\",\"@id\":\"https:\/\/www.gaveanews.com\/index.php\/2022\/03\/31\/torcedores-do-flamengo-se-irritam-com-declaracao-de-braz-apos-derrota\/#breadcrumb\",\"itemListElement\":[{\"@type\":\"ListItem\",\"position\":1,\"name\":\"Home\",\"item\":\"https:\/\/www.gaveanews.com\/\"},{\"@type\":\"ListItem\",\"position\":2,\"name\":\"Torcedores do Flamengo se irritam com declara\u00e7\u00e3o de Braz ap\u00f3s derrota\"}]},{\"@type\":\"WebSite\",\"@id\":\"https:\/\/www.gaveanews.com\/#website\",\"url\":\"https:\/\/www.gaveanews.com\/\",\"name\":\"G\u00e1vea News\",\"description\":\"Veja todas as not\u00edcias sobre o Flamengo: Contrata\u00e7\u00f5es, categorias de base, resultados das partidas, tabela de classifica\u00e7\u00e3o, pr\u00f3ximos jogos!\",\"potentialAction\":[{\"@type\":\"SearchAction\",\"target\":{\"@type\":\"EntryPoint\",\"urlTemplate\":\"https:\/\/www.gaveanews.com\/?s={search_term_string}\"},\"query-input\":{\"@type\":\"PropertyValueSpecification\",\"valueRequired\":true,\"valueName\":\"search_term_string\"}}],\"inLanguage\":\"pt-BR\"},{\"@type\":\"Person\",\"@id\":\"https:\/\/www.gaveanews.com\/#\/schema\/person\/714c67050b836198af2450ba1c142a67\",\"name\":\"Let\u00edcia Gerheim\",\"image\":{\"@type\":\"ImageObject\",\"inLanguage\":\"pt-BR\",\"@id\":\"https:\/\/www.gaveanews.com\/#\/schema\/person\/image\/\",\"url\":\"https:\/\/secure.gravatar.com\/avatar\/60734739c50fcebfbac509e2a826ccd0ff405c019bc73aab9354f19ecad1dcb4?s=96&d=mm&r=g\",\"contentUrl\":\"https:\/\/secure.gravatar.com\/avatar\/60734739c50fcebfbac509e2a826ccd0ff405c019bc73aab9354f19ecad1dcb4?s=96&d=mm&r=g\",\"caption\":\"Let\u00edcia Gerheim\"}}]}<\/script>\n<!-- \/ Yoast SEO Premium plugin. -->","yoast_head_json":{"title":"Torcedores do Flamengo se irritam com declara\u00e7\u00e3o de Braz ap\u00f3s derrota","robots":{"index":"index","follow":"follow","max-snippet":"max-snippet:-1","max-image-preview":"max-image-preview:large","max-video-preview":"max-video-preview:-1"},"canonical":"https:\/\/www.gaveanews.com\/index.php\/2022\/03\/31\/torcedores-do-flamengo-se-irritam-com-declaracao-de-braz-apos-derrota\/","og_locale":"pt_BR","og_type":"article","og_title":"Torcedores do Flamengo se irritam com declara\u00e7\u00e3o de Braz ap\u00f3s derrota","og_description":"O Flamengo caminha a passos largos a mais uma final frustrada neste come\u00e7o de temporada. A equipe perdeu o jogo de ida da final do Carioca por 2 a 0 para o Fluminense na \u00faltima quarta-feira e agora precisa correr atr\u00e1s de um grande preju\u00edzo para virar o jogo. Apesar da dist\u00e2ncia no placar e [&hellip;]","og_url":"https:\/\/www.gaveanews.com\/index.php\/2022\/03\/31\/torcedores-do-flamengo-se-irritam-com-declaracao-de-braz-apos-derrota\/","og_site_name":"G\u00e1vea News","article_publisher":"https:\/\/facebook.com\/gaveaNews\/","article_published_time":"2022-03-31T12:48:39+00:00","og_image":[{"width":799,"height":533,"url":"https:\/\/www.gaveanews.com\/wp-content\/uploads\/Marcos-Braz-em-entrevista-coletiva-do-Flamengo-no-Ninho-do-Urubu.webp","type":"image\/jpeg"}],"author":"Let\u00edcia Gerheim","twitter_card":"summary_large_image","twitter_misc":{"Escrito por":"Let\u00edcia Gerheim","Est. tempo de leitura":"3 minutos"},"schema":{"@context":"https:\/\/schema.org","@graph":[{"@type":"NewsArticle","@id":"https:\/\/www.gaveanews.com\/index.php\/2022\/03\/31\/torcedores-do-flamengo-se-irritam-com-declaracao-de-braz-apos-derrota\/#article","isPartOf":{"@id":"https:\/\/www.gaveanews.com\/index.php\/2022\/03\/31\/torcedores-do-flamengo-se-irritam-com-declaracao-de-braz-apos-derrota\/"},"author":{"name":"Let\u00edcia Gerheim","@id":"https:\/\/www.gaveanews.com\/#\/schema\/person\/714c67050b836198af2450ba1c142a67"},"headline":"Torcedores do Flamengo se irritam com declara\u00e7\u00e3o de Braz ap\u00f3s derrota","datePublished":"2022-03-31T12:48:39+00:00","mainEntityOfPage":{"@id":"https:\/\/www.gaveanews.com\/index.php\/2022\/03\/31\/torcedores-do-flamengo-se-irritam-com-declaracao-de-braz-apos-derrota\/"},"wordCount":461,"commentCount":0,"image":{"@id":"https:\/\/www.gaveanews.com\/index.php\/2022\/03\/31\/torcedores-do-flamengo-se-irritam-com-declaracao-de-braz-apos-derrota\/#primaryimage"},"thumbnailUrl":"https:\/\/www.gaveanews.com\/wp-content\/uploads\/Marcos-Braz-em-entrevista-coletiva-do-Flamengo-no-Ninho-do-Urubu.webp","articleSection":["Flamengo"],"inLanguage":"pt-BR","potentialAction":[{"@type":"CommentAction","name":"Comment","target":["https:\/\/www.gaveanews.com\/index.php\/2022\/03\/31\/torcedores-do-flamengo-se-irritam-com-declaracao-de-braz-apos-derrota\/#respond"]}],"copyrightYear":"2022","copyrightHolder":{"@id":"https:\/\/www.gaveanews.com\/#organization"}},{"@type":"WebPage","@id":"https:\/\/www.gaveanews.com\/index.php\/2022\/03\/31\/torcedores-do-flamengo-se-irritam-com-declaracao-de-braz-apos-derrota\/","url":"https:\/\/www.gaveanews.com\/index.php\/2022\/03\/31\/torcedores-do-flamengo-se-irritam-com-declaracao-de-braz-apos-derrota\/","name":"Torcedores do Flamengo se irritam com declara\u00e7\u00e3o de Braz ap\u00f3s derrota","isPartOf":{"@id":"https:\/\/www.gaveanews.com\/#website"},"primaryImageOfPage":{"@id":"https:\/\/www.gaveanews.com\/index.php\/2022\/03\/31\/torcedores-do-flamengo-se-irritam-com-declaracao-de-braz-apos-derrota\/#primaryimage"},"image":{"@id":"https:\/\/www.gaveanews.com\/index.php\/2022\/03\/31\/torcedores-do-flamengo-se-irritam-com-declaracao-de-braz-apos-derrota\/#primaryimage"},"thumbnailUrl":"https:\/\/www.gaveanews.com\/wp-content\/uploads\/Marcos-Braz-em-entrevista-coletiva-do-Flamengo-no-Ninho-do-Urubu.webp","datePublished":"2022-03-31T12:48:39+00:00","author":{"@id":"https:\/\/www.gaveanews.com\/#\/schema\/person\/714c67050b836198af2450ba1c142a67"},"breadcrumb":{"@id":"https:\/\/www.gaveanews.com\/index.php\/2022\/03\/31\/torcedores-do-flamengo-se-irritam-com-declaracao-de-braz-apos-derrota\/#breadcrumb"},"inLanguage":"pt-BR","potentialAction":[{"@type":"ReadAction","target":["https:\/\/www.gaveanews.com\/index.php\/2022\/03\/31\/torcedores-do-flamengo-se-irritam-com-declaracao-de-braz-apos-derrota\/"]}]},{"@type":"ImageObject","inLanguage":"pt-BR","@id":"https:\/\/www.gaveanews.com\/index.php\/2022\/03\/31\/torcedores-do-flamengo-se-irritam-com-declaracao-de-braz-apos-derrota\/#primaryimage","url":"https:\/\/www.gaveanews.com\/wp-content\/uploads\/Marcos-Braz-em-entrevista-coletiva-do-Flamengo-no-Ninho-do-Urubu.webp","contentUrl":"https:\/\/www.gaveanews.com\/wp-content\/uploads\/Marcos-Braz-em-entrevista-coletiva-do-Flamengo-no-Ninho-do-Urubu.webp","width":799,"height":533,"caption":"Marcos Braz em entrevista coletiva do Flamengo no Ninho do Urubu (Foto: Gilvan de Souza\/Flamengo)"},{"@type":"BreadcrumbList","@id":"https:\/\/www.gaveanews.com\/index.php\/2022\/03\/31\/torcedores-do-flamengo-se-irritam-com-declaracao-de-braz-apos-derrota\/#breadcrumb","itemListElement":[{"@type":"ListItem","position":1,"name":"Home","item":"https:\/\/www.gaveanews.com\/"},{"@type":"ListItem","position":2,"name":"Torcedores do Flamengo se irritam com declara\u00e7\u00e3o de Braz ap\u00f3s derrota"}]},{"@type":"WebSite","@id":"https:\/\/www.gaveanews.com\/#website","url":"https:\/\/www.gaveanews.com\/","name":"G\u00e1vea News","description":"Veja todas as not\u00edcias sobre o Flamengo: Contrata\u00e7\u00f5es, categorias de base, resultados das partidas, tabela de classifica\u00e7\u00e3o, pr\u00f3ximos jogos!","potentialAction":[{"@type":"SearchAction","target":{"@type":"EntryPoint","urlTemplate":"https:\/\/www.gaveanews.com\/?s={search_term_string}"},"query-input":{"@type":"PropertyValueSpecification","valueRequired":true,"valueName":"search_term_string"}}],"inLanguage":"pt-BR"},{"@type":"Person","@id":"https:\/\/www.gaveanews.com\/#\/schema\/person\/714c67050b836198af2450ba1c142a67","name":"Let\u00edcia Gerheim","image":{"@type":"ImageObject","inLanguage":"pt-BR","@id":"https:\/\/www.gaveanews.com\/#\/schema\/person\/image\/","url":"https:\/\/secure.gravatar.com\/avatar\/60734739c50fcebfbac509e2a826ccd0ff405c019bc73aab9354f19ecad1dcb4?s=96&d=mm&r=g","contentUrl":"https:\/\/secure.gravatar.com\/avatar\/60734739c50fcebfbac509e2a826ccd0ff405c019bc73aab9354f19ecad1dcb4?s=96&d=mm&r=g","caption":"Let\u00edcia Gerheim"}}]}},"_links":{"self":[{"href":"https:\/\/www.gaveanews.com\/index.php\/wp-json\/wp\/v2\/posts\/79183","targetHints":{"allow":["GET"]}}],"collection":[{"href":"https:\/\/www.gaveanews.com\/index.php\/wp-json\/wp\/v2\/posts"}],"about":[{"href":"https:\/\/www.gaveanews.com\/index.php\/wp-json\/wp\/v2\/types\/post"}],"author":[{"embeddable":true,"href":"https:\/\/www.gaveanews.com\/index.php\/wp-json\/wp\/v2\/users\/4"}],"replies":[{"embeddable":true,"href":"https:\/\/www.gaveanews.com\/index.php\/wp-json\/wp\/v2\/comments?post=79183"}],"version-history":[{"count":0,"href":"https:\/\/www.gaveanews.com\/index.php\/wp-json\/wp\/v2\/posts\/79183\/revisions"}],"wp:featuredmedia":[{"embeddable":true,"href":"https:\/\/www.gaveanews.com\/index.php\/wp-json\/wp\/v2\/media\/78521"}],"wp:attachment":[{"href":"https:\/\/www.gaveanews.com\/index.php\/wp-json\/wp\/v2\/media?parent=79183"}],"wp:term":[{"taxonomy":"category","embeddable":true,"href":"https:\/\/www.gaveanews.com\/index.php\/wp-json\/wp\/v2\/categories?post=79183"},{"taxonomy":"post_tag","embeddable":true,"href":"https:\/\/www.gaveanews.com\/index.php\/wp-json\/wp\/v2\/tags?post=79183"}],"curies":[{"name":"wp","href":"https:\/\/api.w.org\/{rel}","templated":true}]}}