{"id":79196,"date":"2022-03-31T13:51:07","date_gmt":"2022-03-31T16:51:07","guid":{"rendered":"https:\/\/www.gaveanews.com\/?p=79196"},"modified":"2022-03-31T13:51:07","modified_gmt":"2022-03-31T16:51:07","slug":"nao-e-coincidencia-diz-jornalista-sobre-postura-do-elenco-do-flamengo","status":"publish","type":"post","link":"https:\/\/www.gaveanews.com\/index.php\/2022\/03\/31\/nao-e-coincidencia-diz-jornalista-sobre-postura-do-elenco-do-flamengo\/","title":{"rendered":"&#8220;N\u00e3o \u00e9 coincid\u00eancia&#8221;, diz jornalista sobre postura do elenco do Flamengo"},"content":{"rendered":"<p>Fechando o segundo m\u00eas de compromissos do elenco profissional neste ano, o Flamengo continua sem convencer seus torcedores e se distancia do tetracampeonato carioca. Dentro das quatro linhas, \u00e9 vis\u00edvel a falta de desempenho do grupo, salvas algumas exce\u00e7\u00f5es.<\/p>\n<p>Atualmente, apenas nomes como Arrascaeta, Jo\u00e3o Gomes e L\u00e1zaro est\u00e3o atuando de acordo com as expectativas do torcedor rubro-negro. Um pouco al\u00e9m das t\u00e1ticas de Paulo Sousa n\u00e3o estarem surtindo efeito, est\u00e1 a postura um tanto quanto est\u00e1tica dos atletas dentro das quatro linhas.<\/p>\n<p>O comportamento foi notado pelo jornalista Eric Faria, que fez observa\u00e7\u00f5es e proje\u00e7\u00f5es do que pode estar por vir no Flamengo.<\/p>\n<p><em><strong>\u201dQue o Fla n\u00e3o est\u00e1 jogando bem \u00e9 claro. Mas\u2026o m\u00ednimo de cobran\u00e7a que a comiss\u00e3o t\u00e9cnica implantou j\u00e1 est\u00e1 tendo efeitos colaterais. Preparem-se para a enxurrada de not\u00edcias de que o grupo est\u00e1 insatisfeito. Que o grupo n\u00e3o comprou a ideia. N\u00e3o \u00e9 coincid\u00eancia. \u00c9 m\u00e9todo. At\u00e9 cair.\u201d<\/strong><\/em><\/p>\n<p>A falta de disciplina de alguns dos jogadores e a dificuldade de lidarem com cobran\u00e7as j\u00e1 foi mencionada por um ex-t\u00e9cnico do clube. Na \u00e9poca, Dom\u00e8nec Torrent fez pontua\u00e7\u00f5es sobre a forma na qual as adversidades s\u00e3o solucionadas internamente.<\/p>\n<p><strong><em> &#8220;O problema do\u00a0<span class=\"link-complex-target\">Flamengo<\/span> est\u00e1 dentro do Flamengo. Enquanto eles n\u00e3o esclarecerem as coisas entre si, isso vai continuar com Dome, com Ancelotti, com Klopp, com Pep Guardiola, com quem for&#8230;&#8221;<\/em><\/strong><\/p>\n<p>O que fica claro aos olhares externos \u00e9 o fato de que algumas quest\u00f5es de lideran\u00e7a precisam ser resolvidos para que o grupo possa avan\u00e7ar como um todo e voltar a realizar conquistas. Enquanto isso, a equipe tenta solucionar o m\u00e1ximo de quest\u00f5es nos dois dias de treino que possui para tentar superar o Fluminense.<\/p>\n<p>O cl\u00e1ssico decisivo pelo t\u00edtulo do Campeonato Carioca acontece neste s\u00e1bado (02), \u00e0s 18h (hor\u00e1rio de Bras\u00edlia), no Maracan\u00e3. O evento ser\u00e1 transmitido pela TV aberta novamente, assim como pelas plataformas de streaming que disponibilizaram o jogo de ida.<\/p>\n","protected":false},"excerpt":{"rendered":"<p>Fechando o segundo m\u00eas de compromissos do elenco profissional neste ano, o Flamengo continua sem convencer seus torcedores e se distancia do tetracampeonato carioca. Dentro das quatro linhas, \u00e9 vis\u00edvel a falta de desempenho do grupo, salvas algumas exce\u00e7\u00f5es. Atualmente, apenas nomes como Arrascaeta, Jo\u00e3o Gomes e L\u00e1zaro est\u00e3o atuando de acordo com as expectativas [&hellip;]<\/p>\n","protected":false},"author":4,"featured_media":79198,"comment_status":"open","ping_status":"closed","sticky":false,"template":"","format":"standard","meta":{"footnotes":""},"categories":[1],"tags":[],"class_list":["post-79196","post","type-post","status-publish","format-standard","has-post-thumbnail","hentry","category-flamengo"],"yoast_head":"<!-- This site is optimized with the Yoast SEO Premium plugin v24.2 (Yoast SEO v26.9) - https:\/\/yoast.com\/product\/yoast-seo-premium-wordpress\/ -->\n<title>&quot;N\u00e3o \u00e9 coincid\u00eancia&quot;, diz jornalista sobre postura do elenco do Flamengo<\/title>\n<meta name=\"robots\" content=\"index, follow, max-snippet:-1, max-image-preview:large, max-video-preview:-1\" \/>\n<link rel=\"canonical\" href=\"https:\/\/www.gaveanews.com\/index.php\/2022\/03\/31\/nao-e-coincidencia-diz-jornalista-sobre-postura-do-elenco-do-flamengo\/\" \/>\n<meta property=\"og:locale\" content=\"pt_BR\" \/>\n<meta property=\"og:type\" content=\"article\" \/>\n<meta property=\"og:title\" content=\"&quot;N\u00e3o \u00e9 coincid\u00eancia&quot;, diz jornalista sobre postura do elenco do Flamengo\" \/>\n<meta property=\"og:description\" content=\"Fechando o segundo m\u00eas de compromissos do elenco profissional neste ano, o Flamengo continua sem convencer seus torcedores e se distancia do tetracampeonato carioca. Dentro das quatro linhas, \u00e9 vis\u00edvel a falta de desempenho do grupo, salvas algumas exce\u00e7\u00f5es. Atualmente, apenas nomes como Arrascaeta, Jo\u00e3o Gomes e L\u00e1zaro est\u00e3o atuando de acordo com as expectativas [&hellip;]\" \/>\n<meta property=\"og:url\" content=\"https:\/\/www.gaveanews.com\/index.php\/2022\/03\/31\/nao-e-coincidencia-diz-jornalista-sobre-postura-do-elenco-do-flamengo\/\" \/>\n<meta property=\"og:site_name\" content=\"G\u00e1vea News\" \/>\n<meta property=\"article:publisher\" content=\"https:\/\/facebook.com\/gaveaNews\/\" \/>\n<meta property=\"article:published_time\" content=\"2022-03-31T16:51:07+00:00\" \/>\n<meta property=\"og:image\" content=\"https:\/\/www.gaveanews.com\/wp-content\/uploads\/Jogadores-do-Flamengo-se-reunem-antes-de-classico-contra-o-Fluminense.webp\" \/>\n\t<meta property=\"og:image:width\" content=\"799\" \/>\n\t<meta property=\"og:image:height\" content=\"533\" \/>\n\t<meta property=\"og:image:type\" content=\"image\/jpeg\" \/>\n<meta name=\"author\" content=\"Let\u00edcia Gerheim\" \/>\n<meta name=\"twitter:card\" content=\"summary_large_image\" \/>\n<meta name=\"twitter:label1\" content=\"Escrito por\" \/>\n\t<meta name=\"twitter:data1\" content=\"Let\u00edcia Gerheim\" \/>\n\t<meta name=\"twitter:label2\" content=\"Est. tempo de leitura\" \/>\n\t<meta name=\"twitter:data2\" content=\"2 minutos\" \/>\n<script type=\"application\/ld+json\" class=\"yoast-schema-graph\">{\"@context\":\"https:\/\/schema.org\",\"@graph\":[{\"@type\":\"NewsArticle\",\"@id\":\"https:\/\/www.gaveanews.com\/index.php\/2022\/03\/31\/nao-e-coincidencia-diz-jornalista-sobre-postura-do-elenco-do-flamengo\/#article\",\"isPartOf\":{\"@id\":\"https:\/\/www.gaveanews.com\/index.php\/2022\/03\/31\/nao-e-coincidencia-diz-jornalista-sobre-postura-do-elenco-do-flamengo\/\"},\"author\":{\"name\":\"Let\u00edcia Gerheim\",\"@id\":\"https:\/\/www.gaveanews.com\/#\/schema\/person\/714c67050b836198af2450ba1c142a67\"},\"headline\":\"&#8220;N\u00e3o \u00e9 coincid\u00eancia&#8221;, diz jornalista sobre postura do elenco do Flamengo\",\"datePublished\":\"2022-03-31T16:51:07+00:00\",\"mainEntityOfPage\":{\"@id\":\"https:\/\/www.gaveanews.com\/index.php\/2022\/03\/31\/nao-e-coincidencia-diz-jornalista-sobre-postura-do-elenco-do-flamengo\/\"},\"wordCount\":362,\"commentCount\":0,\"image\":{\"@id\":\"https:\/\/www.gaveanews.com\/index.php\/2022\/03\/31\/nao-e-coincidencia-diz-jornalista-sobre-postura-do-elenco-do-flamengo\/#primaryimage\"},\"thumbnailUrl\":\"https:\/\/www.gaveanews.com\/wp-content\/uploads\/Jogadores-do-Flamengo-se-reunem-antes-de-classico-contra-o-Fluminense.webp\",\"articleSection\":[\"Flamengo\"],\"inLanguage\":\"pt-BR\",\"potentialAction\":[{\"@type\":\"CommentAction\",\"name\":\"Comment\",\"target\":[\"https:\/\/www.gaveanews.com\/index.php\/2022\/03\/31\/nao-e-coincidencia-diz-jornalista-sobre-postura-do-elenco-do-flamengo\/#respond\"]}],\"copyrightYear\":\"2022\",\"copyrightHolder\":{\"@id\":\"https:\/\/www.gaveanews.com\/#organization\"}},{\"@type\":\"WebPage\",\"@id\":\"https:\/\/www.gaveanews.com\/index.php\/2022\/03\/31\/nao-e-coincidencia-diz-jornalista-sobre-postura-do-elenco-do-flamengo\/\",\"url\":\"https:\/\/www.gaveanews.com\/index.php\/2022\/03\/31\/nao-e-coincidencia-diz-jornalista-sobre-postura-do-elenco-do-flamengo\/\",\"name\":\"\\\"N\u00e3o \u00e9 coincid\u00eancia\\\", diz jornalista sobre postura do elenco do Flamengo\",\"isPartOf\":{\"@id\":\"https:\/\/www.gaveanews.com\/#website\"},\"primaryImageOfPage\":{\"@id\":\"https:\/\/www.gaveanews.com\/index.php\/2022\/03\/31\/nao-e-coincidencia-diz-jornalista-sobre-postura-do-elenco-do-flamengo\/#primaryimage\"},\"image\":{\"@id\":\"https:\/\/www.gaveanews.com\/index.php\/2022\/03\/31\/nao-e-coincidencia-diz-jornalista-sobre-postura-do-elenco-do-flamengo\/#primaryimage\"},\"thumbnailUrl\":\"https:\/\/www.gaveanews.com\/wp-content\/uploads\/Jogadores-do-Flamengo-se-reunem-antes-de-classico-contra-o-Fluminense.webp\",\"datePublished\":\"2022-03-31T16:51:07+00:00\",\"author\":{\"@id\":\"https:\/\/www.gaveanews.com\/#\/schema\/person\/714c67050b836198af2450ba1c142a67\"},\"breadcrumb\":{\"@id\":\"https:\/\/www.gaveanews.com\/index.php\/2022\/03\/31\/nao-e-coincidencia-diz-jornalista-sobre-postura-do-elenco-do-flamengo\/#breadcrumb\"},\"inLanguage\":\"pt-BR\",\"potentialAction\":[{\"@type\":\"ReadAction\",\"target\":[\"https:\/\/www.gaveanews.com\/index.php\/2022\/03\/31\/nao-e-coincidencia-diz-jornalista-sobre-postura-do-elenco-do-flamengo\/\"]}]},{\"@type\":\"ImageObject\",\"inLanguage\":\"pt-BR\",\"@id\":\"https:\/\/www.gaveanews.com\/index.php\/2022\/03\/31\/nao-e-coincidencia-diz-jornalista-sobre-postura-do-elenco-do-flamengo\/#primaryimage\",\"url\":\"https:\/\/www.gaveanews.com\/wp-content\/uploads\/Jogadores-do-Flamengo-se-reunem-antes-de-classico-contra-o-Fluminense.webp\",\"contentUrl\":\"https:\/\/www.gaveanews.com\/wp-content\/uploads\/Jogadores-do-Flamengo-se-reunem-antes-de-classico-contra-o-Fluminense.webp\",\"width\":799,\"height\":533},{\"@type\":\"BreadcrumbList\",\"@id\":\"https:\/\/www.gaveanews.com\/index.php\/2022\/03\/31\/nao-e-coincidencia-diz-jornalista-sobre-postura-do-elenco-do-flamengo\/#breadcrumb\",\"itemListElement\":[{\"@type\":\"ListItem\",\"position\":1,\"name\":\"Home\",\"item\":\"https:\/\/www.gaveanews.com\/\"},{\"@type\":\"ListItem\",\"position\":2,\"name\":\"&#8220;N\u00e3o \u00e9 coincid\u00eancia&#8221;, diz jornalista sobre postura do elenco do Flamengo\"}]},{\"@type\":\"WebSite\",\"@id\":\"https:\/\/www.gaveanews.com\/#website\",\"url\":\"https:\/\/www.gaveanews.com\/\",\"name\":\"G\u00e1vea News\",\"description\":\"Veja todas as not\u00edcias sobre o Flamengo: Contrata\u00e7\u00f5es, categorias de base, resultados das partidas, tabela de classifica\u00e7\u00e3o, pr\u00f3ximos jogos!\",\"potentialAction\":[{\"@type\":\"SearchAction\",\"target\":{\"@type\":\"EntryPoint\",\"urlTemplate\":\"https:\/\/www.gaveanews.com\/?s={search_term_string}\"},\"query-input\":{\"@type\":\"PropertyValueSpecification\",\"valueRequired\":true,\"valueName\":\"search_term_string\"}}],\"inLanguage\":\"pt-BR\"},{\"@type\":\"Person\",\"@id\":\"https:\/\/www.gaveanews.com\/#\/schema\/person\/714c67050b836198af2450ba1c142a67\",\"name\":\"Let\u00edcia Gerheim\",\"image\":{\"@type\":\"ImageObject\",\"inLanguage\":\"pt-BR\",\"@id\":\"https:\/\/www.gaveanews.com\/#\/schema\/person\/image\/\",\"url\":\"https:\/\/secure.gravatar.com\/avatar\/60734739c50fcebfbac509e2a826ccd0ff405c019bc73aab9354f19ecad1dcb4?s=96&d=mm&r=g\",\"contentUrl\":\"https:\/\/secure.gravatar.com\/avatar\/60734739c50fcebfbac509e2a826ccd0ff405c019bc73aab9354f19ecad1dcb4?s=96&d=mm&r=g\",\"caption\":\"Let\u00edcia Gerheim\"}}]}<\/script>\n<!-- \/ Yoast SEO Premium plugin. -->","yoast_head_json":{"title":"\"N\u00e3o \u00e9 coincid\u00eancia\", diz jornalista sobre postura do elenco do Flamengo","robots":{"index":"index","follow":"follow","max-snippet":"max-snippet:-1","max-image-preview":"max-image-preview:large","max-video-preview":"max-video-preview:-1"},"canonical":"https:\/\/www.gaveanews.com\/index.php\/2022\/03\/31\/nao-e-coincidencia-diz-jornalista-sobre-postura-do-elenco-do-flamengo\/","og_locale":"pt_BR","og_type":"article","og_title":"\"N\u00e3o \u00e9 coincid\u00eancia\", diz jornalista sobre postura do elenco do Flamengo","og_description":"Fechando o segundo m\u00eas de compromissos do elenco profissional neste ano, o Flamengo continua sem convencer seus torcedores e se distancia do tetracampeonato carioca. Dentro das quatro linhas, \u00e9 vis\u00edvel a falta de desempenho do grupo, salvas algumas exce\u00e7\u00f5es. Atualmente, apenas nomes como Arrascaeta, Jo\u00e3o Gomes e L\u00e1zaro est\u00e3o atuando de acordo com as expectativas [&hellip;]","og_url":"https:\/\/www.gaveanews.com\/index.php\/2022\/03\/31\/nao-e-coincidencia-diz-jornalista-sobre-postura-do-elenco-do-flamengo\/","og_site_name":"G\u00e1vea News","article_publisher":"https:\/\/facebook.com\/gaveaNews\/","article_published_time":"2022-03-31T16:51:07+00:00","og_image":[{"width":799,"height":533,"url":"https:\/\/www.gaveanews.com\/wp-content\/uploads\/Jogadores-do-Flamengo-se-reunem-antes-de-classico-contra-o-Fluminense.webp","type":"image\/jpeg"}],"author":"Let\u00edcia Gerheim","twitter_card":"summary_large_image","twitter_misc":{"Escrito por":"Let\u00edcia Gerheim","Est. tempo de leitura":"2 minutos"},"schema":{"@context":"https:\/\/schema.org","@graph":[{"@type":"NewsArticle","@id":"https:\/\/www.gaveanews.com\/index.php\/2022\/03\/31\/nao-e-coincidencia-diz-jornalista-sobre-postura-do-elenco-do-flamengo\/#article","isPartOf":{"@id":"https:\/\/www.gaveanews.com\/index.php\/2022\/03\/31\/nao-e-coincidencia-diz-jornalista-sobre-postura-do-elenco-do-flamengo\/"},"author":{"name":"Let\u00edcia Gerheim","@id":"https:\/\/www.gaveanews.com\/#\/schema\/person\/714c67050b836198af2450ba1c142a67"},"headline":"&#8220;N\u00e3o \u00e9 coincid\u00eancia&#8221;, diz jornalista sobre postura do elenco do Flamengo","datePublished":"2022-03-31T16:51:07+00:00","mainEntityOfPage":{"@id":"https:\/\/www.gaveanews.com\/index.php\/2022\/03\/31\/nao-e-coincidencia-diz-jornalista-sobre-postura-do-elenco-do-flamengo\/"},"wordCount":362,"commentCount":0,"image":{"@id":"https:\/\/www.gaveanews.com\/index.php\/2022\/03\/31\/nao-e-coincidencia-diz-jornalista-sobre-postura-do-elenco-do-flamengo\/#primaryimage"},"thumbnailUrl":"https:\/\/www.gaveanews.com\/wp-content\/uploads\/Jogadores-do-Flamengo-se-reunem-antes-de-classico-contra-o-Fluminense.webp","articleSection":["Flamengo"],"inLanguage":"pt-BR","potentialAction":[{"@type":"CommentAction","name":"Comment","target":["https:\/\/www.gaveanews.com\/index.php\/2022\/03\/31\/nao-e-coincidencia-diz-jornalista-sobre-postura-do-elenco-do-flamengo\/#respond"]}],"copyrightYear":"2022","copyrightHolder":{"@id":"https:\/\/www.gaveanews.com\/#organization"}},{"@type":"WebPage","@id":"https:\/\/www.gaveanews.com\/index.php\/2022\/03\/31\/nao-e-coincidencia-diz-jornalista-sobre-postura-do-elenco-do-flamengo\/","url":"https:\/\/www.gaveanews.com\/index.php\/2022\/03\/31\/nao-e-coincidencia-diz-jornalista-sobre-postura-do-elenco-do-flamengo\/","name":"\"N\u00e3o \u00e9 coincid\u00eancia\", diz jornalista sobre postura do elenco do Flamengo","isPartOf":{"@id":"https:\/\/www.gaveanews.com\/#website"},"primaryImageOfPage":{"@id":"https:\/\/www.gaveanews.com\/index.php\/2022\/03\/31\/nao-e-coincidencia-diz-jornalista-sobre-postura-do-elenco-do-flamengo\/#primaryimage"},"image":{"@id":"https:\/\/www.gaveanews.com\/index.php\/2022\/03\/31\/nao-e-coincidencia-diz-jornalista-sobre-postura-do-elenco-do-flamengo\/#primaryimage"},"thumbnailUrl":"https:\/\/www.gaveanews.com\/wp-content\/uploads\/Jogadores-do-Flamengo-se-reunem-antes-de-classico-contra-o-Fluminense.webp","datePublished":"2022-03-31T16:51:07+00:00","author":{"@id":"https:\/\/www.gaveanews.com\/#\/schema\/person\/714c67050b836198af2450ba1c142a67"},"breadcrumb":{"@id":"https:\/\/www.gaveanews.com\/index.php\/2022\/03\/31\/nao-e-coincidencia-diz-jornalista-sobre-postura-do-elenco-do-flamengo\/#breadcrumb"},"inLanguage":"pt-BR","potentialAction":[{"@type":"ReadAction","target":["https:\/\/www.gaveanews.com\/index.php\/2022\/03\/31\/nao-e-coincidencia-diz-jornalista-sobre-postura-do-elenco-do-flamengo\/"]}]},{"@type":"ImageObject","inLanguage":"pt-BR","@id":"https:\/\/www.gaveanews.com\/index.php\/2022\/03\/31\/nao-e-coincidencia-diz-jornalista-sobre-postura-do-elenco-do-flamengo\/#primaryimage","url":"https:\/\/www.gaveanews.com\/wp-content\/uploads\/Jogadores-do-Flamengo-se-reunem-antes-de-classico-contra-o-Fluminense.webp","contentUrl":"https:\/\/www.gaveanews.com\/wp-content\/uploads\/Jogadores-do-Flamengo-se-reunem-antes-de-classico-contra-o-Fluminense.webp","width":799,"height":533},{"@type":"BreadcrumbList","@id":"https:\/\/www.gaveanews.com\/index.php\/2022\/03\/31\/nao-e-coincidencia-diz-jornalista-sobre-postura-do-elenco-do-flamengo\/#breadcrumb","itemListElement":[{"@type":"ListItem","position":1,"name":"Home","item":"https:\/\/www.gaveanews.com\/"},{"@type":"ListItem","position":2,"name":"&#8220;N\u00e3o \u00e9 coincid\u00eancia&#8221;, diz jornalista sobre postura do elenco do Flamengo"}]},{"@type":"WebSite","@id":"https:\/\/www.gaveanews.com\/#website","url":"https:\/\/www.gaveanews.com\/","name":"G\u00e1vea News","description":"Veja todas as not\u00edcias sobre o Flamengo: Contrata\u00e7\u00f5es, categorias de base, resultados das partidas, tabela de classifica\u00e7\u00e3o, pr\u00f3ximos jogos!","potentialAction":[{"@type":"SearchAction","target":{"@type":"EntryPoint","urlTemplate":"https:\/\/www.gaveanews.com\/?s={search_term_string}"},"query-input":{"@type":"PropertyValueSpecification","valueRequired":true,"valueName":"search_term_string"}}],"inLanguage":"pt-BR"},{"@type":"Person","@id":"https:\/\/www.gaveanews.com\/#\/schema\/person\/714c67050b836198af2450ba1c142a67","name":"Let\u00edcia Gerheim","image":{"@type":"ImageObject","inLanguage":"pt-BR","@id":"https:\/\/www.gaveanews.com\/#\/schema\/person\/image\/","url":"https:\/\/secure.gravatar.com\/avatar\/60734739c50fcebfbac509e2a826ccd0ff405c019bc73aab9354f19ecad1dcb4?s=96&d=mm&r=g","contentUrl":"https:\/\/secure.gravatar.com\/avatar\/60734739c50fcebfbac509e2a826ccd0ff405c019bc73aab9354f19ecad1dcb4?s=96&d=mm&r=g","caption":"Let\u00edcia Gerheim"}}]}},"_links":{"self":[{"href":"https:\/\/www.gaveanews.com\/index.php\/wp-json\/wp\/v2\/posts\/79196","targetHints":{"allow":["GET"]}}],"collection":[{"href":"https:\/\/www.gaveanews.com\/index.php\/wp-json\/wp\/v2\/posts"}],"about":[{"href":"https:\/\/www.gaveanews.com\/index.php\/wp-json\/wp\/v2\/types\/post"}],"author":[{"embeddable":true,"href":"https:\/\/www.gaveanews.com\/index.php\/wp-json\/wp\/v2\/users\/4"}],"replies":[{"embeddable":true,"href":"https:\/\/www.gaveanews.com\/index.php\/wp-json\/wp\/v2\/comments?post=79196"}],"version-history":[{"count":0,"href":"https:\/\/www.gaveanews.com\/index.php\/wp-json\/wp\/v2\/posts\/79196\/revisions"}],"wp:featuredmedia":[{"embeddable":true,"href":"https:\/\/www.gaveanews.com\/index.php\/wp-json\/wp\/v2\/media\/79198"}],"wp:attachment":[{"href":"https:\/\/www.gaveanews.com\/index.php\/wp-json\/wp\/v2\/media?parent=79196"}],"wp:term":[{"taxonomy":"category","embeddable":true,"href":"https:\/\/www.gaveanews.com\/index.php\/wp-json\/wp\/v2\/categories?post=79196"},{"taxonomy":"post_tag","embeddable":true,"href":"https:\/\/www.gaveanews.com\/index.php\/wp-json\/wp\/v2\/tags?post=79196"}],"curies":[{"name":"wp","href":"https:\/\/api.w.org\/{rel}","templated":true}]}}