{"id":79210,"date":"2022-03-31T15:44:23","date_gmt":"2022-03-31T18:44:23","guid":{"rendered":"https:\/\/www.gaveanews.com\/?p=79210"},"modified":"2022-03-31T15:44:23","modified_gmt":"2022-03-31T18:44:23","slug":"derrota-divide-opinioes-de-torcedores-do-flamengo-sobre-paulo-sousa","status":"publish","type":"post","link":"https:\/\/www.gaveanews.com\/index.php\/2022\/03\/31\/derrota-divide-opinioes-de-torcedores-do-flamengo-sobre-paulo-sousa\/","title":{"rendered":"Derrota divide opini\u00f5es de torcedores do Flamengo sobre Paulo Sousa"},"content":{"rendered":"<p>Na \u00faltima quarta-feira (30), o Flamengo apresentou um desempenho bastante abaixo e foi derrotado por 2 a 0 no jogo de ida da final do Campeonato Carioca. Ap\u00f3s o rev\u00e9s, muitos s\u00e3o os apontados como culpados.<\/p>\n<p>Um deles \u00e9 Paulo Sousa, que fez mais um teste no elenco e se frustrou com a ideia, sendo derrotado pela segunda vez pelo mesmo advers\u00e1rio. Por conta de suas escolhas, uma parte da torcida est\u00e1 pedindo a sa\u00edda do t\u00e9cnico nas redes sociais.<\/p>\n<p>As reclama\u00e7\u00f5es, no entanto, est\u00e3o dividindo espa\u00e7o com aqueles que veem as falhas do treinador, mas pensam que a melhor op\u00e7\u00e3o n\u00e3o \u00e9 a demiss\u00e3o do mesmo, e sim a reformula\u00e7\u00e3o da diretoria de futebol do Flamengo. Al\u00e9m das cr\u00edticas aos dirigentes, boa parte tamb\u00e9m culpa o comportamento e a postura dos jogadores em campo.<\/p>\n<h2>Veja algumas opini\u00f5es:<\/h2>\n<blockquote class=\"twitter-tweet\" data-width=\"550\" data-dnt=\"true\">\n<p lang=\"pt\" dir=\"ltr\">J\u00e1 no domingo afasta Marcos Braz, demite Paulo Sousa e liga pro Mister!!!<\/p>\n<p>&mdash; Flamengo MTM #ForaMarcosBraz #ForaLandim (@flamengomtm) <a href=\"https:\/\/twitter.com\/flamengomtm\/status\/1509357550935977994?ref_src=twsrc%5Etfw\">March 31, 2022<\/a><\/p><\/blockquote>\n<p><script async src=\"https:\/\/platform.twitter.com\/widgets.js\" charset=\"utf-8\"><\/script><\/p>\n<blockquote class=\"twitter-tweet\" data-width=\"550\" data-dnt=\"true\">\n<p lang=\"pt\" dir=\"ltr\"><a href=\"https:\/\/twitter.com\/hashtag\/forapaulosousa?src=hash&amp;ref_src=twsrc%5Etfw\">#forapaulosousa<\/a> Parab\u00e9ns ao Paulo Sousa.  Jogando contra um time retrancado e insiste com 3 zagueiros. Limou os Diegos e Thiago Maia, inventa escala\u00e7\u00e3o&#8230; se \u00e9 pra passar vergonha na libertadores,  demite logo!!!!<\/p>\n<p>&mdash; Eduardo (@Eduardo98544470) <a href=\"https:\/\/twitter.com\/Eduardo98544470\/status\/1509362460586917888?ref_src=twsrc%5Etfw\">March 31, 2022<\/a><\/p><\/blockquote>\n<p><script async src=\"https:\/\/platform.twitter.com\/widgets.js\" charset=\"utf-8\"><\/script><\/p>\n<blockquote class=\"twitter-tweet\" data-width=\"550\" data-dnt=\"true\">\n<p lang=\"pt\" dir=\"ltr\">Se Paulo Sousa n\u00e3o mudar esse esquema a\u00ed, vai morrer abra\u00e7ado e n\u00e3o dura at\u00e9 o in\u00edcio do Brasileir\u00e3o. Ele tem que se adaptar as caracter\u00edsticas do elenco e n\u00e3o pegar um esquema que ele adotou em todos os clubes e for\u00e7ar isso aqui. Marinho de ala pela esquerda n\u00e3o existe.<\/p>\n<p>&mdash; BastidoresCRF (@BastidoresFla) <a href=\"https:\/\/twitter.com\/BastidoresFla\/status\/1509378445347897346?ref_src=twsrc%5Etfw\">March 31, 2022<\/a><\/p><\/blockquote>\n<p><script async src=\"https:\/\/platform.twitter.com\/widgets.js\" charset=\"utf-8\"><\/script><\/p>\n<blockquote class=\"twitter-tweet\" data-width=\"550\" data-dnt=\"true\">\n<p lang=\"pt\" dir=\"ltr\">Independente de resultado s\u00e1bado,demite o Paulo Sousa no vesti\u00e1rio mesmo,10 dias pra treinar isso a\u00ed ?<\/p>\n<p>&mdash; Arthur Martins (@thurcrf) <a href=\"https:\/\/twitter.com\/thurcrf\/status\/1509360467994632192?ref_src=twsrc%5Etfw\">March 31, 2022<\/a><\/p><\/blockquote>\n<p><script async src=\"https:\/\/platform.twitter.com\/widgets.js\" charset=\"utf-8\"><\/script><\/p>\n<blockquote class=\"twitter-tweet\" data-width=\"550\" data-dnt=\"true\">\n<p lang=\"pt\" dir=\"ltr\">Tirem Paulo Sousa do Flamengo, antes que seja tarde.<\/p>\n<p>&mdash; Maria Jose \u2665\ufe0f\ud83d\udda4 (@mariajosedias84) <a href=\"https:\/\/twitter.com\/mariajosedias84\/status\/1509588741484130315?ref_src=twsrc%5Etfw\">March 31, 2022<\/a><\/p><\/blockquote>\n<p><script async src=\"https:\/\/platform.twitter.com\/widgets.js\" charset=\"utf-8\"><\/script><\/p>\n<blockquote class=\"twitter-tweet\" data-width=\"550\" data-dnt=\"true\">\n<p lang=\"pt\" dir=\"ltr\">O foco agora tem que ser o Marcos Braz e os jogadores. Derrubar o Paulo Sousa seria um trof\u00e9u pros acomodados.<\/p>\n<p>&mdash; \u00c1RBITRO \u2741 (@arbitronacao) <a href=\"https:\/\/twitter.com\/arbitronacao\/status\/1509593386461896705?ref_src=twsrc%5Etfw\">March 31, 2022<\/a><\/p><\/blockquote>\n<p><script async src=\"https:\/\/platform.twitter.com\/widgets.js\" charset=\"utf-8\"><\/script><\/p>\n<blockquote class=\"twitter-tweet\" data-width=\"550\" data-dnt=\"true\">\n<p lang=\"pt\" dir=\"ltr\">N\u00e3o tem como cair nessa de que toda vez \u00e9 culpa do t\u00e9cnico.<\/p>\n<p>Minha vis\u00e3o \u00e9 simples: RESPALDO total ao Paulo Sousa e alguns jogadores pra rua.<\/p>\n<p>&mdash; \ud835\udc05\ud835\udc0b\ud835\udc00 \ud835\udc11\ud835\udc00\ud835\udc08\ud835\udc19 \u00b9\u2078\u2079\u2075 (@_FlaRaiz) <a href=\"https:\/\/twitter.com\/_FlaRaiz\/status\/1509590213538066446?ref_src=twsrc%5Etfw\">March 31, 2022<\/a><\/p><\/blockquote>\n<p><script async src=\"https:\/\/platform.twitter.com\/widgets.js\" charset=\"utf-8\"><\/script><\/p>\n<blockquote class=\"twitter-tweet\" data-width=\"550\" data-dnt=\"true\">\n<p lang=\"pt\" dir=\"ltr\">Eu n\u00e3o quero a sa\u00edda do Paulo Sousa. Pelo contr\u00e1rio, quero que mudem os diretores Marcos Br\u00e1s e Bruno Spindel e que o elenco seja reformulado.<\/p>\n<p>Chega desses jogadores que n\u00e3o renderam com outros treinadores. J\u00e1 n\u00e3o rendiam a mesma coisa com o Jorge Jesus em 2020.<\/p>\n<p>&mdash; Anderson \u1d9c\u02b3\u1da0 (@_Aandeersoon_) <a href=\"https:\/\/twitter.com\/_Aandeersoon_\/status\/1509588605328580609?ref_src=twsrc%5Etfw\">March 31, 2022<\/a><\/p><\/blockquote>\n<p><script async src=\"https:\/\/platform.twitter.com\/widgets.js\" charset=\"utf-8\"><\/script><\/p>\n<p>https:\/\/twitter.com\/VilarimP\/status\/1509586893238898695?s=20&#038;t=Vj2p4MGl15Nlwy89N6H4tA<\/p>\n<p>https:\/\/twitter.com\/Vm27_crf\/status\/1509583835951943686?s=20&#038;t=Vj2p4MGl15Nlwy89N6H4tA<\/p>\n<p>&nbsp;<\/p>\n","protected":false},"excerpt":{"rendered":"<p>Na \u00faltima quarta-feira (30), o Flamengo apresentou um desempenho bastante abaixo e foi derrotado por 2 a 0 no jogo de ida da final do Campeonato Carioca. Ap\u00f3s o rev\u00e9s, muitos s\u00e3o os apontados como culpados. Um deles \u00e9 Paulo Sousa, que fez mais um teste no elenco e se frustrou com a ideia, sendo [&hellip;]<\/p>\n","protected":false},"author":4,"featured_media":78507,"comment_status":"open","ping_status":"closed","sticky":false,"template":"","format":"standard","meta":{"footnotes":""},"categories":[1],"tags":[],"class_list":["post-79210","post","type-post","status-publish","format-standard","has-post-thumbnail","hentry","category-flamengo"],"yoast_head":"<!-- This site is optimized with the Yoast SEO Premium plugin v24.2 (Yoast SEO v26.9) - https:\/\/yoast.com\/product\/yoast-seo-premium-wordpress\/ -->\n<title>Derrota divide opini\u00f5es de torcedores do Flamengo sobre Paulo Sousa<\/title>\n<meta name=\"robots\" content=\"index, follow, max-snippet:-1, max-image-preview:large, max-video-preview:-1\" \/>\n<link rel=\"canonical\" href=\"https:\/\/www.gaveanews.com\/index.php\/2022\/03\/31\/derrota-divide-opinioes-de-torcedores-do-flamengo-sobre-paulo-sousa\/\" \/>\n<meta property=\"og:locale\" content=\"pt_BR\" \/>\n<meta property=\"og:type\" content=\"article\" \/>\n<meta property=\"og:title\" content=\"Derrota divide opini\u00f5es de torcedores do Flamengo sobre Paulo Sousa\" \/>\n<meta property=\"og:description\" content=\"Na \u00faltima quarta-feira (30), o Flamengo apresentou um desempenho bastante abaixo e foi derrotado por 2 a 0 no jogo de ida da final do Campeonato Carioca. Ap\u00f3s o rev\u00e9s, muitos s\u00e3o os apontados como culpados. Um deles \u00e9 Paulo Sousa, que fez mais um teste no elenco e se frustrou com a ideia, sendo [&hellip;]\" \/>\n<meta property=\"og:url\" content=\"https:\/\/www.gaveanews.com\/index.php\/2022\/03\/31\/derrota-divide-opinioes-de-torcedores-do-flamengo-sobre-paulo-sousa\/\" \/>\n<meta property=\"og:site_name\" content=\"G\u00e1vea News\" \/>\n<meta property=\"article:publisher\" content=\"https:\/\/facebook.com\/gaveaNews\/\" \/>\n<meta property=\"article:published_time\" content=\"2022-03-31T18:44:23+00:00\" \/>\n<meta property=\"og:image\" content=\"https:\/\/www.gaveanews.com\/wp-content\/uploads\/Paulo-Sousa-comanda-o-time-do-Flamengo-em-classico-contra-o-Vasco-pela-semifinal-do-Cariocao.webp\" \/>\n\t<meta property=\"og:image:width\" content=\"799\" \/>\n\t<meta property=\"og:image:height\" content=\"533\" \/>\n\t<meta property=\"og:image:type\" content=\"image\/jpeg\" \/>\n<meta name=\"author\" content=\"Let\u00edcia Gerheim\" \/>\n<meta name=\"twitter:card\" content=\"summary_large_image\" \/>\n<meta name=\"twitter:label1\" content=\"Escrito por\" \/>\n\t<meta name=\"twitter:data1\" content=\"Let\u00edcia Gerheim\" \/>\n\t<meta name=\"twitter:label2\" content=\"Est. tempo de leitura\" \/>\n\t<meta name=\"twitter:data2\" content=\"1 minuto\" \/>\n<script type=\"application\/ld+json\" class=\"yoast-schema-graph\">{\"@context\":\"https:\/\/schema.org\",\"@graph\":[{\"@type\":\"NewsArticle\",\"@id\":\"https:\/\/www.gaveanews.com\/index.php\/2022\/03\/31\/derrota-divide-opinioes-de-torcedores-do-flamengo-sobre-paulo-sousa\/#article\",\"isPartOf\":{\"@id\":\"https:\/\/www.gaveanews.com\/index.php\/2022\/03\/31\/derrota-divide-opinioes-de-torcedores-do-flamengo-sobre-paulo-sousa\/\"},\"author\":{\"name\":\"Let\u00edcia Gerheim\",\"@id\":\"https:\/\/www.gaveanews.com\/#\/schema\/person\/714c67050b836198af2450ba1c142a67\"},\"headline\":\"Derrota divide opini\u00f5es de torcedores do Flamengo sobre Paulo Sousa\",\"datePublished\":\"2022-03-31T18:44:23+00:00\",\"mainEntityOfPage\":{\"@id\":\"https:\/\/www.gaveanews.com\/index.php\/2022\/03\/31\/derrota-divide-opinioes-de-torcedores-do-flamengo-sobre-paulo-sousa\/\"},\"wordCount\":301,\"commentCount\":0,\"image\":{\"@id\":\"https:\/\/www.gaveanews.com\/index.php\/2022\/03\/31\/derrota-divide-opinioes-de-torcedores-do-flamengo-sobre-paulo-sousa\/#primaryimage\"},\"thumbnailUrl\":\"https:\/\/www.gaveanews.com\/wp-content\/uploads\/Paulo-Sousa-comanda-o-time-do-Flamengo-em-classico-contra-o-Vasco-pela-semifinal-do-Cariocao.webp\",\"articleSection\":[\"Flamengo\"],\"inLanguage\":\"pt-BR\",\"potentialAction\":[{\"@type\":\"CommentAction\",\"name\":\"Comment\",\"target\":[\"https:\/\/www.gaveanews.com\/index.php\/2022\/03\/31\/derrota-divide-opinioes-de-torcedores-do-flamengo-sobre-paulo-sousa\/#respond\"]}],\"copyrightYear\":\"2022\",\"copyrightHolder\":{\"@id\":\"https:\/\/www.gaveanews.com\/#organization\"}},{\"@type\":\"WebPage\",\"@id\":\"https:\/\/www.gaveanews.com\/index.php\/2022\/03\/31\/derrota-divide-opinioes-de-torcedores-do-flamengo-sobre-paulo-sousa\/\",\"url\":\"https:\/\/www.gaveanews.com\/index.php\/2022\/03\/31\/derrota-divide-opinioes-de-torcedores-do-flamengo-sobre-paulo-sousa\/\",\"name\":\"Derrota divide opini\u00f5es de torcedores do Flamengo sobre Paulo Sousa\",\"isPartOf\":{\"@id\":\"https:\/\/www.gaveanews.com\/#website\"},\"primaryImageOfPage\":{\"@id\":\"https:\/\/www.gaveanews.com\/index.php\/2022\/03\/31\/derrota-divide-opinioes-de-torcedores-do-flamengo-sobre-paulo-sousa\/#primaryimage\"},\"image\":{\"@id\":\"https:\/\/www.gaveanews.com\/index.php\/2022\/03\/31\/derrota-divide-opinioes-de-torcedores-do-flamengo-sobre-paulo-sousa\/#primaryimage\"},\"thumbnailUrl\":\"https:\/\/www.gaveanews.com\/wp-content\/uploads\/Paulo-Sousa-comanda-o-time-do-Flamengo-em-classico-contra-o-Vasco-pela-semifinal-do-Cariocao.webp\",\"datePublished\":\"2022-03-31T18:44:23+00:00\",\"author\":{\"@id\":\"https:\/\/www.gaveanews.com\/#\/schema\/person\/714c67050b836198af2450ba1c142a67\"},\"breadcrumb\":{\"@id\":\"https:\/\/www.gaveanews.com\/index.php\/2022\/03\/31\/derrota-divide-opinioes-de-torcedores-do-flamengo-sobre-paulo-sousa\/#breadcrumb\"},\"inLanguage\":\"pt-BR\",\"potentialAction\":[{\"@type\":\"ReadAction\",\"target\":[\"https:\/\/www.gaveanews.com\/index.php\/2022\/03\/31\/derrota-divide-opinioes-de-torcedores-do-flamengo-sobre-paulo-sousa\/\"]}]},{\"@type\":\"ImageObject\",\"inLanguage\":\"pt-BR\",\"@id\":\"https:\/\/www.gaveanews.com\/index.php\/2022\/03\/31\/derrota-divide-opinioes-de-torcedores-do-flamengo-sobre-paulo-sousa\/#primaryimage\",\"url\":\"https:\/\/www.gaveanews.com\/wp-content\/uploads\/Paulo-Sousa-comanda-o-time-do-Flamengo-em-classico-contra-o-Vasco-pela-semifinal-do-Cariocao.webp\",\"contentUrl\":\"https:\/\/www.gaveanews.com\/wp-content\/uploads\/Paulo-Sousa-comanda-o-time-do-Flamengo-em-classico-contra-o-Vasco-pela-semifinal-do-Cariocao.webp\",\"width\":799,\"height\":533,\"caption\":\"Paulo Sousa comanda o time do Flamengo em cl\u00e1ssico contra o Vasco pela semifinal do Carioc\u00e3o (Foto: Marcelo Cortes\/Flamengo)\"},{\"@type\":\"BreadcrumbList\",\"@id\":\"https:\/\/www.gaveanews.com\/index.php\/2022\/03\/31\/derrota-divide-opinioes-de-torcedores-do-flamengo-sobre-paulo-sousa\/#breadcrumb\",\"itemListElement\":[{\"@type\":\"ListItem\",\"position\":1,\"name\":\"Home\",\"item\":\"https:\/\/www.gaveanews.com\/\"},{\"@type\":\"ListItem\",\"position\":2,\"name\":\"Derrota divide opini\u00f5es de torcedores do Flamengo sobre Paulo Sousa\"}]},{\"@type\":\"WebSite\",\"@id\":\"https:\/\/www.gaveanews.com\/#website\",\"url\":\"https:\/\/www.gaveanews.com\/\",\"name\":\"G\u00e1vea News\",\"description\":\"Veja todas as not\u00edcias sobre o Flamengo: Contrata\u00e7\u00f5es, categorias de base, resultados das partidas, tabela de classifica\u00e7\u00e3o, pr\u00f3ximos jogos!\",\"potentialAction\":[{\"@type\":\"SearchAction\",\"target\":{\"@type\":\"EntryPoint\",\"urlTemplate\":\"https:\/\/www.gaveanews.com\/?s={search_term_string}\"},\"query-input\":{\"@type\":\"PropertyValueSpecification\",\"valueRequired\":true,\"valueName\":\"search_term_string\"}}],\"inLanguage\":\"pt-BR\"},{\"@type\":\"Person\",\"@id\":\"https:\/\/www.gaveanews.com\/#\/schema\/person\/714c67050b836198af2450ba1c142a67\",\"name\":\"Let\u00edcia Gerheim\",\"image\":{\"@type\":\"ImageObject\",\"inLanguage\":\"pt-BR\",\"@id\":\"https:\/\/www.gaveanews.com\/#\/schema\/person\/image\/\",\"url\":\"https:\/\/secure.gravatar.com\/avatar\/60734739c50fcebfbac509e2a826ccd0ff405c019bc73aab9354f19ecad1dcb4?s=96&d=mm&r=g\",\"contentUrl\":\"https:\/\/secure.gravatar.com\/avatar\/60734739c50fcebfbac509e2a826ccd0ff405c019bc73aab9354f19ecad1dcb4?s=96&d=mm&r=g\",\"caption\":\"Let\u00edcia Gerheim\"}}]}<\/script>\n<!-- \/ Yoast SEO Premium plugin. -->","yoast_head_json":{"title":"Derrota divide opini\u00f5es de torcedores do Flamengo sobre Paulo Sousa","robots":{"index":"index","follow":"follow","max-snippet":"max-snippet:-1","max-image-preview":"max-image-preview:large","max-video-preview":"max-video-preview:-1"},"canonical":"https:\/\/www.gaveanews.com\/index.php\/2022\/03\/31\/derrota-divide-opinioes-de-torcedores-do-flamengo-sobre-paulo-sousa\/","og_locale":"pt_BR","og_type":"article","og_title":"Derrota divide opini\u00f5es de torcedores do Flamengo sobre Paulo Sousa","og_description":"Na \u00faltima quarta-feira (30), o Flamengo apresentou um desempenho bastante abaixo e foi derrotado por 2 a 0 no jogo de ida da final do Campeonato Carioca. Ap\u00f3s o rev\u00e9s, muitos s\u00e3o os apontados como culpados. Um deles \u00e9 Paulo Sousa, que fez mais um teste no elenco e se frustrou com a ideia, sendo [&hellip;]","og_url":"https:\/\/www.gaveanews.com\/index.php\/2022\/03\/31\/derrota-divide-opinioes-de-torcedores-do-flamengo-sobre-paulo-sousa\/","og_site_name":"G\u00e1vea News","article_publisher":"https:\/\/facebook.com\/gaveaNews\/","article_published_time":"2022-03-31T18:44:23+00:00","og_image":[{"width":799,"height":533,"url":"https:\/\/www.gaveanews.com\/wp-content\/uploads\/Paulo-Sousa-comanda-o-time-do-Flamengo-em-classico-contra-o-Vasco-pela-semifinal-do-Cariocao.webp","type":"image\/jpeg"}],"author":"Let\u00edcia Gerheim","twitter_card":"summary_large_image","twitter_misc":{"Escrito por":"Let\u00edcia Gerheim","Est. tempo de leitura":"1 minuto"},"schema":{"@context":"https:\/\/schema.org","@graph":[{"@type":"NewsArticle","@id":"https:\/\/www.gaveanews.com\/index.php\/2022\/03\/31\/derrota-divide-opinioes-de-torcedores-do-flamengo-sobre-paulo-sousa\/#article","isPartOf":{"@id":"https:\/\/www.gaveanews.com\/index.php\/2022\/03\/31\/derrota-divide-opinioes-de-torcedores-do-flamengo-sobre-paulo-sousa\/"},"author":{"name":"Let\u00edcia Gerheim","@id":"https:\/\/www.gaveanews.com\/#\/schema\/person\/714c67050b836198af2450ba1c142a67"},"headline":"Derrota divide opini\u00f5es de torcedores do Flamengo sobre Paulo Sousa","datePublished":"2022-03-31T18:44:23+00:00","mainEntityOfPage":{"@id":"https:\/\/www.gaveanews.com\/index.php\/2022\/03\/31\/derrota-divide-opinioes-de-torcedores-do-flamengo-sobre-paulo-sousa\/"},"wordCount":301,"commentCount":0,"image":{"@id":"https:\/\/www.gaveanews.com\/index.php\/2022\/03\/31\/derrota-divide-opinioes-de-torcedores-do-flamengo-sobre-paulo-sousa\/#primaryimage"},"thumbnailUrl":"https:\/\/www.gaveanews.com\/wp-content\/uploads\/Paulo-Sousa-comanda-o-time-do-Flamengo-em-classico-contra-o-Vasco-pela-semifinal-do-Cariocao.webp","articleSection":["Flamengo"],"inLanguage":"pt-BR","potentialAction":[{"@type":"CommentAction","name":"Comment","target":["https:\/\/www.gaveanews.com\/index.php\/2022\/03\/31\/derrota-divide-opinioes-de-torcedores-do-flamengo-sobre-paulo-sousa\/#respond"]}],"copyrightYear":"2022","copyrightHolder":{"@id":"https:\/\/www.gaveanews.com\/#organization"}},{"@type":"WebPage","@id":"https:\/\/www.gaveanews.com\/index.php\/2022\/03\/31\/derrota-divide-opinioes-de-torcedores-do-flamengo-sobre-paulo-sousa\/","url":"https:\/\/www.gaveanews.com\/index.php\/2022\/03\/31\/derrota-divide-opinioes-de-torcedores-do-flamengo-sobre-paulo-sousa\/","name":"Derrota divide opini\u00f5es de torcedores do Flamengo sobre Paulo Sousa","isPartOf":{"@id":"https:\/\/www.gaveanews.com\/#website"},"primaryImageOfPage":{"@id":"https:\/\/www.gaveanews.com\/index.php\/2022\/03\/31\/derrota-divide-opinioes-de-torcedores-do-flamengo-sobre-paulo-sousa\/#primaryimage"},"image":{"@id":"https:\/\/www.gaveanews.com\/index.php\/2022\/03\/31\/derrota-divide-opinioes-de-torcedores-do-flamengo-sobre-paulo-sousa\/#primaryimage"},"thumbnailUrl":"https:\/\/www.gaveanews.com\/wp-content\/uploads\/Paulo-Sousa-comanda-o-time-do-Flamengo-em-classico-contra-o-Vasco-pela-semifinal-do-Cariocao.webp","datePublished":"2022-03-31T18:44:23+00:00","author":{"@id":"https:\/\/www.gaveanews.com\/#\/schema\/person\/714c67050b836198af2450ba1c142a67"},"breadcrumb":{"@id":"https:\/\/www.gaveanews.com\/index.php\/2022\/03\/31\/derrota-divide-opinioes-de-torcedores-do-flamengo-sobre-paulo-sousa\/#breadcrumb"},"inLanguage":"pt-BR","potentialAction":[{"@type":"ReadAction","target":["https:\/\/www.gaveanews.com\/index.php\/2022\/03\/31\/derrota-divide-opinioes-de-torcedores-do-flamengo-sobre-paulo-sousa\/"]}]},{"@type":"ImageObject","inLanguage":"pt-BR","@id":"https:\/\/www.gaveanews.com\/index.php\/2022\/03\/31\/derrota-divide-opinioes-de-torcedores-do-flamengo-sobre-paulo-sousa\/#primaryimage","url":"https:\/\/www.gaveanews.com\/wp-content\/uploads\/Paulo-Sousa-comanda-o-time-do-Flamengo-em-classico-contra-o-Vasco-pela-semifinal-do-Cariocao.webp","contentUrl":"https:\/\/www.gaveanews.com\/wp-content\/uploads\/Paulo-Sousa-comanda-o-time-do-Flamengo-em-classico-contra-o-Vasco-pela-semifinal-do-Cariocao.webp","width":799,"height":533,"caption":"Paulo Sousa comanda o time do Flamengo em cl\u00e1ssico contra o Vasco pela semifinal do Carioc\u00e3o (Foto: Marcelo Cortes\/Flamengo)"},{"@type":"BreadcrumbList","@id":"https:\/\/www.gaveanews.com\/index.php\/2022\/03\/31\/derrota-divide-opinioes-de-torcedores-do-flamengo-sobre-paulo-sousa\/#breadcrumb","itemListElement":[{"@type":"ListItem","position":1,"name":"Home","item":"https:\/\/www.gaveanews.com\/"},{"@type":"ListItem","position":2,"name":"Derrota divide opini\u00f5es de torcedores do Flamengo sobre Paulo Sousa"}]},{"@type":"WebSite","@id":"https:\/\/www.gaveanews.com\/#website","url":"https:\/\/www.gaveanews.com\/","name":"G\u00e1vea News","description":"Veja todas as not\u00edcias sobre o Flamengo: Contrata\u00e7\u00f5es, categorias de base, resultados das partidas, tabela de classifica\u00e7\u00e3o, pr\u00f3ximos jogos!","potentialAction":[{"@type":"SearchAction","target":{"@type":"EntryPoint","urlTemplate":"https:\/\/www.gaveanews.com\/?s={search_term_string}"},"query-input":{"@type":"PropertyValueSpecification","valueRequired":true,"valueName":"search_term_string"}}],"inLanguage":"pt-BR"},{"@type":"Person","@id":"https:\/\/www.gaveanews.com\/#\/schema\/person\/714c67050b836198af2450ba1c142a67","name":"Let\u00edcia Gerheim","image":{"@type":"ImageObject","inLanguage":"pt-BR","@id":"https:\/\/www.gaveanews.com\/#\/schema\/person\/image\/","url":"https:\/\/secure.gravatar.com\/avatar\/60734739c50fcebfbac509e2a826ccd0ff405c019bc73aab9354f19ecad1dcb4?s=96&d=mm&r=g","contentUrl":"https:\/\/secure.gravatar.com\/avatar\/60734739c50fcebfbac509e2a826ccd0ff405c019bc73aab9354f19ecad1dcb4?s=96&d=mm&r=g","caption":"Let\u00edcia Gerheim"}}]}},"_links":{"self":[{"href":"https:\/\/www.gaveanews.com\/index.php\/wp-json\/wp\/v2\/posts\/79210","targetHints":{"allow":["GET"]}}],"collection":[{"href":"https:\/\/www.gaveanews.com\/index.php\/wp-json\/wp\/v2\/posts"}],"about":[{"href":"https:\/\/www.gaveanews.com\/index.php\/wp-json\/wp\/v2\/types\/post"}],"author":[{"embeddable":true,"href":"https:\/\/www.gaveanews.com\/index.php\/wp-json\/wp\/v2\/users\/4"}],"replies":[{"embeddable":true,"href":"https:\/\/www.gaveanews.com\/index.php\/wp-json\/wp\/v2\/comments?post=79210"}],"version-history":[{"count":0,"href":"https:\/\/www.gaveanews.com\/index.php\/wp-json\/wp\/v2\/posts\/79210\/revisions"}],"wp:featuredmedia":[{"embeddable":true,"href":"https:\/\/www.gaveanews.com\/index.php\/wp-json\/wp\/v2\/media\/78507"}],"wp:attachment":[{"href":"https:\/\/www.gaveanews.com\/index.php\/wp-json\/wp\/v2\/media?parent=79210"}],"wp:term":[{"taxonomy":"category","embeddable":true,"href":"https:\/\/www.gaveanews.com\/index.php\/wp-json\/wp\/v2\/categories?post=79210"},{"taxonomy":"post_tag","embeddable":true,"href":"https:\/\/www.gaveanews.com\/index.php\/wp-json\/wp\/v2\/tags?post=79210"}],"curies":[{"name":"wp","href":"https:\/\/api.w.org\/{rel}","templated":true}]}}