{"id":79276,"date":"2022-04-01T00:11:22","date_gmt":"2022-04-01T03:11:22","guid":{"rendered":"https:\/\/www.gaveanews.com\/?p=79276"},"modified":"2022-04-01T00:11:22","modified_gmt":"2022-04-01T03:11:22","slug":"jorge-jesus-tem-viagem-programada-para-o-rio-de-janeiro","status":"publish","type":"post","link":"https:\/\/www.gaveanews.com\/index.php\/2022\/04\/01\/jorge-jesus-tem-viagem-programada-para-o-rio-de-janeiro\/","title":{"rendered":"Jorge Jesus tem viagem programada para o Rio de Janeiro"},"content":{"rendered":"<p>Na \u00faltima quarta-feira (30), o jornal \u2018Record\u2019, de Portugal havia dado a not\u00edcia de que Jorge Jesus seria o novo t\u00e9cnico do Al-Nassr, da Ar\u00e1bia Saudita. Inclusive o \u2018Record\u2019 trouxe os valores dos sal\u00e1rios anuais do Mister. Por\u00e9m algumas horas depois foi confirmado que n\u00e3o houve nenhum acerto entre as partes.<\/p>\n<p>Com o atual momento, os torcedores do Flamengo questionam cada vez mais o trabalho de Paulo Sousa. Ap\u00f3s a derrota para o Fluminense no primeiro jogo da final, muitos torcedores foram as redes sociais pedir a sa\u00edda do comandante, e uma not\u00edcia pode pressionar ainda mais o treinador.<\/p>\n<p>De acordo com a \u2018ESPN\u2019, Jorge Jesus tem uma viagem programada para o Rio de Janeiro, o Mister chegar\u00e1 ao Brasil em abril, onde ir\u00e1 aproveitar o carnaval fora de \u00e9poca. Jesus trar\u00e1 a esposa e a filha nessa viagem.<\/p>\n<p>O treinador est\u00e1 sem clube desde dezembro de 2021, quando foi demitido pelo Benfica. Na \u00e9poca, o Flamengo esteve em Portugal, mas as conversas com o Mister n\u00e3o evolu\u00edram. Com isso o Mais Querido foi atr\u00e1s de outros nomes, at\u00e9 chegar \u00e0 Paulo Sousa.<\/p>\n<p>O tradicional cafezinho com Marcos Braz deve acontecer, j\u00e1 que o dirigente disse que s\u00e3o amigos pessoais, e sempre que visitava o Mister eles tomam um caf\u00e9 e conversam sobre a vida.<\/p>\n<p>Com as atua\u00e7\u00f5es feitas pelo Flamengo at\u00e9 o momento, e a chegada de Jorge Jesus no Brasil. A tend\u00eancia \u00e9 que a Na\u00e7\u00e3o v\u00e1 as redes sociais e fa\u00e7a uma grande campanha pedindo o retorno do comandante ao Mais Querido.<\/p>\n<p>Retirado de: Di\u00e1rio do Fla<\/p>\n","protected":false},"excerpt":{"rendered":"<p>Na \u00faltima quarta-feira (30), o jornal \u2018Record\u2019, de Portugal havia dado a not\u00edcia de que Jorge Jesus seria o novo t\u00e9cnico do Al-Nassr, da Ar\u00e1bia Saudita. Inclusive o \u2018Record\u2019 trouxe os valores dos sal\u00e1rios anuais do Mister. Por\u00e9m algumas horas depois foi confirmado que n\u00e3o houve nenhum acerto entre as partes. Com o atual momento, [&hellip;]<\/p>\n","protected":false},"author":1,"featured_media":28884,"comment_status":"open","ping_status":"closed","sticky":false,"template":"","format":"standard","meta":{"footnotes":""},"categories":[1],"tags":[],"class_list":["post-79276","post","type-post","status-publish","format-standard","has-post-thumbnail","hentry","category-flamengo"],"yoast_head":"<!-- This site is optimized with the Yoast SEO Premium plugin v24.2 (Yoast SEO v26.9) - https:\/\/yoast.com\/product\/yoast-seo-premium-wordpress\/ -->\n<title>Jorge Jesus tem viagem programada para o Rio de Janeiro<\/title>\n<meta name=\"robots\" content=\"index, follow, max-snippet:-1, max-image-preview:large, max-video-preview:-1\" \/>\n<link rel=\"canonical\" href=\"https:\/\/www.gaveanews.com\/index.php\/2022\/04\/01\/jorge-jesus-tem-viagem-programada-para-o-rio-de-janeiro\/\" \/>\n<meta property=\"og:locale\" content=\"pt_BR\" \/>\n<meta property=\"og:type\" content=\"article\" \/>\n<meta property=\"og:title\" content=\"Jorge Jesus tem viagem programada para o Rio de Janeiro\" \/>\n<meta property=\"og:description\" content=\"Na \u00faltima quarta-feira (30), o jornal \u2018Record\u2019, de Portugal havia dado a not\u00edcia de que Jorge Jesus seria o novo t\u00e9cnico do Al-Nassr, da Ar\u00e1bia Saudita. Inclusive o \u2018Record\u2019 trouxe os valores dos sal\u00e1rios anuais do Mister. Por\u00e9m algumas horas depois foi confirmado que n\u00e3o houve nenhum acerto entre as partes. Com o atual momento, [&hellip;]\" \/>\n<meta property=\"og:url\" content=\"https:\/\/www.gaveanews.com\/index.php\/2022\/04\/01\/jorge-jesus-tem-viagem-programada-para-o-rio-de-janeiro\/\" \/>\n<meta property=\"og:site_name\" content=\"G\u00e1vea News\" \/>\n<meta property=\"article:publisher\" content=\"https:\/\/facebook.com\/gaveaNews\/\" \/>\n<meta property=\"article:published_time\" content=\"2022-04-01T03:11:22+00:00\" \/>\n<meta property=\"og:image\" content=\"https:\/\/www.gaveanews.com\/wp-content\/uploads\/Treinador-Jorge-Jesus-durante-uma-partida-do-Flamengo.webp\" \/>\n\t<meta property=\"og:image:width\" content=\"900\" \/>\n\t<meta property=\"og:image:height\" content=\"600\" \/>\n\t<meta property=\"og:image:type\" content=\"image\/jpeg\" \/>\n<meta name=\"author\" content=\"Equipe G\u00e1vea News\" \/>\n<meta name=\"twitter:card\" content=\"summary_large_image\" \/>\n<meta name=\"twitter:label1\" content=\"Escrito por\" \/>\n\t<meta name=\"twitter:data1\" content=\"Equipe G\u00e1vea News\" \/>\n\t<meta name=\"twitter:label2\" content=\"Est. tempo de leitura\" \/>\n\t<meta name=\"twitter:data2\" content=\"2 minutos\" \/>\n<script type=\"application\/ld+json\" class=\"yoast-schema-graph\">{\"@context\":\"https:\/\/schema.org\",\"@graph\":[{\"@type\":\"NewsArticle\",\"@id\":\"https:\/\/www.gaveanews.com\/index.php\/2022\/04\/01\/jorge-jesus-tem-viagem-programada-para-o-rio-de-janeiro\/#article\",\"isPartOf\":{\"@id\":\"https:\/\/www.gaveanews.com\/index.php\/2022\/04\/01\/jorge-jesus-tem-viagem-programada-para-o-rio-de-janeiro\/\"},\"author\":{\"name\":\"Equipe G\u00e1vea News\",\"@id\":\"https:\/\/www.gaveanews.com\/#\/schema\/person\/2ec14f73fb96be2caf28f91afb14749d\"},\"headline\":\"Jorge Jesus tem viagem programada para o Rio de Janeiro\",\"datePublished\":\"2022-04-01T03:11:22+00:00\",\"mainEntityOfPage\":{\"@id\":\"https:\/\/www.gaveanews.com\/index.php\/2022\/04\/01\/jorge-jesus-tem-viagem-programada-para-o-rio-de-janeiro\/\"},\"wordCount\":284,\"commentCount\":0,\"image\":{\"@id\":\"https:\/\/www.gaveanews.com\/index.php\/2022\/04\/01\/jorge-jesus-tem-viagem-programada-para-o-rio-de-janeiro\/#primaryimage\"},\"thumbnailUrl\":\"https:\/\/www.gaveanews.com\/wp-content\/uploads\/Treinador-Jorge-Jesus-durante-uma-partida-do-Flamengo.webp\",\"articleSection\":[\"Flamengo\"],\"inLanguage\":\"pt-BR\",\"potentialAction\":[{\"@type\":\"CommentAction\",\"name\":\"Comment\",\"target\":[\"https:\/\/www.gaveanews.com\/index.php\/2022\/04\/01\/jorge-jesus-tem-viagem-programada-para-o-rio-de-janeiro\/#respond\"]}],\"copyrightYear\":\"2022\",\"copyrightHolder\":{\"@id\":\"https:\/\/www.gaveanews.com\/#organization\"}},{\"@type\":\"WebPage\",\"@id\":\"https:\/\/www.gaveanews.com\/index.php\/2022\/04\/01\/jorge-jesus-tem-viagem-programada-para-o-rio-de-janeiro\/\",\"url\":\"https:\/\/www.gaveanews.com\/index.php\/2022\/04\/01\/jorge-jesus-tem-viagem-programada-para-o-rio-de-janeiro\/\",\"name\":\"Jorge Jesus tem viagem programada para o Rio de Janeiro\",\"isPartOf\":{\"@id\":\"https:\/\/www.gaveanews.com\/#website\"},\"primaryImageOfPage\":{\"@id\":\"https:\/\/www.gaveanews.com\/index.php\/2022\/04\/01\/jorge-jesus-tem-viagem-programada-para-o-rio-de-janeiro\/#primaryimage\"},\"image\":{\"@id\":\"https:\/\/www.gaveanews.com\/index.php\/2022\/04\/01\/jorge-jesus-tem-viagem-programada-para-o-rio-de-janeiro\/#primaryimage\"},\"thumbnailUrl\":\"https:\/\/www.gaveanews.com\/wp-content\/uploads\/Treinador-Jorge-Jesus-durante-uma-partida-do-Flamengo.webp\",\"datePublished\":\"2022-04-01T03:11:22+00:00\",\"author\":{\"@id\":\"https:\/\/www.gaveanews.com\/#\/schema\/person\/2ec14f73fb96be2caf28f91afb14749d\"},\"breadcrumb\":{\"@id\":\"https:\/\/www.gaveanews.com\/index.php\/2022\/04\/01\/jorge-jesus-tem-viagem-programada-para-o-rio-de-janeiro\/#breadcrumb\"},\"inLanguage\":\"pt-BR\",\"potentialAction\":[{\"@type\":\"ReadAction\",\"target\":[\"https:\/\/www.gaveanews.com\/index.php\/2022\/04\/01\/jorge-jesus-tem-viagem-programada-para-o-rio-de-janeiro\/\"]}]},{\"@type\":\"ImageObject\",\"inLanguage\":\"pt-BR\",\"@id\":\"https:\/\/www.gaveanews.com\/index.php\/2022\/04\/01\/jorge-jesus-tem-viagem-programada-para-o-rio-de-janeiro\/#primaryimage\",\"url\":\"https:\/\/www.gaveanews.com\/wp-content\/uploads\/Treinador-Jorge-Jesus-durante-uma-partida-do-Flamengo.webp\",\"contentUrl\":\"https:\/\/www.gaveanews.com\/wp-content\/uploads\/Treinador-Jorge-Jesus-durante-uma-partida-do-Flamengo.webp\",\"width\":900,\"height\":600,\"caption\":\"Treinador Jorge Jesus durante uma partida do Flamengo (Foto: Alexandre Vidal\/Flamengo)\"},{\"@type\":\"BreadcrumbList\",\"@id\":\"https:\/\/www.gaveanews.com\/index.php\/2022\/04\/01\/jorge-jesus-tem-viagem-programada-para-o-rio-de-janeiro\/#breadcrumb\",\"itemListElement\":[{\"@type\":\"ListItem\",\"position\":1,\"name\":\"Home\",\"item\":\"https:\/\/www.gaveanews.com\/\"},{\"@type\":\"ListItem\",\"position\":2,\"name\":\"Jorge Jesus tem viagem programada para o Rio de Janeiro\"}]},{\"@type\":\"WebSite\",\"@id\":\"https:\/\/www.gaveanews.com\/#website\",\"url\":\"https:\/\/www.gaveanews.com\/\",\"name\":\"G\u00e1vea News\",\"description\":\"Veja todas as not\u00edcias sobre o Flamengo: Contrata\u00e7\u00f5es, categorias de base, resultados das partidas, tabela de classifica\u00e7\u00e3o, pr\u00f3ximos jogos!\",\"potentialAction\":[{\"@type\":\"SearchAction\",\"target\":{\"@type\":\"EntryPoint\",\"urlTemplate\":\"https:\/\/www.gaveanews.com\/?s={search_term_string}\"},\"query-input\":{\"@type\":\"PropertyValueSpecification\",\"valueRequired\":true,\"valueName\":\"search_term_string\"}}],\"inLanguage\":\"pt-BR\"},{\"@type\":\"Person\",\"@id\":\"https:\/\/www.gaveanews.com\/#\/schema\/person\/2ec14f73fb96be2caf28f91afb14749d\",\"name\":\"Equipe G\u00e1vea News\",\"image\":{\"@type\":\"ImageObject\",\"inLanguage\":\"pt-BR\",\"@id\":\"https:\/\/www.gaveanews.com\/#\/schema\/person\/image\/\",\"url\":\"https:\/\/secure.gravatar.com\/avatar\/1e1956f1facbffd3f8fa53a326721950116b3b9dc9bd44939c01180fd4a745a9?s=96&d=mm&r=g\",\"contentUrl\":\"https:\/\/secure.gravatar.com\/avatar\/1e1956f1facbffd3f8fa53a326721950116b3b9dc9bd44939c01180fd4a745a9?s=96&d=mm&r=g\",\"caption\":\"Equipe G\u00e1vea News\"}}]}<\/script>\n<!-- \/ Yoast SEO Premium plugin. -->","yoast_head_json":{"title":"Jorge Jesus tem viagem programada para o Rio de Janeiro","robots":{"index":"index","follow":"follow","max-snippet":"max-snippet:-1","max-image-preview":"max-image-preview:large","max-video-preview":"max-video-preview:-1"},"canonical":"https:\/\/www.gaveanews.com\/index.php\/2022\/04\/01\/jorge-jesus-tem-viagem-programada-para-o-rio-de-janeiro\/","og_locale":"pt_BR","og_type":"article","og_title":"Jorge Jesus tem viagem programada para o Rio de Janeiro","og_description":"Na \u00faltima quarta-feira (30), o jornal \u2018Record\u2019, de Portugal havia dado a not\u00edcia de que Jorge Jesus seria o novo t\u00e9cnico do Al-Nassr, da Ar\u00e1bia Saudita. Inclusive o \u2018Record\u2019 trouxe os valores dos sal\u00e1rios anuais do Mister. Por\u00e9m algumas horas depois foi confirmado que n\u00e3o houve nenhum acerto entre as partes. Com o atual momento, [&hellip;]","og_url":"https:\/\/www.gaveanews.com\/index.php\/2022\/04\/01\/jorge-jesus-tem-viagem-programada-para-o-rio-de-janeiro\/","og_site_name":"G\u00e1vea News","article_publisher":"https:\/\/facebook.com\/gaveaNews\/","article_published_time":"2022-04-01T03:11:22+00:00","og_image":[{"width":900,"height":600,"url":"https:\/\/www.gaveanews.com\/wp-content\/uploads\/Treinador-Jorge-Jesus-durante-uma-partida-do-Flamengo.webp","type":"image\/jpeg"}],"author":"Equipe G\u00e1vea News","twitter_card":"summary_large_image","twitter_misc":{"Escrito por":"Equipe G\u00e1vea News","Est. tempo de leitura":"2 minutos"},"schema":{"@context":"https:\/\/schema.org","@graph":[{"@type":"NewsArticle","@id":"https:\/\/www.gaveanews.com\/index.php\/2022\/04\/01\/jorge-jesus-tem-viagem-programada-para-o-rio-de-janeiro\/#article","isPartOf":{"@id":"https:\/\/www.gaveanews.com\/index.php\/2022\/04\/01\/jorge-jesus-tem-viagem-programada-para-o-rio-de-janeiro\/"},"author":{"name":"Equipe G\u00e1vea News","@id":"https:\/\/www.gaveanews.com\/#\/schema\/person\/2ec14f73fb96be2caf28f91afb14749d"},"headline":"Jorge Jesus tem viagem programada para o Rio de Janeiro","datePublished":"2022-04-01T03:11:22+00:00","mainEntityOfPage":{"@id":"https:\/\/www.gaveanews.com\/index.php\/2022\/04\/01\/jorge-jesus-tem-viagem-programada-para-o-rio-de-janeiro\/"},"wordCount":284,"commentCount":0,"image":{"@id":"https:\/\/www.gaveanews.com\/index.php\/2022\/04\/01\/jorge-jesus-tem-viagem-programada-para-o-rio-de-janeiro\/#primaryimage"},"thumbnailUrl":"https:\/\/www.gaveanews.com\/wp-content\/uploads\/Treinador-Jorge-Jesus-durante-uma-partida-do-Flamengo.webp","articleSection":["Flamengo"],"inLanguage":"pt-BR","potentialAction":[{"@type":"CommentAction","name":"Comment","target":["https:\/\/www.gaveanews.com\/index.php\/2022\/04\/01\/jorge-jesus-tem-viagem-programada-para-o-rio-de-janeiro\/#respond"]}],"copyrightYear":"2022","copyrightHolder":{"@id":"https:\/\/www.gaveanews.com\/#organization"}},{"@type":"WebPage","@id":"https:\/\/www.gaveanews.com\/index.php\/2022\/04\/01\/jorge-jesus-tem-viagem-programada-para-o-rio-de-janeiro\/","url":"https:\/\/www.gaveanews.com\/index.php\/2022\/04\/01\/jorge-jesus-tem-viagem-programada-para-o-rio-de-janeiro\/","name":"Jorge Jesus tem viagem programada para o Rio de Janeiro","isPartOf":{"@id":"https:\/\/www.gaveanews.com\/#website"},"primaryImageOfPage":{"@id":"https:\/\/www.gaveanews.com\/index.php\/2022\/04\/01\/jorge-jesus-tem-viagem-programada-para-o-rio-de-janeiro\/#primaryimage"},"image":{"@id":"https:\/\/www.gaveanews.com\/index.php\/2022\/04\/01\/jorge-jesus-tem-viagem-programada-para-o-rio-de-janeiro\/#primaryimage"},"thumbnailUrl":"https:\/\/www.gaveanews.com\/wp-content\/uploads\/Treinador-Jorge-Jesus-durante-uma-partida-do-Flamengo.webp","datePublished":"2022-04-01T03:11:22+00:00","author":{"@id":"https:\/\/www.gaveanews.com\/#\/schema\/person\/2ec14f73fb96be2caf28f91afb14749d"},"breadcrumb":{"@id":"https:\/\/www.gaveanews.com\/index.php\/2022\/04\/01\/jorge-jesus-tem-viagem-programada-para-o-rio-de-janeiro\/#breadcrumb"},"inLanguage":"pt-BR","potentialAction":[{"@type":"ReadAction","target":["https:\/\/www.gaveanews.com\/index.php\/2022\/04\/01\/jorge-jesus-tem-viagem-programada-para-o-rio-de-janeiro\/"]}]},{"@type":"ImageObject","inLanguage":"pt-BR","@id":"https:\/\/www.gaveanews.com\/index.php\/2022\/04\/01\/jorge-jesus-tem-viagem-programada-para-o-rio-de-janeiro\/#primaryimage","url":"https:\/\/www.gaveanews.com\/wp-content\/uploads\/Treinador-Jorge-Jesus-durante-uma-partida-do-Flamengo.webp","contentUrl":"https:\/\/www.gaveanews.com\/wp-content\/uploads\/Treinador-Jorge-Jesus-durante-uma-partida-do-Flamengo.webp","width":900,"height":600,"caption":"Treinador Jorge Jesus durante uma partida do Flamengo (Foto: Alexandre Vidal\/Flamengo)"},{"@type":"BreadcrumbList","@id":"https:\/\/www.gaveanews.com\/index.php\/2022\/04\/01\/jorge-jesus-tem-viagem-programada-para-o-rio-de-janeiro\/#breadcrumb","itemListElement":[{"@type":"ListItem","position":1,"name":"Home","item":"https:\/\/www.gaveanews.com\/"},{"@type":"ListItem","position":2,"name":"Jorge Jesus tem viagem programada para o Rio de Janeiro"}]},{"@type":"WebSite","@id":"https:\/\/www.gaveanews.com\/#website","url":"https:\/\/www.gaveanews.com\/","name":"G\u00e1vea News","description":"Veja todas as not\u00edcias sobre o Flamengo: Contrata\u00e7\u00f5es, categorias de base, resultados das partidas, tabela de classifica\u00e7\u00e3o, pr\u00f3ximos jogos!","potentialAction":[{"@type":"SearchAction","target":{"@type":"EntryPoint","urlTemplate":"https:\/\/www.gaveanews.com\/?s={search_term_string}"},"query-input":{"@type":"PropertyValueSpecification","valueRequired":true,"valueName":"search_term_string"}}],"inLanguage":"pt-BR"},{"@type":"Person","@id":"https:\/\/www.gaveanews.com\/#\/schema\/person\/2ec14f73fb96be2caf28f91afb14749d","name":"Equipe G\u00e1vea News","image":{"@type":"ImageObject","inLanguage":"pt-BR","@id":"https:\/\/www.gaveanews.com\/#\/schema\/person\/image\/","url":"https:\/\/secure.gravatar.com\/avatar\/1e1956f1facbffd3f8fa53a326721950116b3b9dc9bd44939c01180fd4a745a9?s=96&d=mm&r=g","contentUrl":"https:\/\/secure.gravatar.com\/avatar\/1e1956f1facbffd3f8fa53a326721950116b3b9dc9bd44939c01180fd4a745a9?s=96&d=mm&r=g","caption":"Equipe G\u00e1vea News"}}]}},"_links":{"self":[{"href":"https:\/\/www.gaveanews.com\/index.php\/wp-json\/wp\/v2\/posts\/79276","targetHints":{"allow":["GET"]}}],"collection":[{"href":"https:\/\/www.gaveanews.com\/index.php\/wp-json\/wp\/v2\/posts"}],"about":[{"href":"https:\/\/www.gaveanews.com\/index.php\/wp-json\/wp\/v2\/types\/post"}],"author":[{"embeddable":true,"href":"https:\/\/www.gaveanews.com\/index.php\/wp-json\/wp\/v2\/users\/1"}],"replies":[{"embeddable":true,"href":"https:\/\/www.gaveanews.com\/index.php\/wp-json\/wp\/v2\/comments?post=79276"}],"version-history":[{"count":0,"href":"https:\/\/www.gaveanews.com\/index.php\/wp-json\/wp\/v2\/posts\/79276\/revisions"}],"wp:featuredmedia":[{"embeddable":true,"href":"https:\/\/www.gaveanews.com\/index.php\/wp-json\/wp\/v2\/media\/28884"}],"wp:attachment":[{"href":"https:\/\/www.gaveanews.com\/index.php\/wp-json\/wp\/v2\/media?parent=79276"}],"wp:term":[{"taxonomy":"category","embeddable":true,"href":"https:\/\/www.gaveanews.com\/index.php\/wp-json\/wp\/v2\/categories?post=79276"},{"taxonomy":"post_tag","embeddable":true,"href":"https:\/\/www.gaveanews.com\/index.php\/wp-json\/wp\/v2\/tags?post=79276"}],"curies":[{"name":"wp","href":"https:\/\/api.w.org\/{rel}","templated":true}]}}