{"id":79282,"date":"2022-04-01T00:32:31","date_gmt":"2022-04-01T03:32:31","guid":{"rendered":"https:\/\/www.gaveanews.com\/?p=79282"},"modified":"2022-04-01T00:37:31","modified_gmt":"2022-04-01T03:37:31","slug":"paulo-sousa-tem-que-repensar-o-que-esta-fazendo","status":"publish","type":"post","link":"https:\/\/www.gaveanews.com\/index.php\/2022\/04\/01\/paulo-sousa-tem-que-repensar-o-que-esta-fazendo\/","title":{"rendered":"\u201cPaulo Sousa tem que repensar o que est\u00e1 fazendo\u201d"},"content":{"rendered":"<p>Ap\u00f3s a derrota amarga contra o Fluminense por 2 a 0 no primeiro jogo da decis\u00e3o do Carioca, o t\u00e9cnico Paulo Sousa virou alvo de cr\u00edticas por parte dos torcedores e da imprensa. Com um Flamengo ap\u00e1tico em campo, com pouca cria\u00e7\u00e3o e sem nenhuma efetividade, o treinador portugu\u00eas est\u00e1 definitivamente na corda bamba.<\/p>\n<p>O desempenho do Rubro-Negro sob o comando do Mister preocupa. Com quase tr\u00eas meses de clube, os jogadores ainda possuem grandes dificuldades para se adaptar ao sistema de jogo do t\u00e9cnico, que difere bastante do estilo o qual o Mais Querido foi bastante feliz recentemente.<\/p>\n<p>Para Mauro Cezar Pereira, Paulo Sousa j\u00e1 teve tempo suficiente para evoluir a equipe do Flamengo de alguma maneira, principalmente na organiza\u00e7\u00e3o e na vontade de ganhar.<\/p>\n<div class=\"code-block code-block-12\">\n<div id=\"dmp-v-par-1\" class=\"plabel\">\u201dPaulo Sousa j\u00e1 teve um tempo razo\u00e1vel, n\u00e3o para botar o time no ponto ideal, mas para colocar o time em um n\u00edvel m\u00ednimo de organiza\u00e7\u00e3o e competitividade, coisa que n\u00e3o vimos, a competitividade n\u00e3o houve. Flamengo n\u00e3o jogou bem, demostrou desorganiza\u00e7\u00e3o, n\u00e3o teve boa sa\u00edda de bola, uma boa cria\u00e7\u00e3o, tamb\u00e9m n\u00e3o foi seguro na defesa, coisa que vinha sendo, tomou logo dois gols de um time que pouco atacou.\u201d, analisou Mauro Cezar.<\/div>\n<div>\n<p>Segundo o jornalista, ao ver que o elenco n\u00e3o est\u00e1 assimilando as suas ideias, o comandante precisa ter um plano B, planejando um sistema de jogo mais simples para os jogadores se adaptarem, como um plano de conting\u00eancia. Mauro acredita que agora \u00e9 a hora para Paulo Sousa colocar em pr\u00e1tica o repensamento das ideias de jogo, visto que as duas competi\u00e7\u00f5es mais importantes da temporada ir\u00e3o come\u00e7ar na pr\u00f3xima semana, Libertadores e Brasileir\u00e3o.<\/p>\n<p>\u201dPaulo Sousa tem que repensar o que est\u00e1 fazendo. Se esse estilo de jogo n\u00e3o est\u00e1 dando certo, na emerg\u00eancia para s\u00e1bado, talvez ele tenha que mudar, abrir m\u00e3o de algumas ideias e convic\u00e7\u00f5es e tentar uma sa\u00edda emergencial que pode apontar em um caminho mais adequado. Quando um t\u00e9cnico tenta botar um sistema de jogo e depois percebe que o elenco n\u00e3o vai assimilar exatamente o que ele pretende, ele tem que ter capacidade de repensar o plano de jogo e o adequar de uma outra forma.\u201d, comentou o jornalista.<\/p>\n<p>\u201dEste me parece o momento. T\u00e1 chegando a Libertadores, j\u00e1 tem jogo na ter\u00e7a e j\u00e1 ta chegando o Campeonato Brasileiro, que tamb\u00e9m tem jogo na pr\u00f3xima semana. A situa\u00e7\u00e3o n\u00e3o \u00e9 muito simples n\u00e3o, agora \u00e9 a vera, independente da final do Carioca, pode ganhar at\u00e9 de 4 a 0. Mesmo se ganhar o t\u00edtulo, o Flamengo tem que repensar isso\u201d, completou.<\/p>\n<p>Visando reverter a grande vantagem do Fluminense e conquistar o tetracampeonato in\u00e9dito, o Flamengo enfrenta o Tricolor neste s\u00e1bado, \u00e0s 18h, no Maracan\u00e3, pelo jogo de volta da final do Campeonato Carioca 2022.<\/p>\n<p>Retirado de: Di\u00e1rio do Fla<\/p>\n<\/div>\n<\/div>\n","protected":false},"excerpt":{"rendered":"<p>Ap\u00f3s a derrota amarga contra o Fluminense por 2 a 0 no primeiro jogo da decis\u00e3o do Carioca, o t\u00e9cnico Paulo Sousa virou alvo de cr\u00edticas por parte dos torcedores e da imprensa. Com um Flamengo ap\u00e1tico em campo, com pouca cria\u00e7\u00e3o e sem nenhuma efetividade, o treinador portugu\u00eas est\u00e1 definitivamente na corda bamba. O [&hellip;]<\/p>\n","protected":false},"author":1,"featured_media":78291,"comment_status":"open","ping_status":"closed","sticky":false,"template":"","format":"standard","meta":{"footnotes":""},"categories":[1],"tags":[],"class_list":["post-79282","post","type-post","status-publish","format-standard","has-post-thumbnail","hentry","category-flamengo"],"yoast_head":"<!-- This site is optimized with the Yoast SEO Premium plugin v24.2 (Yoast SEO v26.9) - https:\/\/yoast.com\/product\/yoast-seo-premium-wordpress\/ -->\n<title>\u201cPaulo Sousa tem que repensar o que est\u00e1 fazendo\u201d<\/title>\n<meta name=\"robots\" content=\"index, follow, max-snippet:-1, max-image-preview:large, max-video-preview:-1\" \/>\n<link rel=\"canonical\" href=\"https:\/\/www.gaveanews.com\/index.php\/2022\/04\/01\/paulo-sousa-tem-que-repensar-o-que-esta-fazendo\/\" \/>\n<meta property=\"og:locale\" content=\"pt_BR\" \/>\n<meta property=\"og:type\" content=\"article\" \/>\n<meta property=\"og:title\" content=\"\u201cPaulo Sousa tem que repensar o que est\u00e1 fazendo\u201d\" \/>\n<meta property=\"og:description\" content=\"Ap\u00f3s a derrota amarga contra o Fluminense por 2 a 0 no primeiro jogo da decis\u00e3o do Carioca, o t\u00e9cnico Paulo Sousa virou alvo de cr\u00edticas por parte dos torcedores e da imprensa. Com um Flamengo ap\u00e1tico em campo, com pouca cria\u00e7\u00e3o e sem nenhuma efetividade, o treinador portugu\u00eas est\u00e1 definitivamente na corda bamba. O [&hellip;]\" \/>\n<meta property=\"og:url\" content=\"https:\/\/www.gaveanews.com\/index.php\/2022\/04\/01\/paulo-sousa-tem-que-repensar-o-que-esta-fazendo\/\" \/>\n<meta property=\"og:site_name\" content=\"G\u00e1vea News\" \/>\n<meta property=\"article:publisher\" content=\"https:\/\/facebook.com\/gaveaNews\/\" \/>\n<meta property=\"article:published_time\" content=\"2022-04-01T03:32:31+00:00\" \/>\n<meta property=\"article:modified_time\" content=\"2022-04-01T03:37:31+00:00\" \/>\n<meta property=\"og:image\" content=\"https:\/\/www.gaveanews.com\/wp-content\/uploads\/Paulo-Sousa-comanda-o-Flamengo-no-Maracana-pelo-Campeonato-Carioca-2022.webp\" \/>\n\t<meta property=\"og:image:width\" content=\"799\" \/>\n\t<meta property=\"og:image:height\" content=\"533\" \/>\n\t<meta property=\"og:image:type\" content=\"image\/jpeg\" \/>\n<meta name=\"author\" content=\"Equipe G\u00e1vea News\" \/>\n<meta name=\"twitter:card\" content=\"summary_large_image\" \/>\n<meta name=\"twitter:label1\" content=\"Escrito por\" \/>\n\t<meta name=\"twitter:data1\" content=\"Equipe G\u00e1vea News\" \/>\n\t<meta name=\"twitter:label2\" content=\"Est. tempo de leitura\" \/>\n\t<meta name=\"twitter:data2\" content=\"3 minutos\" \/>\n<script type=\"application\/ld+json\" class=\"yoast-schema-graph\">{\"@context\":\"https:\/\/schema.org\",\"@graph\":[{\"@type\":\"NewsArticle\",\"@id\":\"https:\/\/www.gaveanews.com\/index.php\/2022\/04\/01\/paulo-sousa-tem-que-repensar-o-que-esta-fazendo\/#article\",\"isPartOf\":{\"@id\":\"https:\/\/www.gaveanews.com\/index.php\/2022\/04\/01\/paulo-sousa-tem-que-repensar-o-que-esta-fazendo\/\"},\"author\":{\"name\":\"Equipe G\u00e1vea News\",\"@id\":\"https:\/\/www.gaveanews.com\/#\/schema\/person\/2ec14f73fb96be2caf28f91afb14749d\"},\"headline\":\"\u201cPaulo Sousa tem que repensar o que est\u00e1 fazendo\u201d\",\"datePublished\":\"2022-04-01T03:32:31+00:00\",\"dateModified\":\"2022-04-01T03:37:31+00:00\",\"mainEntityOfPage\":{\"@id\":\"https:\/\/www.gaveanews.com\/index.php\/2022\/04\/01\/paulo-sousa-tem-que-repensar-o-que-esta-fazendo\/\"},\"wordCount\":517,\"commentCount\":0,\"image\":{\"@id\":\"https:\/\/www.gaveanews.com\/index.php\/2022\/04\/01\/paulo-sousa-tem-que-repensar-o-que-esta-fazendo\/#primaryimage\"},\"thumbnailUrl\":\"https:\/\/www.gaveanews.com\/wp-content\/uploads\/Paulo-Sousa-comanda-o-Flamengo-no-Maracana-pelo-Campeonato-Carioca-2022.webp\",\"articleSection\":[\"Flamengo\"],\"inLanguage\":\"pt-BR\",\"potentialAction\":[{\"@type\":\"CommentAction\",\"name\":\"Comment\",\"target\":[\"https:\/\/www.gaveanews.com\/index.php\/2022\/04\/01\/paulo-sousa-tem-que-repensar-o-que-esta-fazendo\/#respond\"]}],\"copyrightYear\":\"2022\",\"copyrightHolder\":{\"@id\":\"https:\/\/www.gaveanews.com\/#organization\"}},{\"@type\":\"WebPage\",\"@id\":\"https:\/\/www.gaveanews.com\/index.php\/2022\/04\/01\/paulo-sousa-tem-que-repensar-o-que-esta-fazendo\/\",\"url\":\"https:\/\/www.gaveanews.com\/index.php\/2022\/04\/01\/paulo-sousa-tem-que-repensar-o-que-esta-fazendo\/\",\"name\":\"\u201cPaulo Sousa tem que repensar o que est\u00e1 fazendo\u201d\",\"isPartOf\":{\"@id\":\"https:\/\/www.gaveanews.com\/#website\"},\"primaryImageOfPage\":{\"@id\":\"https:\/\/www.gaveanews.com\/index.php\/2022\/04\/01\/paulo-sousa-tem-que-repensar-o-que-esta-fazendo\/#primaryimage\"},\"image\":{\"@id\":\"https:\/\/www.gaveanews.com\/index.php\/2022\/04\/01\/paulo-sousa-tem-que-repensar-o-que-esta-fazendo\/#primaryimage\"},\"thumbnailUrl\":\"https:\/\/www.gaveanews.com\/wp-content\/uploads\/Paulo-Sousa-comanda-o-Flamengo-no-Maracana-pelo-Campeonato-Carioca-2022.webp\",\"datePublished\":\"2022-04-01T03:32:31+00:00\",\"dateModified\":\"2022-04-01T03:37:31+00:00\",\"author\":{\"@id\":\"https:\/\/www.gaveanews.com\/#\/schema\/person\/2ec14f73fb96be2caf28f91afb14749d\"},\"breadcrumb\":{\"@id\":\"https:\/\/www.gaveanews.com\/index.php\/2022\/04\/01\/paulo-sousa-tem-que-repensar-o-que-esta-fazendo\/#breadcrumb\"},\"inLanguage\":\"pt-BR\",\"potentialAction\":[{\"@type\":\"ReadAction\",\"target\":[\"https:\/\/www.gaveanews.com\/index.php\/2022\/04\/01\/paulo-sousa-tem-que-repensar-o-que-esta-fazendo\/\"]}]},{\"@type\":\"ImageObject\",\"inLanguage\":\"pt-BR\",\"@id\":\"https:\/\/www.gaveanews.com\/index.php\/2022\/04\/01\/paulo-sousa-tem-que-repensar-o-que-esta-fazendo\/#primaryimage\",\"url\":\"https:\/\/www.gaveanews.com\/wp-content\/uploads\/Paulo-Sousa-comanda-o-Flamengo-no-Maracana-pelo-Campeonato-Carioca-2022.webp\",\"contentUrl\":\"https:\/\/www.gaveanews.com\/wp-content\/uploads\/Paulo-Sousa-comanda-o-Flamengo-no-Maracana-pelo-Campeonato-Carioca-2022.webp\",\"width\":799,\"height\":533,\"caption\":\"Paulo Sousa comanda o Flamengo no Maracan\u00e3 pelo Campeonato Carioca 2022 (Foto: Gilvan de Souza\/Flamengo)\"},{\"@type\":\"BreadcrumbList\",\"@id\":\"https:\/\/www.gaveanews.com\/index.php\/2022\/04\/01\/paulo-sousa-tem-que-repensar-o-que-esta-fazendo\/#breadcrumb\",\"itemListElement\":[{\"@type\":\"ListItem\",\"position\":1,\"name\":\"Home\",\"item\":\"https:\/\/www.gaveanews.com\/\"},{\"@type\":\"ListItem\",\"position\":2,\"name\":\"\u201cPaulo Sousa tem que repensar o que est\u00e1 fazendo\u201d\"}]},{\"@type\":\"WebSite\",\"@id\":\"https:\/\/www.gaveanews.com\/#website\",\"url\":\"https:\/\/www.gaveanews.com\/\",\"name\":\"G\u00e1vea News\",\"description\":\"Veja todas as not\u00edcias sobre o Flamengo: Contrata\u00e7\u00f5es, categorias de base, resultados das partidas, tabela de classifica\u00e7\u00e3o, pr\u00f3ximos jogos!\",\"potentialAction\":[{\"@type\":\"SearchAction\",\"target\":{\"@type\":\"EntryPoint\",\"urlTemplate\":\"https:\/\/www.gaveanews.com\/?s={search_term_string}\"},\"query-input\":{\"@type\":\"PropertyValueSpecification\",\"valueRequired\":true,\"valueName\":\"search_term_string\"}}],\"inLanguage\":\"pt-BR\"},{\"@type\":\"Person\",\"@id\":\"https:\/\/www.gaveanews.com\/#\/schema\/person\/2ec14f73fb96be2caf28f91afb14749d\",\"name\":\"Equipe G\u00e1vea News\",\"image\":{\"@type\":\"ImageObject\",\"inLanguage\":\"pt-BR\",\"@id\":\"https:\/\/www.gaveanews.com\/#\/schema\/person\/image\/\",\"url\":\"https:\/\/secure.gravatar.com\/avatar\/1e1956f1facbffd3f8fa53a326721950116b3b9dc9bd44939c01180fd4a745a9?s=96&d=mm&r=g\",\"contentUrl\":\"https:\/\/secure.gravatar.com\/avatar\/1e1956f1facbffd3f8fa53a326721950116b3b9dc9bd44939c01180fd4a745a9?s=96&d=mm&r=g\",\"caption\":\"Equipe G\u00e1vea News\"}}]}<\/script>\n<!-- \/ Yoast SEO Premium plugin. -->","yoast_head_json":{"title":"\u201cPaulo Sousa tem que repensar o que est\u00e1 fazendo\u201d","robots":{"index":"index","follow":"follow","max-snippet":"max-snippet:-1","max-image-preview":"max-image-preview:large","max-video-preview":"max-video-preview:-1"},"canonical":"https:\/\/www.gaveanews.com\/index.php\/2022\/04\/01\/paulo-sousa-tem-que-repensar-o-que-esta-fazendo\/","og_locale":"pt_BR","og_type":"article","og_title":"\u201cPaulo Sousa tem que repensar o que est\u00e1 fazendo\u201d","og_description":"Ap\u00f3s a derrota amarga contra o Fluminense por 2 a 0 no primeiro jogo da decis\u00e3o do Carioca, o t\u00e9cnico Paulo Sousa virou alvo de cr\u00edticas por parte dos torcedores e da imprensa. Com um Flamengo ap\u00e1tico em campo, com pouca cria\u00e7\u00e3o e sem nenhuma efetividade, o treinador portugu\u00eas est\u00e1 definitivamente na corda bamba. O [&hellip;]","og_url":"https:\/\/www.gaveanews.com\/index.php\/2022\/04\/01\/paulo-sousa-tem-que-repensar-o-que-esta-fazendo\/","og_site_name":"G\u00e1vea News","article_publisher":"https:\/\/facebook.com\/gaveaNews\/","article_published_time":"2022-04-01T03:32:31+00:00","article_modified_time":"2022-04-01T03:37:31+00:00","og_image":[{"width":799,"height":533,"url":"https:\/\/www.gaveanews.com\/wp-content\/uploads\/Paulo-Sousa-comanda-o-Flamengo-no-Maracana-pelo-Campeonato-Carioca-2022.webp","type":"image\/jpeg"}],"author":"Equipe G\u00e1vea News","twitter_card":"summary_large_image","twitter_misc":{"Escrito por":"Equipe G\u00e1vea News","Est. tempo de leitura":"3 minutos"},"schema":{"@context":"https:\/\/schema.org","@graph":[{"@type":"NewsArticle","@id":"https:\/\/www.gaveanews.com\/index.php\/2022\/04\/01\/paulo-sousa-tem-que-repensar-o-que-esta-fazendo\/#article","isPartOf":{"@id":"https:\/\/www.gaveanews.com\/index.php\/2022\/04\/01\/paulo-sousa-tem-que-repensar-o-que-esta-fazendo\/"},"author":{"name":"Equipe G\u00e1vea News","@id":"https:\/\/www.gaveanews.com\/#\/schema\/person\/2ec14f73fb96be2caf28f91afb14749d"},"headline":"\u201cPaulo Sousa tem que repensar o que est\u00e1 fazendo\u201d","datePublished":"2022-04-01T03:32:31+00:00","dateModified":"2022-04-01T03:37:31+00:00","mainEntityOfPage":{"@id":"https:\/\/www.gaveanews.com\/index.php\/2022\/04\/01\/paulo-sousa-tem-que-repensar-o-que-esta-fazendo\/"},"wordCount":517,"commentCount":0,"image":{"@id":"https:\/\/www.gaveanews.com\/index.php\/2022\/04\/01\/paulo-sousa-tem-que-repensar-o-que-esta-fazendo\/#primaryimage"},"thumbnailUrl":"https:\/\/www.gaveanews.com\/wp-content\/uploads\/Paulo-Sousa-comanda-o-Flamengo-no-Maracana-pelo-Campeonato-Carioca-2022.webp","articleSection":["Flamengo"],"inLanguage":"pt-BR","potentialAction":[{"@type":"CommentAction","name":"Comment","target":["https:\/\/www.gaveanews.com\/index.php\/2022\/04\/01\/paulo-sousa-tem-que-repensar-o-que-esta-fazendo\/#respond"]}],"copyrightYear":"2022","copyrightHolder":{"@id":"https:\/\/www.gaveanews.com\/#organization"}},{"@type":"WebPage","@id":"https:\/\/www.gaveanews.com\/index.php\/2022\/04\/01\/paulo-sousa-tem-que-repensar-o-que-esta-fazendo\/","url":"https:\/\/www.gaveanews.com\/index.php\/2022\/04\/01\/paulo-sousa-tem-que-repensar-o-que-esta-fazendo\/","name":"\u201cPaulo Sousa tem que repensar o que est\u00e1 fazendo\u201d","isPartOf":{"@id":"https:\/\/www.gaveanews.com\/#website"},"primaryImageOfPage":{"@id":"https:\/\/www.gaveanews.com\/index.php\/2022\/04\/01\/paulo-sousa-tem-que-repensar-o-que-esta-fazendo\/#primaryimage"},"image":{"@id":"https:\/\/www.gaveanews.com\/index.php\/2022\/04\/01\/paulo-sousa-tem-que-repensar-o-que-esta-fazendo\/#primaryimage"},"thumbnailUrl":"https:\/\/www.gaveanews.com\/wp-content\/uploads\/Paulo-Sousa-comanda-o-Flamengo-no-Maracana-pelo-Campeonato-Carioca-2022.webp","datePublished":"2022-04-01T03:32:31+00:00","dateModified":"2022-04-01T03:37:31+00:00","author":{"@id":"https:\/\/www.gaveanews.com\/#\/schema\/person\/2ec14f73fb96be2caf28f91afb14749d"},"breadcrumb":{"@id":"https:\/\/www.gaveanews.com\/index.php\/2022\/04\/01\/paulo-sousa-tem-que-repensar-o-que-esta-fazendo\/#breadcrumb"},"inLanguage":"pt-BR","potentialAction":[{"@type":"ReadAction","target":["https:\/\/www.gaveanews.com\/index.php\/2022\/04\/01\/paulo-sousa-tem-que-repensar-o-que-esta-fazendo\/"]}]},{"@type":"ImageObject","inLanguage":"pt-BR","@id":"https:\/\/www.gaveanews.com\/index.php\/2022\/04\/01\/paulo-sousa-tem-que-repensar-o-que-esta-fazendo\/#primaryimage","url":"https:\/\/www.gaveanews.com\/wp-content\/uploads\/Paulo-Sousa-comanda-o-Flamengo-no-Maracana-pelo-Campeonato-Carioca-2022.webp","contentUrl":"https:\/\/www.gaveanews.com\/wp-content\/uploads\/Paulo-Sousa-comanda-o-Flamengo-no-Maracana-pelo-Campeonato-Carioca-2022.webp","width":799,"height":533,"caption":"Paulo Sousa comanda o Flamengo no Maracan\u00e3 pelo Campeonato Carioca 2022 (Foto: Gilvan de Souza\/Flamengo)"},{"@type":"BreadcrumbList","@id":"https:\/\/www.gaveanews.com\/index.php\/2022\/04\/01\/paulo-sousa-tem-que-repensar-o-que-esta-fazendo\/#breadcrumb","itemListElement":[{"@type":"ListItem","position":1,"name":"Home","item":"https:\/\/www.gaveanews.com\/"},{"@type":"ListItem","position":2,"name":"\u201cPaulo Sousa tem que repensar o que est\u00e1 fazendo\u201d"}]},{"@type":"WebSite","@id":"https:\/\/www.gaveanews.com\/#website","url":"https:\/\/www.gaveanews.com\/","name":"G\u00e1vea News","description":"Veja todas as not\u00edcias sobre o Flamengo: Contrata\u00e7\u00f5es, categorias de base, resultados das partidas, tabela de classifica\u00e7\u00e3o, pr\u00f3ximos jogos!","potentialAction":[{"@type":"SearchAction","target":{"@type":"EntryPoint","urlTemplate":"https:\/\/www.gaveanews.com\/?s={search_term_string}"},"query-input":{"@type":"PropertyValueSpecification","valueRequired":true,"valueName":"search_term_string"}}],"inLanguage":"pt-BR"},{"@type":"Person","@id":"https:\/\/www.gaveanews.com\/#\/schema\/person\/2ec14f73fb96be2caf28f91afb14749d","name":"Equipe G\u00e1vea News","image":{"@type":"ImageObject","inLanguage":"pt-BR","@id":"https:\/\/www.gaveanews.com\/#\/schema\/person\/image\/","url":"https:\/\/secure.gravatar.com\/avatar\/1e1956f1facbffd3f8fa53a326721950116b3b9dc9bd44939c01180fd4a745a9?s=96&d=mm&r=g","contentUrl":"https:\/\/secure.gravatar.com\/avatar\/1e1956f1facbffd3f8fa53a326721950116b3b9dc9bd44939c01180fd4a745a9?s=96&d=mm&r=g","caption":"Equipe G\u00e1vea News"}}]}},"_links":{"self":[{"href":"https:\/\/www.gaveanews.com\/index.php\/wp-json\/wp\/v2\/posts\/79282","targetHints":{"allow":["GET"]}}],"collection":[{"href":"https:\/\/www.gaveanews.com\/index.php\/wp-json\/wp\/v2\/posts"}],"about":[{"href":"https:\/\/www.gaveanews.com\/index.php\/wp-json\/wp\/v2\/types\/post"}],"author":[{"embeddable":true,"href":"https:\/\/www.gaveanews.com\/index.php\/wp-json\/wp\/v2\/users\/1"}],"replies":[{"embeddable":true,"href":"https:\/\/www.gaveanews.com\/index.php\/wp-json\/wp\/v2\/comments?post=79282"}],"version-history":[{"count":0,"href":"https:\/\/www.gaveanews.com\/index.php\/wp-json\/wp\/v2\/posts\/79282\/revisions"}],"wp:featuredmedia":[{"embeddable":true,"href":"https:\/\/www.gaveanews.com\/index.php\/wp-json\/wp\/v2\/media\/78291"}],"wp:attachment":[{"href":"https:\/\/www.gaveanews.com\/index.php\/wp-json\/wp\/v2\/media?parent=79282"}],"wp:term":[{"taxonomy":"category","embeddable":true,"href":"https:\/\/www.gaveanews.com\/index.php\/wp-json\/wp\/v2\/categories?post=79282"},{"taxonomy":"post_tag","embeddable":true,"href":"https:\/\/www.gaveanews.com\/index.php\/wp-json\/wp\/v2\/tags?post=79282"}],"curies":[{"name":"wp","href":"https:\/\/api.w.org\/{rel}","templated":true}]}}