{"id":79288,"date":"2022-04-01T09:43:03","date_gmt":"2022-04-01T12:43:03","guid":{"rendered":"https:\/\/www.gaveanews.com\/?p=79288"},"modified":"2022-04-01T09:43:03","modified_gmt":"2022-04-01T12:43:03","slug":"de-arrascaeta-manda-recado-para-a-torcida-do-flamengo-2","status":"publish","type":"post","link":"https:\/\/www.gaveanews.com\/index.php\/2022\/04\/01\/de-arrascaeta-manda-recado-para-a-torcida-do-flamengo-2\/","title":{"rendered":"De Arrascaeta manda recado para a torcida do Flamengo"},"content":{"rendered":"<p>No pr\u00f3ximo s\u00e1bado, o Flamengo enfrenta o Fluminense pelo jogo da volta do Campeonato Carioca. Para buscar o quarto t\u00edtulo seguido da competi\u00e7\u00e3o, o Rubro-Negro precisa vencer por pelo menos dois gols de diferen\u00e7a. Na manh\u00e3 desta sexta-feira, o craque Arrascaeta mandou recado em seu Twitter, confira:<\/p>\n<p>\u201dBom dia e vamos Flamengo! At\u00e9 o fim!\u201d, publicou o craque.<\/p>\n<blockquote class=\"twitter-tweet\" data-width=\"550\" data-dnt=\"true\">\n<p lang=\"pt\" dir=\"ltr\">Bom dia e vamos \u2665\ufe0f\ud83d\udda4 at\u00e9 o fim \ud83d\udcaa\ud83c\udffc<\/p>\n<p>&mdash; GiorgiandeArrascaeta (@GiorgiandeA) <a href=\"https:\/\/twitter.com\/GiorgiandeA\/status\/1509854228726136833?ref_src=twsrc%5Etfw\">April 1, 2022<\/a><\/p><\/blockquote>\n<p><script async src=\"https:\/\/platform.twitter.com\/widgets.js\" charset=\"utf-8\"><\/script><\/p>\n<p>Na derrota por 2 a 0 na \u00faltima quarta-feira, Arrascaeta s\u00f3 atuou em parte da segunda etapa. Isso porque, o jogador havia atuado um dia antes pela sele\u00e7\u00e3o uruguaia. Agora, inteiro fisicamente, o camisa 14 ser\u00e1 titular e deve jogar por todo o tempo no s\u00e1bado.<\/p>\n<p>Para este duelo, os ingresso j\u00e1 est\u00e3o esgotados. A expectativa \u00e9 de um Maracan\u00e3 lotado e de muita tens\u00e3o dentro de campo. O Rubro-Negro vai com tudo na busca do tetra in\u00e9dito na hist\u00f3ria do clube e, ao mesmo tempo, conseguir o primeiro t\u00edtulo da \u2018Era Paulo Sousa\u2019.<\/p>\n<p>Retirado de: Di\u00e1rio do Fla<\/p>\n<p>&nbsp;<\/p>\n","protected":false},"excerpt":{"rendered":"<p>No pr\u00f3ximo s\u00e1bado, o Flamengo enfrenta o Fluminense pelo jogo da volta do Campeonato Carioca. Para buscar o quarto t\u00edtulo seguido da competi\u00e7\u00e3o, o Rubro-Negro precisa vencer por pelo menos dois gols de diferen\u00e7a. Na manh\u00e3 desta sexta-feira, o craque Arrascaeta mandou recado em seu Twitter, confira: \u201dBom dia e vamos Flamengo! At\u00e9 o fim!\u201d, [&hellip;]<\/p>\n","protected":false},"author":1,"featured_media":78759,"comment_status":"open","ping_status":"closed","sticky":false,"template":"","format":"standard","meta":{"footnotes":""},"categories":[1],"tags":[],"class_list":["post-79288","post","type-post","status-publish","format-standard","has-post-thumbnail","hentry","category-flamengo"],"yoast_head":"<!-- This site is optimized with the Yoast SEO Premium plugin v24.2 (Yoast SEO v26.9) - https:\/\/yoast.com\/product\/yoast-seo-premium-wordpress\/ -->\n<title>De Arrascaeta manda recado para a torcida do Flamengo<\/title>\n<meta name=\"robots\" content=\"index, follow, max-snippet:-1, max-image-preview:large, max-video-preview:-1\" \/>\n<link rel=\"canonical\" href=\"https:\/\/www.gaveanews.com\/index.php\/2022\/04\/01\/de-arrascaeta-manda-recado-para-a-torcida-do-flamengo-2\/\" \/>\n<meta property=\"og:locale\" content=\"pt_BR\" \/>\n<meta property=\"og:type\" content=\"article\" \/>\n<meta property=\"og:title\" content=\"De Arrascaeta manda recado para a torcida do Flamengo\" \/>\n<meta property=\"og:description\" content=\"No pr\u00f3ximo s\u00e1bado, o Flamengo enfrenta o Fluminense pelo jogo da volta do Campeonato Carioca. Para buscar o quarto t\u00edtulo seguido da competi\u00e7\u00e3o, o Rubro-Negro precisa vencer por pelo menos dois gols de diferen\u00e7a. Na manh\u00e3 desta sexta-feira, o craque Arrascaeta mandou recado em seu Twitter, confira: \u201dBom dia e vamos Flamengo! At\u00e9 o fim!\u201d, [&hellip;]\" \/>\n<meta property=\"og:url\" content=\"https:\/\/www.gaveanews.com\/index.php\/2022\/04\/01\/de-arrascaeta-manda-recado-para-a-torcida-do-flamengo-2\/\" \/>\n<meta property=\"og:site_name\" content=\"G\u00e1vea News\" \/>\n<meta property=\"article:publisher\" content=\"https:\/\/facebook.com\/gaveaNews\/\" \/>\n<meta property=\"article:published_time\" content=\"2022-04-01T12:43:03+00:00\" \/>\n<meta property=\"og:image\" content=\"https:\/\/www.gaveanews.com\/wp-content\/uploads\/Arrascaeta-em-acao-pelo-Flamengo.webp\" \/>\n\t<meta property=\"og:image:width\" content=\"800\" \/>\n\t<meta property=\"og:image:height\" content=\"533\" \/>\n\t<meta property=\"og:image:type\" content=\"image\/jpeg\" \/>\n<meta name=\"author\" content=\"Equipe G\u00e1vea News\" \/>\n<meta name=\"twitter:card\" content=\"summary_large_image\" \/>\n<meta name=\"twitter:label1\" content=\"Escrito por\" \/>\n\t<meta name=\"twitter:data1\" content=\"Equipe G\u00e1vea News\" \/>\n\t<meta name=\"twitter:label2\" content=\"Est. tempo de leitura\" \/>\n\t<meta name=\"twitter:data2\" content=\"1 minuto\" \/>\n<script type=\"application\/ld+json\" class=\"yoast-schema-graph\">{\"@context\":\"https:\/\/schema.org\",\"@graph\":[{\"@type\":\"NewsArticle\",\"@id\":\"https:\/\/www.gaveanews.com\/index.php\/2022\/04\/01\/de-arrascaeta-manda-recado-para-a-torcida-do-flamengo-2\/#article\",\"isPartOf\":{\"@id\":\"https:\/\/www.gaveanews.com\/index.php\/2022\/04\/01\/de-arrascaeta-manda-recado-para-a-torcida-do-flamengo-2\/\"},\"author\":{\"name\":\"Equipe G\u00e1vea News\",\"@id\":\"https:\/\/www.gaveanews.com\/#\/schema\/person\/2ec14f73fb96be2caf28f91afb14749d\"},\"headline\":\"De Arrascaeta manda recado para a torcida do Flamengo\",\"datePublished\":\"2022-04-01T12:43:03+00:00\",\"mainEntityOfPage\":{\"@id\":\"https:\/\/www.gaveanews.com\/index.php\/2022\/04\/01\/de-arrascaeta-manda-recado-para-a-torcida-do-flamengo-2\/\"},\"wordCount\":204,\"commentCount\":0,\"image\":{\"@id\":\"https:\/\/www.gaveanews.com\/index.php\/2022\/04\/01\/de-arrascaeta-manda-recado-para-a-torcida-do-flamengo-2\/#primaryimage\"},\"thumbnailUrl\":\"https:\/\/www.gaveanews.com\/wp-content\/uploads\/Arrascaeta-em-acao-pelo-Flamengo.webp\",\"articleSection\":[\"Flamengo\"],\"inLanguage\":\"pt-BR\",\"potentialAction\":[{\"@type\":\"CommentAction\",\"name\":\"Comment\",\"target\":[\"https:\/\/www.gaveanews.com\/index.php\/2022\/04\/01\/de-arrascaeta-manda-recado-para-a-torcida-do-flamengo-2\/#respond\"]}],\"copyrightYear\":\"2022\",\"copyrightHolder\":{\"@id\":\"https:\/\/www.gaveanews.com\/#organization\"}},{\"@type\":\"WebPage\",\"@id\":\"https:\/\/www.gaveanews.com\/index.php\/2022\/04\/01\/de-arrascaeta-manda-recado-para-a-torcida-do-flamengo-2\/\",\"url\":\"https:\/\/www.gaveanews.com\/index.php\/2022\/04\/01\/de-arrascaeta-manda-recado-para-a-torcida-do-flamengo-2\/\",\"name\":\"De Arrascaeta manda recado para a torcida do Flamengo\",\"isPartOf\":{\"@id\":\"https:\/\/www.gaveanews.com\/#website\"},\"primaryImageOfPage\":{\"@id\":\"https:\/\/www.gaveanews.com\/index.php\/2022\/04\/01\/de-arrascaeta-manda-recado-para-a-torcida-do-flamengo-2\/#primaryimage\"},\"image\":{\"@id\":\"https:\/\/www.gaveanews.com\/index.php\/2022\/04\/01\/de-arrascaeta-manda-recado-para-a-torcida-do-flamengo-2\/#primaryimage\"},\"thumbnailUrl\":\"https:\/\/www.gaveanews.com\/wp-content\/uploads\/Arrascaeta-em-acao-pelo-Flamengo.webp\",\"datePublished\":\"2022-04-01T12:43:03+00:00\",\"author\":{\"@id\":\"https:\/\/www.gaveanews.com\/#\/schema\/person\/2ec14f73fb96be2caf28f91afb14749d\"},\"breadcrumb\":{\"@id\":\"https:\/\/www.gaveanews.com\/index.php\/2022\/04\/01\/de-arrascaeta-manda-recado-para-a-torcida-do-flamengo-2\/#breadcrumb\"},\"inLanguage\":\"pt-BR\",\"potentialAction\":[{\"@type\":\"ReadAction\",\"target\":[\"https:\/\/www.gaveanews.com\/index.php\/2022\/04\/01\/de-arrascaeta-manda-recado-para-a-torcida-do-flamengo-2\/\"]}]},{\"@type\":\"ImageObject\",\"inLanguage\":\"pt-BR\",\"@id\":\"https:\/\/www.gaveanews.com\/index.php\/2022\/04\/01\/de-arrascaeta-manda-recado-para-a-torcida-do-flamengo-2\/#primaryimage\",\"url\":\"https:\/\/www.gaveanews.com\/wp-content\/uploads\/Arrascaeta-em-acao-pelo-Flamengo.webp\",\"contentUrl\":\"https:\/\/www.gaveanews.com\/wp-content\/uploads\/Arrascaeta-em-acao-pelo-Flamengo.webp\",\"width\":800,\"height\":533,\"caption\":\"Arrascaeta em a\u00e7\u00e3o pelo Flamengo (Foto: Marcelo Cortes\/Flamengo)\"},{\"@type\":\"BreadcrumbList\",\"@id\":\"https:\/\/www.gaveanews.com\/index.php\/2022\/04\/01\/de-arrascaeta-manda-recado-para-a-torcida-do-flamengo-2\/#breadcrumb\",\"itemListElement\":[{\"@type\":\"ListItem\",\"position\":1,\"name\":\"Home\",\"item\":\"https:\/\/www.gaveanews.com\/\"},{\"@type\":\"ListItem\",\"position\":2,\"name\":\"De Arrascaeta manda recado para a torcida do Flamengo\"}]},{\"@type\":\"WebSite\",\"@id\":\"https:\/\/www.gaveanews.com\/#website\",\"url\":\"https:\/\/www.gaveanews.com\/\",\"name\":\"G\u00e1vea News\",\"description\":\"Veja todas as not\u00edcias sobre o Flamengo: Contrata\u00e7\u00f5es, categorias de base, resultados das partidas, tabela de classifica\u00e7\u00e3o, pr\u00f3ximos jogos!\",\"potentialAction\":[{\"@type\":\"SearchAction\",\"target\":{\"@type\":\"EntryPoint\",\"urlTemplate\":\"https:\/\/www.gaveanews.com\/?s={search_term_string}\"},\"query-input\":{\"@type\":\"PropertyValueSpecification\",\"valueRequired\":true,\"valueName\":\"search_term_string\"}}],\"inLanguage\":\"pt-BR\"},{\"@type\":\"Person\",\"@id\":\"https:\/\/www.gaveanews.com\/#\/schema\/person\/2ec14f73fb96be2caf28f91afb14749d\",\"name\":\"Equipe G\u00e1vea News\",\"image\":{\"@type\":\"ImageObject\",\"inLanguage\":\"pt-BR\",\"@id\":\"https:\/\/www.gaveanews.com\/#\/schema\/person\/image\/\",\"url\":\"https:\/\/secure.gravatar.com\/avatar\/1e1956f1facbffd3f8fa53a326721950116b3b9dc9bd44939c01180fd4a745a9?s=96&d=mm&r=g\",\"contentUrl\":\"https:\/\/secure.gravatar.com\/avatar\/1e1956f1facbffd3f8fa53a326721950116b3b9dc9bd44939c01180fd4a745a9?s=96&d=mm&r=g\",\"caption\":\"Equipe G\u00e1vea News\"}}]}<\/script>\n<!-- \/ Yoast SEO Premium plugin. -->","yoast_head_json":{"title":"De Arrascaeta manda recado para a torcida do Flamengo","robots":{"index":"index","follow":"follow","max-snippet":"max-snippet:-1","max-image-preview":"max-image-preview:large","max-video-preview":"max-video-preview:-1"},"canonical":"https:\/\/www.gaveanews.com\/index.php\/2022\/04\/01\/de-arrascaeta-manda-recado-para-a-torcida-do-flamengo-2\/","og_locale":"pt_BR","og_type":"article","og_title":"De Arrascaeta manda recado para a torcida do Flamengo","og_description":"No pr\u00f3ximo s\u00e1bado, o Flamengo enfrenta o Fluminense pelo jogo da volta do Campeonato Carioca. Para buscar o quarto t\u00edtulo seguido da competi\u00e7\u00e3o, o Rubro-Negro precisa vencer por pelo menos dois gols de diferen\u00e7a. Na manh\u00e3 desta sexta-feira, o craque Arrascaeta mandou recado em seu Twitter, confira: \u201dBom dia e vamos Flamengo! At\u00e9 o fim!\u201d, [&hellip;]","og_url":"https:\/\/www.gaveanews.com\/index.php\/2022\/04\/01\/de-arrascaeta-manda-recado-para-a-torcida-do-flamengo-2\/","og_site_name":"G\u00e1vea News","article_publisher":"https:\/\/facebook.com\/gaveaNews\/","article_published_time":"2022-04-01T12:43:03+00:00","og_image":[{"width":800,"height":533,"url":"https:\/\/www.gaveanews.com\/wp-content\/uploads\/Arrascaeta-em-acao-pelo-Flamengo.webp","type":"image\/jpeg"}],"author":"Equipe G\u00e1vea News","twitter_card":"summary_large_image","twitter_misc":{"Escrito por":"Equipe G\u00e1vea News","Est. tempo de leitura":"1 minuto"},"schema":{"@context":"https:\/\/schema.org","@graph":[{"@type":"NewsArticle","@id":"https:\/\/www.gaveanews.com\/index.php\/2022\/04\/01\/de-arrascaeta-manda-recado-para-a-torcida-do-flamengo-2\/#article","isPartOf":{"@id":"https:\/\/www.gaveanews.com\/index.php\/2022\/04\/01\/de-arrascaeta-manda-recado-para-a-torcida-do-flamengo-2\/"},"author":{"name":"Equipe G\u00e1vea News","@id":"https:\/\/www.gaveanews.com\/#\/schema\/person\/2ec14f73fb96be2caf28f91afb14749d"},"headline":"De Arrascaeta manda recado para a torcida do Flamengo","datePublished":"2022-04-01T12:43:03+00:00","mainEntityOfPage":{"@id":"https:\/\/www.gaveanews.com\/index.php\/2022\/04\/01\/de-arrascaeta-manda-recado-para-a-torcida-do-flamengo-2\/"},"wordCount":204,"commentCount":0,"image":{"@id":"https:\/\/www.gaveanews.com\/index.php\/2022\/04\/01\/de-arrascaeta-manda-recado-para-a-torcida-do-flamengo-2\/#primaryimage"},"thumbnailUrl":"https:\/\/www.gaveanews.com\/wp-content\/uploads\/Arrascaeta-em-acao-pelo-Flamengo.webp","articleSection":["Flamengo"],"inLanguage":"pt-BR","potentialAction":[{"@type":"CommentAction","name":"Comment","target":["https:\/\/www.gaveanews.com\/index.php\/2022\/04\/01\/de-arrascaeta-manda-recado-para-a-torcida-do-flamengo-2\/#respond"]}],"copyrightYear":"2022","copyrightHolder":{"@id":"https:\/\/www.gaveanews.com\/#organization"}},{"@type":"WebPage","@id":"https:\/\/www.gaveanews.com\/index.php\/2022\/04\/01\/de-arrascaeta-manda-recado-para-a-torcida-do-flamengo-2\/","url":"https:\/\/www.gaveanews.com\/index.php\/2022\/04\/01\/de-arrascaeta-manda-recado-para-a-torcida-do-flamengo-2\/","name":"De Arrascaeta manda recado para a torcida do Flamengo","isPartOf":{"@id":"https:\/\/www.gaveanews.com\/#website"},"primaryImageOfPage":{"@id":"https:\/\/www.gaveanews.com\/index.php\/2022\/04\/01\/de-arrascaeta-manda-recado-para-a-torcida-do-flamengo-2\/#primaryimage"},"image":{"@id":"https:\/\/www.gaveanews.com\/index.php\/2022\/04\/01\/de-arrascaeta-manda-recado-para-a-torcida-do-flamengo-2\/#primaryimage"},"thumbnailUrl":"https:\/\/www.gaveanews.com\/wp-content\/uploads\/Arrascaeta-em-acao-pelo-Flamengo.webp","datePublished":"2022-04-01T12:43:03+00:00","author":{"@id":"https:\/\/www.gaveanews.com\/#\/schema\/person\/2ec14f73fb96be2caf28f91afb14749d"},"breadcrumb":{"@id":"https:\/\/www.gaveanews.com\/index.php\/2022\/04\/01\/de-arrascaeta-manda-recado-para-a-torcida-do-flamengo-2\/#breadcrumb"},"inLanguage":"pt-BR","potentialAction":[{"@type":"ReadAction","target":["https:\/\/www.gaveanews.com\/index.php\/2022\/04\/01\/de-arrascaeta-manda-recado-para-a-torcida-do-flamengo-2\/"]}]},{"@type":"ImageObject","inLanguage":"pt-BR","@id":"https:\/\/www.gaveanews.com\/index.php\/2022\/04\/01\/de-arrascaeta-manda-recado-para-a-torcida-do-flamengo-2\/#primaryimage","url":"https:\/\/www.gaveanews.com\/wp-content\/uploads\/Arrascaeta-em-acao-pelo-Flamengo.webp","contentUrl":"https:\/\/www.gaveanews.com\/wp-content\/uploads\/Arrascaeta-em-acao-pelo-Flamengo.webp","width":800,"height":533,"caption":"Arrascaeta em a\u00e7\u00e3o pelo Flamengo (Foto: Marcelo Cortes\/Flamengo)"},{"@type":"BreadcrumbList","@id":"https:\/\/www.gaveanews.com\/index.php\/2022\/04\/01\/de-arrascaeta-manda-recado-para-a-torcida-do-flamengo-2\/#breadcrumb","itemListElement":[{"@type":"ListItem","position":1,"name":"Home","item":"https:\/\/www.gaveanews.com\/"},{"@type":"ListItem","position":2,"name":"De Arrascaeta manda recado para a torcida do Flamengo"}]},{"@type":"WebSite","@id":"https:\/\/www.gaveanews.com\/#website","url":"https:\/\/www.gaveanews.com\/","name":"G\u00e1vea News","description":"Veja todas as not\u00edcias sobre o Flamengo: Contrata\u00e7\u00f5es, categorias de base, resultados das partidas, tabela de classifica\u00e7\u00e3o, pr\u00f3ximos jogos!","potentialAction":[{"@type":"SearchAction","target":{"@type":"EntryPoint","urlTemplate":"https:\/\/www.gaveanews.com\/?s={search_term_string}"},"query-input":{"@type":"PropertyValueSpecification","valueRequired":true,"valueName":"search_term_string"}}],"inLanguage":"pt-BR"},{"@type":"Person","@id":"https:\/\/www.gaveanews.com\/#\/schema\/person\/2ec14f73fb96be2caf28f91afb14749d","name":"Equipe G\u00e1vea News","image":{"@type":"ImageObject","inLanguage":"pt-BR","@id":"https:\/\/www.gaveanews.com\/#\/schema\/person\/image\/","url":"https:\/\/secure.gravatar.com\/avatar\/1e1956f1facbffd3f8fa53a326721950116b3b9dc9bd44939c01180fd4a745a9?s=96&d=mm&r=g","contentUrl":"https:\/\/secure.gravatar.com\/avatar\/1e1956f1facbffd3f8fa53a326721950116b3b9dc9bd44939c01180fd4a745a9?s=96&d=mm&r=g","caption":"Equipe G\u00e1vea News"}}]}},"_links":{"self":[{"href":"https:\/\/www.gaveanews.com\/index.php\/wp-json\/wp\/v2\/posts\/79288","targetHints":{"allow":["GET"]}}],"collection":[{"href":"https:\/\/www.gaveanews.com\/index.php\/wp-json\/wp\/v2\/posts"}],"about":[{"href":"https:\/\/www.gaveanews.com\/index.php\/wp-json\/wp\/v2\/types\/post"}],"author":[{"embeddable":true,"href":"https:\/\/www.gaveanews.com\/index.php\/wp-json\/wp\/v2\/users\/1"}],"replies":[{"embeddable":true,"href":"https:\/\/www.gaveanews.com\/index.php\/wp-json\/wp\/v2\/comments?post=79288"}],"version-history":[{"count":0,"href":"https:\/\/www.gaveanews.com\/index.php\/wp-json\/wp\/v2\/posts\/79288\/revisions"}],"wp:featuredmedia":[{"embeddable":true,"href":"https:\/\/www.gaveanews.com\/index.php\/wp-json\/wp\/v2\/media\/78759"}],"wp:attachment":[{"href":"https:\/\/www.gaveanews.com\/index.php\/wp-json\/wp\/v2\/media?parent=79288"}],"wp:term":[{"taxonomy":"category","embeddable":true,"href":"https:\/\/www.gaveanews.com\/index.php\/wp-json\/wp\/v2\/categories?post=79288"},{"taxonomy":"post_tag","embeddable":true,"href":"https:\/\/www.gaveanews.com\/index.php\/wp-json\/wp\/v2\/tags?post=79288"}],"curies":[{"name":"wp","href":"https:\/\/api.w.org\/{rel}","templated":true}]}}