{"id":79311,"date":"2022-04-01T14:46:59","date_gmt":"2022-04-01T17:46:59","guid":{"rendered":"https:\/\/www.gaveanews.com\/?p=79311"},"modified":"2022-04-01T14:48:38","modified_gmt":"2022-04-01T17:48:38","slug":"do-flamengo-para-o-mundo-vinicius-jr-esta-perto-de-obter-o-passaporte-espanhol","status":"publish","type":"post","link":"https:\/\/www.gaveanews.com\/index.php\/2022\/04\/01\/do-flamengo-para-o-mundo-vinicius-jr-esta-perto-de-obter-o-passaporte-espanhol\/","title":{"rendered":"Do Flamengo para o mundo! Vinicius Jr. est\u00e1 perto de obter o passaporte espanhol"},"content":{"rendered":"<p>H\u00e1 quase quatro anos vivendo na Espanha, o atacante Vini Jr., do Real Madrid , est\u00e1 perto de obter a dupla nacionalidade, tornando-se, assim, um cidad\u00e3o espanhol. Segundo o jornal &#8220;Marca&#8221;, autoridades locais informaram ao clube merengue que o processo do brasileiro foi conclu\u00eddo e que dever\u00e1 ser oficializado em breve.<\/p>\n<p>Deste modo, Vini Jr. n\u00e3o contar\u00e1 mais como um jogador extracomunit\u00e1rio, ou seja, um estrangeiro, e isso far\u00e1 com que o Real Madrid tenha uma vaga a mais para preencher em seu elenco. Nomes como o lateral Marcelo, al\u00e9m dos meio-campistas Casemiro e Fede Valverde passaram pelo mesmo processo.<\/p>\n<p>Ainda de acordo com a imprensa espanhola, o camisa 20 precisou realizar a prova de Conhecimento Constitucionais e Socioculturais da Espanha (CCSE) antes de ficar apto a ganhar a dupla nacionalidade. O atacante deu entrada no processo em 2020, ap\u00f3s dois anos de resid\u00eancia ininterrupta no pa\u00eds, principal requisito para obter o passaporte.<\/p>\n<p>Al\u00e9m de batalhar pela incorpora\u00e7\u00e3o de Vini Jr., o Real Madrid tem ainda outros planos para o futuro do jogador. A expectativa \u00e9 que ao final da atual temporada o clube da capital espanhola ofere\u00e7a um novo contrato para o atleta, com <a href=\"https:\/\/bit.ly\/3K5MUfu\">status (e sal\u00e1rio) de estrela do time de Carlo Ancelotti (clique aqui e veja os detalhes)<\/a>.<\/p>\n<p>Conforme a publica\u00e7\u00e3o, o Real Madrid tamb\u00e9m j\u00e1 deu entrada na documenta\u00e7\u00e3o dos brasileiros Rodrygo e \u00c9der Milit\u00e3o, que em breve tamb\u00e9m dever\u00e3o receber a dupla cidadania.<\/p>\n<p>Retirado de: IG<\/p>\n","protected":false},"excerpt":{"rendered":"<p>H\u00e1 quase quatro anos vivendo na Espanha, o atacante Vini Jr., do Real Madrid , est\u00e1 perto de obter a dupla nacionalidade, tornando-se, assim, um cidad\u00e3o espanhol. Segundo o jornal &#8220;Marca&#8221;, autoridades locais informaram ao clube merengue que o processo do brasileiro foi conclu\u00eddo e que dever\u00e1 ser oficializado em breve. Deste modo, Vini Jr. [&hellip;]<\/p>\n","protected":false},"author":1,"featured_media":74986,"comment_status":"open","ping_status":"closed","sticky":false,"template":"","format":"standard","meta":{"footnotes":""},"categories":[47],"tags":[],"class_list":["post-79311","post","type-post","status-publish","format-standard","has-post-thumbnail","hentry","category-destaques"],"yoast_head":"<!-- This site is optimized with the Yoast SEO Premium plugin v24.2 (Yoast SEO v26.9) - https:\/\/yoast.com\/product\/yoast-seo-premium-wordpress\/ -->\n<title>Do Flamengo para o mundo! Vinicius Jr. est\u00e1 perto de obter o passaporte espanhol<\/title>\n<meta name=\"robots\" content=\"index, follow, max-snippet:-1, max-image-preview:large, max-video-preview:-1\" \/>\n<link rel=\"canonical\" href=\"https:\/\/www.gaveanews.com\/index.php\/2022\/04\/01\/do-flamengo-para-o-mundo-vinicius-jr-esta-perto-de-obter-o-passaporte-espanhol\/\" \/>\n<meta property=\"og:locale\" content=\"pt_BR\" \/>\n<meta property=\"og:type\" content=\"article\" \/>\n<meta property=\"og:title\" content=\"Do Flamengo para o mundo! Vinicius Jr. est\u00e1 perto de obter o passaporte espanhol\" \/>\n<meta property=\"og:description\" content=\"H\u00e1 quase quatro anos vivendo na Espanha, o atacante Vini Jr., do Real Madrid , est\u00e1 perto de obter a dupla nacionalidade, tornando-se, assim, um cidad\u00e3o espanhol. Segundo o jornal &#8220;Marca&#8221;, autoridades locais informaram ao clube merengue que o processo do brasileiro foi conclu\u00eddo e que dever\u00e1 ser oficializado em breve. Deste modo, Vini Jr. [&hellip;]\" \/>\n<meta property=\"og:url\" content=\"https:\/\/www.gaveanews.com\/index.php\/2022\/04\/01\/do-flamengo-para-o-mundo-vinicius-jr-esta-perto-de-obter-o-passaporte-espanhol\/\" \/>\n<meta property=\"og:site_name\" content=\"G\u00e1vea News\" \/>\n<meta property=\"article:publisher\" content=\"https:\/\/facebook.com\/gaveaNews\/\" \/>\n<meta property=\"article:published_time\" content=\"2022-04-01T17:46:59+00:00\" \/>\n<meta property=\"article:modified_time\" content=\"2022-04-01T17:48:38+00:00\" \/>\n<meta property=\"og:image\" content=\"https:\/\/www.gaveanews.com\/wp-content\/uploads\/Vinicius-Junior-e-Benzema-em-acao-pelo-Real-Madrid.webp\" \/>\n\t<meta property=\"og:image:width\" content=\"846\" \/>\n\t<meta property=\"og:image:height\" content=\"564\" \/>\n\t<meta property=\"og:image:type\" content=\"image\/jpeg\" \/>\n<meta name=\"author\" content=\"Equipe G\u00e1vea News\" \/>\n<meta name=\"twitter:card\" content=\"summary_large_image\" \/>\n<meta name=\"twitter:label1\" content=\"Escrito por\" \/>\n\t<meta name=\"twitter:data1\" content=\"Equipe G\u00e1vea News\" \/>\n\t<meta name=\"twitter:label2\" content=\"Est. tempo de leitura\" \/>\n\t<meta name=\"twitter:data2\" content=\"2 minutos\" \/>\n<script type=\"application\/ld+json\" class=\"yoast-schema-graph\">{\"@context\":\"https:\/\/schema.org\",\"@graph\":[{\"@type\":\"NewsArticle\",\"@id\":\"https:\/\/www.gaveanews.com\/index.php\/2022\/04\/01\/do-flamengo-para-o-mundo-vinicius-jr-esta-perto-de-obter-o-passaporte-espanhol\/#article\",\"isPartOf\":{\"@id\":\"https:\/\/www.gaveanews.com\/index.php\/2022\/04\/01\/do-flamengo-para-o-mundo-vinicius-jr-esta-perto-de-obter-o-passaporte-espanhol\/\"},\"author\":{\"name\":\"Equipe G\u00e1vea News\",\"@id\":\"https:\/\/www.gaveanews.com\/#\/schema\/person\/2ec14f73fb96be2caf28f91afb14749d\"},\"headline\":\"Do Flamengo para o mundo! Vinicius Jr. est\u00e1 perto de obter o passaporte espanhol\",\"datePublished\":\"2022-04-01T17:46:59+00:00\",\"dateModified\":\"2022-04-01T17:48:38+00:00\",\"mainEntityOfPage\":{\"@id\":\"https:\/\/www.gaveanews.com\/index.php\/2022\/04\/01\/do-flamengo-para-o-mundo-vinicius-jr-esta-perto-de-obter-o-passaporte-espanhol\/\"},\"wordCount\":269,\"commentCount\":0,\"image\":{\"@id\":\"https:\/\/www.gaveanews.com\/index.php\/2022\/04\/01\/do-flamengo-para-o-mundo-vinicius-jr-esta-perto-de-obter-o-passaporte-espanhol\/#primaryimage\"},\"thumbnailUrl\":\"https:\/\/www.gaveanews.com\/wp-content\/uploads\/Vinicius-Junior-e-Benzema-em-acao-pelo-Real-Madrid.webp\",\"articleSection\":[\"Destaques\"],\"inLanguage\":\"pt-BR\",\"potentialAction\":[{\"@type\":\"CommentAction\",\"name\":\"Comment\",\"target\":[\"https:\/\/www.gaveanews.com\/index.php\/2022\/04\/01\/do-flamengo-para-o-mundo-vinicius-jr-esta-perto-de-obter-o-passaporte-espanhol\/#respond\"]}],\"copyrightYear\":\"2022\",\"copyrightHolder\":{\"@id\":\"https:\/\/www.gaveanews.com\/#organization\"}},{\"@type\":\"WebPage\",\"@id\":\"https:\/\/www.gaveanews.com\/index.php\/2022\/04\/01\/do-flamengo-para-o-mundo-vinicius-jr-esta-perto-de-obter-o-passaporte-espanhol\/\",\"url\":\"https:\/\/www.gaveanews.com\/index.php\/2022\/04\/01\/do-flamengo-para-o-mundo-vinicius-jr-esta-perto-de-obter-o-passaporte-espanhol\/\",\"name\":\"Do Flamengo para o mundo! Vinicius Jr. est\u00e1 perto de obter o passaporte espanhol\",\"isPartOf\":{\"@id\":\"https:\/\/www.gaveanews.com\/#website\"},\"primaryImageOfPage\":{\"@id\":\"https:\/\/www.gaveanews.com\/index.php\/2022\/04\/01\/do-flamengo-para-o-mundo-vinicius-jr-esta-perto-de-obter-o-passaporte-espanhol\/#primaryimage\"},\"image\":{\"@id\":\"https:\/\/www.gaveanews.com\/index.php\/2022\/04\/01\/do-flamengo-para-o-mundo-vinicius-jr-esta-perto-de-obter-o-passaporte-espanhol\/#primaryimage\"},\"thumbnailUrl\":\"https:\/\/www.gaveanews.com\/wp-content\/uploads\/Vinicius-Junior-e-Benzema-em-acao-pelo-Real-Madrid.webp\",\"datePublished\":\"2022-04-01T17:46:59+00:00\",\"dateModified\":\"2022-04-01T17:48:38+00:00\",\"author\":{\"@id\":\"https:\/\/www.gaveanews.com\/#\/schema\/person\/2ec14f73fb96be2caf28f91afb14749d\"},\"breadcrumb\":{\"@id\":\"https:\/\/www.gaveanews.com\/index.php\/2022\/04\/01\/do-flamengo-para-o-mundo-vinicius-jr-esta-perto-de-obter-o-passaporte-espanhol\/#breadcrumb\"},\"inLanguage\":\"pt-BR\",\"potentialAction\":[{\"@type\":\"ReadAction\",\"target\":[\"https:\/\/www.gaveanews.com\/index.php\/2022\/04\/01\/do-flamengo-para-o-mundo-vinicius-jr-esta-perto-de-obter-o-passaporte-espanhol\/\"]}]},{\"@type\":\"ImageObject\",\"inLanguage\":\"pt-BR\",\"@id\":\"https:\/\/www.gaveanews.com\/index.php\/2022\/04\/01\/do-flamengo-para-o-mundo-vinicius-jr-esta-perto-de-obter-o-passaporte-espanhol\/#primaryimage\",\"url\":\"https:\/\/www.gaveanews.com\/wp-content\/uploads\/Vinicius-Junior-e-Benzema-em-acao-pelo-Real-Madrid.webp\",\"contentUrl\":\"https:\/\/www.gaveanews.com\/wp-content\/uploads\/Vinicius-Junior-e-Benzema-em-acao-pelo-Real-Madrid.webp\",\"width\":846,\"height\":564,\"caption\":\"Vinicius Junior e Benzema em a\u00e7\u00e3o pelo Real Madrid (Foto: Pedro Castillo\/Real Madrid)\"},{\"@type\":\"BreadcrumbList\",\"@id\":\"https:\/\/www.gaveanews.com\/index.php\/2022\/04\/01\/do-flamengo-para-o-mundo-vinicius-jr-esta-perto-de-obter-o-passaporte-espanhol\/#breadcrumb\",\"itemListElement\":[{\"@type\":\"ListItem\",\"position\":1,\"name\":\"Home\",\"item\":\"https:\/\/www.gaveanews.com\/\"},{\"@type\":\"ListItem\",\"position\":2,\"name\":\"Do Flamengo para o mundo! Vinicius Jr. est\u00e1 perto de obter o passaporte espanhol\"}]},{\"@type\":\"WebSite\",\"@id\":\"https:\/\/www.gaveanews.com\/#website\",\"url\":\"https:\/\/www.gaveanews.com\/\",\"name\":\"G\u00e1vea News\",\"description\":\"Veja todas as not\u00edcias sobre o Flamengo: Contrata\u00e7\u00f5es, categorias de base, resultados das partidas, tabela de classifica\u00e7\u00e3o, pr\u00f3ximos jogos!\",\"potentialAction\":[{\"@type\":\"SearchAction\",\"target\":{\"@type\":\"EntryPoint\",\"urlTemplate\":\"https:\/\/www.gaveanews.com\/?s={search_term_string}\"},\"query-input\":{\"@type\":\"PropertyValueSpecification\",\"valueRequired\":true,\"valueName\":\"search_term_string\"}}],\"inLanguage\":\"pt-BR\"},{\"@type\":\"Person\",\"@id\":\"https:\/\/www.gaveanews.com\/#\/schema\/person\/2ec14f73fb96be2caf28f91afb14749d\",\"name\":\"Equipe G\u00e1vea News\",\"image\":{\"@type\":\"ImageObject\",\"inLanguage\":\"pt-BR\",\"@id\":\"https:\/\/www.gaveanews.com\/#\/schema\/person\/image\/\",\"url\":\"https:\/\/secure.gravatar.com\/avatar\/1e1956f1facbffd3f8fa53a326721950116b3b9dc9bd44939c01180fd4a745a9?s=96&d=mm&r=g\",\"contentUrl\":\"https:\/\/secure.gravatar.com\/avatar\/1e1956f1facbffd3f8fa53a326721950116b3b9dc9bd44939c01180fd4a745a9?s=96&d=mm&r=g\",\"caption\":\"Equipe G\u00e1vea News\"}}]}<\/script>\n<!-- \/ Yoast SEO Premium plugin. -->","yoast_head_json":{"title":"Do Flamengo para o mundo! Vinicius Jr. est\u00e1 perto de obter o passaporte espanhol","robots":{"index":"index","follow":"follow","max-snippet":"max-snippet:-1","max-image-preview":"max-image-preview:large","max-video-preview":"max-video-preview:-1"},"canonical":"https:\/\/www.gaveanews.com\/index.php\/2022\/04\/01\/do-flamengo-para-o-mundo-vinicius-jr-esta-perto-de-obter-o-passaporte-espanhol\/","og_locale":"pt_BR","og_type":"article","og_title":"Do Flamengo para o mundo! Vinicius Jr. est\u00e1 perto de obter o passaporte espanhol","og_description":"H\u00e1 quase quatro anos vivendo na Espanha, o atacante Vini Jr., do Real Madrid , est\u00e1 perto de obter a dupla nacionalidade, tornando-se, assim, um cidad\u00e3o espanhol. Segundo o jornal &#8220;Marca&#8221;, autoridades locais informaram ao clube merengue que o processo do brasileiro foi conclu\u00eddo e que dever\u00e1 ser oficializado em breve. Deste modo, Vini Jr. [&hellip;]","og_url":"https:\/\/www.gaveanews.com\/index.php\/2022\/04\/01\/do-flamengo-para-o-mundo-vinicius-jr-esta-perto-de-obter-o-passaporte-espanhol\/","og_site_name":"G\u00e1vea News","article_publisher":"https:\/\/facebook.com\/gaveaNews\/","article_published_time":"2022-04-01T17:46:59+00:00","article_modified_time":"2022-04-01T17:48:38+00:00","og_image":[{"width":846,"height":564,"url":"https:\/\/www.gaveanews.com\/wp-content\/uploads\/Vinicius-Junior-e-Benzema-em-acao-pelo-Real-Madrid.webp","type":"image\/jpeg"}],"author":"Equipe G\u00e1vea News","twitter_card":"summary_large_image","twitter_misc":{"Escrito por":"Equipe G\u00e1vea News","Est. tempo de leitura":"2 minutos"},"schema":{"@context":"https:\/\/schema.org","@graph":[{"@type":"NewsArticle","@id":"https:\/\/www.gaveanews.com\/index.php\/2022\/04\/01\/do-flamengo-para-o-mundo-vinicius-jr-esta-perto-de-obter-o-passaporte-espanhol\/#article","isPartOf":{"@id":"https:\/\/www.gaveanews.com\/index.php\/2022\/04\/01\/do-flamengo-para-o-mundo-vinicius-jr-esta-perto-de-obter-o-passaporte-espanhol\/"},"author":{"name":"Equipe G\u00e1vea News","@id":"https:\/\/www.gaveanews.com\/#\/schema\/person\/2ec14f73fb96be2caf28f91afb14749d"},"headline":"Do Flamengo para o mundo! Vinicius Jr. est\u00e1 perto de obter o passaporte espanhol","datePublished":"2022-04-01T17:46:59+00:00","dateModified":"2022-04-01T17:48:38+00:00","mainEntityOfPage":{"@id":"https:\/\/www.gaveanews.com\/index.php\/2022\/04\/01\/do-flamengo-para-o-mundo-vinicius-jr-esta-perto-de-obter-o-passaporte-espanhol\/"},"wordCount":269,"commentCount":0,"image":{"@id":"https:\/\/www.gaveanews.com\/index.php\/2022\/04\/01\/do-flamengo-para-o-mundo-vinicius-jr-esta-perto-de-obter-o-passaporte-espanhol\/#primaryimage"},"thumbnailUrl":"https:\/\/www.gaveanews.com\/wp-content\/uploads\/Vinicius-Junior-e-Benzema-em-acao-pelo-Real-Madrid.webp","articleSection":["Destaques"],"inLanguage":"pt-BR","potentialAction":[{"@type":"CommentAction","name":"Comment","target":["https:\/\/www.gaveanews.com\/index.php\/2022\/04\/01\/do-flamengo-para-o-mundo-vinicius-jr-esta-perto-de-obter-o-passaporte-espanhol\/#respond"]}],"copyrightYear":"2022","copyrightHolder":{"@id":"https:\/\/www.gaveanews.com\/#organization"}},{"@type":"WebPage","@id":"https:\/\/www.gaveanews.com\/index.php\/2022\/04\/01\/do-flamengo-para-o-mundo-vinicius-jr-esta-perto-de-obter-o-passaporte-espanhol\/","url":"https:\/\/www.gaveanews.com\/index.php\/2022\/04\/01\/do-flamengo-para-o-mundo-vinicius-jr-esta-perto-de-obter-o-passaporte-espanhol\/","name":"Do Flamengo para o mundo! Vinicius Jr. est\u00e1 perto de obter o passaporte espanhol","isPartOf":{"@id":"https:\/\/www.gaveanews.com\/#website"},"primaryImageOfPage":{"@id":"https:\/\/www.gaveanews.com\/index.php\/2022\/04\/01\/do-flamengo-para-o-mundo-vinicius-jr-esta-perto-de-obter-o-passaporte-espanhol\/#primaryimage"},"image":{"@id":"https:\/\/www.gaveanews.com\/index.php\/2022\/04\/01\/do-flamengo-para-o-mundo-vinicius-jr-esta-perto-de-obter-o-passaporte-espanhol\/#primaryimage"},"thumbnailUrl":"https:\/\/www.gaveanews.com\/wp-content\/uploads\/Vinicius-Junior-e-Benzema-em-acao-pelo-Real-Madrid.webp","datePublished":"2022-04-01T17:46:59+00:00","dateModified":"2022-04-01T17:48:38+00:00","author":{"@id":"https:\/\/www.gaveanews.com\/#\/schema\/person\/2ec14f73fb96be2caf28f91afb14749d"},"breadcrumb":{"@id":"https:\/\/www.gaveanews.com\/index.php\/2022\/04\/01\/do-flamengo-para-o-mundo-vinicius-jr-esta-perto-de-obter-o-passaporte-espanhol\/#breadcrumb"},"inLanguage":"pt-BR","potentialAction":[{"@type":"ReadAction","target":["https:\/\/www.gaveanews.com\/index.php\/2022\/04\/01\/do-flamengo-para-o-mundo-vinicius-jr-esta-perto-de-obter-o-passaporte-espanhol\/"]}]},{"@type":"ImageObject","inLanguage":"pt-BR","@id":"https:\/\/www.gaveanews.com\/index.php\/2022\/04\/01\/do-flamengo-para-o-mundo-vinicius-jr-esta-perto-de-obter-o-passaporte-espanhol\/#primaryimage","url":"https:\/\/www.gaveanews.com\/wp-content\/uploads\/Vinicius-Junior-e-Benzema-em-acao-pelo-Real-Madrid.webp","contentUrl":"https:\/\/www.gaveanews.com\/wp-content\/uploads\/Vinicius-Junior-e-Benzema-em-acao-pelo-Real-Madrid.webp","width":846,"height":564,"caption":"Vinicius Junior e Benzema em a\u00e7\u00e3o pelo Real Madrid (Foto: Pedro Castillo\/Real Madrid)"},{"@type":"BreadcrumbList","@id":"https:\/\/www.gaveanews.com\/index.php\/2022\/04\/01\/do-flamengo-para-o-mundo-vinicius-jr-esta-perto-de-obter-o-passaporte-espanhol\/#breadcrumb","itemListElement":[{"@type":"ListItem","position":1,"name":"Home","item":"https:\/\/www.gaveanews.com\/"},{"@type":"ListItem","position":2,"name":"Do Flamengo para o mundo! Vinicius Jr. est\u00e1 perto de obter o passaporte espanhol"}]},{"@type":"WebSite","@id":"https:\/\/www.gaveanews.com\/#website","url":"https:\/\/www.gaveanews.com\/","name":"G\u00e1vea News","description":"Veja todas as not\u00edcias sobre o Flamengo: Contrata\u00e7\u00f5es, categorias de base, resultados das partidas, tabela de classifica\u00e7\u00e3o, pr\u00f3ximos jogos!","potentialAction":[{"@type":"SearchAction","target":{"@type":"EntryPoint","urlTemplate":"https:\/\/www.gaveanews.com\/?s={search_term_string}"},"query-input":{"@type":"PropertyValueSpecification","valueRequired":true,"valueName":"search_term_string"}}],"inLanguage":"pt-BR"},{"@type":"Person","@id":"https:\/\/www.gaveanews.com\/#\/schema\/person\/2ec14f73fb96be2caf28f91afb14749d","name":"Equipe G\u00e1vea News","image":{"@type":"ImageObject","inLanguage":"pt-BR","@id":"https:\/\/www.gaveanews.com\/#\/schema\/person\/image\/","url":"https:\/\/secure.gravatar.com\/avatar\/1e1956f1facbffd3f8fa53a326721950116b3b9dc9bd44939c01180fd4a745a9?s=96&d=mm&r=g","contentUrl":"https:\/\/secure.gravatar.com\/avatar\/1e1956f1facbffd3f8fa53a326721950116b3b9dc9bd44939c01180fd4a745a9?s=96&d=mm&r=g","caption":"Equipe G\u00e1vea News"}}]}},"_links":{"self":[{"href":"https:\/\/www.gaveanews.com\/index.php\/wp-json\/wp\/v2\/posts\/79311","targetHints":{"allow":["GET"]}}],"collection":[{"href":"https:\/\/www.gaveanews.com\/index.php\/wp-json\/wp\/v2\/posts"}],"about":[{"href":"https:\/\/www.gaveanews.com\/index.php\/wp-json\/wp\/v2\/types\/post"}],"author":[{"embeddable":true,"href":"https:\/\/www.gaveanews.com\/index.php\/wp-json\/wp\/v2\/users\/1"}],"replies":[{"embeddable":true,"href":"https:\/\/www.gaveanews.com\/index.php\/wp-json\/wp\/v2\/comments?post=79311"}],"version-history":[{"count":0,"href":"https:\/\/www.gaveanews.com\/index.php\/wp-json\/wp\/v2\/posts\/79311\/revisions"}],"wp:featuredmedia":[{"embeddable":true,"href":"https:\/\/www.gaveanews.com\/index.php\/wp-json\/wp\/v2\/media\/74986"}],"wp:attachment":[{"href":"https:\/\/www.gaveanews.com\/index.php\/wp-json\/wp\/v2\/media?parent=79311"}],"wp:term":[{"taxonomy":"category","embeddable":true,"href":"https:\/\/www.gaveanews.com\/index.php\/wp-json\/wp\/v2\/categories?post=79311"},{"taxonomy":"post_tag","embeddable":true,"href":"https:\/\/www.gaveanews.com\/index.php\/wp-json\/wp\/v2\/tags?post=79311"}],"curies":[{"name":"wp","href":"https:\/\/api.w.org\/{rel}","templated":true}]}}