{"id":79327,"date":"2022-04-01T19:48:35","date_gmt":"2022-04-01T22:48:35","guid":{"rendered":"https:\/\/www.gaveanews.com\/?p=79327"},"modified":"2022-04-01T19:48:35","modified_gmt":"2022-04-01T22:48:35","slug":"devido-ao-fla-flu-flamengo-e-punido-pela-justica-do-rio-entenda","status":"publish","type":"post","link":"https:\/\/www.gaveanews.com\/index.php\/2022\/04\/01\/devido-ao-fla-flu-flamengo-e-punido-pela-justica-do-rio-entenda\/","title":{"rendered":"Devido ao Fla-Flu, Flamengo \u00e9 punido pela Justi\u00e7a do Rio; entenda"},"content":{"rendered":"<p>O diretor de rela\u00e7\u00f5es externas do Flamengo, Cacau Cotta, foi afastado por tr\u00eas meses pela Justi\u00e7a do Rio dos est\u00e1dios em todo territ\u00f3rio nacional e no exterior. Em sua decis\u00e3o, o juiz Marcello Rubioli alegou &#8220;falta de equil\u00edbrio emocional&#8221; do dirigente. As informa\u00e7\u00f5es foram divulgadas pela R\u00e1dio Globo.<\/p>\n<p><em><strong>\u2014 Falta de equil\u00edbrio emocional leva o autor do fato a desbordar a mera irresigna\u00e7\u00e3o gerando atos que causam tumulto. O ocupante de fun\u00e7\u00e3o na agremia\u00e7\u00e3o desportiva deve dar o exemplo<\/strong><\/em>, diz um trecho do documento.<\/p>\n<p>Na derrota do Flamengo por 2 a 0 para o Fluminense, na \u00faltima quarta-feira, no primeiro jogo da final do Carioca, Cacau invadiu o gramado no intervalo e proferiu diversos xingamentos ao \u00e1rbitro Wagner do Nascimento Magalh\u00e3es. Na ocasi\u00e3o, ele precisou ser contido por policiais militares. O TJ-RJ exigiu que a Ferj envie a s\u00famula do jogo.<\/p>\n<p>Retirado de: O Dia<\/p>\n","protected":false},"excerpt":{"rendered":"<p>O diretor de rela\u00e7\u00f5es externas do Flamengo, Cacau Cotta, foi afastado por tr\u00eas meses pela Justi\u00e7a do Rio dos est\u00e1dios em todo territ\u00f3rio nacional e no exterior. Em sua decis\u00e3o, o juiz Marcello Rubioli alegou &#8220;falta de equil\u00edbrio emocional&#8221; do dirigente. As informa\u00e7\u00f5es foram divulgadas pela R\u00e1dio Globo. \u2014 Falta de equil\u00edbrio emocional leva o [&hellip;]<\/p>\n","protected":false},"author":1,"featured_media":64856,"comment_status":"open","ping_status":"closed","sticky":false,"template":"","format":"standard","meta":{"footnotes":""},"categories":[47],"tags":[],"class_list":["post-79327","post","type-post","status-publish","format-standard","has-post-thumbnail","hentry","category-destaques"],"yoast_head":"<!-- This site is optimized with the Yoast SEO Premium plugin v24.2 (Yoast SEO v26.9) - https:\/\/yoast.com\/product\/yoast-seo-premium-wordpress\/ -->\n<title>Devido ao Fla-Flu, Flamengo \u00e9 punido pela Justi\u00e7a do Rio; entenda<\/title>\n<meta name=\"description\" content=\"&quot;Falta de equil\u00edbrio emocional leva o autor do fato a desbordar a mera irresigna\u00e7\u00e3o gerando atos que causam tumulto&quot;.\" \/>\n<meta name=\"robots\" content=\"index, follow, max-snippet:-1, max-image-preview:large, max-video-preview:-1\" \/>\n<link rel=\"canonical\" href=\"https:\/\/www.gaveanews.com\/index.php\/2022\/04\/01\/devido-ao-fla-flu-flamengo-e-punido-pela-justica-do-rio-entenda\/\" \/>\n<meta property=\"og:locale\" content=\"pt_BR\" \/>\n<meta property=\"og:type\" content=\"article\" \/>\n<meta property=\"og:title\" content=\"Devido ao Fla-Flu, Flamengo \u00e9 punido pela Justi\u00e7a do Rio; entenda\" \/>\n<meta property=\"og:description\" content=\"&quot;Falta de equil\u00edbrio emocional leva o autor do fato a desbordar a mera irresigna\u00e7\u00e3o gerando atos que causam tumulto&quot;.\" \/>\n<meta property=\"og:url\" content=\"https:\/\/www.gaveanews.com\/index.php\/2022\/04\/01\/devido-ao-fla-flu-flamengo-e-punido-pela-justica-do-rio-entenda\/\" \/>\n<meta property=\"og:site_name\" content=\"G\u00e1vea News\" \/>\n<meta property=\"article:publisher\" content=\"https:\/\/facebook.com\/gaveaNews\/\" \/>\n<meta property=\"article:published_time\" content=\"2022-04-01T22:48:35+00:00\" \/>\n<meta property=\"og:image\" content=\"https:\/\/www.gaveanews.com\/wp-content\/uploads\/Cacau-Cotta.webp\" \/>\n\t<meta property=\"og:image:width\" content=\"640\" \/>\n\t<meta property=\"og:image:height\" content=\"424\" \/>\n\t<meta property=\"og:image:type\" content=\"image\/jpeg\" \/>\n<meta name=\"author\" content=\"Equipe G\u00e1vea News\" \/>\n<meta name=\"twitter:card\" content=\"summary_large_image\" \/>\n<meta name=\"twitter:label1\" content=\"Escrito por\" \/>\n\t<meta name=\"twitter:data1\" content=\"Equipe G\u00e1vea News\" \/>\n\t<meta name=\"twitter:label2\" content=\"Est. tempo de leitura\" \/>\n\t<meta name=\"twitter:data2\" content=\"1 minuto\" \/>\n<script type=\"application\/ld+json\" class=\"yoast-schema-graph\">{\"@context\":\"https:\/\/schema.org\",\"@graph\":[{\"@type\":\"NewsArticle\",\"@id\":\"https:\/\/www.gaveanews.com\/index.php\/2022\/04\/01\/devido-ao-fla-flu-flamengo-e-punido-pela-justica-do-rio-entenda\/#article\",\"isPartOf\":{\"@id\":\"https:\/\/www.gaveanews.com\/index.php\/2022\/04\/01\/devido-ao-fla-flu-flamengo-e-punido-pela-justica-do-rio-entenda\/\"},\"author\":{\"name\":\"Equipe G\u00e1vea News\",\"@id\":\"https:\/\/www.gaveanews.com\/#\/schema\/person\/2ec14f73fb96be2caf28f91afb14749d\"},\"headline\":\"Devido ao Fla-Flu, Flamengo \u00e9 punido pela Justi\u00e7a do Rio; entenda\",\"datePublished\":\"2022-04-01T22:48:35+00:00\",\"mainEntityOfPage\":{\"@id\":\"https:\/\/www.gaveanews.com\/index.php\/2022\/04\/01\/devido-ao-fla-flu-flamengo-e-punido-pela-justica-do-rio-entenda\/\"},\"wordCount\":169,\"commentCount\":0,\"image\":{\"@id\":\"https:\/\/www.gaveanews.com\/index.php\/2022\/04\/01\/devido-ao-fla-flu-flamengo-e-punido-pela-justica-do-rio-entenda\/#primaryimage\"},\"thumbnailUrl\":\"https:\/\/www.gaveanews.com\/wp-content\/uploads\/Cacau-Cotta.webp\",\"articleSection\":[\"Destaques\"],\"inLanguage\":\"pt-BR\",\"potentialAction\":[{\"@type\":\"CommentAction\",\"name\":\"Comment\",\"target\":[\"https:\/\/www.gaveanews.com\/index.php\/2022\/04\/01\/devido-ao-fla-flu-flamengo-e-punido-pela-justica-do-rio-entenda\/#respond\"]}],\"copyrightYear\":\"2022\",\"copyrightHolder\":{\"@id\":\"https:\/\/www.gaveanews.com\/#organization\"}},{\"@type\":\"WebPage\",\"@id\":\"https:\/\/www.gaveanews.com\/index.php\/2022\/04\/01\/devido-ao-fla-flu-flamengo-e-punido-pela-justica-do-rio-entenda\/\",\"url\":\"https:\/\/www.gaveanews.com\/index.php\/2022\/04\/01\/devido-ao-fla-flu-flamengo-e-punido-pela-justica-do-rio-entenda\/\",\"name\":\"Devido ao Fla-Flu, Flamengo \u00e9 punido pela Justi\u00e7a do Rio; entenda\",\"isPartOf\":{\"@id\":\"https:\/\/www.gaveanews.com\/#website\"},\"primaryImageOfPage\":{\"@id\":\"https:\/\/www.gaveanews.com\/index.php\/2022\/04\/01\/devido-ao-fla-flu-flamengo-e-punido-pela-justica-do-rio-entenda\/#primaryimage\"},\"image\":{\"@id\":\"https:\/\/www.gaveanews.com\/index.php\/2022\/04\/01\/devido-ao-fla-flu-flamengo-e-punido-pela-justica-do-rio-entenda\/#primaryimage\"},\"thumbnailUrl\":\"https:\/\/www.gaveanews.com\/wp-content\/uploads\/Cacau-Cotta.webp\",\"datePublished\":\"2022-04-01T22:48:35+00:00\",\"author\":{\"@id\":\"https:\/\/www.gaveanews.com\/#\/schema\/person\/2ec14f73fb96be2caf28f91afb14749d\"},\"description\":\"\\\"Falta de equil\u00edbrio emocional leva o autor do fato a desbordar a mera irresigna\u00e7\u00e3o gerando atos que causam tumulto\\\".\",\"breadcrumb\":{\"@id\":\"https:\/\/www.gaveanews.com\/index.php\/2022\/04\/01\/devido-ao-fla-flu-flamengo-e-punido-pela-justica-do-rio-entenda\/#breadcrumb\"},\"inLanguage\":\"pt-BR\",\"potentialAction\":[{\"@type\":\"ReadAction\",\"target\":[\"https:\/\/www.gaveanews.com\/index.php\/2022\/04\/01\/devido-ao-fla-flu-flamengo-e-punido-pela-justica-do-rio-entenda\/\"]}]},{\"@type\":\"ImageObject\",\"inLanguage\":\"pt-BR\",\"@id\":\"https:\/\/www.gaveanews.com\/index.php\/2022\/04\/01\/devido-ao-fla-flu-flamengo-e-punido-pela-justica-do-rio-entenda\/#primaryimage\",\"url\":\"https:\/\/www.gaveanews.com\/wp-content\/uploads\/Cacau-Cotta.webp\",\"contentUrl\":\"https:\/\/www.gaveanews.com\/wp-content\/uploads\/Cacau-Cotta.webp\",\"width\":640,\"height\":424,\"caption\":\"Cacau Cotta, diretor de rela\u00e7\u00f5es externas do Flamengo (Foto: Domingos Peixoto)\"},{\"@type\":\"BreadcrumbList\",\"@id\":\"https:\/\/www.gaveanews.com\/index.php\/2022\/04\/01\/devido-ao-fla-flu-flamengo-e-punido-pela-justica-do-rio-entenda\/#breadcrumb\",\"itemListElement\":[{\"@type\":\"ListItem\",\"position\":1,\"name\":\"Home\",\"item\":\"https:\/\/www.gaveanews.com\/\"},{\"@type\":\"ListItem\",\"position\":2,\"name\":\"Devido ao Fla-Flu, Flamengo \u00e9 punido pela Justi\u00e7a do Rio; entenda\"}]},{\"@type\":\"WebSite\",\"@id\":\"https:\/\/www.gaveanews.com\/#website\",\"url\":\"https:\/\/www.gaveanews.com\/\",\"name\":\"G\u00e1vea News\",\"description\":\"Veja todas as not\u00edcias sobre o Flamengo: Contrata\u00e7\u00f5es, categorias de base, resultados das partidas, tabela de classifica\u00e7\u00e3o, pr\u00f3ximos jogos!\",\"potentialAction\":[{\"@type\":\"SearchAction\",\"target\":{\"@type\":\"EntryPoint\",\"urlTemplate\":\"https:\/\/www.gaveanews.com\/?s={search_term_string}\"},\"query-input\":{\"@type\":\"PropertyValueSpecification\",\"valueRequired\":true,\"valueName\":\"search_term_string\"}}],\"inLanguage\":\"pt-BR\"},{\"@type\":\"Person\",\"@id\":\"https:\/\/www.gaveanews.com\/#\/schema\/person\/2ec14f73fb96be2caf28f91afb14749d\",\"name\":\"Equipe G\u00e1vea News\",\"image\":{\"@type\":\"ImageObject\",\"inLanguage\":\"pt-BR\",\"@id\":\"https:\/\/www.gaveanews.com\/#\/schema\/person\/image\/\",\"url\":\"https:\/\/secure.gravatar.com\/avatar\/1e1956f1facbffd3f8fa53a326721950116b3b9dc9bd44939c01180fd4a745a9?s=96&d=mm&r=g\",\"contentUrl\":\"https:\/\/secure.gravatar.com\/avatar\/1e1956f1facbffd3f8fa53a326721950116b3b9dc9bd44939c01180fd4a745a9?s=96&d=mm&r=g\",\"caption\":\"Equipe G\u00e1vea News\"}}]}<\/script>\n<!-- \/ Yoast SEO Premium plugin. -->","yoast_head_json":{"title":"Devido ao Fla-Flu, Flamengo \u00e9 punido pela Justi\u00e7a do Rio; entenda","description":"\"Falta de equil\u00edbrio emocional leva o autor do fato a desbordar a mera irresigna\u00e7\u00e3o gerando atos que causam tumulto\".","robots":{"index":"index","follow":"follow","max-snippet":"max-snippet:-1","max-image-preview":"max-image-preview:large","max-video-preview":"max-video-preview:-1"},"canonical":"https:\/\/www.gaveanews.com\/index.php\/2022\/04\/01\/devido-ao-fla-flu-flamengo-e-punido-pela-justica-do-rio-entenda\/","og_locale":"pt_BR","og_type":"article","og_title":"Devido ao Fla-Flu, Flamengo \u00e9 punido pela Justi\u00e7a do Rio; entenda","og_description":"\"Falta de equil\u00edbrio emocional leva o autor do fato a desbordar a mera irresigna\u00e7\u00e3o gerando atos que causam tumulto\".","og_url":"https:\/\/www.gaveanews.com\/index.php\/2022\/04\/01\/devido-ao-fla-flu-flamengo-e-punido-pela-justica-do-rio-entenda\/","og_site_name":"G\u00e1vea News","article_publisher":"https:\/\/facebook.com\/gaveaNews\/","article_published_time":"2022-04-01T22:48:35+00:00","og_image":[{"width":640,"height":424,"url":"https:\/\/www.gaveanews.com\/wp-content\/uploads\/Cacau-Cotta.webp","type":"image\/jpeg"}],"author":"Equipe G\u00e1vea News","twitter_card":"summary_large_image","twitter_misc":{"Escrito por":"Equipe G\u00e1vea News","Est. tempo de leitura":"1 minuto"},"schema":{"@context":"https:\/\/schema.org","@graph":[{"@type":"NewsArticle","@id":"https:\/\/www.gaveanews.com\/index.php\/2022\/04\/01\/devido-ao-fla-flu-flamengo-e-punido-pela-justica-do-rio-entenda\/#article","isPartOf":{"@id":"https:\/\/www.gaveanews.com\/index.php\/2022\/04\/01\/devido-ao-fla-flu-flamengo-e-punido-pela-justica-do-rio-entenda\/"},"author":{"name":"Equipe G\u00e1vea News","@id":"https:\/\/www.gaveanews.com\/#\/schema\/person\/2ec14f73fb96be2caf28f91afb14749d"},"headline":"Devido ao Fla-Flu, Flamengo \u00e9 punido pela Justi\u00e7a do Rio; entenda","datePublished":"2022-04-01T22:48:35+00:00","mainEntityOfPage":{"@id":"https:\/\/www.gaveanews.com\/index.php\/2022\/04\/01\/devido-ao-fla-flu-flamengo-e-punido-pela-justica-do-rio-entenda\/"},"wordCount":169,"commentCount":0,"image":{"@id":"https:\/\/www.gaveanews.com\/index.php\/2022\/04\/01\/devido-ao-fla-flu-flamengo-e-punido-pela-justica-do-rio-entenda\/#primaryimage"},"thumbnailUrl":"https:\/\/www.gaveanews.com\/wp-content\/uploads\/Cacau-Cotta.webp","articleSection":["Destaques"],"inLanguage":"pt-BR","potentialAction":[{"@type":"CommentAction","name":"Comment","target":["https:\/\/www.gaveanews.com\/index.php\/2022\/04\/01\/devido-ao-fla-flu-flamengo-e-punido-pela-justica-do-rio-entenda\/#respond"]}],"copyrightYear":"2022","copyrightHolder":{"@id":"https:\/\/www.gaveanews.com\/#organization"}},{"@type":"WebPage","@id":"https:\/\/www.gaveanews.com\/index.php\/2022\/04\/01\/devido-ao-fla-flu-flamengo-e-punido-pela-justica-do-rio-entenda\/","url":"https:\/\/www.gaveanews.com\/index.php\/2022\/04\/01\/devido-ao-fla-flu-flamengo-e-punido-pela-justica-do-rio-entenda\/","name":"Devido ao Fla-Flu, Flamengo \u00e9 punido pela Justi\u00e7a do Rio; entenda","isPartOf":{"@id":"https:\/\/www.gaveanews.com\/#website"},"primaryImageOfPage":{"@id":"https:\/\/www.gaveanews.com\/index.php\/2022\/04\/01\/devido-ao-fla-flu-flamengo-e-punido-pela-justica-do-rio-entenda\/#primaryimage"},"image":{"@id":"https:\/\/www.gaveanews.com\/index.php\/2022\/04\/01\/devido-ao-fla-flu-flamengo-e-punido-pela-justica-do-rio-entenda\/#primaryimage"},"thumbnailUrl":"https:\/\/www.gaveanews.com\/wp-content\/uploads\/Cacau-Cotta.webp","datePublished":"2022-04-01T22:48:35+00:00","author":{"@id":"https:\/\/www.gaveanews.com\/#\/schema\/person\/2ec14f73fb96be2caf28f91afb14749d"},"description":"\"Falta de equil\u00edbrio emocional leva o autor do fato a desbordar a mera irresigna\u00e7\u00e3o gerando atos que causam tumulto\".","breadcrumb":{"@id":"https:\/\/www.gaveanews.com\/index.php\/2022\/04\/01\/devido-ao-fla-flu-flamengo-e-punido-pela-justica-do-rio-entenda\/#breadcrumb"},"inLanguage":"pt-BR","potentialAction":[{"@type":"ReadAction","target":["https:\/\/www.gaveanews.com\/index.php\/2022\/04\/01\/devido-ao-fla-flu-flamengo-e-punido-pela-justica-do-rio-entenda\/"]}]},{"@type":"ImageObject","inLanguage":"pt-BR","@id":"https:\/\/www.gaveanews.com\/index.php\/2022\/04\/01\/devido-ao-fla-flu-flamengo-e-punido-pela-justica-do-rio-entenda\/#primaryimage","url":"https:\/\/www.gaveanews.com\/wp-content\/uploads\/Cacau-Cotta.webp","contentUrl":"https:\/\/www.gaveanews.com\/wp-content\/uploads\/Cacau-Cotta.webp","width":640,"height":424,"caption":"Cacau Cotta, diretor de rela\u00e7\u00f5es externas do Flamengo (Foto: Domingos Peixoto)"},{"@type":"BreadcrumbList","@id":"https:\/\/www.gaveanews.com\/index.php\/2022\/04\/01\/devido-ao-fla-flu-flamengo-e-punido-pela-justica-do-rio-entenda\/#breadcrumb","itemListElement":[{"@type":"ListItem","position":1,"name":"Home","item":"https:\/\/www.gaveanews.com\/"},{"@type":"ListItem","position":2,"name":"Devido ao Fla-Flu, Flamengo \u00e9 punido pela Justi\u00e7a do Rio; entenda"}]},{"@type":"WebSite","@id":"https:\/\/www.gaveanews.com\/#website","url":"https:\/\/www.gaveanews.com\/","name":"G\u00e1vea News","description":"Veja todas as not\u00edcias sobre o Flamengo: Contrata\u00e7\u00f5es, categorias de base, resultados das partidas, tabela de classifica\u00e7\u00e3o, pr\u00f3ximos jogos!","potentialAction":[{"@type":"SearchAction","target":{"@type":"EntryPoint","urlTemplate":"https:\/\/www.gaveanews.com\/?s={search_term_string}"},"query-input":{"@type":"PropertyValueSpecification","valueRequired":true,"valueName":"search_term_string"}}],"inLanguage":"pt-BR"},{"@type":"Person","@id":"https:\/\/www.gaveanews.com\/#\/schema\/person\/2ec14f73fb96be2caf28f91afb14749d","name":"Equipe G\u00e1vea News","image":{"@type":"ImageObject","inLanguage":"pt-BR","@id":"https:\/\/www.gaveanews.com\/#\/schema\/person\/image\/","url":"https:\/\/secure.gravatar.com\/avatar\/1e1956f1facbffd3f8fa53a326721950116b3b9dc9bd44939c01180fd4a745a9?s=96&d=mm&r=g","contentUrl":"https:\/\/secure.gravatar.com\/avatar\/1e1956f1facbffd3f8fa53a326721950116b3b9dc9bd44939c01180fd4a745a9?s=96&d=mm&r=g","caption":"Equipe G\u00e1vea News"}}]}},"_links":{"self":[{"href":"https:\/\/www.gaveanews.com\/index.php\/wp-json\/wp\/v2\/posts\/79327","targetHints":{"allow":["GET"]}}],"collection":[{"href":"https:\/\/www.gaveanews.com\/index.php\/wp-json\/wp\/v2\/posts"}],"about":[{"href":"https:\/\/www.gaveanews.com\/index.php\/wp-json\/wp\/v2\/types\/post"}],"author":[{"embeddable":true,"href":"https:\/\/www.gaveanews.com\/index.php\/wp-json\/wp\/v2\/users\/1"}],"replies":[{"embeddable":true,"href":"https:\/\/www.gaveanews.com\/index.php\/wp-json\/wp\/v2\/comments?post=79327"}],"version-history":[{"count":0,"href":"https:\/\/www.gaveanews.com\/index.php\/wp-json\/wp\/v2\/posts\/79327\/revisions"}],"wp:featuredmedia":[{"embeddable":true,"href":"https:\/\/www.gaveanews.com\/index.php\/wp-json\/wp\/v2\/media\/64856"}],"wp:attachment":[{"href":"https:\/\/www.gaveanews.com\/index.php\/wp-json\/wp\/v2\/media?parent=79327"}],"wp:term":[{"taxonomy":"category","embeddable":true,"href":"https:\/\/www.gaveanews.com\/index.php\/wp-json\/wp\/v2\/categories?post=79327"},{"taxonomy":"post_tag","embeddable":true,"href":"https:\/\/www.gaveanews.com\/index.php\/wp-json\/wp\/v2\/tags?post=79327"}],"curies":[{"name":"wp","href":"https:\/\/api.w.org\/{rel}","templated":true}]}}