{"id":79333,"date":"2022-04-02T09:46:09","date_gmt":"2022-04-02T12:46:09","guid":{"rendered":"https:\/\/www.gaveanews.com\/?p=79333"},"modified":"2022-04-02T09:46:09","modified_gmt":"2022-04-02T12:46:09","slug":"goleiro-santos-manda-recado-para-a-torcida-do-flamengo","status":"publish","type":"post","link":"https:\/\/www.gaveanews.com\/index.php\/2022\/04\/02\/goleiro-santos-manda-recado-para-a-torcida-do-flamengo\/","title":{"rendered":"Goleiro Santos manda recado para a torcida do Flamengo"},"content":{"rendered":"<p>Depois de ter seu voo cancelado na noite da \u00faltima sexta-feira devido ao mau tempo no Rio de Janeiro, o goleiro Santos desembarcou na cidade na manh\u00e3 deste s\u00e1bado para se apresentar ao Flamengo. O quinto refor\u00e7o do clube para a temporada foi recebido por torcedores e imprensa e falou sobre a sensa\u00e7\u00e3o de reencontrar a torcida rubro-negra, agora do lado do Fla.<\/p>\n<p><em><strong>\u2014 Com certeza vai ser uma emo\u00e7\u00e3o grande, j\u00e1 enfrentei o Flamengo aqui algumas vezes, e agora estou do lado Flamengo. Espero fazer o meu melhor, aquilo que sei fazer, para contribuir e comemorar com essa torcida que \u00e9 impressionante<\/strong><\/em> &#8211; disse Santos ao jornalista Wesley Ramon, do site Urubu Interativo.<\/p>\n<p>O goleiro passar\u00e1 por exames m\u00e9dicos e assinar\u00e1 contrato v\u00e1lido por quatro temporadas. Com sete jogos disputados neste ano &#8211; entrou em campo no \u00faltimo domingo pelo Athletico-PR para a disputa da semifinal estadual -, Santos est\u00e1 com ritmo de jogo e deve ser utilizado por Paulo Sousa assim que estiver regularizado.<\/p>\n<h2>Vontade de Santos pesa<\/h2>\n<p>A vontade de Santos, de 32 anos, foi fundamental para a conclus\u00e3o da transfer\u00eancia. O Athletico aguarda os pap\u00e9is, mas o acerto j\u00e1 foi definido ap\u00f3s nova rodada de conversas. O paraibano de Campina Grande viaja ainda nesta sexta para o Rio e assinar\u00e1 contrato v\u00e1lido por quatro temporadas.<\/p>\n<p>Na noite de quinta-feira, as diretorias rubro-negras costuravam os \u00faltimos detalhes. Ainda nesta semana, o Flamengo voltou a acenar com 2,5 milh\u00f5es de euros, o Athletico n\u00e3o aceitou inicialmente, mas um valor bem pr\u00f3ximo de 3 milh\u00f5es de euros (R$ 15,5 milh\u00f5es) foi suficiente para o ok.<\/p>\n<p>Santos s\u00f3 n\u00e3o saiu pela multa rescis\u00f3ria estipulada pelo Athletico em 3,5 milh\u00f5es de euros em raz\u00e3o do esfor\u00e7o que fez. Desde os primeiros contatos do Flamengo, sempre deixou claro o desejo de defender o clube carioca.<\/p>\n<p>Com o acerto nesta sexta, o Flamengo tem tempo h\u00e1bil para inscrev\u00ea-lo na fase de grupos da Copa Libertadores da Am\u00e9rica. O prazo se encerra \u00e0s 18h de s\u00e1bado (de Bras\u00edlia). A equipe carioca estreia na competi\u00e7\u00e3o na pr\u00f3xima ter\u00e7a-feira, contra o Sporting Cristal, em Lima.<\/p>\n<p>Retirado de: Globo Esporte<\/p>\n<p>&nbsp;<\/p>\n","protected":false},"excerpt":{"rendered":"<p>Depois de ter seu voo cancelado na noite da \u00faltima sexta-feira devido ao mau tempo no Rio de Janeiro, o goleiro Santos desembarcou na cidade na manh\u00e3 deste s\u00e1bado para se apresentar ao Flamengo. O quinto refor\u00e7o do clube para a temporada foi recebido por torcedores e imprensa e falou sobre a sensa\u00e7\u00e3o de reencontrar [&hellip;]<\/p>\n","protected":false},"author":1,"featured_media":77190,"comment_status":"open","ping_status":"closed","sticky":false,"template":"","format":"standard","meta":{"footnotes":""},"categories":[48],"tags":[],"class_list":["post-79333","post","type-post","status-publish","format-standard","has-post-thumbnail","hentry","category-negociacoes"],"yoast_head":"<!-- This site is optimized with the Yoast SEO Premium plugin v24.2 (Yoast SEO v26.9) - https:\/\/yoast.com\/product\/yoast-seo-premium-wordpress\/ -->\n<title>Goleiro Santos manda recado para a torcida do Flamengo<\/title>\n<meta name=\"robots\" content=\"index, follow, max-snippet:-1, max-image-preview:large, max-video-preview:-1\" \/>\n<link rel=\"canonical\" href=\"https:\/\/www.gaveanews.com\/index.php\/2022\/04\/02\/goleiro-santos-manda-recado-para-a-torcida-do-flamengo\/\" \/>\n<meta property=\"og:locale\" content=\"pt_BR\" \/>\n<meta property=\"og:type\" content=\"article\" \/>\n<meta property=\"og:title\" content=\"Goleiro Santos manda recado para a torcida do Flamengo\" \/>\n<meta property=\"og:description\" content=\"Depois de ter seu voo cancelado na noite da \u00faltima sexta-feira devido ao mau tempo no Rio de Janeiro, o goleiro Santos desembarcou na cidade na manh\u00e3 deste s\u00e1bado para se apresentar ao Flamengo. O quinto refor\u00e7o do clube para a temporada foi recebido por torcedores e imprensa e falou sobre a sensa\u00e7\u00e3o de reencontrar [&hellip;]\" \/>\n<meta property=\"og:url\" content=\"https:\/\/www.gaveanews.com\/index.php\/2022\/04\/02\/goleiro-santos-manda-recado-para-a-torcida-do-flamengo\/\" \/>\n<meta property=\"og:site_name\" content=\"G\u00e1vea News\" \/>\n<meta property=\"article:publisher\" content=\"https:\/\/facebook.com\/gaveaNews\/\" \/>\n<meta property=\"article:published_time\" content=\"2022-04-02T12:46:09+00:00\" \/>\n<meta property=\"og:image\" content=\"https:\/\/www.gaveanews.com\/wp-content\/uploads\/Goleiro-Santos-em-treinamento-do-Athletico-PR.webp\" \/>\n\t<meta property=\"og:image:width\" content=\"640\" \/>\n\t<meta property=\"og:image:height\" content=\"427\" \/>\n\t<meta property=\"og:image:type\" content=\"image\/jpeg\" \/>\n<meta name=\"author\" content=\"Equipe G\u00e1vea News\" \/>\n<meta name=\"twitter:card\" content=\"summary_large_image\" \/>\n<meta name=\"twitter:label1\" content=\"Escrito por\" \/>\n\t<meta name=\"twitter:data1\" content=\"Equipe G\u00e1vea News\" \/>\n\t<meta name=\"twitter:label2\" content=\"Est. tempo de leitura\" \/>\n\t<meta name=\"twitter:data2\" content=\"2 minutos\" \/>\n<script type=\"application\/ld+json\" class=\"yoast-schema-graph\">{\"@context\":\"https:\/\/schema.org\",\"@graph\":[{\"@type\":\"NewsArticle\",\"@id\":\"https:\/\/www.gaveanews.com\/index.php\/2022\/04\/02\/goleiro-santos-manda-recado-para-a-torcida-do-flamengo\/#article\",\"isPartOf\":{\"@id\":\"https:\/\/www.gaveanews.com\/index.php\/2022\/04\/02\/goleiro-santos-manda-recado-para-a-torcida-do-flamengo\/\"},\"author\":{\"name\":\"Equipe G\u00e1vea News\",\"@id\":\"https:\/\/www.gaveanews.com\/#\/schema\/person\/2ec14f73fb96be2caf28f91afb14749d\"},\"headline\":\"Goleiro Santos manda recado para a torcida do Flamengo\",\"datePublished\":\"2022-04-02T12:46:09+00:00\",\"mainEntityOfPage\":{\"@id\":\"https:\/\/www.gaveanews.com\/index.php\/2022\/04\/02\/goleiro-santos-manda-recado-para-a-torcida-do-flamengo\/\"},\"wordCount\":385,\"commentCount\":0,\"image\":{\"@id\":\"https:\/\/www.gaveanews.com\/index.php\/2022\/04\/02\/goleiro-santos-manda-recado-para-a-torcida-do-flamengo\/#primaryimage\"},\"thumbnailUrl\":\"https:\/\/www.gaveanews.com\/wp-content\/uploads\/Goleiro-Santos-em-treinamento-do-Athletico-PR.webp\",\"articleSection\":[\"Negocia\u00e7\u00f5es\"],\"inLanguage\":\"pt-BR\",\"potentialAction\":[{\"@type\":\"CommentAction\",\"name\":\"Comment\",\"target\":[\"https:\/\/www.gaveanews.com\/index.php\/2022\/04\/02\/goleiro-santos-manda-recado-para-a-torcida-do-flamengo\/#respond\"]}],\"copyrightYear\":\"2022\",\"copyrightHolder\":{\"@id\":\"https:\/\/www.gaveanews.com\/#organization\"}},{\"@type\":\"WebPage\",\"@id\":\"https:\/\/www.gaveanews.com\/index.php\/2022\/04\/02\/goleiro-santos-manda-recado-para-a-torcida-do-flamengo\/\",\"url\":\"https:\/\/www.gaveanews.com\/index.php\/2022\/04\/02\/goleiro-santos-manda-recado-para-a-torcida-do-flamengo\/\",\"name\":\"Goleiro Santos manda recado para a torcida do Flamengo\",\"isPartOf\":{\"@id\":\"https:\/\/www.gaveanews.com\/#website\"},\"primaryImageOfPage\":{\"@id\":\"https:\/\/www.gaveanews.com\/index.php\/2022\/04\/02\/goleiro-santos-manda-recado-para-a-torcida-do-flamengo\/#primaryimage\"},\"image\":{\"@id\":\"https:\/\/www.gaveanews.com\/index.php\/2022\/04\/02\/goleiro-santos-manda-recado-para-a-torcida-do-flamengo\/#primaryimage\"},\"thumbnailUrl\":\"https:\/\/www.gaveanews.com\/wp-content\/uploads\/Goleiro-Santos-em-treinamento-do-Athletico-PR.webp\",\"datePublished\":\"2022-04-02T12:46:09+00:00\",\"author\":{\"@id\":\"https:\/\/www.gaveanews.com\/#\/schema\/person\/2ec14f73fb96be2caf28f91afb14749d\"},\"breadcrumb\":{\"@id\":\"https:\/\/www.gaveanews.com\/index.php\/2022\/04\/02\/goleiro-santos-manda-recado-para-a-torcida-do-flamengo\/#breadcrumb\"},\"inLanguage\":\"pt-BR\",\"potentialAction\":[{\"@type\":\"ReadAction\",\"target\":[\"https:\/\/www.gaveanews.com\/index.php\/2022\/04\/02\/goleiro-santos-manda-recado-para-a-torcida-do-flamengo\/\"]}]},{\"@type\":\"ImageObject\",\"inLanguage\":\"pt-BR\",\"@id\":\"https:\/\/www.gaveanews.com\/index.php\/2022\/04\/02\/goleiro-santos-manda-recado-para-a-torcida-do-flamengo\/#primaryimage\",\"url\":\"https:\/\/www.gaveanews.com\/wp-content\/uploads\/Goleiro-Santos-em-treinamento-do-Athletico-PR.webp\",\"contentUrl\":\"https:\/\/www.gaveanews.com\/wp-content\/uploads\/Goleiro-Santos-em-treinamento-do-Athletico-PR.webp\",\"width\":640,\"height\":427,\"caption\":\"Goleiro Santos em treinamento do Athletico-PR (Foto: Albari Rosa\/Gazeta do Povo)\"},{\"@type\":\"BreadcrumbList\",\"@id\":\"https:\/\/www.gaveanews.com\/index.php\/2022\/04\/02\/goleiro-santos-manda-recado-para-a-torcida-do-flamengo\/#breadcrumb\",\"itemListElement\":[{\"@type\":\"ListItem\",\"position\":1,\"name\":\"Home\",\"item\":\"https:\/\/www.gaveanews.com\/\"},{\"@type\":\"ListItem\",\"position\":2,\"name\":\"Goleiro Santos manda recado para a torcida do Flamengo\"}]},{\"@type\":\"WebSite\",\"@id\":\"https:\/\/www.gaveanews.com\/#website\",\"url\":\"https:\/\/www.gaveanews.com\/\",\"name\":\"G\u00e1vea News\",\"description\":\"Veja todas as not\u00edcias sobre o Flamengo: Contrata\u00e7\u00f5es, categorias de base, resultados das partidas, tabela de classifica\u00e7\u00e3o, pr\u00f3ximos jogos!\",\"potentialAction\":[{\"@type\":\"SearchAction\",\"target\":{\"@type\":\"EntryPoint\",\"urlTemplate\":\"https:\/\/www.gaveanews.com\/?s={search_term_string}\"},\"query-input\":{\"@type\":\"PropertyValueSpecification\",\"valueRequired\":true,\"valueName\":\"search_term_string\"}}],\"inLanguage\":\"pt-BR\"},{\"@type\":\"Person\",\"@id\":\"https:\/\/www.gaveanews.com\/#\/schema\/person\/2ec14f73fb96be2caf28f91afb14749d\",\"name\":\"Equipe G\u00e1vea News\",\"image\":{\"@type\":\"ImageObject\",\"inLanguage\":\"pt-BR\",\"@id\":\"https:\/\/www.gaveanews.com\/#\/schema\/person\/image\/\",\"url\":\"https:\/\/secure.gravatar.com\/avatar\/1e1956f1facbffd3f8fa53a326721950116b3b9dc9bd44939c01180fd4a745a9?s=96&d=mm&r=g\",\"contentUrl\":\"https:\/\/secure.gravatar.com\/avatar\/1e1956f1facbffd3f8fa53a326721950116b3b9dc9bd44939c01180fd4a745a9?s=96&d=mm&r=g\",\"caption\":\"Equipe G\u00e1vea News\"}}]}<\/script>\n<!-- \/ Yoast SEO Premium plugin. -->","yoast_head_json":{"title":"Goleiro Santos manda recado para a torcida do Flamengo","robots":{"index":"index","follow":"follow","max-snippet":"max-snippet:-1","max-image-preview":"max-image-preview:large","max-video-preview":"max-video-preview:-1"},"canonical":"https:\/\/www.gaveanews.com\/index.php\/2022\/04\/02\/goleiro-santos-manda-recado-para-a-torcida-do-flamengo\/","og_locale":"pt_BR","og_type":"article","og_title":"Goleiro Santos manda recado para a torcida do Flamengo","og_description":"Depois de ter seu voo cancelado na noite da \u00faltima sexta-feira devido ao mau tempo no Rio de Janeiro, o goleiro Santos desembarcou na cidade na manh\u00e3 deste s\u00e1bado para se apresentar ao Flamengo. O quinto refor\u00e7o do clube para a temporada foi recebido por torcedores e imprensa e falou sobre a sensa\u00e7\u00e3o de reencontrar [&hellip;]","og_url":"https:\/\/www.gaveanews.com\/index.php\/2022\/04\/02\/goleiro-santos-manda-recado-para-a-torcida-do-flamengo\/","og_site_name":"G\u00e1vea News","article_publisher":"https:\/\/facebook.com\/gaveaNews\/","article_published_time":"2022-04-02T12:46:09+00:00","og_image":[{"width":640,"height":427,"url":"https:\/\/www.gaveanews.com\/wp-content\/uploads\/Goleiro-Santos-em-treinamento-do-Athletico-PR.webp","type":"image\/jpeg"}],"author":"Equipe G\u00e1vea News","twitter_card":"summary_large_image","twitter_misc":{"Escrito por":"Equipe G\u00e1vea News","Est. tempo de leitura":"2 minutos"},"schema":{"@context":"https:\/\/schema.org","@graph":[{"@type":"NewsArticle","@id":"https:\/\/www.gaveanews.com\/index.php\/2022\/04\/02\/goleiro-santos-manda-recado-para-a-torcida-do-flamengo\/#article","isPartOf":{"@id":"https:\/\/www.gaveanews.com\/index.php\/2022\/04\/02\/goleiro-santos-manda-recado-para-a-torcida-do-flamengo\/"},"author":{"name":"Equipe G\u00e1vea News","@id":"https:\/\/www.gaveanews.com\/#\/schema\/person\/2ec14f73fb96be2caf28f91afb14749d"},"headline":"Goleiro Santos manda recado para a torcida do Flamengo","datePublished":"2022-04-02T12:46:09+00:00","mainEntityOfPage":{"@id":"https:\/\/www.gaveanews.com\/index.php\/2022\/04\/02\/goleiro-santos-manda-recado-para-a-torcida-do-flamengo\/"},"wordCount":385,"commentCount":0,"image":{"@id":"https:\/\/www.gaveanews.com\/index.php\/2022\/04\/02\/goleiro-santos-manda-recado-para-a-torcida-do-flamengo\/#primaryimage"},"thumbnailUrl":"https:\/\/www.gaveanews.com\/wp-content\/uploads\/Goleiro-Santos-em-treinamento-do-Athletico-PR.webp","articleSection":["Negocia\u00e7\u00f5es"],"inLanguage":"pt-BR","potentialAction":[{"@type":"CommentAction","name":"Comment","target":["https:\/\/www.gaveanews.com\/index.php\/2022\/04\/02\/goleiro-santos-manda-recado-para-a-torcida-do-flamengo\/#respond"]}],"copyrightYear":"2022","copyrightHolder":{"@id":"https:\/\/www.gaveanews.com\/#organization"}},{"@type":"WebPage","@id":"https:\/\/www.gaveanews.com\/index.php\/2022\/04\/02\/goleiro-santos-manda-recado-para-a-torcida-do-flamengo\/","url":"https:\/\/www.gaveanews.com\/index.php\/2022\/04\/02\/goleiro-santos-manda-recado-para-a-torcida-do-flamengo\/","name":"Goleiro Santos manda recado para a torcida do Flamengo","isPartOf":{"@id":"https:\/\/www.gaveanews.com\/#website"},"primaryImageOfPage":{"@id":"https:\/\/www.gaveanews.com\/index.php\/2022\/04\/02\/goleiro-santos-manda-recado-para-a-torcida-do-flamengo\/#primaryimage"},"image":{"@id":"https:\/\/www.gaveanews.com\/index.php\/2022\/04\/02\/goleiro-santos-manda-recado-para-a-torcida-do-flamengo\/#primaryimage"},"thumbnailUrl":"https:\/\/www.gaveanews.com\/wp-content\/uploads\/Goleiro-Santos-em-treinamento-do-Athletico-PR.webp","datePublished":"2022-04-02T12:46:09+00:00","author":{"@id":"https:\/\/www.gaveanews.com\/#\/schema\/person\/2ec14f73fb96be2caf28f91afb14749d"},"breadcrumb":{"@id":"https:\/\/www.gaveanews.com\/index.php\/2022\/04\/02\/goleiro-santos-manda-recado-para-a-torcida-do-flamengo\/#breadcrumb"},"inLanguage":"pt-BR","potentialAction":[{"@type":"ReadAction","target":["https:\/\/www.gaveanews.com\/index.php\/2022\/04\/02\/goleiro-santos-manda-recado-para-a-torcida-do-flamengo\/"]}]},{"@type":"ImageObject","inLanguage":"pt-BR","@id":"https:\/\/www.gaveanews.com\/index.php\/2022\/04\/02\/goleiro-santos-manda-recado-para-a-torcida-do-flamengo\/#primaryimage","url":"https:\/\/www.gaveanews.com\/wp-content\/uploads\/Goleiro-Santos-em-treinamento-do-Athletico-PR.webp","contentUrl":"https:\/\/www.gaveanews.com\/wp-content\/uploads\/Goleiro-Santos-em-treinamento-do-Athletico-PR.webp","width":640,"height":427,"caption":"Goleiro Santos em treinamento do Athletico-PR (Foto: Albari Rosa\/Gazeta do Povo)"},{"@type":"BreadcrumbList","@id":"https:\/\/www.gaveanews.com\/index.php\/2022\/04\/02\/goleiro-santos-manda-recado-para-a-torcida-do-flamengo\/#breadcrumb","itemListElement":[{"@type":"ListItem","position":1,"name":"Home","item":"https:\/\/www.gaveanews.com\/"},{"@type":"ListItem","position":2,"name":"Goleiro Santos manda recado para a torcida do Flamengo"}]},{"@type":"WebSite","@id":"https:\/\/www.gaveanews.com\/#website","url":"https:\/\/www.gaveanews.com\/","name":"G\u00e1vea News","description":"Veja todas as not\u00edcias sobre o Flamengo: Contrata\u00e7\u00f5es, categorias de base, resultados das partidas, tabela de classifica\u00e7\u00e3o, pr\u00f3ximos jogos!","potentialAction":[{"@type":"SearchAction","target":{"@type":"EntryPoint","urlTemplate":"https:\/\/www.gaveanews.com\/?s={search_term_string}"},"query-input":{"@type":"PropertyValueSpecification","valueRequired":true,"valueName":"search_term_string"}}],"inLanguage":"pt-BR"},{"@type":"Person","@id":"https:\/\/www.gaveanews.com\/#\/schema\/person\/2ec14f73fb96be2caf28f91afb14749d","name":"Equipe G\u00e1vea News","image":{"@type":"ImageObject","inLanguage":"pt-BR","@id":"https:\/\/www.gaveanews.com\/#\/schema\/person\/image\/","url":"https:\/\/secure.gravatar.com\/avatar\/1e1956f1facbffd3f8fa53a326721950116b3b9dc9bd44939c01180fd4a745a9?s=96&d=mm&r=g","contentUrl":"https:\/\/secure.gravatar.com\/avatar\/1e1956f1facbffd3f8fa53a326721950116b3b9dc9bd44939c01180fd4a745a9?s=96&d=mm&r=g","caption":"Equipe G\u00e1vea News"}}]}},"_links":{"self":[{"href":"https:\/\/www.gaveanews.com\/index.php\/wp-json\/wp\/v2\/posts\/79333","targetHints":{"allow":["GET"]}}],"collection":[{"href":"https:\/\/www.gaveanews.com\/index.php\/wp-json\/wp\/v2\/posts"}],"about":[{"href":"https:\/\/www.gaveanews.com\/index.php\/wp-json\/wp\/v2\/types\/post"}],"author":[{"embeddable":true,"href":"https:\/\/www.gaveanews.com\/index.php\/wp-json\/wp\/v2\/users\/1"}],"replies":[{"embeddable":true,"href":"https:\/\/www.gaveanews.com\/index.php\/wp-json\/wp\/v2\/comments?post=79333"}],"version-history":[{"count":0,"href":"https:\/\/www.gaveanews.com\/index.php\/wp-json\/wp\/v2\/posts\/79333\/revisions"}],"wp:featuredmedia":[{"embeddable":true,"href":"https:\/\/www.gaveanews.com\/index.php\/wp-json\/wp\/v2\/media\/77190"}],"wp:attachment":[{"href":"https:\/\/www.gaveanews.com\/index.php\/wp-json\/wp\/v2\/media?parent=79333"}],"wp:term":[{"taxonomy":"category","embeddable":true,"href":"https:\/\/www.gaveanews.com\/index.php\/wp-json\/wp\/v2\/categories?post=79333"},{"taxonomy":"post_tag","embeddable":true,"href":"https:\/\/www.gaveanews.com\/index.php\/wp-json\/wp\/v2\/tags?post=79333"}],"curies":[{"name":"wp","href":"https:\/\/api.w.org\/{rel}","templated":true}]}}