{"id":79335,"date":"2022-04-02T13:53:51","date_gmt":"2022-04-02T16:53:51","guid":{"rendered":"https:\/\/www.gaveanews.com\/?p=79335"},"modified":"2022-04-02T13:53:51","modified_gmt":"2022-04-02T16:53:51","slug":"veja-a-provavel-escalacao-do-flamengo-para-o-jogo-contra-o-fluminense-5","status":"publish","type":"post","link":"https:\/\/www.gaveanews.com\/index.php\/2022\/04\/02\/veja-a-provavel-escalacao-do-flamengo-para-o-jogo-contra-o-fluminense-5\/","title":{"rendered":"Veja a prov\u00e1vel escala\u00e7\u00e3o do Flamengo para o jogo contra o Fluminense"},"content":{"rendered":"<p>\u00c9 hora de decis\u00e3o no Campeonato Carioca! Neste s\u00e1bado (2), Fluminense x Flamengo se enfrentam no Maracan\u00e3, em jogo de volta da final da competi\u00e7\u00e3o. A partida est\u00e1 prevista para \u00e0s 18hs.<\/p>\n<p>E o time comandado por Paulo Sousa, deve ter baixas e retornos para o duelo. Arrascaeta e Bruno Henrique, que come\u00e7aram a \u00faltima partida no banco de reservas no jogo de ida, devem sair jogando dessa vez. Vitinho e Marinho devem ser os escolhidos a deixar o time.<\/p>\n<p>Por outro lado, Vitinho n\u00e3o foi nem relacionado, pois saiu machucado na \u00faltima quarta. Outro poss\u00edvel problema \u00e9 o zagueiro Fabr\u00edcio Bruno, ele foi relacionado, por\u00e9m, n\u00e3o est\u00e1 confirmado no time titular.<\/p>\n<p><em><strong>\u2014 N\u00f3s vamos reverter a situa\u00e7\u00e3o, n\u00e3o tenho d\u00favida, sobretudo no n\u00edvel do jogo que apresentamos. Primeiro, precisa fazer tr\u00eas gols, temos capacidade para fazer. Temos capacidade t\u00e1tica para superar nosso advers\u00e1rio, mesmo um advers\u00e1rio que tem vantagem de dois gols. Vai continuar fechado e procurando decis\u00f5es erradas do Flamengo a n\u00edvel individual. Mas temos confian\u00e7as nos processos, no elenco e nos nossos jogadores para podermos superar esse caminho dif\u00edcil e sermos tetra<\/strong><\/em>, disse o t\u00e9cnico Paulo Sousa, em entrevista ap\u00f3s a \u00faltima partida.<\/p>\n<h2>Prov\u00e1vel escala\u00e7\u00e3o do Flamengo<\/h2>\n<p>Hugo Souza; Fabr\u00edcio Bruno (Gustavo Henrique), David Luiz e Filipe Lu\u00eds; Matheuzinho (Rodinei), Jo\u00e3o Gomes, Willian Ar\u00e3o, Everton Ribeiro e Arrascaeta; Bruno Henrique e Gabigol<\/p>\n<p>Retirado de: Torcedores<\/p>\n","protected":false},"excerpt":{"rendered":"<p>\u00c9 hora de decis\u00e3o no Campeonato Carioca! Neste s\u00e1bado (2), Fluminense x Flamengo se enfrentam no Maracan\u00e3, em jogo de volta da final da competi\u00e7\u00e3o. A partida est\u00e1 prevista para \u00e0s 18hs. E o time comandado por Paulo Sousa, deve ter baixas e retornos para o duelo. Arrascaeta e Bruno Henrique, que come\u00e7aram a \u00faltima [&hellip;]<\/p>\n","protected":false},"author":1,"featured_media":79198,"comment_status":"open","ping_status":"closed","sticky":false,"template":"","format":"standard","meta":{"footnotes":""},"categories":[1],"tags":[],"class_list":["post-79335","post","type-post","status-publish","format-standard","has-post-thumbnail","hentry","category-flamengo"],"yoast_head":"<!-- This site is optimized with the Yoast SEO Premium plugin v24.2 (Yoast SEO v26.9) - https:\/\/yoast.com\/product\/yoast-seo-premium-wordpress\/ -->\n<title>Veja a prov\u00e1vel escala\u00e7\u00e3o do Flamengo para o jogo contra o Fluminense<\/title>\n<meta name=\"robots\" content=\"index, follow, max-snippet:-1, max-image-preview:large, max-video-preview:-1\" \/>\n<link rel=\"canonical\" href=\"https:\/\/www.gaveanews.com\/index.php\/2022\/04\/02\/veja-a-provavel-escalacao-do-flamengo-para-o-jogo-contra-o-fluminense-5\/\" \/>\n<meta property=\"og:locale\" content=\"pt_BR\" \/>\n<meta property=\"og:type\" content=\"article\" \/>\n<meta property=\"og:title\" content=\"Veja a prov\u00e1vel escala\u00e7\u00e3o do Flamengo para o jogo contra o Fluminense\" \/>\n<meta property=\"og:description\" content=\"\u00c9 hora de decis\u00e3o no Campeonato Carioca! Neste s\u00e1bado (2), Fluminense x Flamengo se enfrentam no Maracan\u00e3, em jogo de volta da final da competi\u00e7\u00e3o. A partida est\u00e1 prevista para \u00e0s 18hs. E o time comandado por Paulo Sousa, deve ter baixas e retornos para o duelo. Arrascaeta e Bruno Henrique, que come\u00e7aram a \u00faltima [&hellip;]\" \/>\n<meta property=\"og:url\" content=\"https:\/\/www.gaveanews.com\/index.php\/2022\/04\/02\/veja-a-provavel-escalacao-do-flamengo-para-o-jogo-contra-o-fluminense-5\/\" \/>\n<meta property=\"og:site_name\" content=\"G\u00e1vea News\" \/>\n<meta property=\"article:publisher\" content=\"https:\/\/facebook.com\/gaveaNews\/\" \/>\n<meta property=\"article:published_time\" content=\"2022-04-02T16:53:51+00:00\" \/>\n<meta property=\"og:image\" content=\"https:\/\/www.gaveanews.com\/wp-content\/uploads\/Jogadores-do-Flamengo-se-reunem-antes-de-classico-contra-o-Fluminense.webp\" \/>\n\t<meta property=\"og:image:width\" content=\"799\" \/>\n\t<meta property=\"og:image:height\" content=\"533\" \/>\n\t<meta property=\"og:image:type\" content=\"image\/jpeg\" \/>\n<meta name=\"author\" content=\"Equipe G\u00e1vea News\" \/>\n<meta name=\"twitter:card\" content=\"summary_large_image\" \/>\n<meta name=\"twitter:label1\" content=\"Escrito por\" \/>\n\t<meta name=\"twitter:data1\" content=\"Equipe G\u00e1vea News\" \/>\n\t<meta name=\"twitter:label2\" content=\"Est. tempo de leitura\" \/>\n\t<meta name=\"twitter:data2\" content=\"2 minutos\" \/>\n<script type=\"application\/ld+json\" class=\"yoast-schema-graph\">{\"@context\":\"https:\/\/schema.org\",\"@graph\":[{\"@type\":\"NewsArticle\",\"@id\":\"https:\/\/www.gaveanews.com\/index.php\/2022\/04\/02\/veja-a-provavel-escalacao-do-flamengo-para-o-jogo-contra-o-fluminense-5\/#article\",\"isPartOf\":{\"@id\":\"https:\/\/www.gaveanews.com\/index.php\/2022\/04\/02\/veja-a-provavel-escalacao-do-flamengo-para-o-jogo-contra-o-fluminense-5\/\"},\"author\":{\"name\":\"Equipe G\u00e1vea News\",\"@id\":\"https:\/\/www.gaveanews.com\/#\/schema\/person\/2ec14f73fb96be2caf28f91afb14749d\"},\"headline\":\"Veja a prov\u00e1vel escala\u00e7\u00e3o do Flamengo para o jogo contra o Fluminense\",\"datePublished\":\"2022-04-02T16:53:51+00:00\",\"mainEntityOfPage\":{\"@id\":\"https:\/\/www.gaveanews.com\/index.php\/2022\/04\/02\/veja-a-provavel-escalacao-do-flamengo-para-o-jogo-contra-o-fluminense-5\/\"},\"wordCount\":268,\"commentCount\":0,\"image\":{\"@id\":\"https:\/\/www.gaveanews.com\/index.php\/2022\/04\/02\/veja-a-provavel-escalacao-do-flamengo-para-o-jogo-contra-o-fluminense-5\/#primaryimage\"},\"thumbnailUrl\":\"https:\/\/www.gaveanews.com\/wp-content\/uploads\/Jogadores-do-Flamengo-se-reunem-antes-de-classico-contra-o-Fluminense.webp\",\"articleSection\":[\"Flamengo\"],\"inLanguage\":\"pt-BR\",\"potentialAction\":[{\"@type\":\"CommentAction\",\"name\":\"Comment\",\"target\":[\"https:\/\/www.gaveanews.com\/index.php\/2022\/04\/02\/veja-a-provavel-escalacao-do-flamengo-para-o-jogo-contra-o-fluminense-5\/#respond\"]}],\"copyrightYear\":\"2022\",\"copyrightHolder\":{\"@id\":\"https:\/\/www.gaveanews.com\/#organization\"}},{\"@type\":\"WebPage\",\"@id\":\"https:\/\/www.gaveanews.com\/index.php\/2022\/04\/02\/veja-a-provavel-escalacao-do-flamengo-para-o-jogo-contra-o-fluminense-5\/\",\"url\":\"https:\/\/www.gaveanews.com\/index.php\/2022\/04\/02\/veja-a-provavel-escalacao-do-flamengo-para-o-jogo-contra-o-fluminense-5\/\",\"name\":\"Veja a prov\u00e1vel escala\u00e7\u00e3o do Flamengo para o jogo contra o Fluminense\",\"isPartOf\":{\"@id\":\"https:\/\/www.gaveanews.com\/#website\"},\"primaryImageOfPage\":{\"@id\":\"https:\/\/www.gaveanews.com\/index.php\/2022\/04\/02\/veja-a-provavel-escalacao-do-flamengo-para-o-jogo-contra-o-fluminense-5\/#primaryimage\"},\"image\":{\"@id\":\"https:\/\/www.gaveanews.com\/index.php\/2022\/04\/02\/veja-a-provavel-escalacao-do-flamengo-para-o-jogo-contra-o-fluminense-5\/#primaryimage\"},\"thumbnailUrl\":\"https:\/\/www.gaveanews.com\/wp-content\/uploads\/Jogadores-do-Flamengo-se-reunem-antes-de-classico-contra-o-Fluminense.webp\",\"datePublished\":\"2022-04-02T16:53:51+00:00\",\"author\":{\"@id\":\"https:\/\/www.gaveanews.com\/#\/schema\/person\/2ec14f73fb96be2caf28f91afb14749d\"},\"breadcrumb\":{\"@id\":\"https:\/\/www.gaveanews.com\/index.php\/2022\/04\/02\/veja-a-provavel-escalacao-do-flamengo-para-o-jogo-contra-o-fluminense-5\/#breadcrumb\"},\"inLanguage\":\"pt-BR\",\"potentialAction\":[{\"@type\":\"ReadAction\",\"target\":[\"https:\/\/www.gaveanews.com\/index.php\/2022\/04\/02\/veja-a-provavel-escalacao-do-flamengo-para-o-jogo-contra-o-fluminense-5\/\"]}]},{\"@type\":\"ImageObject\",\"inLanguage\":\"pt-BR\",\"@id\":\"https:\/\/www.gaveanews.com\/index.php\/2022\/04\/02\/veja-a-provavel-escalacao-do-flamengo-para-o-jogo-contra-o-fluminense-5\/#primaryimage\",\"url\":\"https:\/\/www.gaveanews.com\/wp-content\/uploads\/Jogadores-do-Flamengo-se-reunem-antes-de-classico-contra-o-Fluminense.webp\",\"contentUrl\":\"https:\/\/www.gaveanews.com\/wp-content\/uploads\/Jogadores-do-Flamengo-se-reunem-antes-de-classico-contra-o-Fluminense.webp\",\"width\":799,\"height\":533},{\"@type\":\"BreadcrumbList\",\"@id\":\"https:\/\/www.gaveanews.com\/index.php\/2022\/04\/02\/veja-a-provavel-escalacao-do-flamengo-para-o-jogo-contra-o-fluminense-5\/#breadcrumb\",\"itemListElement\":[{\"@type\":\"ListItem\",\"position\":1,\"name\":\"Home\",\"item\":\"https:\/\/www.gaveanews.com\/\"},{\"@type\":\"ListItem\",\"position\":2,\"name\":\"Veja a prov\u00e1vel escala\u00e7\u00e3o do Flamengo para o jogo contra o Fluminense\"}]},{\"@type\":\"WebSite\",\"@id\":\"https:\/\/www.gaveanews.com\/#website\",\"url\":\"https:\/\/www.gaveanews.com\/\",\"name\":\"G\u00e1vea News\",\"description\":\"Veja todas as not\u00edcias sobre o Flamengo: Contrata\u00e7\u00f5es, categorias de base, resultados das partidas, tabela de classifica\u00e7\u00e3o, pr\u00f3ximos jogos!\",\"potentialAction\":[{\"@type\":\"SearchAction\",\"target\":{\"@type\":\"EntryPoint\",\"urlTemplate\":\"https:\/\/www.gaveanews.com\/?s={search_term_string}\"},\"query-input\":{\"@type\":\"PropertyValueSpecification\",\"valueRequired\":true,\"valueName\":\"search_term_string\"}}],\"inLanguage\":\"pt-BR\"},{\"@type\":\"Person\",\"@id\":\"https:\/\/www.gaveanews.com\/#\/schema\/person\/2ec14f73fb96be2caf28f91afb14749d\",\"name\":\"Equipe G\u00e1vea News\",\"image\":{\"@type\":\"ImageObject\",\"inLanguage\":\"pt-BR\",\"@id\":\"https:\/\/www.gaveanews.com\/#\/schema\/person\/image\/\",\"url\":\"https:\/\/secure.gravatar.com\/avatar\/1e1956f1facbffd3f8fa53a326721950116b3b9dc9bd44939c01180fd4a745a9?s=96&d=mm&r=g\",\"contentUrl\":\"https:\/\/secure.gravatar.com\/avatar\/1e1956f1facbffd3f8fa53a326721950116b3b9dc9bd44939c01180fd4a745a9?s=96&d=mm&r=g\",\"caption\":\"Equipe G\u00e1vea News\"}}]}<\/script>\n<!-- \/ Yoast SEO Premium plugin. -->","yoast_head_json":{"title":"Veja a prov\u00e1vel escala\u00e7\u00e3o do Flamengo para o jogo contra o Fluminense","robots":{"index":"index","follow":"follow","max-snippet":"max-snippet:-1","max-image-preview":"max-image-preview:large","max-video-preview":"max-video-preview:-1"},"canonical":"https:\/\/www.gaveanews.com\/index.php\/2022\/04\/02\/veja-a-provavel-escalacao-do-flamengo-para-o-jogo-contra-o-fluminense-5\/","og_locale":"pt_BR","og_type":"article","og_title":"Veja a prov\u00e1vel escala\u00e7\u00e3o do Flamengo para o jogo contra o Fluminense","og_description":"\u00c9 hora de decis\u00e3o no Campeonato Carioca! Neste s\u00e1bado (2), Fluminense x Flamengo se enfrentam no Maracan\u00e3, em jogo de volta da final da competi\u00e7\u00e3o. A partida est\u00e1 prevista para \u00e0s 18hs. E o time comandado por Paulo Sousa, deve ter baixas e retornos para o duelo. Arrascaeta e Bruno Henrique, que come\u00e7aram a \u00faltima [&hellip;]","og_url":"https:\/\/www.gaveanews.com\/index.php\/2022\/04\/02\/veja-a-provavel-escalacao-do-flamengo-para-o-jogo-contra-o-fluminense-5\/","og_site_name":"G\u00e1vea News","article_publisher":"https:\/\/facebook.com\/gaveaNews\/","article_published_time":"2022-04-02T16:53:51+00:00","og_image":[{"width":799,"height":533,"url":"https:\/\/www.gaveanews.com\/wp-content\/uploads\/Jogadores-do-Flamengo-se-reunem-antes-de-classico-contra-o-Fluminense.webp","type":"image\/jpeg"}],"author":"Equipe G\u00e1vea News","twitter_card":"summary_large_image","twitter_misc":{"Escrito por":"Equipe G\u00e1vea News","Est. tempo de leitura":"2 minutos"},"schema":{"@context":"https:\/\/schema.org","@graph":[{"@type":"NewsArticle","@id":"https:\/\/www.gaveanews.com\/index.php\/2022\/04\/02\/veja-a-provavel-escalacao-do-flamengo-para-o-jogo-contra-o-fluminense-5\/#article","isPartOf":{"@id":"https:\/\/www.gaveanews.com\/index.php\/2022\/04\/02\/veja-a-provavel-escalacao-do-flamengo-para-o-jogo-contra-o-fluminense-5\/"},"author":{"name":"Equipe G\u00e1vea News","@id":"https:\/\/www.gaveanews.com\/#\/schema\/person\/2ec14f73fb96be2caf28f91afb14749d"},"headline":"Veja a prov\u00e1vel escala\u00e7\u00e3o do Flamengo para o jogo contra o Fluminense","datePublished":"2022-04-02T16:53:51+00:00","mainEntityOfPage":{"@id":"https:\/\/www.gaveanews.com\/index.php\/2022\/04\/02\/veja-a-provavel-escalacao-do-flamengo-para-o-jogo-contra-o-fluminense-5\/"},"wordCount":268,"commentCount":0,"image":{"@id":"https:\/\/www.gaveanews.com\/index.php\/2022\/04\/02\/veja-a-provavel-escalacao-do-flamengo-para-o-jogo-contra-o-fluminense-5\/#primaryimage"},"thumbnailUrl":"https:\/\/www.gaveanews.com\/wp-content\/uploads\/Jogadores-do-Flamengo-se-reunem-antes-de-classico-contra-o-Fluminense.webp","articleSection":["Flamengo"],"inLanguage":"pt-BR","potentialAction":[{"@type":"CommentAction","name":"Comment","target":["https:\/\/www.gaveanews.com\/index.php\/2022\/04\/02\/veja-a-provavel-escalacao-do-flamengo-para-o-jogo-contra-o-fluminense-5\/#respond"]}],"copyrightYear":"2022","copyrightHolder":{"@id":"https:\/\/www.gaveanews.com\/#organization"}},{"@type":"WebPage","@id":"https:\/\/www.gaveanews.com\/index.php\/2022\/04\/02\/veja-a-provavel-escalacao-do-flamengo-para-o-jogo-contra-o-fluminense-5\/","url":"https:\/\/www.gaveanews.com\/index.php\/2022\/04\/02\/veja-a-provavel-escalacao-do-flamengo-para-o-jogo-contra-o-fluminense-5\/","name":"Veja a prov\u00e1vel escala\u00e7\u00e3o do Flamengo para o jogo contra o Fluminense","isPartOf":{"@id":"https:\/\/www.gaveanews.com\/#website"},"primaryImageOfPage":{"@id":"https:\/\/www.gaveanews.com\/index.php\/2022\/04\/02\/veja-a-provavel-escalacao-do-flamengo-para-o-jogo-contra-o-fluminense-5\/#primaryimage"},"image":{"@id":"https:\/\/www.gaveanews.com\/index.php\/2022\/04\/02\/veja-a-provavel-escalacao-do-flamengo-para-o-jogo-contra-o-fluminense-5\/#primaryimage"},"thumbnailUrl":"https:\/\/www.gaveanews.com\/wp-content\/uploads\/Jogadores-do-Flamengo-se-reunem-antes-de-classico-contra-o-Fluminense.webp","datePublished":"2022-04-02T16:53:51+00:00","author":{"@id":"https:\/\/www.gaveanews.com\/#\/schema\/person\/2ec14f73fb96be2caf28f91afb14749d"},"breadcrumb":{"@id":"https:\/\/www.gaveanews.com\/index.php\/2022\/04\/02\/veja-a-provavel-escalacao-do-flamengo-para-o-jogo-contra-o-fluminense-5\/#breadcrumb"},"inLanguage":"pt-BR","potentialAction":[{"@type":"ReadAction","target":["https:\/\/www.gaveanews.com\/index.php\/2022\/04\/02\/veja-a-provavel-escalacao-do-flamengo-para-o-jogo-contra-o-fluminense-5\/"]}]},{"@type":"ImageObject","inLanguage":"pt-BR","@id":"https:\/\/www.gaveanews.com\/index.php\/2022\/04\/02\/veja-a-provavel-escalacao-do-flamengo-para-o-jogo-contra-o-fluminense-5\/#primaryimage","url":"https:\/\/www.gaveanews.com\/wp-content\/uploads\/Jogadores-do-Flamengo-se-reunem-antes-de-classico-contra-o-Fluminense.webp","contentUrl":"https:\/\/www.gaveanews.com\/wp-content\/uploads\/Jogadores-do-Flamengo-se-reunem-antes-de-classico-contra-o-Fluminense.webp","width":799,"height":533},{"@type":"BreadcrumbList","@id":"https:\/\/www.gaveanews.com\/index.php\/2022\/04\/02\/veja-a-provavel-escalacao-do-flamengo-para-o-jogo-contra-o-fluminense-5\/#breadcrumb","itemListElement":[{"@type":"ListItem","position":1,"name":"Home","item":"https:\/\/www.gaveanews.com\/"},{"@type":"ListItem","position":2,"name":"Veja a prov\u00e1vel escala\u00e7\u00e3o do Flamengo para o jogo contra o Fluminense"}]},{"@type":"WebSite","@id":"https:\/\/www.gaveanews.com\/#website","url":"https:\/\/www.gaveanews.com\/","name":"G\u00e1vea News","description":"Veja todas as not\u00edcias sobre o Flamengo: Contrata\u00e7\u00f5es, categorias de base, resultados das partidas, tabela de classifica\u00e7\u00e3o, pr\u00f3ximos jogos!","potentialAction":[{"@type":"SearchAction","target":{"@type":"EntryPoint","urlTemplate":"https:\/\/www.gaveanews.com\/?s={search_term_string}"},"query-input":{"@type":"PropertyValueSpecification","valueRequired":true,"valueName":"search_term_string"}}],"inLanguage":"pt-BR"},{"@type":"Person","@id":"https:\/\/www.gaveanews.com\/#\/schema\/person\/2ec14f73fb96be2caf28f91afb14749d","name":"Equipe G\u00e1vea News","image":{"@type":"ImageObject","inLanguage":"pt-BR","@id":"https:\/\/www.gaveanews.com\/#\/schema\/person\/image\/","url":"https:\/\/secure.gravatar.com\/avatar\/1e1956f1facbffd3f8fa53a326721950116b3b9dc9bd44939c01180fd4a745a9?s=96&d=mm&r=g","contentUrl":"https:\/\/secure.gravatar.com\/avatar\/1e1956f1facbffd3f8fa53a326721950116b3b9dc9bd44939c01180fd4a745a9?s=96&d=mm&r=g","caption":"Equipe G\u00e1vea News"}}]}},"_links":{"self":[{"href":"https:\/\/www.gaveanews.com\/index.php\/wp-json\/wp\/v2\/posts\/79335","targetHints":{"allow":["GET"]}}],"collection":[{"href":"https:\/\/www.gaveanews.com\/index.php\/wp-json\/wp\/v2\/posts"}],"about":[{"href":"https:\/\/www.gaveanews.com\/index.php\/wp-json\/wp\/v2\/types\/post"}],"author":[{"embeddable":true,"href":"https:\/\/www.gaveanews.com\/index.php\/wp-json\/wp\/v2\/users\/1"}],"replies":[{"embeddable":true,"href":"https:\/\/www.gaveanews.com\/index.php\/wp-json\/wp\/v2\/comments?post=79335"}],"version-history":[{"count":0,"href":"https:\/\/www.gaveanews.com\/index.php\/wp-json\/wp\/v2\/posts\/79335\/revisions"}],"wp:featuredmedia":[{"embeddable":true,"href":"https:\/\/www.gaveanews.com\/index.php\/wp-json\/wp\/v2\/media\/79198"}],"wp:attachment":[{"href":"https:\/\/www.gaveanews.com\/index.php\/wp-json\/wp\/v2\/media?parent=79335"}],"wp:term":[{"taxonomy":"category","embeddable":true,"href":"https:\/\/www.gaveanews.com\/index.php\/wp-json\/wp\/v2\/categories?post=79335"},{"taxonomy":"post_tag","embeddable":true,"href":"https:\/\/www.gaveanews.com\/index.php\/wp-json\/wp\/v2\/tags?post=79335"}],"curies":[{"name":"wp","href":"https:\/\/api.w.org\/{rel}","templated":true}]}}