{"id":79352,"date":"2022-04-02T20:09:05","date_gmt":"2022-04-02T23:09:05","guid":{"rendered":"https:\/\/www.gaveanews.com\/?p=79352"},"modified":"2022-04-03T18:13:23","modified_gmt":"2022-04-03T21:13:23","slug":"torcida-do-flamengo-cobra-por-reformulacao","status":"publish","type":"post","link":"https:\/\/www.gaveanews.com\/index.php\/2022\/04\/02\/torcida-do-flamengo-cobra-por-reformulacao\/","title":{"rendered":"Torcida do Flamengo cobra por reformula\u00e7\u00e3o"},"content":{"rendered":"<p>Na noite deste s\u00e1bado (02 de abril), o time do Flamengo n\u00e3o conseguiu bater a equipe do Fluminense e amargurou uma segunda coloca\u00e7\u00e3o no Campeonato Carioca de 2022.<\/p>\n<p>E por conta da forma de que o t\u00edtulo n\u00e3o foi conquistado, diversos torcedores do Flamengo foram at\u00e9 as redes sociais cobrar uma reformula\u00e7\u00e3o.<\/p>\n<p><strong>Confira abaixo algumas publica\u00e7\u00f5es:\u00a0<\/strong><\/p>\n<blockquote class=\"twitter-tweet\" data-width=\"550\" data-dnt=\"true\">\n<p lang=\"pt\" dir=\"ltr\">Eu sou Flamengo ganhando ou perdendo, mas precisa de reformula\u00e7\u00e3o !!!!!!!!!!!!!  O time est\u00e1 feio<\/p>\n<p>&mdash; Bruno Ven\u00e2ncio \ud83e\udd2a (@VenncioBruno2) <a href=\"https:\/\/twitter.com\/VenncioBruno2\/status\/1510392262911528962?ref_src=twsrc%5Etfw\">April 2, 2022<\/a><\/p><\/blockquote>\n<p><script async src=\"https:\/\/platform.twitter.com\/widgets.js\" charset=\"utf-8\"><\/script><\/p>\n<blockquote class=\"twitter-tweet\" data-width=\"550\" data-dnt=\"true\">\n<p lang=\"pt\" dir=\"ltr\">Flamengo precisa de reformula\u00e7\u00e3o, jogadores qualificados tem, falta comprometimento, parecem estar boicotando\u2026<\/p>\n<p>&mdash; Bulh\u00f5es (@bulhoescrf) <a href=\"https:\/\/twitter.com\/bulhoescrf\/status\/1510390870654267403?ref_src=twsrc%5Etfw\">April 2, 2022<\/a><\/p><\/blockquote>\n<p><script async src=\"https:\/\/platform.twitter.com\/widgets.js\" charset=\"utf-8\"><\/script><\/p>\n<blockquote class=\"twitter-tweet\" data-width=\"550\" data-dnt=\"true\">\n<p lang=\"pt\" dir=\"ltr\">Reformula\u00e7\u00e3o nesse elenco do Flamengo, j\u00e1!<\/p>\n<p>&mdash; Hellen\u1d9c\u02b3\u1da0 (@qgdahellen) <a href=\"https:\/\/twitter.com\/qgdahellen\/status\/1510378953613185025?ref_src=twsrc%5Etfw\">April 2, 2022<\/a><\/p><\/blockquote>\n<p><script async src=\"https:\/\/platform.twitter.com\/widgets.js\" charset=\"utf-8\"><\/script><\/p>\n<blockquote class=\"twitter-tweet\" data-width=\"550\" data-dnt=\"true\">\n<p lang=\"pt\" dir=\"ltr\">O <a href=\"https:\/\/twitter.com\/Flamengo?ref_src=twsrc%5Etfw\">@Flamengo<\/a> precisa urgentemente de uma reformula\u00e7\u00e3o geral<\/p>\n<p>&mdash; Bruno Azevedo (@jocakifora) <a href=\"https:\/\/twitter.com\/jocakifora\/status\/1510392348995424268?ref_src=twsrc%5Etfw\">April 2, 2022<\/a><\/p><\/blockquote>\n<p><script async src=\"https:\/\/platform.twitter.com\/widgets.js\" charset=\"utf-8\"><\/script><\/p>\n<p>https:\/\/twitter.com\/guimota__\/status\/1510390621516804101<\/p>\n<p>Leia tamb\u00e9m:\u00a0<a href=\"https:\/\/www.gaveanews.com\/index.php\/2022\/04\/01\/santos-pablo-fabricio-bruno-marinho-e-ayrton-lucas-flamengo-ultrapassa-a-marca-55-milhoes-com-reforcos\/\">Santos, Pablo, Fabr\u00edcio Bruno, Marinho e Ayrton Lucas: Flamengo ultrapassa a marca 55 milh\u00f5es com refor\u00e7os<\/a><\/p>\n<p>https:\/\/twitter.com\/LucasrbSouza\/status\/1510392468541427713<\/p>\n<blockquote class=\"twitter-tweet\" data-width=\"550\" data-dnt=\"true\">\n<p lang=\"pt\" dir=\"ltr\">Espero que os dirigentes vejam esse jogo pra saber o qu\u00e3o \u00e9 limitado \u00e9 esse elenco do Flamengo.. reformula\u00e7\u00e3o \u00e9 obriga\u00e7\u00e3o, tem uns 8 jogadores no m\u00ednimo pra sair imediatamente<\/p>\n<p>&mdash; Toninho (@toniicr7) <a href=\"https:\/\/twitter.com\/toniicr7\/status\/1510392023852978177?ref_src=twsrc%5Etfw\">April 2, 2022<\/a><\/p><\/blockquote>\n<p><script async src=\"https:\/\/platform.twitter.com\/widgets.js\" charset=\"utf-8\"><\/script><\/p>\n<blockquote class=\"twitter-tweet\" data-width=\"550\" data-dnt=\"true\">\n<p lang=\"pt\" dir=\"ltr\">nitidamente o flamengo precisa de uma reformula\u00e7\u00e3o total, segura arrasca o resto pode ir embora, fodase<\/p>\n<p>&mdash; THE BOY (@71cain) <a href=\"https:\/\/twitter.com\/71cain\/status\/1510392191256047629?ref_src=twsrc%5Etfw\">April 2, 2022<\/a><\/p><\/blockquote>\n<p><script async src=\"https:\/\/platform.twitter.com\/widgets.js\" charset=\"utf-8\"><\/script><\/p>\n<p>https:\/\/twitter.com\/ernani_00\/status\/1510390300803538944<\/p>\n<blockquote class=\"twitter-tweet\" data-width=\"550\" data-dnt=\"true\">\n<p lang=\"pt\" dir=\"ltr\">O Flamengo saiu de atual campe\u00e3o de tudo para vice. E o problema maior \u00e9 a forma como perde. O time n\u00e3o produziu nada em 180 minutos de partida contra um advers\u00e1rio inferior. Inadmiss\u00edvel.<\/p>\n<p>2019 j\u00e1 passou e est\u00e1 cada vez mais distante. O clube necessita de reformula\u00e7\u00e3o.<\/p>\n<p>&mdash; Matheus Leal (@matheusleal1) <a href=\"https:\/\/twitter.com\/matheusleal1\/status\/1510392445682724865?ref_src=twsrc%5Etfw\">April 2, 2022<\/a><\/p><\/blockquote>\n<p><script async src=\"https:\/\/platform.twitter.com\/widgets.js\" charset=\"utf-8\"><\/script><\/p>\n<p>https:\/\/twitter.com\/gustavfdsf2535\/status\/1510391712895619077<\/p>\n<blockquote class=\"twitter-tweet\" data-width=\"550\" data-dnt=\"true\">\n<p lang=\"pt\" dir=\"ltr\">\u00c9 isso, muitas coisas tem q mudar ! ele tem culpa (t\u00e9cnico) mas tem q ter uma reformula\u00e7\u00e3o absurda no elenco do Flamengo ! UMA REFORMULA\u00c7\u00c3O ABSURDA !!!!<\/p>\n<p>&mdash; Negro Rubro\u00b9\u2078\u2079\u2075 \u26ab\ud83d\udd34 (@NegroRubroo) <a href=\"https:\/\/twitter.com\/NegroRubroo\/status\/1510391330052132867?ref_src=twsrc%5Etfw\">April 2, 2022<\/a><\/p><\/blockquote>\n<p><script async src=\"https:\/\/platform.twitter.com\/widgets.js\" charset=\"utf-8\"><\/script><\/p>\n","protected":false},"excerpt":{"rendered":"<p>Na noite deste s\u00e1bado (02 de abril), o time do Flamengo n\u00e3o conseguiu bater a equipe do Fluminense e amargurou uma segunda coloca\u00e7\u00e3o no Campeonato Carioca de 2022. E por conta da forma de que o t\u00edtulo n\u00e3o foi conquistado, diversos torcedores do Flamengo foram at\u00e9 as redes sociais cobrar uma reformula\u00e7\u00e3o. Confira abaixo algumas [&hellip;]<\/p>\n","protected":false},"author":2,"featured_media":15077,"comment_status":"open","ping_status":"closed","sticky":false,"template":"","format":"standard","meta":{"footnotes":""},"categories":[1],"tags":[],"class_list":["post-79352","post","type-post","status-publish","format-standard","has-post-thumbnail","hentry","category-flamengo"],"yoast_head":"<!-- This site is optimized with the Yoast SEO Premium plugin v24.2 (Yoast SEO v26.9) - https:\/\/yoast.com\/product\/yoast-seo-premium-wordpress\/ -->\n<title>Torcida do Flamengo cobra por reformula\u00e7\u00e3o<\/title>\n<meta name=\"robots\" content=\"index, follow, max-snippet:-1, max-image-preview:large, max-video-preview:-1\" \/>\n<link rel=\"canonical\" href=\"https:\/\/www.gaveanews.com\/index.php\/2022\/04\/02\/torcida-do-flamengo-cobra-por-reformulacao\/\" \/>\n<meta property=\"og:locale\" content=\"pt_BR\" \/>\n<meta property=\"og:type\" content=\"article\" \/>\n<meta property=\"og:title\" content=\"Torcida do Flamengo cobra por reformula\u00e7\u00e3o\" \/>\n<meta property=\"og:description\" content=\"Na noite deste s\u00e1bado (02 de abril), o time do Flamengo n\u00e3o conseguiu bater a equipe do Fluminense e amargurou uma segunda coloca\u00e7\u00e3o no Campeonato Carioca de 2022. E por conta da forma de que o t\u00edtulo n\u00e3o foi conquistado, diversos torcedores do Flamengo foram at\u00e9 as redes sociais cobrar uma reformula\u00e7\u00e3o. Confira abaixo algumas [&hellip;]\" \/>\n<meta property=\"og:url\" content=\"https:\/\/www.gaveanews.com\/index.php\/2022\/04\/02\/torcida-do-flamengo-cobra-por-reformulacao\/\" \/>\n<meta property=\"og:site_name\" content=\"G\u00e1vea News\" \/>\n<meta property=\"article:publisher\" content=\"https:\/\/facebook.com\/gaveaNews\/\" \/>\n<meta property=\"article:published_time\" content=\"2022-04-02T23:09:05+00:00\" \/>\n<meta property=\"article:modified_time\" content=\"2022-04-03T21:13:23+00:00\" \/>\n<meta property=\"og:image\" content=\"https:\/\/www.gaveanews.com\/wp-content\/uploads\/2019\/03\/Rodolfo-Landim-durante-entrevista-coletiva-na-Gavea.webp\" \/>\n\t<meta property=\"og:image:width\" content=\"1\" \/>\n\t<meta property=\"og:image:height\" content=\"1\" \/>\n\t<meta property=\"og:image:type\" content=\"image\/jpeg\" \/>\n<meta name=\"author\" content=\"Hugo Nogueira\" \/>\n<meta name=\"twitter:card\" content=\"summary_large_image\" \/>\n<meta name=\"twitter:label1\" content=\"Escrito por\" \/>\n\t<meta name=\"twitter:data1\" content=\"Hugo Nogueira\" \/>\n\t<meta name=\"twitter:label2\" content=\"Est. tempo de leitura\" \/>\n\t<meta name=\"twitter:data2\" content=\"1 minuto\" \/>\n<script type=\"application\/ld+json\" class=\"yoast-schema-graph\">{\"@context\":\"https:\/\/schema.org\",\"@graph\":[{\"@type\":\"NewsArticle\",\"@id\":\"https:\/\/www.gaveanews.com\/index.php\/2022\/04\/02\/torcida-do-flamengo-cobra-por-reformulacao\/#article\",\"isPartOf\":{\"@id\":\"https:\/\/www.gaveanews.com\/index.php\/2022\/04\/02\/torcida-do-flamengo-cobra-por-reformulacao\/\"},\"author\":{\"name\":\"Hugo Nogueira\",\"@id\":\"https:\/\/www.gaveanews.com\/#\/schema\/person\/3a0372021fabaeec4e7e4242cfa27841\"},\"headline\":\"Torcida do Flamengo cobra por reformula\u00e7\u00e3o\",\"datePublished\":\"2022-04-02T23:09:05+00:00\",\"dateModified\":\"2022-04-03T21:13:23+00:00\",\"mainEntityOfPage\":{\"@id\":\"https:\/\/www.gaveanews.com\/index.php\/2022\/04\/02\/torcida-do-flamengo-cobra-por-reformulacao\/\"},\"wordCount\":149,\"commentCount\":0,\"image\":{\"@id\":\"https:\/\/www.gaveanews.com\/index.php\/2022\/04\/02\/torcida-do-flamengo-cobra-por-reformulacao\/#primaryimage\"},\"thumbnailUrl\":\"https:\/\/www.gaveanews.com\/wp-content\/uploads\/2019\/03\/Rodolfo-Landim-durante-entrevista-coletiva-na-Gavea.webp\",\"articleSection\":[\"Flamengo\"],\"inLanguage\":\"pt-BR\",\"potentialAction\":[{\"@type\":\"CommentAction\",\"name\":\"Comment\",\"target\":[\"https:\/\/www.gaveanews.com\/index.php\/2022\/04\/02\/torcida-do-flamengo-cobra-por-reformulacao\/#respond\"]}],\"copyrightYear\":\"2022\",\"copyrightHolder\":{\"@id\":\"https:\/\/www.gaveanews.com\/#organization\"}},{\"@type\":\"WebPage\",\"@id\":\"https:\/\/www.gaveanews.com\/index.php\/2022\/04\/02\/torcida-do-flamengo-cobra-por-reformulacao\/\",\"url\":\"https:\/\/www.gaveanews.com\/index.php\/2022\/04\/02\/torcida-do-flamengo-cobra-por-reformulacao\/\",\"name\":\"Torcida do Flamengo cobra por reformula\u00e7\u00e3o\",\"isPartOf\":{\"@id\":\"https:\/\/www.gaveanews.com\/#website\"},\"primaryImageOfPage\":{\"@id\":\"https:\/\/www.gaveanews.com\/index.php\/2022\/04\/02\/torcida-do-flamengo-cobra-por-reformulacao\/#primaryimage\"},\"image\":{\"@id\":\"https:\/\/www.gaveanews.com\/index.php\/2022\/04\/02\/torcida-do-flamengo-cobra-por-reformulacao\/#primaryimage\"},\"thumbnailUrl\":\"https:\/\/www.gaveanews.com\/wp-content\/uploads\/2019\/03\/Rodolfo-Landim-durante-entrevista-coletiva-na-Gavea.webp\",\"datePublished\":\"2022-04-02T23:09:05+00:00\",\"dateModified\":\"2022-04-03T21:13:23+00:00\",\"author\":{\"@id\":\"https:\/\/www.gaveanews.com\/#\/schema\/person\/3a0372021fabaeec4e7e4242cfa27841\"},\"breadcrumb\":{\"@id\":\"https:\/\/www.gaveanews.com\/index.php\/2022\/04\/02\/torcida-do-flamengo-cobra-por-reformulacao\/#breadcrumb\"},\"inLanguage\":\"pt-BR\",\"potentialAction\":[{\"@type\":\"ReadAction\",\"target\":[\"https:\/\/www.gaveanews.com\/index.php\/2022\/04\/02\/torcida-do-flamengo-cobra-por-reformulacao\/\"]}]},{\"@type\":\"ImageObject\",\"inLanguage\":\"pt-BR\",\"@id\":\"https:\/\/www.gaveanews.com\/index.php\/2022\/04\/02\/torcida-do-flamengo-cobra-por-reformulacao\/#primaryimage\",\"url\":\"https:\/\/www.gaveanews.com\/wp-content\/uploads\/2019\/03\/Rodolfo-Landim-durante-entrevista-coletiva-na-Gavea.webp\",\"contentUrl\":\"https:\/\/www.gaveanews.com\/wp-content\/uploads\/2019\/03\/Rodolfo-Landim-durante-entrevista-coletiva-na-Gavea.webp\",\"width\":900,\"height\":599,\"caption\":\"Rodolfo Landim durante entrevista coletiva na G\u00e1vea (Foto: Ag\u00eancia Foto BR)\"},{\"@type\":\"BreadcrumbList\",\"@id\":\"https:\/\/www.gaveanews.com\/index.php\/2022\/04\/02\/torcida-do-flamengo-cobra-por-reformulacao\/#breadcrumb\",\"itemListElement\":[{\"@type\":\"ListItem\",\"position\":1,\"name\":\"Home\",\"item\":\"https:\/\/www.gaveanews.com\/\"},{\"@type\":\"ListItem\",\"position\":2,\"name\":\"Torcida do Flamengo cobra por reformula\u00e7\u00e3o\"}]},{\"@type\":\"WebSite\",\"@id\":\"https:\/\/www.gaveanews.com\/#website\",\"url\":\"https:\/\/www.gaveanews.com\/\",\"name\":\"G\u00e1vea News\",\"description\":\"Veja todas as not\u00edcias sobre o Flamengo: Contrata\u00e7\u00f5es, categorias de base, resultados das partidas, tabela de classifica\u00e7\u00e3o, pr\u00f3ximos jogos!\",\"potentialAction\":[{\"@type\":\"SearchAction\",\"target\":{\"@type\":\"EntryPoint\",\"urlTemplate\":\"https:\/\/www.gaveanews.com\/?s={search_term_string}\"},\"query-input\":{\"@type\":\"PropertyValueSpecification\",\"valueRequired\":true,\"valueName\":\"search_term_string\"}}],\"inLanguage\":\"pt-BR\"},{\"@type\":\"Person\",\"@id\":\"https:\/\/www.gaveanews.com\/#\/schema\/person\/3a0372021fabaeec4e7e4242cfa27841\",\"name\":\"Hugo Nogueira\",\"image\":{\"@type\":\"ImageObject\",\"inLanguage\":\"pt-BR\",\"@id\":\"https:\/\/www.gaveanews.com\/#\/schema\/person\/image\/\",\"url\":\"https:\/\/secure.gravatar.com\/avatar\/0cdd89f3b47bb55926c08eee2db992845cfdd53f84c9fdd47a49d89b3cd40c0a?s=96&d=mm&r=g\",\"contentUrl\":\"https:\/\/secure.gravatar.com\/avatar\/0cdd89f3b47bb55926c08eee2db992845cfdd53f84c9fdd47a49d89b3cd40c0a?s=96&d=mm&r=g\",\"caption\":\"Hugo Nogueira\"}}]}<\/script>\n<!-- \/ Yoast SEO Premium plugin. -->","yoast_head_json":{"title":"Torcida do Flamengo cobra por reformula\u00e7\u00e3o","robots":{"index":"index","follow":"follow","max-snippet":"max-snippet:-1","max-image-preview":"max-image-preview:large","max-video-preview":"max-video-preview:-1"},"canonical":"https:\/\/www.gaveanews.com\/index.php\/2022\/04\/02\/torcida-do-flamengo-cobra-por-reformulacao\/","og_locale":"pt_BR","og_type":"article","og_title":"Torcida do Flamengo cobra por reformula\u00e7\u00e3o","og_description":"Na noite deste s\u00e1bado (02 de abril), o time do Flamengo n\u00e3o conseguiu bater a equipe do Fluminense e amargurou uma segunda coloca\u00e7\u00e3o no Campeonato Carioca de 2022. E por conta da forma de que o t\u00edtulo n\u00e3o foi conquistado, diversos torcedores do Flamengo foram at\u00e9 as redes sociais cobrar uma reformula\u00e7\u00e3o. Confira abaixo algumas [&hellip;]","og_url":"https:\/\/www.gaveanews.com\/index.php\/2022\/04\/02\/torcida-do-flamengo-cobra-por-reformulacao\/","og_site_name":"G\u00e1vea News","article_publisher":"https:\/\/facebook.com\/gaveaNews\/","article_published_time":"2022-04-02T23:09:05+00:00","article_modified_time":"2022-04-03T21:13:23+00:00","og_image":[{"url":"https:\/\/www.gaveanews.com\/wp-content\/uploads\/2019\/03\/Rodolfo-Landim-durante-entrevista-coletiva-na-Gavea.webp","width":1,"height":1,"type":"image\/jpeg"}],"author":"Hugo Nogueira","twitter_card":"summary_large_image","twitter_misc":{"Escrito por":"Hugo Nogueira","Est. tempo de leitura":"1 minuto"},"schema":{"@context":"https:\/\/schema.org","@graph":[{"@type":"NewsArticle","@id":"https:\/\/www.gaveanews.com\/index.php\/2022\/04\/02\/torcida-do-flamengo-cobra-por-reformulacao\/#article","isPartOf":{"@id":"https:\/\/www.gaveanews.com\/index.php\/2022\/04\/02\/torcida-do-flamengo-cobra-por-reformulacao\/"},"author":{"name":"Hugo Nogueira","@id":"https:\/\/www.gaveanews.com\/#\/schema\/person\/3a0372021fabaeec4e7e4242cfa27841"},"headline":"Torcida do Flamengo cobra por reformula\u00e7\u00e3o","datePublished":"2022-04-02T23:09:05+00:00","dateModified":"2022-04-03T21:13:23+00:00","mainEntityOfPage":{"@id":"https:\/\/www.gaveanews.com\/index.php\/2022\/04\/02\/torcida-do-flamengo-cobra-por-reformulacao\/"},"wordCount":149,"commentCount":0,"image":{"@id":"https:\/\/www.gaveanews.com\/index.php\/2022\/04\/02\/torcida-do-flamengo-cobra-por-reformulacao\/#primaryimage"},"thumbnailUrl":"https:\/\/www.gaveanews.com\/wp-content\/uploads\/2019\/03\/Rodolfo-Landim-durante-entrevista-coletiva-na-Gavea.webp","articleSection":["Flamengo"],"inLanguage":"pt-BR","potentialAction":[{"@type":"CommentAction","name":"Comment","target":["https:\/\/www.gaveanews.com\/index.php\/2022\/04\/02\/torcida-do-flamengo-cobra-por-reformulacao\/#respond"]}],"copyrightYear":"2022","copyrightHolder":{"@id":"https:\/\/www.gaveanews.com\/#organization"}},{"@type":"WebPage","@id":"https:\/\/www.gaveanews.com\/index.php\/2022\/04\/02\/torcida-do-flamengo-cobra-por-reformulacao\/","url":"https:\/\/www.gaveanews.com\/index.php\/2022\/04\/02\/torcida-do-flamengo-cobra-por-reformulacao\/","name":"Torcida do Flamengo cobra por reformula\u00e7\u00e3o","isPartOf":{"@id":"https:\/\/www.gaveanews.com\/#website"},"primaryImageOfPage":{"@id":"https:\/\/www.gaveanews.com\/index.php\/2022\/04\/02\/torcida-do-flamengo-cobra-por-reformulacao\/#primaryimage"},"image":{"@id":"https:\/\/www.gaveanews.com\/index.php\/2022\/04\/02\/torcida-do-flamengo-cobra-por-reformulacao\/#primaryimage"},"thumbnailUrl":"https:\/\/www.gaveanews.com\/wp-content\/uploads\/2019\/03\/Rodolfo-Landim-durante-entrevista-coletiva-na-Gavea.webp","datePublished":"2022-04-02T23:09:05+00:00","dateModified":"2022-04-03T21:13:23+00:00","author":{"@id":"https:\/\/www.gaveanews.com\/#\/schema\/person\/3a0372021fabaeec4e7e4242cfa27841"},"breadcrumb":{"@id":"https:\/\/www.gaveanews.com\/index.php\/2022\/04\/02\/torcida-do-flamengo-cobra-por-reformulacao\/#breadcrumb"},"inLanguage":"pt-BR","potentialAction":[{"@type":"ReadAction","target":["https:\/\/www.gaveanews.com\/index.php\/2022\/04\/02\/torcida-do-flamengo-cobra-por-reformulacao\/"]}]},{"@type":"ImageObject","inLanguage":"pt-BR","@id":"https:\/\/www.gaveanews.com\/index.php\/2022\/04\/02\/torcida-do-flamengo-cobra-por-reformulacao\/#primaryimage","url":"https:\/\/www.gaveanews.com\/wp-content\/uploads\/2019\/03\/Rodolfo-Landim-durante-entrevista-coletiva-na-Gavea.webp","contentUrl":"https:\/\/www.gaveanews.com\/wp-content\/uploads\/2019\/03\/Rodolfo-Landim-durante-entrevista-coletiva-na-Gavea.webp","width":900,"height":599,"caption":"Rodolfo Landim durante entrevista coletiva na G\u00e1vea (Foto: Ag\u00eancia Foto BR)"},{"@type":"BreadcrumbList","@id":"https:\/\/www.gaveanews.com\/index.php\/2022\/04\/02\/torcida-do-flamengo-cobra-por-reformulacao\/#breadcrumb","itemListElement":[{"@type":"ListItem","position":1,"name":"Home","item":"https:\/\/www.gaveanews.com\/"},{"@type":"ListItem","position":2,"name":"Torcida do Flamengo cobra por reformula\u00e7\u00e3o"}]},{"@type":"WebSite","@id":"https:\/\/www.gaveanews.com\/#website","url":"https:\/\/www.gaveanews.com\/","name":"G\u00e1vea News","description":"Veja todas as not\u00edcias sobre o Flamengo: Contrata\u00e7\u00f5es, categorias de base, resultados das partidas, tabela de classifica\u00e7\u00e3o, pr\u00f3ximos jogos!","potentialAction":[{"@type":"SearchAction","target":{"@type":"EntryPoint","urlTemplate":"https:\/\/www.gaveanews.com\/?s={search_term_string}"},"query-input":{"@type":"PropertyValueSpecification","valueRequired":true,"valueName":"search_term_string"}}],"inLanguage":"pt-BR"},{"@type":"Person","@id":"https:\/\/www.gaveanews.com\/#\/schema\/person\/3a0372021fabaeec4e7e4242cfa27841","name":"Hugo Nogueira","image":{"@type":"ImageObject","inLanguage":"pt-BR","@id":"https:\/\/www.gaveanews.com\/#\/schema\/person\/image\/","url":"https:\/\/secure.gravatar.com\/avatar\/0cdd89f3b47bb55926c08eee2db992845cfdd53f84c9fdd47a49d89b3cd40c0a?s=96&d=mm&r=g","contentUrl":"https:\/\/secure.gravatar.com\/avatar\/0cdd89f3b47bb55926c08eee2db992845cfdd53f84c9fdd47a49d89b3cd40c0a?s=96&d=mm&r=g","caption":"Hugo Nogueira"}}]}},"_links":{"self":[{"href":"https:\/\/www.gaveanews.com\/index.php\/wp-json\/wp\/v2\/posts\/79352","targetHints":{"allow":["GET"]}}],"collection":[{"href":"https:\/\/www.gaveanews.com\/index.php\/wp-json\/wp\/v2\/posts"}],"about":[{"href":"https:\/\/www.gaveanews.com\/index.php\/wp-json\/wp\/v2\/types\/post"}],"author":[{"embeddable":true,"href":"https:\/\/www.gaveanews.com\/index.php\/wp-json\/wp\/v2\/users\/2"}],"replies":[{"embeddable":true,"href":"https:\/\/www.gaveanews.com\/index.php\/wp-json\/wp\/v2\/comments?post=79352"}],"version-history":[{"count":0,"href":"https:\/\/www.gaveanews.com\/index.php\/wp-json\/wp\/v2\/posts\/79352\/revisions"}],"wp:featuredmedia":[{"embeddable":true,"href":"https:\/\/www.gaveanews.com\/index.php\/wp-json\/wp\/v2\/media\/15077"}],"wp:attachment":[{"href":"https:\/\/www.gaveanews.com\/index.php\/wp-json\/wp\/v2\/media?parent=79352"}],"wp:term":[{"taxonomy":"category","embeddable":true,"href":"https:\/\/www.gaveanews.com\/index.php\/wp-json\/wp\/v2\/categories?post=79352"},{"taxonomy":"post_tag","embeddable":true,"href":"https:\/\/www.gaveanews.com\/index.php\/wp-json\/wp\/v2\/tags?post=79352"}],"curies":[{"name":"wp","href":"https:\/\/api.w.org\/{rel}","templated":true}]}}