{"id":79370,"date":"2022-04-02T22:03:09","date_gmt":"2022-04-03T01:03:09","guid":{"rendered":"https:\/\/www.gaveanews.com\/?p=79370"},"modified":"2022-04-02T22:03:09","modified_gmt":"2022-04-03T01:03:09","slug":"apos-empate-do-flamengo-de-arrascaeta-se-manifesta-nas-redes-sociais","status":"publish","type":"post","link":"https:\/\/www.gaveanews.com\/index.php\/2022\/04\/02\/apos-empate-do-flamengo-de-arrascaeta-se-manifesta-nas-redes-sociais\/","title":{"rendered":"Ap\u00f3s empate do Flamengo, De Arrascaeta se manifesta nas redes sociais"},"content":{"rendered":"<p>Diante do Fluminense, o time do Flamengo perdeu a oportunidade de conquistar mais um t\u00edtulo do Campeonato Carioca. O time, como um todo (exceto raras exce\u00e7\u00f5es), jogou aqu\u00e9m do esperado e ficou apenas no empate. O placar final do cl\u00e1ssico foi Flamengo 1&#215;1 Fluminense.<\/p>\n<p>E ap\u00f3s o resultado negativo, o meia Giorgian De Arrascaeta, fez quest\u00e3o de se manifestar nas redes sociais. Atrav\u00e9s de seu perfil oficial no <em>Twitter<\/em>, o meia publicou duas fotos, juntamente com o seguinte texto: &#8220;Erguer a cabe\u00e7a e continuar ainda temos muitos desafios no ano&#8221;.<\/p>\n<p><strong>Confira a publica\u00e7\u00e3o completa abaixo:\u00a0 \u00a0<\/strong><\/p>\n<blockquote class=\"twitter-tweet\" data-width=\"550\" data-dnt=\"true\">\n<p lang=\"pt\" dir=\"ltr\">Erguer a cabe\u00e7a e continuar ainda temos muitos desafios no ano \u2665\ufe0f\ud83d\udda4\ud83d\udcaa\ud83c\udffc <a href=\"https:\/\/t.co\/ynevfGVF9C\">pic.twitter.com\/ynevfGVF9C<\/a><\/p>\n<p>&mdash; GiorgiandeArrascaeta (@GiorgiandeA) <a href=\"https:\/\/twitter.com\/GiorgiandeA\/status\/1510420279243071488?ref_src=twsrc%5Etfw\">April 3, 2022<\/a><\/p><\/blockquote>\n<p><script async src=\"https:\/\/platform.twitter.com\/widgets.js\" charset=\"utf-8\"><\/script><\/p>\n<p>Leia tamb\u00e9m:\u00a0<a href=\"https:\/\/www.gaveanews.com\/index.php\/2022\/04\/02\/hugo-souza-david-luiz-filipe-luis-joao-gomes-andreas-pereira-lazaro-de-arrascaeta-bruno-henrique-gabigol-everton-ribeiro-e-pedro-as-notas-dos-jogadores-do-flamengo\/\">Hugo Souza, David Luiz, Filipe Lu\u00eds, Jo\u00e3o Gomes, Andreas Pereira, L\u00e1zaro, De Arrascaeta, Bruno Henrique, Gabigol, Everton Ribeiro e Pedro: As notas dos jogadores do Flamengo<\/a><\/p>\n","protected":false},"excerpt":{"rendered":"<p>Diante do Fluminense, o time do Flamengo perdeu a oportunidade de conquistar mais um t\u00edtulo do Campeonato Carioca. O time, como um todo (exceto raras exce\u00e7\u00f5es), jogou aqu\u00e9m do esperado e ficou apenas no empate. O placar final do cl\u00e1ssico foi Flamengo 1&#215;1 Fluminense. E ap\u00f3s o resultado negativo, o meia Giorgian De Arrascaeta, fez [&hellip;]<\/p>\n","protected":false},"author":2,"featured_media":78759,"comment_status":"open","ping_status":"closed","sticky":false,"template":"","format":"standard","meta":{"footnotes":""},"categories":[47],"tags":[],"class_list":["post-79370","post","type-post","status-publish","format-standard","has-post-thumbnail","hentry","category-destaques"],"yoast_head":"<!-- This site is optimized with the Yoast SEO Premium plugin v24.2 (Yoast SEO v26.9) - https:\/\/yoast.com\/product\/yoast-seo-premium-wordpress\/ -->\n<title>Ap\u00f3s empate do Flamengo, De Arrascaeta se manifesta nas redes sociais<\/title>\n<meta name=\"robots\" content=\"index, follow, max-snippet:-1, max-image-preview:large, max-video-preview:-1\" \/>\n<link rel=\"canonical\" href=\"https:\/\/www.gaveanews.com\/index.php\/2022\/04\/02\/apos-empate-do-flamengo-de-arrascaeta-se-manifesta-nas-redes-sociais\/\" \/>\n<meta property=\"og:locale\" content=\"pt_BR\" \/>\n<meta property=\"og:type\" content=\"article\" \/>\n<meta property=\"og:title\" content=\"Ap\u00f3s empate do Flamengo, De Arrascaeta se manifesta nas redes sociais\" \/>\n<meta property=\"og:description\" content=\"Diante do Fluminense, o time do Flamengo perdeu a oportunidade de conquistar mais um t\u00edtulo do Campeonato Carioca. O time, como um todo (exceto raras exce\u00e7\u00f5es), jogou aqu\u00e9m do esperado e ficou apenas no empate. O placar final do cl\u00e1ssico foi Flamengo 1&#215;1 Fluminense. E ap\u00f3s o resultado negativo, o meia Giorgian De Arrascaeta, fez [&hellip;]\" \/>\n<meta property=\"og:url\" content=\"https:\/\/www.gaveanews.com\/index.php\/2022\/04\/02\/apos-empate-do-flamengo-de-arrascaeta-se-manifesta-nas-redes-sociais\/\" \/>\n<meta property=\"og:site_name\" content=\"G\u00e1vea News\" \/>\n<meta property=\"article:publisher\" content=\"https:\/\/facebook.com\/gaveaNews\/\" \/>\n<meta property=\"article:published_time\" content=\"2022-04-03T01:03:09+00:00\" \/>\n<meta property=\"og:image\" content=\"https:\/\/www.gaveanews.com\/wp-content\/uploads\/Arrascaeta-em-acao-pelo-Flamengo.webp\" \/>\n\t<meta property=\"og:image:width\" content=\"800\" \/>\n\t<meta property=\"og:image:height\" content=\"533\" \/>\n\t<meta property=\"og:image:type\" content=\"image\/jpeg\" \/>\n<meta name=\"author\" content=\"Hugo Nogueira\" \/>\n<meta name=\"twitter:card\" content=\"summary_large_image\" \/>\n<meta name=\"twitter:label1\" content=\"Escrito por\" \/>\n\t<meta name=\"twitter:data1\" content=\"Hugo Nogueira\" \/>\n\t<meta name=\"twitter:label2\" content=\"Est. tempo de leitura\" \/>\n\t<meta name=\"twitter:data2\" content=\"1 minuto\" \/>\n<script type=\"application\/ld+json\" class=\"yoast-schema-graph\">{\"@context\":\"https:\/\/schema.org\",\"@graph\":[{\"@type\":\"NewsArticle\",\"@id\":\"https:\/\/www.gaveanews.com\/index.php\/2022\/04\/02\/apos-empate-do-flamengo-de-arrascaeta-se-manifesta-nas-redes-sociais\/#article\",\"isPartOf\":{\"@id\":\"https:\/\/www.gaveanews.com\/index.php\/2022\/04\/02\/apos-empate-do-flamengo-de-arrascaeta-se-manifesta-nas-redes-sociais\/\"},\"author\":{\"name\":\"Hugo Nogueira\",\"@id\":\"https:\/\/www.gaveanews.com\/#\/schema\/person\/3a0372021fabaeec4e7e4242cfa27841\"},\"headline\":\"Ap\u00f3s empate do Flamengo, De Arrascaeta se manifesta nas redes sociais\",\"datePublished\":\"2022-04-03T01:03:09+00:00\",\"mainEntityOfPage\":{\"@id\":\"https:\/\/www.gaveanews.com\/index.php\/2022\/04\/02\/apos-empate-do-flamengo-de-arrascaeta-se-manifesta-nas-redes-sociais\/\"},\"wordCount\":153,\"commentCount\":0,\"image\":{\"@id\":\"https:\/\/www.gaveanews.com\/index.php\/2022\/04\/02\/apos-empate-do-flamengo-de-arrascaeta-se-manifesta-nas-redes-sociais\/#primaryimage\"},\"thumbnailUrl\":\"https:\/\/www.gaveanews.com\/wp-content\/uploads\/Arrascaeta-em-acao-pelo-Flamengo.webp\",\"articleSection\":[\"Destaques\"],\"inLanguage\":\"pt-BR\",\"potentialAction\":[{\"@type\":\"CommentAction\",\"name\":\"Comment\",\"target\":[\"https:\/\/www.gaveanews.com\/index.php\/2022\/04\/02\/apos-empate-do-flamengo-de-arrascaeta-se-manifesta-nas-redes-sociais\/#respond\"]}],\"copyrightYear\":\"2022\",\"copyrightHolder\":{\"@id\":\"https:\/\/www.gaveanews.com\/#organization\"}},{\"@type\":\"WebPage\",\"@id\":\"https:\/\/www.gaveanews.com\/index.php\/2022\/04\/02\/apos-empate-do-flamengo-de-arrascaeta-se-manifesta-nas-redes-sociais\/\",\"url\":\"https:\/\/www.gaveanews.com\/index.php\/2022\/04\/02\/apos-empate-do-flamengo-de-arrascaeta-se-manifesta-nas-redes-sociais\/\",\"name\":\"Ap\u00f3s empate do Flamengo, De Arrascaeta se manifesta nas redes sociais\",\"isPartOf\":{\"@id\":\"https:\/\/www.gaveanews.com\/#website\"},\"primaryImageOfPage\":{\"@id\":\"https:\/\/www.gaveanews.com\/index.php\/2022\/04\/02\/apos-empate-do-flamengo-de-arrascaeta-se-manifesta-nas-redes-sociais\/#primaryimage\"},\"image\":{\"@id\":\"https:\/\/www.gaveanews.com\/index.php\/2022\/04\/02\/apos-empate-do-flamengo-de-arrascaeta-se-manifesta-nas-redes-sociais\/#primaryimage\"},\"thumbnailUrl\":\"https:\/\/www.gaveanews.com\/wp-content\/uploads\/Arrascaeta-em-acao-pelo-Flamengo.webp\",\"datePublished\":\"2022-04-03T01:03:09+00:00\",\"author\":{\"@id\":\"https:\/\/www.gaveanews.com\/#\/schema\/person\/3a0372021fabaeec4e7e4242cfa27841\"},\"breadcrumb\":{\"@id\":\"https:\/\/www.gaveanews.com\/index.php\/2022\/04\/02\/apos-empate-do-flamengo-de-arrascaeta-se-manifesta-nas-redes-sociais\/#breadcrumb\"},\"inLanguage\":\"pt-BR\",\"potentialAction\":[{\"@type\":\"ReadAction\",\"target\":[\"https:\/\/www.gaveanews.com\/index.php\/2022\/04\/02\/apos-empate-do-flamengo-de-arrascaeta-se-manifesta-nas-redes-sociais\/\"]}]},{\"@type\":\"ImageObject\",\"inLanguage\":\"pt-BR\",\"@id\":\"https:\/\/www.gaveanews.com\/index.php\/2022\/04\/02\/apos-empate-do-flamengo-de-arrascaeta-se-manifesta-nas-redes-sociais\/#primaryimage\",\"url\":\"https:\/\/www.gaveanews.com\/wp-content\/uploads\/Arrascaeta-em-acao-pelo-Flamengo.webp\",\"contentUrl\":\"https:\/\/www.gaveanews.com\/wp-content\/uploads\/Arrascaeta-em-acao-pelo-Flamengo.webp\",\"width\":800,\"height\":533,\"caption\":\"Arrascaeta em a\u00e7\u00e3o pelo Flamengo (Foto: Marcelo Cortes\/Flamengo)\"},{\"@type\":\"BreadcrumbList\",\"@id\":\"https:\/\/www.gaveanews.com\/index.php\/2022\/04\/02\/apos-empate-do-flamengo-de-arrascaeta-se-manifesta-nas-redes-sociais\/#breadcrumb\",\"itemListElement\":[{\"@type\":\"ListItem\",\"position\":1,\"name\":\"Home\",\"item\":\"https:\/\/www.gaveanews.com\/\"},{\"@type\":\"ListItem\",\"position\":2,\"name\":\"Ap\u00f3s empate do Flamengo, De Arrascaeta se manifesta nas redes sociais\"}]},{\"@type\":\"WebSite\",\"@id\":\"https:\/\/www.gaveanews.com\/#website\",\"url\":\"https:\/\/www.gaveanews.com\/\",\"name\":\"G\u00e1vea News\",\"description\":\"Veja todas as not\u00edcias sobre o Flamengo: Contrata\u00e7\u00f5es, categorias de base, resultados das partidas, tabela de classifica\u00e7\u00e3o, pr\u00f3ximos jogos!\",\"potentialAction\":[{\"@type\":\"SearchAction\",\"target\":{\"@type\":\"EntryPoint\",\"urlTemplate\":\"https:\/\/www.gaveanews.com\/?s={search_term_string}\"},\"query-input\":{\"@type\":\"PropertyValueSpecification\",\"valueRequired\":true,\"valueName\":\"search_term_string\"}}],\"inLanguage\":\"pt-BR\"},{\"@type\":\"Person\",\"@id\":\"https:\/\/www.gaveanews.com\/#\/schema\/person\/3a0372021fabaeec4e7e4242cfa27841\",\"name\":\"Hugo Nogueira\",\"image\":{\"@type\":\"ImageObject\",\"inLanguage\":\"pt-BR\",\"@id\":\"https:\/\/www.gaveanews.com\/#\/schema\/person\/image\/\",\"url\":\"https:\/\/secure.gravatar.com\/avatar\/0cdd89f3b47bb55926c08eee2db992845cfdd53f84c9fdd47a49d89b3cd40c0a?s=96&d=mm&r=g\",\"contentUrl\":\"https:\/\/secure.gravatar.com\/avatar\/0cdd89f3b47bb55926c08eee2db992845cfdd53f84c9fdd47a49d89b3cd40c0a?s=96&d=mm&r=g\",\"caption\":\"Hugo Nogueira\"}}]}<\/script>\n<!-- \/ Yoast SEO Premium plugin. -->","yoast_head_json":{"title":"Ap\u00f3s empate do Flamengo, De Arrascaeta se manifesta nas redes sociais","robots":{"index":"index","follow":"follow","max-snippet":"max-snippet:-1","max-image-preview":"max-image-preview:large","max-video-preview":"max-video-preview:-1"},"canonical":"https:\/\/www.gaveanews.com\/index.php\/2022\/04\/02\/apos-empate-do-flamengo-de-arrascaeta-se-manifesta-nas-redes-sociais\/","og_locale":"pt_BR","og_type":"article","og_title":"Ap\u00f3s empate do Flamengo, De Arrascaeta se manifesta nas redes sociais","og_description":"Diante do Fluminense, o time do Flamengo perdeu a oportunidade de conquistar mais um t\u00edtulo do Campeonato Carioca. O time, como um todo (exceto raras exce\u00e7\u00f5es), jogou aqu\u00e9m do esperado e ficou apenas no empate. O placar final do cl\u00e1ssico foi Flamengo 1&#215;1 Fluminense. E ap\u00f3s o resultado negativo, o meia Giorgian De Arrascaeta, fez [&hellip;]","og_url":"https:\/\/www.gaveanews.com\/index.php\/2022\/04\/02\/apos-empate-do-flamengo-de-arrascaeta-se-manifesta-nas-redes-sociais\/","og_site_name":"G\u00e1vea News","article_publisher":"https:\/\/facebook.com\/gaveaNews\/","article_published_time":"2022-04-03T01:03:09+00:00","og_image":[{"width":800,"height":533,"url":"https:\/\/www.gaveanews.com\/wp-content\/uploads\/Arrascaeta-em-acao-pelo-Flamengo.webp","type":"image\/jpeg"}],"author":"Hugo Nogueira","twitter_card":"summary_large_image","twitter_misc":{"Escrito por":"Hugo Nogueira","Est. tempo de leitura":"1 minuto"},"schema":{"@context":"https:\/\/schema.org","@graph":[{"@type":"NewsArticle","@id":"https:\/\/www.gaveanews.com\/index.php\/2022\/04\/02\/apos-empate-do-flamengo-de-arrascaeta-se-manifesta-nas-redes-sociais\/#article","isPartOf":{"@id":"https:\/\/www.gaveanews.com\/index.php\/2022\/04\/02\/apos-empate-do-flamengo-de-arrascaeta-se-manifesta-nas-redes-sociais\/"},"author":{"name":"Hugo Nogueira","@id":"https:\/\/www.gaveanews.com\/#\/schema\/person\/3a0372021fabaeec4e7e4242cfa27841"},"headline":"Ap\u00f3s empate do Flamengo, De Arrascaeta se manifesta nas redes sociais","datePublished":"2022-04-03T01:03:09+00:00","mainEntityOfPage":{"@id":"https:\/\/www.gaveanews.com\/index.php\/2022\/04\/02\/apos-empate-do-flamengo-de-arrascaeta-se-manifesta-nas-redes-sociais\/"},"wordCount":153,"commentCount":0,"image":{"@id":"https:\/\/www.gaveanews.com\/index.php\/2022\/04\/02\/apos-empate-do-flamengo-de-arrascaeta-se-manifesta-nas-redes-sociais\/#primaryimage"},"thumbnailUrl":"https:\/\/www.gaveanews.com\/wp-content\/uploads\/Arrascaeta-em-acao-pelo-Flamengo.webp","articleSection":["Destaques"],"inLanguage":"pt-BR","potentialAction":[{"@type":"CommentAction","name":"Comment","target":["https:\/\/www.gaveanews.com\/index.php\/2022\/04\/02\/apos-empate-do-flamengo-de-arrascaeta-se-manifesta-nas-redes-sociais\/#respond"]}],"copyrightYear":"2022","copyrightHolder":{"@id":"https:\/\/www.gaveanews.com\/#organization"}},{"@type":"WebPage","@id":"https:\/\/www.gaveanews.com\/index.php\/2022\/04\/02\/apos-empate-do-flamengo-de-arrascaeta-se-manifesta-nas-redes-sociais\/","url":"https:\/\/www.gaveanews.com\/index.php\/2022\/04\/02\/apos-empate-do-flamengo-de-arrascaeta-se-manifesta-nas-redes-sociais\/","name":"Ap\u00f3s empate do Flamengo, De Arrascaeta se manifesta nas redes sociais","isPartOf":{"@id":"https:\/\/www.gaveanews.com\/#website"},"primaryImageOfPage":{"@id":"https:\/\/www.gaveanews.com\/index.php\/2022\/04\/02\/apos-empate-do-flamengo-de-arrascaeta-se-manifesta-nas-redes-sociais\/#primaryimage"},"image":{"@id":"https:\/\/www.gaveanews.com\/index.php\/2022\/04\/02\/apos-empate-do-flamengo-de-arrascaeta-se-manifesta-nas-redes-sociais\/#primaryimage"},"thumbnailUrl":"https:\/\/www.gaveanews.com\/wp-content\/uploads\/Arrascaeta-em-acao-pelo-Flamengo.webp","datePublished":"2022-04-03T01:03:09+00:00","author":{"@id":"https:\/\/www.gaveanews.com\/#\/schema\/person\/3a0372021fabaeec4e7e4242cfa27841"},"breadcrumb":{"@id":"https:\/\/www.gaveanews.com\/index.php\/2022\/04\/02\/apos-empate-do-flamengo-de-arrascaeta-se-manifesta-nas-redes-sociais\/#breadcrumb"},"inLanguage":"pt-BR","potentialAction":[{"@type":"ReadAction","target":["https:\/\/www.gaveanews.com\/index.php\/2022\/04\/02\/apos-empate-do-flamengo-de-arrascaeta-se-manifesta-nas-redes-sociais\/"]}]},{"@type":"ImageObject","inLanguage":"pt-BR","@id":"https:\/\/www.gaveanews.com\/index.php\/2022\/04\/02\/apos-empate-do-flamengo-de-arrascaeta-se-manifesta-nas-redes-sociais\/#primaryimage","url":"https:\/\/www.gaveanews.com\/wp-content\/uploads\/Arrascaeta-em-acao-pelo-Flamengo.webp","contentUrl":"https:\/\/www.gaveanews.com\/wp-content\/uploads\/Arrascaeta-em-acao-pelo-Flamengo.webp","width":800,"height":533,"caption":"Arrascaeta em a\u00e7\u00e3o pelo Flamengo (Foto: Marcelo Cortes\/Flamengo)"},{"@type":"BreadcrumbList","@id":"https:\/\/www.gaveanews.com\/index.php\/2022\/04\/02\/apos-empate-do-flamengo-de-arrascaeta-se-manifesta-nas-redes-sociais\/#breadcrumb","itemListElement":[{"@type":"ListItem","position":1,"name":"Home","item":"https:\/\/www.gaveanews.com\/"},{"@type":"ListItem","position":2,"name":"Ap\u00f3s empate do Flamengo, De Arrascaeta se manifesta nas redes sociais"}]},{"@type":"WebSite","@id":"https:\/\/www.gaveanews.com\/#website","url":"https:\/\/www.gaveanews.com\/","name":"G\u00e1vea News","description":"Veja todas as not\u00edcias sobre o Flamengo: Contrata\u00e7\u00f5es, categorias de base, resultados das partidas, tabela de classifica\u00e7\u00e3o, pr\u00f3ximos jogos!","potentialAction":[{"@type":"SearchAction","target":{"@type":"EntryPoint","urlTemplate":"https:\/\/www.gaveanews.com\/?s={search_term_string}"},"query-input":{"@type":"PropertyValueSpecification","valueRequired":true,"valueName":"search_term_string"}}],"inLanguage":"pt-BR"},{"@type":"Person","@id":"https:\/\/www.gaveanews.com\/#\/schema\/person\/3a0372021fabaeec4e7e4242cfa27841","name":"Hugo Nogueira","image":{"@type":"ImageObject","inLanguage":"pt-BR","@id":"https:\/\/www.gaveanews.com\/#\/schema\/person\/image\/","url":"https:\/\/secure.gravatar.com\/avatar\/0cdd89f3b47bb55926c08eee2db992845cfdd53f84c9fdd47a49d89b3cd40c0a?s=96&d=mm&r=g","contentUrl":"https:\/\/secure.gravatar.com\/avatar\/0cdd89f3b47bb55926c08eee2db992845cfdd53f84c9fdd47a49d89b3cd40c0a?s=96&d=mm&r=g","caption":"Hugo Nogueira"}}]}},"_links":{"self":[{"href":"https:\/\/www.gaveanews.com\/index.php\/wp-json\/wp\/v2\/posts\/79370","targetHints":{"allow":["GET"]}}],"collection":[{"href":"https:\/\/www.gaveanews.com\/index.php\/wp-json\/wp\/v2\/posts"}],"about":[{"href":"https:\/\/www.gaveanews.com\/index.php\/wp-json\/wp\/v2\/types\/post"}],"author":[{"embeddable":true,"href":"https:\/\/www.gaveanews.com\/index.php\/wp-json\/wp\/v2\/users\/2"}],"replies":[{"embeddable":true,"href":"https:\/\/www.gaveanews.com\/index.php\/wp-json\/wp\/v2\/comments?post=79370"}],"version-history":[{"count":0,"href":"https:\/\/www.gaveanews.com\/index.php\/wp-json\/wp\/v2\/posts\/79370\/revisions"}],"wp:featuredmedia":[{"embeddable":true,"href":"https:\/\/www.gaveanews.com\/index.php\/wp-json\/wp\/v2\/media\/78759"}],"wp:attachment":[{"href":"https:\/\/www.gaveanews.com\/index.php\/wp-json\/wp\/v2\/media?parent=79370"}],"wp:term":[{"taxonomy":"category","embeddable":true,"href":"https:\/\/www.gaveanews.com\/index.php\/wp-json\/wp\/v2\/categories?post=79370"},{"taxonomy":"post_tag","embeddable":true,"href":"https:\/\/www.gaveanews.com\/index.php\/wp-json\/wp\/v2\/tags?post=79370"}],"curies":[{"name":"wp","href":"https:\/\/api.w.org\/{rel}","templated":true}]}}