{"id":79399,"date":"2022-04-03T18:12:25","date_gmt":"2022-04-03T21:12:25","guid":{"rendered":"https:\/\/www.gaveanews.com\/?p=79399"},"modified":"2022-04-03T18:15:23","modified_gmt":"2022-04-03T21:15:23","slug":"atitude-de-marcos-braz-gera-desconforto-nos-bastidores-flamengo","status":"publish","type":"post","link":"https:\/\/www.gaveanews.com\/index.php\/2022\/04\/03\/atitude-de-marcos-braz-gera-desconforto-nos-bastidores-flamengo\/","title":{"rendered":"Marcos Braz gera desconforto nos bastidores Flamengo"},"content":{"rendered":"<p>Com a evolu\u00e7\u00e3o do futebol, a prepara\u00e7\u00e3o fora das quatro linhas come\u00e7ou a ser fundamental para que um time possa ser campe\u00e3o. E naturalmente, tal cen\u00e1rio, est\u00e1 ligado aos dirigentes dos clubes, afinal, s\u00e3o eles os respons\u00e1veis pelas contrata\u00e7\u00f5es e pelas cobran\u00e7as nos bastidores.<\/p>\n<p>E no caso do Flamengo, Marcos Braz, se tornou alvo de questionamentos. Isso porque, al\u00e9m de ocupar o cargo de vice-presidente de futebol, ele tamb\u00e9m \u00e9 vereador do Rio de Janeiro. Braz foi eleito em 2020 com 40.938 votos. Ou seja, muitos torcedores questionam o fato dele ter que se dividir entre as duas fun\u00e7\u00f5es distintas.<\/p>\n<p>Por\u00e9m, tal situa\u00e7\u00e3o ganhou ainda mais evidencia nas \u00faltimas horas. Segundo o site &#8216;UOL&#8217;, o mandat\u00e1rio est\u00e1 analisando a possibilidade de se candidatar para tentar ser deputado federal. Ainda segundo o &#8216;UOL&#8217;, nos bastidores do Flamengo tal possibilidade n\u00e3o est\u00e1 sendo bem vista, o que por sua vez gerou um desconforto internamente.<\/p>\n<p>Recentemente, Braz foi questionado pela imprensa sobre este assunto. Na \u00e9poca, ele n\u00e3o deu muitos detalhes e optou apenas para afirmar que n\u00e3o tinha nenhuma decis\u00e3o tomada:<\/p>\n<p><em><strong>\u2014 Esse assunto eu tenho tempo para me posicionar, n\u00e3o \u00e9 o meu pensamento. Sempre usei todos os prazos poss\u00edveis e n\u00e3o vai ser agora que n\u00e3o vou usar. N\u00e3o tenho nenhuma decis\u00e3o, tempo \u00e9 para ser usado. Estou muito satisfeito onde estou. \u00c9 isso.<\/strong><\/em><\/p>\n<p>&nbsp;<\/p>\n","protected":false},"excerpt":{"rendered":"<p>Com a evolu\u00e7\u00e3o do futebol, a prepara\u00e7\u00e3o fora das quatro linhas come\u00e7ou a ser fundamental para que um time possa ser campe\u00e3o. E naturalmente, tal cen\u00e1rio, est\u00e1 ligado aos dirigentes dos clubes, afinal, s\u00e3o eles os respons\u00e1veis pelas contrata\u00e7\u00f5es e pelas cobran\u00e7as nos bastidores. E no caso do Flamengo, Marcos Braz, se tornou alvo de [&hellip;]<\/p>\n","protected":false},"author":2,"featured_media":46957,"comment_status":"open","ping_status":"closed","sticky":false,"template":"","format":"standard","meta":{"footnotes":""},"categories":[1],"tags":[],"class_list":["post-79399","post","type-post","status-publish","format-standard","has-post-thumbnail","hentry","category-flamengo"],"yoast_head":"<!-- This site is optimized with the Yoast SEO Premium plugin v24.2 (Yoast SEO v26.9) - https:\/\/yoast.com\/product\/yoast-seo-premium-wordpress\/ -->\n<title>Marcos Braz gera desconforto nos bastidores Flamengo<\/title>\n<meta name=\"robots\" content=\"index, follow, max-snippet:-1, max-image-preview:large, max-video-preview:-1\" \/>\n<link rel=\"canonical\" href=\"https:\/\/www.gaveanews.com\/index.php\/2022\/04\/03\/atitude-de-marcos-braz-gera-desconforto-nos-bastidores-flamengo\/\" \/>\n<meta property=\"og:locale\" content=\"pt_BR\" \/>\n<meta property=\"og:type\" content=\"article\" \/>\n<meta property=\"og:title\" content=\"Marcos Braz gera desconforto nos bastidores Flamengo\" \/>\n<meta property=\"og:description\" content=\"Com a evolu\u00e7\u00e3o do futebol, a prepara\u00e7\u00e3o fora das quatro linhas come\u00e7ou a ser fundamental para que um time possa ser campe\u00e3o. E naturalmente, tal cen\u00e1rio, est\u00e1 ligado aos dirigentes dos clubes, afinal, s\u00e3o eles os respons\u00e1veis pelas contrata\u00e7\u00f5es e pelas cobran\u00e7as nos bastidores. E no caso do Flamengo, Marcos Braz, se tornou alvo de [&hellip;]\" \/>\n<meta property=\"og:url\" content=\"https:\/\/www.gaveanews.com\/index.php\/2022\/04\/03\/atitude-de-marcos-braz-gera-desconforto-nos-bastidores-flamengo\/\" \/>\n<meta property=\"og:site_name\" content=\"G\u00e1vea News\" \/>\n<meta property=\"article:publisher\" content=\"https:\/\/facebook.com\/gaveaNews\/\" \/>\n<meta property=\"article:published_time\" content=\"2022-04-03T21:12:25+00:00\" \/>\n<meta property=\"article:modified_time\" content=\"2022-04-03T21:15:23+00:00\" \/>\n<meta property=\"og:image\" content=\"https:\/\/www.gaveanews.com\/wp-content\/uploads\/Marcos-Braz-no-gramado-do-Maracana.webp\" \/>\n\t<meta property=\"og:image:width\" content=\"799\" \/>\n\t<meta property=\"og:image:height\" content=\"532\" \/>\n\t<meta property=\"og:image:type\" content=\"image\/jpeg\" \/>\n<meta name=\"author\" content=\"Hugo Nogueira\" \/>\n<meta name=\"twitter:card\" content=\"summary_large_image\" \/>\n<meta name=\"twitter:label1\" content=\"Escrito por\" \/>\n\t<meta name=\"twitter:data1\" content=\"Hugo Nogueira\" \/>\n\t<meta name=\"twitter:label2\" content=\"Est. tempo de leitura\" \/>\n\t<meta name=\"twitter:data2\" content=\"2 minutos\" \/>\n<script type=\"application\/ld+json\" class=\"yoast-schema-graph\">{\"@context\":\"https:\/\/schema.org\",\"@graph\":[{\"@type\":\"NewsArticle\",\"@id\":\"https:\/\/www.gaveanews.com\/index.php\/2022\/04\/03\/atitude-de-marcos-braz-gera-desconforto-nos-bastidores-flamengo\/#article\",\"isPartOf\":{\"@id\":\"https:\/\/www.gaveanews.com\/index.php\/2022\/04\/03\/atitude-de-marcos-braz-gera-desconforto-nos-bastidores-flamengo\/\"},\"author\":{\"name\":\"Hugo Nogueira\",\"@id\":\"https:\/\/www.gaveanews.com\/#\/schema\/person\/3a0372021fabaeec4e7e4242cfa27841\"},\"headline\":\"Marcos Braz gera desconforto nos bastidores Flamengo\",\"datePublished\":\"2022-04-03T21:12:25+00:00\",\"dateModified\":\"2022-04-03T21:15:23+00:00\",\"mainEntityOfPage\":{\"@id\":\"https:\/\/www.gaveanews.com\/index.php\/2022\/04\/03\/atitude-de-marcos-braz-gera-desconforto-nos-bastidores-flamengo\/\"},\"wordCount\":250,\"commentCount\":0,\"image\":{\"@id\":\"https:\/\/www.gaveanews.com\/index.php\/2022\/04\/03\/atitude-de-marcos-braz-gera-desconforto-nos-bastidores-flamengo\/#primaryimage\"},\"thumbnailUrl\":\"https:\/\/www.gaveanews.com\/wp-content\/uploads\/Marcos-Braz-no-gramado-do-Maracana.webp\",\"articleSection\":[\"Flamengo\"],\"inLanguage\":\"pt-BR\",\"potentialAction\":[{\"@type\":\"CommentAction\",\"name\":\"Comment\",\"target\":[\"https:\/\/www.gaveanews.com\/index.php\/2022\/04\/03\/atitude-de-marcos-braz-gera-desconforto-nos-bastidores-flamengo\/#respond\"]}],\"copyrightYear\":\"2022\",\"copyrightHolder\":{\"@id\":\"https:\/\/www.gaveanews.com\/#organization\"}},{\"@type\":\"WebPage\",\"@id\":\"https:\/\/www.gaveanews.com\/index.php\/2022\/04\/03\/atitude-de-marcos-braz-gera-desconforto-nos-bastidores-flamengo\/\",\"url\":\"https:\/\/www.gaveanews.com\/index.php\/2022\/04\/03\/atitude-de-marcos-braz-gera-desconforto-nos-bastidores-flamengo\/\",\"name\":\"Marcos Braz gera desconforto nos bastidores Flamengo\",\"isPartOf\":{\"@id\":\"https:\/\/www.gaveanews.com\/#website\"},\"primaryImageOfPage\":{\"@id\":\"https:\/\/www.gaveanews.com\/index.php\/2022\/04\/03\/atitude-de-marcos-braz-gera-desconforto-nos-bastidores-flamengo\/#primaryimage\"},\"image\":{\"@id\":\"https:\/\/www.gaveanews.com\/index.php\/2022\/04\/03\/atitude-de-marcos-braz-gera-desconforto-nos-bastidores-flamengo\/#primaryimage\"},\"thumbnailUrl\":\"https:\/\/www.gaveanews.com\/wp-content\/uploads\/Marcos-Braz-no-gramado-do-Maracana.webp\",\"datePublished\":\"2022-04-03T21:12:25+00:00\",\"dateModified\":\"2022-04-03T21:15:23+00:00\",\"author\":{\"@id\":\"https:\/\/www.gaveanews.com\/#\/schema\/person\/3a0372021fabaeec4e7e4242cfa27841\"},\"breadcrumb\":{\"@id\":\"https:\/\/www.gaveanews.com\/index.php\/2022\/04\/03\/atitude-de-marcos-braz-gera-desconforto-nos-bastidores-flamengo\/#breadcrumb\"},\"inLanguage\":\"pt-BR\",\"potentialAction\":[{\"@type\":\"ReadAction\",\"target\":[\"https:\/\/www.gaveanews.com\/index.php\/2022\/04\/03\/atitude-de-marcos-braz-gera-desconforto-nos-bastidores-flamengo\/\"]}]},{\"@type\":\"ImageObject\",\"inLanguage\":\"pt-BR\",\"@id\":\"https:\/\/www.gaveanews.com\/index.php\/2022\/04\/03\/atitude-de-marcos-braz-gera-desconforto-nos-bastidores-flamengo\/#primaryimage\",\"url\":\"https:\/\/www.gaveanews.com\/wp-content\/uploads\/Marcos-Braz-no-gramado-do-Maracana.webp\",\"contentUrl\":\"https:\/\/www.gaveanews.com\/wp-content\/uploads\/Marcos-Braz-no-gramado-do-Maracana.webp\",\"width\":799,\"height\":532,\"caption\":\"Marcos Braz no gramado do Maracan\u00e3 (Foto: Alexandre Vidal\/Flamengo)\"},{\"@type\":\"BreadcrumbList\",\"@id\":\"https:\/\/www.gaveanews.com\/index.php\/2022\/04\/03\/atitude-de-marcos-braz-gera-desconforto-nos-bastidores-flamengo\/#breadcrumb\",\"itemListElement\":[{\"@type\":\"ListItem\",\"position\":1,\"name\":\"Home\",\"item\":\"https:\/\/www.gaveanews.com\/\"},{\"@type\":\"ListItem\",\"position\":2,\"name\":\"Marcos Braz gera desconforto nos bastidores Flamengo\"}]},{\"@type\":\"WebSite\",\"@id\":\"https:\/\/www.gaveanews.com\/#website\",\"url\":\"https:\/\/www.gaveanews.com\/\",\"name\":\"G\u00e1vea News\",\"description\":\"Veja todas as not\u00edcias sobre o Flamengo: Contrata\u00e7\u00f5es, categorias de base, resultados das partidas, tabela de classifica\u00e7\u00e3o, pr\u00f3ximos jogos!\",\"potentialAction\":[{\"@type\":\"SearchAction\",\"target\":{\"@type\":\"EntryPoint\",\"urlTemplate\":\"https:\/\/www.gaveanews.com\/?s={search_term_string}\"},\"query-input\":{\"@type\":\"PropertyValueSpecification\",\"valueRequired\":true,\"valueName\":\"search_term_string\"}}],\"inLanguage\":\"pt-BR\"},{\"@type\":\"Person\",\"@id\":\"https:\/\/www.gaveanews.com\/#\/schema\/person\/3a0372021fabaeec4e7e4242cfa27841\",\"name\":\"Hugo Nogueira\",\"image\":{\"@type\":\"ImageObject\",\"inLanguage\":\"pt-BR\",\"@id\":\"https:\/\/www.gaveanews.com\/#\/schema\/person\/image\/\",\"url\":\"https:\/\/secure.gravatar.com\/avatar\/0cdd89f3b47bb55926c08eee2db992845cfdd53f84c9fdd47a49d89b3cd40c0a?s=96&d=mm&r=g\",\"contentUrl\":\"https:\/\/secure.gravatar.com\/avatar\/0cdd89f3b47bb55926c08eee2db992845cfdd53f84c9fdd47a49d89b3cd40c0a?s=96&d=mm&r=g\",\"caption\":\"Hugo Nogueira\"}}]}<\/script>\n<!-- \/ Yoast SEO Premium plugin. -->","yoast_head_json":{"title":"Marcos Braz gera desconforto nos bastidores Flamengo","robots":{"index":"index","follow":"follow","max-snippet":"max-snippet:-1","max-image-preview":"max-image-preview:large","max-video-preview":"max-video-preview:-1"},"canonical":"https:\/\/www.gaveanews.com\/index.php\/2022\/04\/03\/atitude-de-marcos-braz-gera-desconforto-nos-bastidores-flamengo\/","og_locale":"pt_BR","og_type":"article","og_title":"Marcos Braz gera desconforto nos bastidores Flamengo","og_description":"Com a evolu\u00e7\u00e3o do futebol, a prepara\u00e7\u00e3o fora das quatro linhas come\u00e7ou a ser fundamental para que um time possa ser campe\u00e3o. E naturalmente, tal cen\u00e1rio, est\u00e1 ligado aos dirigentes dos clubes, afinal, s\u00e3o eles os respons\u00e1veis pelas contrata\u00e7\u00f5es e pelas cobran\u00e7as nos bastidores. E no caso do Flamengo, Marcos Braz, se tornou alvo de [&hellip;]","og_url":"https:\/\/www.gaveanews.com\/index.php\/2022\/04\/03\/atitude-de-marcos-braz-gera-desconforto-nos-bastidores-flamengo\/","og_site_name":"G\u00e1vea News","article_publisher":"https:\/\/facebook.com\/gaveaNews\/","article_published_time":"2022-04-03T21:12:25+00:00","article_modified_time":"2022-04-03T21:15:23+00:00","og_image":[{"width":799,"height":532,"url":"https:\/\/www.gaveanews.com\/wp-content\/uploads\/Marcos-Braz-no-gramado-do-Maracana.webp","type":"image\/jpeg"}],"author":"Hugo Nogueira","twitter_card":"summary_large_image","twitter_misc":{"Escrito por":"Hugo Nogueira","Est. tempo de leitura":"2 minutos"},"schema":{"@context":"https:\/\/schema.org","@graph":[{"@type":"NewsArticle","@id":"https:\/\/www.gaveanews.com\/index.php\/2022\/04\/03\/atitude-de-marcos-braz-gera-desconforto-nos-bastidores-flamengo\/#article","isPartOf":{"@id":"https:\/\/www.gaveanews.com\/index.php\/2022\/04\/03\/atitude-de-marcos-braz-gera-desconforto-nos-bastidores-flamengo\/"},"author":{"name":"Hugo Nogueira","@id":"https:\/\/www.gaveanews.com\/#\/schema\/person\/3a0372021fabaeec4e7e4242cfa27841"},"headline":"Marcos Braz gera desconforto nos bastidores Flamengo","datePublished":"2022-04-03T21:12:25+00:00","dateModified":"2022-04-03T21:15:23+00:00","mainEntityOfPage":{"@id":"https:\/\/www.gaveanews.com\/index.php\/2022\/04\/03\/atitude-de-marcos-braz-gera-desconforto-nos-bastidores-flamengo\/"},"wordCount":250,"commentCount":0,"image":{"@id":"https:\/\/www.gaveanews.com\/index.php\/2022\/04\/03\/atitude-de-marcos-braz-gera-desconforto-nos-bastidores-flamengo\/#primaryimage"},"thumbnailUrl":"https:\/\/www.gaveanews.com\/wp-content\/uploads\/Marcos-Braz-no-gramado-do-Maracana.webp","articleSection":["Flamengo"],"inLanguage":"pt-BR","potentialAction":[{"@type":"CommentAction","name":"Comment","target":["https:\/\/www.gaveanews.com\/index.php\/2022\/04\/03\/atitude-de-marcos-braz-gera-desconforto-nos-bastidores-flamengo\/#respond"]}],"copyrightYear":"2022","copyrightHolder":{"@id":"https:\/\/www.gaveanews.com\/#organization"}},{"@type":"WebPage","@id":"https:\/\/www.gaveanews.com\/index.php\/2022\/04\/03\/atitude-de-marcos-braz-gera-desconforto-nos-bastidores-flamengo\/","url":"https:\/\/www.gaveanews.com\/index.php\/2022\/04\/03\/atitude-de-marcos-braz-gera-desconforto-nos-bastidores-flamengo\/","name":"Marcos Braz gera desconforto nos bastidores Flamengo","isPartOf":{"@id":"https:\/\/www.gaveanews.com\/#website"},"primaryImageOfPage":{"@id":"https:\/\/www.gaveanews.com\/index.php\/2022\/04\/03\/atitude-de-marcos-braz-gera-desconforto-nos-bastidores-flamengo\/#primaryimage"},"image":{"@id":"https:\/\/www.gaveanews.com\/index.php\/2022\/04\/03\/atitude-de-marcos-braz-gera-desconforto-nos-bastidores-flamengo\/#primaryimage"},"thumbnailUrl":"https:\/\/www.gaveanews.com\/wp-content\/uploads\/Marcos-Braz-no-gramado-do-Maracana.webp","datePublished":"2022-04-03T21:12:25+00:00","dateModified":"2022-04-03T21:15:23+00:00","author":{"@id":"https:\/\/www.gaveanews.com\/#\/schema\/person\/3a0372021fabaeec4e7e4242cfa27841"},"breadcrumb":{"@id":"https:\/\/www.gaveanews.com\/index.php\/2022\/04\/03\/atitude-de-marcos-braz-gera-desconforto-nos-bastidores-flamengo\/#breadcrumb"},"inLanguage":"pt-BR","potentialAction":[{"@type":"ReadAction","target":["https:\/\/www.gaveanews.com\/index.php\/2022\/04\/03\/atitude-de-marcos-braz-gera-desconforto-nos-bastidores-flamengo\/"]}]},{"@type":"ImageObject","inLanguage":"pt-BR","@id":"https:\/\/www.gaveanews.com\/index.php\/2022\/04\/03\/atitude-de-marcos-braz-gera-desconforto-nos-bastidores-flamengo\/#primaryimage","url":"https:\/\/www.gaveanews.com\/wp-content\/uploads\/Marcos-Braz-no-gramado-do-Maracana.webp","contentUrl":"https:\/\/www.gaveanews.com\/wp-content\/uploads\/Marcos-Braz-no-gramado-do-Maracana.webp","width":799,"height":532,"caption":"Marcos Braz no gramado do Maracan\u00e3 (Foto: Alexandre Vidal\/Flamengo)"},{"@type":"BreadcrumbList","@id":"https:\/\/www.gaveanews.com\/index.php\/2022\/04\/03\/atitude-de-marcos-braz-gera-desconforto-nos-bastidores-flamengo\/#breadcrumb","itemListElement":[{"@type":"ListItem","position":1,"name":"Home","item":"https:\/\/www.gaveanews.com\/"},{"@type":"ListItem","position":2,"name":"Marcos Braz gera desconforto nos bastidores Flamengo"}]},{"@type":"WebSite","@id":"https:\/\/www.gaveanews.com\/#website","url":"https:\/\/www.gaveanews.com\/","name":"G\u00e1vea News","description":"Veja todas as not\u00edcias sobre o Flamengo: Contrata\u00e7\u00f5es, categorias de base, resultados das partidas, tabela de classifica\u00e7\u00e3o, pr\u00f3ximos jogos!","potentialAction":[{"@type":"SearchAction","target":{"@type":"EntryPoint","urlTemplate":"https:\/\/www.gaveanews.com\/?s={search_term_string}"},"query-input":{"@type":"PropertyValueSpecification","valueRequired":true,"valueName":"search_term_string"}}],"inLanguage":"pt-BR"},{"@type":"Person","@id":"https:\/\/www.gaveanews.com\/#\/schema\/person\/3a0372021fabaeec4e7e4242cfa27841","name":"Hugo Nogueira","image":{"@type":"ImageObject","inLanguage":"pt-BR","@id":"https:\/\/www.gaveanews.com\/#\/schema\/person\/image\/","url":"https:\/\/secure.gravatar.com\/avatar\/0cdd89f3b47bb55926c08eee2db992845cfdd53f84c9fdd47a49d89b3cd40c0a?s=96&d=mm&r=g","contentUrl":"https:\/\/secure.gravatar.com\/avatar\/0cdd89f3b47bb55926c08eee2db992845cfdd53f84c9fdd47a49d89b3cd40c0a?s=96&d=mm&r=g","caption":"Hugo Nogueira"}}]}},"_links":{"self":[{"href":"https:\/\/www.gaveanews.com\/index.php\/wp-json\/wp\/v2\/posts\/79399","targetHints":{"allow":["GET"]}}],"collection":[{"href":"https:\/\/www.gaveanews.com\/index.php\/wp-json\/wp\/v2\/posts"}],"about":[{"href":"https:\/\/www.gaveanews.com\/index.php\/wp-json\/wp\/v2\/types\/post"}],"author":[{"embeddable":true,"href":"https:\/\/www.gaveanews.com\/index.php\/wp-json\/wp\/v2\/users\/2"}],"replies":[{"embeddable":true,"href":"https:\/\/www.gaveanews.com\/index.php\/wp-json\/wp\/v2\/comments?post=79399"}],"version-history":[{"count":0,"href":"https:\/\/www.gaveanews.com\/index.php\/wp-json\/wp\/v2\/posts\/79399\/revisions"}],"wp:featuredmedia":[{"embeddable":true,"href":"https:\/\/www.gaveanews.com\/index.php\/wp-json\/wp\/v2\/media\/46957"}],"wp:attachment":[{"href":"https:\/\/www.gaveanews.com\/index.php\/wp-json\/wp\/v2\/media?parent=79399"}],"wp:term":[{"taxonomy":"category","embeddable":true,"href":"https:\/\/www.gaveanews.com\/index.php\/wp-json\/wp\/v2\/categories?post=79399"},{"taxonomy":"post_tag","embeddable":true,"href":"https:\/\/www.gaveanews.com\/index.php\/wp-json\/wp\/v2\/tags?post=79399"}],"curies":[{"name":"wp","href":"https:\/\/api.w.org\/{rel}","templated":true}]}}