{"id":79412,"date":"2022-04-03T21:38:27","date_gmt":"2022-04-04T00:38:27","guid":{"rendered":"https:\/\/www.gaveanews.com\/?p=79412"},"modified":"2022-04-03T21:38:27","modified_gmt":"2022-04-04T00:38:27","slug":"flamengo-pode-desistir-da-compra-de-andreas-pereira-junto-ao-manchester-united","status":"publish","type":"post","link":"https:\/\/www.gaveanews.com\/index.php\/2022\/04\/03\/flamengo-pode-desistir-da-compra-de-andreas-pereira-junto-ao-manchester-united\/","title":{"rendered":"Flamengo pode desistir da compra de Andreas Pereira junto ao Manchester United"},"content":{"rendered":"<p>Acordo fechado em fevereiro, documentos trocados, artes prontas para divulga\u00e7\u00e3o nas redes sociais e restando apenas a assinatura de contrato para oficializar o fico de Andreas Pereira em definitivo, mas o Flamengo, nos \u00faltimos dias, reavaliou o investimento e estuda desistir da compra do volante junto ao Manchester United.<\/p>\n<p>Antes mesmo de Marcos Braz e Bruno Spindel viajarem para a Europa, no come\u00e7o de fevereiro, para se reunir com o Manchester e acertar a compra de Andreas Pereira, os dois dirigentes do Departamento de Futebol sofreram press\u00e3o de outros vice-presidentes para n\u00e3o sacramentarem a opera\u00e7\u00e3o, pois entendiam, \u00e0 \u00e9poca, que o investimento era arriscado.<\/p>\n<p>Depois de alguns dias em Londres, Braz e Spindel chegaram a um acordo com o Manchester e finalizaram a compra de 75% de Andreas Pereira por 10,5 milh\u00f5es de euros, cerca de R$ 52 milh\u00f5es pela cota\u00e7\u00e3o atual. As partes chegaram a trocar documentos, e o Departamento de Comunica\u00e7\u00e3o do clube preparou, inclusive, a arte para divulgar nas redes sociais.<\/p>\n<p>Eis que um problema jur\u00eddico, envolvendo Flamengo e Banco Central, com risco de penhroa de mais de R$ 100 milh\u00f5es, fez com que Rodolfo Landim mandasse travar todas as negocia\u00e7\u00f5es e que a compra de Andreas n\u00e3o fosse finalizada.<\/p>\n<p>O tempo passou, Andreas caiu de rendimento, voltou a falhar (no jogo contra o Vasco, pelo Carioca), ficou no banco e a press\u00e3o interna para que a compra n\u00e3o seja feita aumentou. De um lado, o Departamento de Futebol disposto a cumprir o combinado. Do outro, a ala da c\u00fapula que \u00e9 contra o investimento, com direito a integrantes do Conselho de Futebol. A queda de bra\u00e7o est\u00e1 formada, e quem decidir\u00e1 \u00e9 o presidente Rodolfo Landim.<\/p>\n<p>Empres\u00e1rios de Andreas Pereira garantem que n\u00e3o foram comunicados pelo Flamengo da desist\u00eancia e afirmam que Landim deu a palavra ao jogador que a opera\u00e7\u00e3o seria finalizada. O entendimento do Departamento de Futebol \u00e9 que h\u00e1 tempo para a situa\u00e7\u00e3o ser definida.<\/p>\n<p>Vale ressaltar que, desde ent\u00e3o, tr\u00eas atletas j\u00e1 foram contratados de maneira oficial: o zagueiro Pablo, que custou 15 milh\u00f5es de reais junto ao Lokomotiv, da R\u00fassia, o lateral Ayrton Lucas (chegou por empr\u00e9stimo junto ao Spartak, da R\u00fassia) e o goleiro Santos, atleta que o Flamengo desembolsou 15 milh\u00f5es de reais para tirar do Athletico.<\/p>\n<p>Tamb\u00e9m h\u00e1 uma preocupa\u00e7\u00e3o com a credibilidade do Flamengo no mercado europeu, pois a palavra j\u00e1 havia sido dada ao Manchester United. O time ingl\u00eas mant\u00e9m tem o desejo de negociar o volante, que tem mercado na Europa ainda, e aguarda a palavra final do Rubro-Negro carioca.<\/p>\n<p>Retirado de: O Dia<\/p>\n","protected":false},"excerpt":{"rendered":"<p>Acordo fechado em fevereiro, documentos trocados, artes prontas para divulga\u00e7\u00e3o nas redes sociais e restando apenas a assinatura de contrato para oficializar o fico de Andreas Pereira em definitivo, mas o Flamengo, nos \u00faltimos dias, reavaliou o investimento e estuda desistir da compra do volante junto ao Manchester United. Antes mesmo de Marcos Braz e [&hellip;]<\/p>\n","protected":false},"author":1,"featured_media":76871,"comment_status":"open","ping_status":"closed","sticky":false,"template":"","format":"standard","meta":{"footnotes":""},"categories":[1],"tags":[],"class_list":["post-79412","post","type-post","status-publish","format-standard","has-post-thumbnail","hentry","category-flamengo"],"yoast_head":"<!-- This site is optimized with the Yoast SEO Premium plugin v24.2 (Yoast SEO v26.9) - https:\/\/yoast.com\/product\/yoast-seo-premium-wordpress\/ -->\n<title>Flamengo pode desistir da compra de Andreas Pereira junto ao Manchester United<\/title>\n<meta name=\"robots\" content=\"index, follow, max-snippet:-1, max-image-preview:large, max-video-preview:-1\" \/>\n<link rel=\"canonical\" href=\"https:\/\/www.gaveanews.com\/index.php\/2022\/04\/03\/flamengo-pode-desistir-da-compra-de-andreas-pereira-junto-ao-manchester-united\/\" \/>\n<meta property=\"og:locale\" content=\"pt_BR\" \/>\n<meta property=\"og:type\" content=\"article\" \/>\n<meta property=\"og:title\" content=\"Flamengo pode desistir da compra de Andreas Pereira junto ao Manchester United\" \/>\n<meta property=\"og:description\" content=\"Acordo fechado em fevereiro, documentos trocados, artes prontas para divulga\u00e7\u00e3o nas redes sociais e restando apenas a assinatura de contrato para oficializar o fico de Andreas Pereira em definitivo, mas o Flamengo, nos \u00faltimos dias, reavaliou o investimento e estuda desistir da compra do volante junto ao Manchester United. Antes mesmo de Marcos Braz e [&hellip;]\" \/>\n<meta property=\"og:url\" content=\"https:\/\/www.gaveanews.com\/index.php\/2022\/04\/03\/flamengo-pode-desistir-da-compra-de-andreas-pereira-junto-ao-manchester-united\/\" \/>\n<meta property=\"og:site_name\" content=\"G\u00e1vea News\" \/>\n<meta property=\"article:publisher\" content=\"https:\/\/facebook.com\/gaveaNews\/\" \/>\n<meta property=\"article:published_time\" content=\"2022-04-04T00:38:27+00:00\" \/>\n<meta property=\"og:image\" content=\"https:\/\/www.gaveanews.com\/wp-content\/uploads\/Andreas-Pereira-em-acao-pelo-Flamengo-contra-o-Madureira-pelo-Campeonato-Carioca.webp\" \/>\n\t<meta property=\"og:image:width\" content=\"800\" \/>\n\t<meta property=\"og:image:height\" content=\"533\" \/>\n\t<meta property=\"og:image:type\" content=\"image\/jpeg\" \/>\n<meta name=\"author\" content=\"Equipe G\u00e1vea News\" \/>\n<meta name=\"twitter:card\" content=\"summary_large_image\" \/>\n<meta name=\"twitter:label1\" content=\"Escrito por\" \/>\n\t<meta name=\"twitter:data1\" content=\"Equipe G\u00e1vea News\" \/>\n\t<meta name=\"twitter:label2\" content=\"Est. tempo de leitura\" \/>\n\t<meta name=\"twitter:data2\" content=\"3 minutos\" \/>\n<script type=\"application\/ld+json\" class=\"yoast-schema-graph\">{\"@context\":\"https:\/\/schema.org\",\"@graph\":[{\"@type\":\"NewsArticle\",\"@id\":\"https:\/\/www.gaveanews.com\/index.php\/2022\/04\/03\/flamengo-pode-desistir-da-compra-de-andreas-pereira-junto-ao-manchester-united\/#article\",\"isPartOf\":{\"@id\":\"https:\/\/www.gaveanews.com\/index.php\/2022\/04\/03\/flamengo-pode-desistir-da-compra-de-andreas-pereira-junto-ao-manchester-united\/\"},\"author\":{\"name\":\"Equipe G\u00e1vea News\",\"@id\":\"https:\/\/www.gaveanews.com\/#\/schema\/person\/2ec14f73fb96be2caf28f91afb14749d\"},\"headline\":\"Flamengo pode desistir da compra de Andreas Pereira junto ao Manchester United\",\"datePublished\":\"2022-04-04T00:38:27+00:00\",\"mainEntityOfPage\":{\"@id\":\"https:\/\/www.gaveanews.com\/index.php\/2022\/04\/03\/flamengo-pode-desistir-da-compra-de-andreas-pereira-junto-ao-manchester-united\/\"},\"wordCount\":464,\"commentCount\":0,\"image\":{\"@id\":\"https:\/\/www.gaveanews.com\/index.php\/2022\/04\/03\/flamengo-pode-desistir-da-compra-de-andreas-pereira-junto-ao-manchester-united\/#primaryimage\"},\"thumbnailUrl\":\"https:\/\/www.gaveanews.com\/wp-content\/uploads\/Andreas-Pereira-em-acao-pelo-Flamengo-contra-o-Madureira-pelo-Campeonato-Carioca.webp\",\"articleSection\":[\"Flamengo\"],\"inLanguage\":\"pt-BR\",\"potentialAction\":[{\"@type\":\"CommentAction\",\"name\":\"Comment\",\"target\":[\"https:\/\/www.gaveanews.com\/index.php\/2022\/04\/03\/flamengo-pode-desistir-da-compra-de-andreas-pereira-junto-ao-manchester-united\/#respond\"]}],\"copyrightYear\":\"2022\",\"copyrightHolder\":{\"@id\":\"https:\/\/www.gaveanews.com\/#organization\"}},{\"@type\":\"WebPage\",\"@id\":\"https:\/\/www.gaveanews.com\/index.php\/2022\/04\/03\/flamengo-pode-desistir-da-compra-de-andreas-pereira-junto-ao-manchester-united\/\",\"url\":\"https:\/\/www.gaveanews.com\/index.php\/2022\/04\/03\/flamengo-pode-desistir-da-compra-de-andreas-pereira-junto-ao-manchester-united\/\",\"name\":\"Flamengo pode desistir da compra de Andreas Pereira junto ao Manchester United\",\"isPartOf\":{\"@id\":\"https:\/\/www.gaveanews.com\/#website\"},\"primaryImageOfPage\":{\"@id\":\"https:\/\/www.gaveanews.com\/index.php\/2022\/04\/03\/flamengo-pode-desistir-da-compra-de-andreas-pereira-junto-ao-manchester-united\/#primaryimage\"},\"image\":{\"@id\":\"https:\/\/www.gaveanews.com\/index.php\/2022\/04\/03\/flamengo-pode-desistir-da-compra-de-andreas-pereira-junto-ao-manchester-united\/#primaryimage\"},\"thumbnailUrl\":\"https:\/\/www.gaveanews.com\/wp-content\/uploads\/Andreas-Pereira-em-acao-pelo-Flamengo-contra-o-Madureira-pelo-Campeonato-Carioca.webp\",\"datePublished\":\"2022-04-04T00:38:27+00:00\",\"author\":{\"@id\":\"https:\/\/www.gaveanews.com\/#\/schema\/person\/2ec14f73fb96be2caf28f91afb14749d\"},\"breadcrumb\":{\"@id\":\"https:\/\/www.gaveanews.com\/index.php\/2022\/04\/03\/flamengo-pode-desistir-da-compra-de-andreas-pereira-junto-ao-manchester-united\/#breadcrumb\"},\"inLanguage\":\"pt-BR\",\"potentialAction\":[{\"@type\":\"ReadAction\",\"target\":[\"https:\/\/www.gaveanews.com\/index.php\/2022\/04\/03\/flamengo-pode-desistir-da-compra-de-andreas-pereira-junto-ao-manchester-united\/\"]}]},{\"@type\":\"ImageObject\",\"inLanguage\":\"pt-BR\",\"@id\":\"https:\/\/www.gaveanews.com\/index.php\/2022\/04\/03\/flamengo-pode-desistir-da-compra-de-andreas-pereira-junto-ao-manchester-united\/#primaryimage\",\"url\":\"https:\/\/www.gaveanews.com\/wp-content\/uploads\/Andreas-Pereira-em-acao-pelo-Flamengo-contra-o-Madureira-pelo-Campeonato-Carioca.webp\",\"contentUrl\":\"https:\/\/www.gaveanews.com\/wp-content\/uploads\/Andreas-Pereira-em-acao-pelo-Flamengo-contra-o-Madureira-pelo-Campeonato-Carioca.webp\",\"width\":800,\"height\":533,\"caption\":\"Andreas Pereira em a\u00e7\u00e3o pelo Flamengo contra o Madureira pelo Campeonato Carioca (Foto: Marcelo Cortes\/Flamengo)\"},{\"@type\":\"BreadcrumbList\",\"@id\":\"https:\/\/www.gaveanews.com\/index.php\/2022\/04\/03\/flamengo-pode-desistir-da-compra-de-andreas-pereira-junto-ao-manchester-united\/#breadcrumb\",\"itemListElement\":[{\"@type\":\"ListItem\",\"position\":1,\"name\":\"Home\",\"item\":\"https:\/\/www.gaveanews.com\/\"},{\"@type\":\"ListItem\",\"position\":2,\"name\":\"Flamengo pode desistir da compra de Andreas Pereira junto ao Manchester United\"}]},{\"@type\":\"WebSite\",\"@id\":\"https:\/\/www.gaveanews.com\/#website\",\"url\":\"https:\/\/www.gaveanews.com\/\",\"name\":\"G\u00e1vea News\",\"description\":\"Veja todas as not\u00edcias sobre o Flamengo: Contrata\u00e7\u00f5es, categorias de base, resultados das partidas, tabela de classifica\u00e7\u00e3o, pr\u00f3ximos jogos!\",\"potentialAction\":[{\"@type\":\"SearchAction\",\"target\":{\"@type\":\"EntryPoint\",\"urlTemplate\":\"https:\/\/www.gaveanews.com\/?s={search_term_string}\"},\"query-input\":{\"@type\":\"PropertyValueSpecification\",\"valueRequired\":true,\"valueName\":\"search_term_string\"}}],\"inLanguage\":\"pt-BR\"},{\"@type\":\"Person\",\"@id\":\"https:\/\/www.gaveanews.com\/#\/schema\/person\/2ec14f73fb96be2caf28f91afb14749d\",\"name\":\"Equipe G\u00e1vea News\",\"image\":{\"@type\":\"ImageObject\",\"inLanguage\":\"pt-BR\",\"@id\":\"https:\/\/www.gaveanews.com\/#\/schema\/person\/image\/\",\"url\":\"https:\/\/secure.gravatar.com\/avatar\/1e1956f1facbffd3f8fa53a326721950116b3b9dc9bd44939c01180fd4a745a9?s=96&d=mm&r=g\",\"contentUrl\":\"https:\/\/secure.gravatar.com\/avatar\/1e1956f1facbffd3f8fa53a326721950116b3b9dc9bd44939c01180fd4a745a9?s=96&d=mm&r=g\",\"caption\":\"Equipe G\u00e1vea News\"}}]}<\/script>\n<!-- \/ Yoast SEO Premium plugin. -->","yoast_head_json":{"title":"Flamengo pode desistir da compra de Andreas Pereira junto ao Manchester United","robots":{"index":"index","follow":"follow","max-snippet":"max-snippet:-1","max-image-preview":"max-image-preview:large","max-video-preview":"max-video-preview:-1"},"canonical":"https:\/\/www.gaveanews.com\/index.php\/2022\/04\/03\/flamengo-pode-desistir-da-compra-de-andreas-pereira-junto-ao-manchester-united\/","og_locale":"pt_BR","og_type":"article","og_title":"Flamengo pode desistir da compra de Andreas Pereira junto ao Manchester United","og_description":"Acordo fechado em fevereiro, documentos trocados, artes prontas para divulga\u00e7\u00e3o nas redes sociais e restando apenas a assinatura de contrato para oficializar o fico de Andreas Pereira em definitivo, mas o Flamengo, nos \u00faltimos dias, reavaliou o investimento e estuda desistir da compra do volante junto ao Manchester United. Antes mesmo de Marcos Braz e [&hellip;]","og_url":"https:\/\/www.gaveanews.com\/index.php\/2022\/04\/03\/flamengo-pode-desistir-da-compra-de-andreas-pereira-junto-ao-manchester-united\/","og_site_name":"G\u00e1vea News","article_publisher":"https:\/\/facebook.com\/gaveaNews\/","article_published_time":"2022-04-04T00:38:27+00:00","og_image":[{"width":800,"height":533,"url":"https:\/\/www.gaveanews.com\/wp-content\/uploads\/Andreas-Pereira-em-acao-pelo-Flamengo-contra-o-Madureira-pelo-Campeonato-Carioca.webp","type":"image\/jpeg"}],"author":"Equipe G\u00e1vea News","twitter_card":"summary_large_image","twitter_misc":{"Escrito por":"Equipe G\u00e1vea News","Est. tempo de leitura":"3 minutos"},"schema":{"@context":"https:\/\/schema.org","@graph":[{"@type":"NewsArticle","@id":"https:\/\/www.gaveanews.com\/index.php\/2022\/04\/03\/flamengo-pode-desistir-da-compra-de-andreas-pereira-junto-ao-manchester-united\/#article","isPartOf":{"@id":"https:\/\/www.gaveanews.com\/index.php\/2022\/04\/03\/flamengo-pode-desistir-da-compra-de-andreas-pereira-junto-ao-manchester-united\/"},"author":{"name":"Equipe G\u00e1vea News","@id":"https:\/\/www.gaveanews.com\/#\/schema\/person\/2ec14f73fb96be2caf28f91afb14749d"},"headline":"Flamengo pode desistir da compra de Andreas Pereira junto ao Manchester United","datePublished":"2022-04-04T00:38:27+00:00","mainEntityOfPage":{"@id":"https:\/\/www.gaveanews.com\/index.php\/2022\/04\/03\/flamengo-pode-desistir-da-compra-de-andreas-pereira-junto-ao-manchester-united\/"},"wordCount":464,"commentCount":0,"image":{"@id":"https:\/\/www.gaveanews.com\/index.php\/2022\/04\/03\/flamengo-pode-desistir-da-compra-de-andreas-pereira-junto-ao-manchester-united\/#primaryimage"},"thumbnailUrl":"https:\/\/www.gaveanews.com\/wp-content\/uploads\/Andreas-Pereira-em-acao-pelo-Flamengo-contra-o-Madureira-pelo-Campeonato-Carioca.webp","articleSection":["Flamengo"],"inLanguage":"pt-BR","potentialAction":[{"@type":"CommentAction","name":"Comment","target":["https:\/\/www.gaveanews.com\/index.php\/2022\/04\/03\/flamengo-pode-desistir-da-compra-de-andreas-pereira-junto-ao-manchester-united\/#respond"]}],"copyrightYear":"2022","copyrightHolder":{"@id":"https:\/\/www.gaveanews.com\/#organization"}},{"@type":"WebPage","@id":"https:\/\/www.gaveanews.com\/index.php\/2022\/04\/03\/flamengo-pode-desistir-da-compra-de-andreas-pereira-junto-ao-manchester-united\/","url":"https:\/\/www.gaveanews.com\/index.php\/2022\/04\/03\/flamengo-pode-desistir-da-compra-de-andreas-pereira-junto-ao-manchester-united\/","name":"Flamengo pode desistir da compra de Andreas Pereira junto ao Manchester United","isPartOf":{"@id":"https:\/\/www.gaveanews.com\/#website"},"primaryImageOfPage":{"@id":"https:\/\/www.gaveanews.com\/index.php\/2022\/04\/03\/flamengo-pode-desistir-da-compra-de-andreas-pereira-junto-ao-manchester-united\/#primaryimage"},"image":{"@id":"https:\/\/www.gaveanews.com\/index.php\/2022\/04\/03\/flamengo-pode-desistir-da-compra-de-andreas-pereira-junto-ao-manchester-united\/#primaryimage"},"thumbnailUrl":"https:\/\/www.gaveanews.com\/wp-content\/uploads\/Andreas-Pereira-em-acao-pelo-Flamengo-contra-o-Madureira-pelo-Campeonato-Carioca.webp","datePublished":"2022-04-04T00:38:27+00:00","author":{"@id":"https:\/\/www.gaveanews.com\/#\/schema\/person\/2ec14f73fb96be2caf28f91afb14749d"},"breadcrumb":{"@id":"https:\/\/www.gaveanews.com\/index.php\/2022\/04\/03\/flamengo-pode-desistir-da-compra-de-andreas-pereira-junto-ao-manchester-united\/#breadcrumb"},"inLanguage":"pt-BR","potentialAction":[{"@type":"ReadAction","target":["https:\/\/www.gaveanews.com\/index.php\/2022\/04\/03\/flamengo-pode-desistir-da-compra-de-andreas-pereira-junto-ao-manchester-united\/"]}]},{"@type":"ImageObject","inLanguage":"pt-BR","@id":"https:\/\/www.gaveanews.com\/index.php\/2022\/04\/03\/flamengo-pode-desistir-da-compra-de-andreas-pereira-junto-ao-manchester-united\/#primaryimage","url":"https:\/\/www.gaveanews.com\/wp-content\/uploads\/Andreas-Pereira-em-acao-pelo-Flamengo-contra-o-Madureira-pelo-Campeonato-Carioca.webp","contentUrl":"https:\/\/www.gaveanews.com\/wp-content\/uploads\/Andreas-Pereira-em-acao-pelo-Flamengo-contra-o-Madureira-pelo-Campeonato-Carioca.webp","width":800,"height":533,"caption":"Andreas Pereira em a\u00e7\u00e3o pelo Flamengo contra o Madureira pelo Campeonato Carioca (Foto: Marcelo Cortes\/Flamengo)"},{"@type":"BreadcrumbList","@id":"https:\/\/www.gaveanews.com\/index.php\/2022\/04\/03\/flamengo-pode-desistir-da-compra-de-andreas-pereira-junto-ao-manchester-united\/#breadcrumb","itemListElement":[{"@type":"ListItem","position":1,"name":"Home","item":"https:\/\/www.gaveanews.com\/"},{"@type":"ListItem","position":2,"name":"Flamengo pode desistir da compra de Andreas Pereira junto ao Manchester United"}]},{"@type":"WebSite","@id":"https:\/\/www.gaveanews.com\/#website","url":"https:\/\/www.gaveanews.com\/","name":"G\u00e1vea News","description":"Veja todas as not\u00edcias sobre o Flamengo: Contrata\u00e7\u00f5es, categorias de base, resultados das partidas, tabela de classifica\u00e7\u00e3o, pr\u00f3ximos jogos!","potentialAction":[{"@type":"SearchAction","target":{"@type":"EntryPoint","urlTemplate":"https:\/\/www.gaveanews.com\/?s={search_term_string}"},"query-input":{"@type":"PropertyValueSpecification","valueRequired":true,"valueName":"search_term_string"}}],"inLanguage":"pt-BR"},{"@type":"Person","@id":"https:\/\/www.gaveanews.com\/#\/schema\/person\/2ec14f73fb96be2caf28f91afb14749d","name":"Equipe G\u00e1vea News","image":{"@type":"ImageObject","inLanguage":"pt-BR","@id":"https:\/\/www.gaveanews.com\/#\/schema\/person\/image\/","url":"https:\/\/secure.gravatar.com\/avatar\/1e1956f1facbffd3f8fa53a326721950116b3b9dc9bd44939c01180fd4a745a9?s=96&d=mm&r=g","contentUrl":"https:\/\/secure.gravatar.com\/avatar\/1e1956f1facbffd3f8fa53a326721950116b3b9dc9bd44939c01180fd4a745a9?s=96&d=mm&r=g","caption":"Equipe G\u00e1vea News"}}]}},"_links":{"self":[{"href":"https:\/\/www.gaveanews.com\/index.php\/wp-json\/wp\/v2\/posts\/79412","targetHints":{"allow":["GET"]}}],"collection":[{"href":"https:\/\/www.gaveanews.com\/index.php\/wp-json\/wp\/v2\/posts"}],"about":[{"href":"https:\/\/www.gaveanews.com\/index.php\/wp-json\/wp\/v2\/types\/post"}],"author":[{"embeddable":true,"href":"https:\/\/www.gaveanews.com\/index.php\/wp-json\/wp\/v2\/users\/1"}],"replies":[{"embeddable":true,"href":"https:\/\/www.gaveanews.com\/index.php\/wp-json\/wp\/v2\/comments?post=79412"}],"version-history":[{"count":0,"href":"https:\/\/www.gaveanews.com\/index.php\/wp-json\/wp\/v2\/posts\/79412\/revisions"}],"wp:featuredmedia":[{"embeddable":true,"href":"https:\/\/www.gaveanews.com\/index.php\/wp-json\/wp\/v2\/media\/76871"}],"wp:attachment":[{"href":"https:\/\/www.gaveanews.com\/index.php\/wp-json\/wp\/v2\/media?parent=79412"}],"wp:term":[{"taxonomy":"category","embeddable":true,"href":"https:\/\/www.gaveanews.com\/index.php\/wp-json\/wp\/v2\/categories?post=79412"},{"taxonomy":"post_tag","embeddable":true,"href":"https:\/\/www.gaveanews.com\/index.php\/wp-json\/wp\/v2\/tags?post=79412"}],"curies":[{"name":"wp","href":"https:\/\/api.w.org\/{rel}","templated":true}]}}