{"id":79414,"date":"2022-04-03T22:51:51","date_gmt":"2022-04-04T01:51:51","guid":{"rendered":"https:\/\/www.gaveanews.com\/?p=79414"},"modified":"2022-04-03T22:51:51","modified_gmt":"2022-04-04T01:51:51","slug":"boca-juniors-tem-interesse-na-contratacao-de-mauricio-isla-do-flamengo","status":"publish","type":"post","link":"https:\/\/www.gaveanews.com\/index.php\/2022\/04\/03\/boca-juniors-tem-interesse-na-contratacao-de-mauricio-isla-do-flamengo\/","title":{"rendered":"Boca Juniors tem interesse na contrata\u00e7\u00e3o de Maur\u00edcio Isla, do Flamengo"},"content":{"rendered":"<p>O Boca Juniors v\u00ea no Flamengo um time para se refor\u00e7ar na temporada de 2022 e, por isso, pode estar tentando a contrata\u00e7\u00e3o de um jogador sem tanto prest\u00edgio com Paulo Sousa no ano de 2022.<\/p>\n<p>A informa\u00e7\u00e3o \u00e9 que o lateral Isla estaria no radar do clube e, sem prest\u00edgio com Paulo Sousa, o jogador pudesse trocar o Flamengo pelo Boca Junior, visando ter mais minutos em campo. De acordo com a TNT Sports, as negocia\u00e7\u00f5es pelo jogador ainda n\u00e3o foram iniciadas, no entanto, o Rubro-Negro n\u00e3o deve impor muita resist\u00eancia.<\/p>\n<p>\u00c9 importante lembrar que o atleta chileno n\u00e3o faz parte dos planos do t\u00e9cnico Paulo Sousa no clube e os cariocas buscam um destino para o jogador, sendo o Boca Juniors um dos poss\u00edveis destinos de Isla para a temporada de 2022.<\/p>\n<div class=\"entry-content no-share\">\n<div class=\"content-inner \">\n<h2><strong>Boca Juniors ignora caso de indisciplina de Isla no Flamengo<\/strong><\/h2>\n<p>A equipe do Boca Juniors quer o lateral do Flamengo e ignora o recente caso de indisciplina de Isla, onde o chileno alegou estar debilitado fisicamente e foi flagrado em uma no mesmo dia em que pediu dispensa do clube carioca.<\/p>\n<div class=\"code-block code-block-12\">\n<div id=\"dmp-v-par-2\" class=\"plabel\">A pol\u00eamica envolvendo o lateral Isla aconteceu no final do m\u00eas de fevereiro, onde o jogador foi flagrado em uma festa ap\u00f3s apresentar sintomas de mal-estar ao Departamento M\u00e9dico do clube. O atleta teria dito ao Flamengo que n\u00e3o estava se sentindo bem e n\u00e3o foi relacionado pelo Meng\u00e3o para uma partida do Campeonato Carioca.<\/div>\n<\/div>\n<p>Alvo do Boca Juniors, Mauricio Isla foi contratado pelo Flamengo em 2020 para ser o substituto de Rafinha, que tinha deixado a equipe para jogar na Gr\u00e9cia. S\u00e3o praticamente dois anos no clube, com 71 partidas, 2 gols e 10 assist\u00eancias no total.<\/p>\n<\/div>\n<\/div>\n<div class=\"jeg_share_bottom_container\">\n<div class=\"jeg_share_button share-bottom clearfix\">\n<div class=\"jeg_sharelist\">Retirado de: Torcedores<\/div>\n<\/div>\n<\/div>\n","protected":false},"excerpt":{"rendered":"<p>O Boca Juniors v\u00ea no Flamengo um time para se refor\u00e7ar na temporada de 2022 e, por isso, pode estar tentando a contrata\u00e7\u00e3o de um jogador sem tanto prest\u00edgio com Paulo Sousa no ano de 2022. A informa\u00e7\u00e3o \u00e9 que o lateral Isla estaria no radar do clube e, sem prest\u00edgio com Paulo Sousa, o [&hellip;]<\/p>\n","protected":false},"author":1,"featured_media":69059,"comment_status":"open","ping_status":"closed","sticky":false,"template":"","format":"standard","meta":{"footnotes":""},"categories":[48],"tags":[],"class_list":["post-79414","post","type-post","status-publish","format-standard","has-post-thumbnail","hentry","category-negociacoes"],"yoast_head":"<!-- This site is optimized with the Yoast SEO Premium plugin v24.2 (Yoast SEO v26.9) - https:\/\/yoast.com\/product\/yoast-seo-premium-wordpress\/ -->\n<title>Boca Juniors tem interesse na contrata\u00e7\u00e3o de Maur\u00edcio Isla, do Flamengo<\/title>\n<meta name=\"robots\" content=\"index, follow, max-snippet:-1, max-image-preview:large, max-video-preview:-1\" \/>\n<link rel=\"canonical\" href=\"https:\/\/www.gaveanews.com\/index.php\/2022\/04\/03\/boca-juniors-tem-interesse-na-contratacao-de-mauricio-isla-do-flamengo\/\" \/>\n<meta property=\"og:locale\" content=\"pt_BR\" \/>\n<meta property=\"og:type\" content=\"article\" \/>\n<meta property=\"og:title\" content=\"Boca Juniors tem interesse na contrata\u00e7\u00e3o de Maur\u00edcio Isla, do Flamengo\" \/>\n<meta property=\"og:description\" content=\"O Boca Juniors v\u00ea no Flamengo um time para se refor\u00e7ar na temporada de 2022 e, por isso, pode estar tentando a contrata\u00e7\u00e3o de um jogador sem tanto prest\u00edgio com Paulo Sousa no ano de 2022. A informa\u00e7\u00e3o \u00e9 que o lateral Isla estaria no radar do clube e, sem prest\u00edgio com Paulo Sousa, o [&hellip;]\" \/>\n<meta property=\"og:url\" content=\"https:\/\/www.gaveanews.com\/index.php\/2022\/04\/03\/boca-juniors-tem-interesse-na-contratacao-de-mauricio-isla-do-flamengo\/\" \/>\n<meta property=\"og:site_name\" content=\"G\u00e1vea News\" \/>\n<meta property=\"article:publisher\" content=\"https:\/\/facebook.com\/gaveaNews\/\" \/>\n<meta property=\"article:published_time\" content=\"2022-04-04T01:51:51+00:00\" \/>\n<meta property=\"og:image\" content=\"https:\/\/www.gaveanews.com\/wp-content\/uploads\/Isla-e-Arrascaeta-em-treino-do-Flamengo-no-hotel-antes-de-jogo-pelas-semifinais-da-Libertadores.webp\" \/>\n\t<meta property=\"og:image:width\" content=\"800\" \/>\n\t<meta property=\"og:image:height\" content=\"533\" \/>\n\t<meta property=\"og:image:type\" content=\"image\/jpeg\" \/>\n<meta name=\"author\" content=\"Equipe G\u00e1vea News\" \/>\n<meta name=\"twitter:card\" content=\"summary_large_image\" \/>\n<meta name=\"twitter:label1\" content=\"Escrito por\" \/>\n\t<meta name=\"twitter:data1\" content=\"Equipe G\u00e1vea News\" \/>\n\t<meta name=\"twitter:label2\" content=\"Est. tempo de leitura\" \/>\n\t<meta name=\"twitter:data2\" content=\"2 minutos\" \/>\n<script type=\"application\/ld+json\" class=\"yoast-schema-graph\">{\"@context\":\"https:\/\/schema.org\",\"@graph\":[{\"@type\":\"NewsArticle\",\"@id\":\"https:\/\/www.gaveanews.com\/index.php\/2022\/04\/03\/boca-juniors-tem-interesse-na-contratacao-de-mauricio-isla-do-flamengo\/#article\",\"isPartOf\":{\"@id\":\"https:\/\/www.gaveanews.com\/index.php\/2022\/04\/03\/boca-juniors-tem-interesse-na-contratacao-de-mauricio-isla-do-flamengo\/\"},\"author\":{\"name\":\"Equipe G\u00e1vea News\",\"@id\":\"https:\/\/www.gaveanews.com\/#\/schema\/person\/2ec14f73fb96be2caf28f91afb14749d\"},\"headline\":\"Boca Juniors tem interesse na contrata\u00e7\u00e3o de Maur\u00edcio Isla, do Flamengo\",\"datePublished\":\"2022-04-04T01:51:51+00:00\",\"mainEntityOfPage\":{\"@id\":\"https:\/\/www.gaveanews.com\/index.php\/2022\/04\/03\/boca-juniors-tem-interesse-na-contratacao-de-mauricio-isla-do-flamengo\/\"},\"wordCount\":312,\"commentCount\":0,\"image\":{\"@id\":\"https:\/\/www.gaveanews.com\/index.php\/2022\/04\/03\/boca-juniors-tem-interesse-na-contratacao-de-mauricio-isla-do-flamengo\/#primaryimage\"},\"thumbnailUrl\":\"https:\/\/www.gaveanews.com\/wp-content\/uploads\/Isla-e-Arrascaeta-em-treino-do-Flamengo-no-hotel-antes-de-jogo-pelas-semifinais-da-Libertadores.webp\",\"articleSection\":[\"Negocia\u00e7\u00f5es\"],\"inLanguage\":\"pt-BR\",\"potentialAction\":[{\"@type\":\"CommentAction\",\"name\":\"Comment\",\"target\":[\"https:\/\/www.gaveanews.com\/index.php\/2022\/04\/03\/boca-juniors-tem-interesse-na-contratacao-de-mauricio-isla-do-flamengo\/#respond\"]}],\"copyrightYear\":\"2022\",\"copyrightHolder\":{\"@id\":\"https:\/\/www.gaveanews.com\/#organization\"}},{\"@type\":\"WebPage\",\"@id\":\"https:\/\/www.gaveanews.com\/index.php\/2022\/04\/03\/boca-juniors-tem-interesse-na-contratacao-de-mauricio-isla-do-flamengo\/\",\"url\":\"https:\/\/www.gaveanews.com\/index.php\/2022\/04\/03\/boca-juniors-tem-interesse-na-contratacao-de-mauricio-isla-do-flamengo\/\",\"name\":\"Boca Juniors tem interesse na contrata\u00e7\u00e3o de Maur\u00edcio Isla, do Flamengo\",\"isPartOf\":{\"@id\":\"https:\/\/www.gaveanews.com\/#website\"},\"primaryImageOfPage\":{\"@id\":\"https:\/\/www.gaveanews.com\/index.php\/2022\/04\/03\/boca-juniors-tem-interesse-na-contratacao-de-mauricio-isla-do-flamengo\/#primaryimage\"},\"image\":{\"@id\":\"https:\/\/www.gaveanews.com\/index.php\/2022\/04\/03\/boca-juniors-tem-interesse-na-contratacao-de-mauricio-isla-do-flamengo\/#primaryimage\"},\"thumbnailUrl\":\"https:\/\/www.gaveanews.com\/wp-content\/uploads\/Isla-e-Arrascaeta-em-treino-do-Flamengo-no-hotel-antes-de-jogo-pelas-semifinais-da-Libertadores.webp\",\"datePublished\":\"2022-04-04T01:51:51+00:00\",\"author\":{\"@id\":\"https:\/\/www.gaveanews.com\/#\/schema\/person\/2ec14f73fb96be2caf28f91afb14749d\"},\"breadcrumb\":{\"@id\":\"https:\/\/www.gaveanews.com\/index.php\/2022\/04\/03\/boca-juniors-tem-interesse-na-contratacao-de-mauricio-isla-do-flamengo\/#breadcrumb\"},\"inLanguage\":\"pt-BR\",\"potentialAction\":[{\"@type\":\"ReadAction\",\"target\":[\"https:\/\/www.gaveanews.com\/index.php\/2022\/04\/03\/boca-juniors-tem-interesse-na-contratacao-de-mauricio-isla-do-flamengo\/\"]}]},{\"@type\":\"ImageObject\",\"inLanguage\":\"pt-BR\",\"@id\":\"https:\/\/www.gaveanews.com\/index.php\/2022\/04\/03\/boca-juniors-tem-interesse-na-contratacao-de-mauricio-isla-do-flamengo\/#primaryimage\",\"url\":\"https:\/\/www.gaveanews.com\/wp-content\/uploads\/Isla-e-Arrascaeta-em-treino-do-Flamengo-no-hotel-antes-de-jogo-pelas-semifinais-da-Libertadores.webp\",\"contentUrl\":\"https:\/\/www.gaveanews.com\/wp-content\/uploads\/Isla-e-Arrascaeta-em-treino-do-Flamengo-no-hotel-antes-de-jogo-pelas-semifinais-da-Libertadores.webp\",\"width\":800,\"height\":533,\"caption\":\"Isla e Arrascaeta em treino do Flamengo no hotel antes de jogo pelas semifinais da Libertadores (Foto: Marcelo Cortes\/Flamengo)\"},{\"@type\":\"BreadcrumbList\",\"@id\":\"https:\/\/www.gaveanews.com\/index.php\/2022\/04\/03\/boca-juniors-tem-interesse-na-contratacao-de-mauricio-isla-do-flamengo\/#breadcrumb\",\"itemListElement\":[{\"@type\":\"ListItem\",\"position\":1,\"name\":\"Home\",\"item\":\"https:\/\/www.gaveanews.com\/\"},{\"@type\":\"ListItem\",\"position\":2,\"name\":\"Boca Juniors tem interesse na contrata\u00e7\u00e3o de Maur\u00edcio Isla, do Flamengo\"}]},{\"@type\":\"WebSite\",\"@id\":\"https:\/\/www.gaveanews.com\/#website\",\"url\":\"https:\/\/www.gaveanews.com\/\",\"name\":\"G\u00e1vea News\",\"description\":\"Veja todas as not\u00edcias sobre o Flamengo: Contrata\u00e7\u00f5es, categorias de base, resultados das partidas, tabela de classifica\u00e7\u00e3o, pr\u00f3ximos jogos!\",\"potentialAction\":[{\"@type\":\"SearchAction\",\"target\":{\"@type\":\"EntryPoint\",\"urlTemplate\":\"https:\/\/www.gaveanews.com\/?s={search_term_string}\"},\"query-input\":{\"@type\":\"PropertyValueSpecification\",\"valueRequired\":true,\"valueName\":\"search_term_string\"}}],\"inLanguage\":\"pt-BR\"},{\"@type\":\"Person\",\"@id\":\"https:\/\/www.gaveanews.com\/#\/schema\/person\/2ec14f73fb96be2caf28f91afb14749d\",\"name\":\"Equipe G\u00e1vea News\",\"image\":{\"@type\":\"ImageObject\",\"inLanguage\":\"pt-BR\",\"@id\":\"https:\/\/www.gaveanews.com\/#\/schema\/person\/image\/\",\"url\":\"https:\/\/secure.gravatar.com\/avatar\/1e1956f1facbffd3f8fa53a326721950116b3b9dc9bd44939c01180fd4a745a9?s=96&d=mm&r=g\",\"contentUrl\":\"https:\/\/secure.gravatar.com\/avatar\/1e1956f1facbffd3f8fa53a326721950116b3b9dc9bd44939c01180fd4a745a9?s=96&d=mm&r=g\",\"caption\":\"Equipe G\u00e1vea News\"}}]}<\/script>\n<!-- \/ Yoast SEO Premium plugin. -->","yoast_head_json":{"title":"Boca Juniors tem interesse na contrata\u00e7\u00e3o de Maur\u00edcio Isla, do Flamengo","robots":{"index":"index","follow":"follow","max-snippet":"max-snippet:-1","max-image-preview":"max-image-preview:large","max-video-preview":"max-video-preview:-1"},"canonical":"https:\/\/www.gaveanews.com\/index.php\/2022\/04\/03\/boca-juniors-tem-interesse-na-contratacao-de-mauricio-isla-do-flamengo\/","og_locale":"pt_BR","og_type":"article","og_title":"Boca Juniors tem interesse na contrata\u00e7\u00e3o de Maur\u00edcio Isla, do Flamengo","og_description":"O Boca Juniors v\u00ea no Flamengo um time para se refor\u00e7ar na temporada de 2022 e, por isso, pode estar tentando a contrata\u00e7\u00e3o de um jogador sem tanto prest\u00edgio com Paulo Sousa no ano de 2022. A informa\u00e7\u00e3o \u00e9 que o lateral Isla estaria no radar do clube e, sem prest\u00edgio com Paulo Sousa, o [&hellip;]","og_url":"https:\/\/www.gaveanews.com\/index.php\/2022\/04\/03\/boca-juniors-tem-interesse-na-contratacao-de-mauricio-isla-do-flamengo\/","og_site_name":"G\u00e1vea News","article_publisher":"https:\/\/facebook.com\/gaveaNews\/","article_published_time":"2022-04-04T01:51:51+00:00","og_image":[{"width":800,"height":533,"url":"https:\/\/www.gaveanews.com\/wp-content\/uploads\/Isla-e-Arrascaeta-em-treino-do-Flamengo-no-hotel-antes-de-jogo-pelas-semifinais-da-Libertadores.webp","type":"image\/jpeg"}],"author":"Equipe G\u00e1vea News","twitter_card":"summary_large_image","twitter_misc":{"Escrito por":"Equipe G\u00e1vea News","Est. tempo de leitura":"2 minutos"},"schema":{"@context":"https:\/\/schema.org","@graph":[{"@type":"NewsArticle","@id":"https:\/\/www.gaveanews.com\/index.php\/2022\/04\/03\/boca-juniors-tem-interesse-na-contratacao-de-mauricio-isla-do-flamengo\/#article","isPartOf":{"@id":"https:\/\/www.gaveanews.com\/index.php\/2022\/04\/03\/boca-juniors-tem-interesse-na-contratacao-de-mauricio-isla-do-flamengo\/"},"author":{"name":"Equipe G\u00e1vea News","@id":"https:\/\/www.gaveanews.com\/#\/schema\/person\/2ec14f73fb96be2caf28f91afb14749d"},"headline":"Boca Juniors tem interesse na contrata\u00e7\u00e3o de Maur\u00edcio Isla, do Flamengo","datePublished":"2022-04-04T01:51:51+00:00","mainEntityOfPage":{"@id":"https:\/\/www.gaveanews.com\/index.php\/2022\/04\/03\/boca-juniors-tem-interesse-na-contratacao-de-mauricio-isla-do-flamengo\/"},"wordCount":312,"commentCount":0,"image":{"@id":"https:\/\/www.gaveanews.com\/index.php\/2022\/04\/03\/boca-juniors-tem-interesse-na-contratacao-de-mauricio-isla-do-flamengo\/#primaryimage"},"thumbnailUrl":"https:\/\/www.gaveanews.com\/wp-content\/uploads\/Isla-e-Arrascaeta-em-treino-do-Flamengo-no-hotel-antes-de-jogo-pelas-semifinais-da-Libertadores.webp","articleSection":["Negocia\u00e7\u00f5es"],"inLanguage":"pt-BR","potentialAction":[{"@type":"CommentAction","name":"Comment","target":["https:\/\/www.gaveanews.com\/index.php\/2022\/04\/03\/boca-juniors-tem-interesse-na-contratacao-de-mauricio-isla-do-flamengo\/#respond"]}],"copyrightYear":"2022","copyrightHolder":{"@id":"https:\/\/www.gaveanews.com\/#organization"}},{"@type":"WebPage","@id":"https:\/\/www.gaveanews.com\/index.php\/2022\/04\/03\/boca-juniors-tem-interesse-na-contratacao-de-mauricio-isla-do-flamengo\/","url":"https:\/\/www.gaveanews.com\/index.php\/2022\/04\/03\/boca-juniors-tem-interesse-na-contratacao-de-mauricio-isla-do-flamengo\/","name":"Boca Juniors tem interesse na contrata\u00e7\u00e3o de Maur\u00edcio Isla, do Flamengo","isPartOf":{"@id":"https:\/\/www.gaveanews.com\/#website"},"primaryImageOfPage":{"@id":"https:\/\/www.gaveanews.com\/index.php\/2022\/04\/03\/boca-juniors-tem-interesse-na-contratacao-de-mauricio-isla-do-flamengo\/#primaryimage"},"image":{"@id":"https:\/\/www.gaveanews.com\/index.php\/2022\/04\/03\/boca-juniors-tem-interesse-na-contratacao-de-mauricio-isla-do-flamengo\/#primaryimage"},"thumbnailUrl":"https:\/\/www.gaveanews.com\/wp-content\/uploads\/Isla-e-Arrascaeta-em-treino-do-Flamengo-no-hotel-antes-de-jogo-pelas-semifinais-da-Libertadores.webp","datePublished":"2022-04-04T01:51:51+00:00","author":{"@id":"https:\/\/www.gaveanews.com\/#\/schema\/person\/2ec14f73fb96be2caf28f91afb14749d"},"breadcrumb":{"@id":"https:\/\/www.gaveanews.com\/index.php\/2022\/04\/03\/boca-juniors-tem-interesse-na-contratacao-de-mauricio-isla-do-flamengo\/#breadcrumb"},"inLanguage":"pt-BR","potentialAction":[{"@type":"ReadAction","target":["https:\/\/www.gaveanews.com\/index.php\/2022\/04\/03\/boca-juniors-tem-interesse-na-contratacao-de-mauricio-isla-do-flamengo\/"]}]},{"@type":"ImageObject","inLanguage":"pt-BR","@id":"https:\/\/www.gaveanews.com\/index.php\/2022\/04\/03\/boca-juniors-tem-interesse-na-contratacao-de-mauricio-isla-do-flamengo\/#primaryimage","url":"https:\/\/www.gaveanews.com\/wp-content\/uploads\/Isla-e-Arrascaeta-em-treino-do-Flamengo-no-hotel-antes-de-jogo-pelas-semifinais-da-Libertadores.webp","contentUrl":"https:\/\/www.gaveanews.com\/wp-content\/uploads\/Isla-e-Arrascaeta-em-treino-do-Flamengo-no-hotel-antes-de-jogo-pelas-semifinais-da-Libertadores.webp","width":800,"height":533,"caption":"Isla e Arrascaeta em treino do Flamengo no hotel antes de jogo pelas semifinais da Libertadores (Foto: Marcelo Cortes\/Flamengo)"},{"@type":"BreadcrumbList","@id":"https:\/\/www.gaveanews.com\/index.php\/2022\/04\/03\/boca-juniors-tem-interesse-na-contratacao-de-mauricio-isla-do-flamengo\/#breadcrumb","itemListElement":[{"@type":"ListItem","position":1,"name":"Home","item":"https:\/\/www.gaveanews.com\/"},{"@type":"ListItem","position":2,"name":"Boca Juniors tem interesse na contrata\u00e7\u00e3o de Maur\u00edcio Isla, do Flamengo"}]},{"@type":"WebSite","@id":"https:\/\/www.gaveanews.com\/#website","url":"https:\/\/www.gaveanews.com\/","name":"G\u00e1vea News","description":"Veja todas as not\u00edcias sobre o Flamengo: Contrata\u00e7\u00f5es, categorias de base, resultados das partidas, tabela de classifica\u00e7\u00e3o, pr\u00f3ximos jogos!","potentialAction":[{"@type":"SearchAction","target":{"@type":"EntryPoint","urlTemplate":"https:\/\/www.gaveanews.com\/?s={search_term_string}"},"query-input":{"@type":"PropertyValueSpecification","valueRequired":true,"valueName":"search_term_string"}}],"inLanguage":"pt-BR"},{"@type":"Person","@id":"https:\/\/www.gaveanews.com\/#\/schema\/person\/2ec14f73fb96be2caf28f91afb14749d","name":"Equipe G\u00e1vea News","image":{"@type":"ImageObject","inLanguage":"pt-BR","@id":"https:\/\/www.gaveanews.com\/#\/schema\/person\/image\/","url":"https:\/\/secure.gravatar.com\/avatar\/1e1956f1facbffd3f8fa53a326721950116b3b9dc9bd44939c01180fd4a745a9?s=96&d=mm&r=g","contentUrl":"https:\/\/secure.gravatar.com\/avatar\/1e1956f1facbffd3f8fa53a326721950116b3b9dc9bd44939c01180fd4a745a9?s=96&d=mm&r=g","caption":"Equipe G\u00e1vea News"}}]}},"_links":{"self":[{"href":"https:\/\/www.gaveanews.com\/index.php\/wp-json\/wp\/v2\/posts\/79414","targetHints":{"allow":["GET"]}}],"collection":[{"href":"https:\/\/www.gaveanews.com\/index.php\/wp-json\/wp\/v2\/posts"}],"about":[{"href":"https:\/\/www.gaveanews.com\/index.php\/wp-json\/wp\/v2\/types\/post"}],"author":[{"embeddable":true,"href":"https:\/\/www.gaveanews.com\/index.php\/wp-json\/wp\/v2\/users\/1"}],"replies":[{"embeddable":true,"href":"https:\/\/www.gaveanews.com\/index.php\/wp-json\/wp\/v2\/comments?post=79414"}],"version-history":[{"count":0,"href":"https:\/\/www.gaveanews.com\/index.php\/wp-json\/wp\/v2\/posts\/79414\/revisions"}],"wp:featuredmedia":[{"embeddable":true,"href":"https:\/\/www.gaveanews.com\/index.php\/wp-json\/wp\/v2\/media\/69059"}],"wp:attachment":[{"href":"https:\/\/www.gaveanews.com\/index.php\/wp-json\/wp\/v2\/media?parent=79414"}],"wp:term":[{"taxonomy":"category","embeddable":true,"href":"https:\/\/www.gaveanews.com\/index.php\/wp-json\/wp\/v2\/categories?post=79414"},{"taxonomy":"post_tag","embeddable":true,"href":"https:\/\/www.gaveanews.com\/index.php\/wp-json\/wp\/v2\/tags?post=79414"}],"curies":[{"name":"wp","href":"https:\/\/api.w.org\/{rel}","templated":true}]}}