{"id":79416,"date":"2022-04-03T23:06:58","date_gmt":"2022-04-04T02:06:58","guid":{"rendered":"https:\/\/www.gaveanews.com\/?p=79416"},"modified":"2022-04-03T23:06:58","modified_gmt":"2022-04-04T02:06:58","slug":"flamengo-acerta-a-saida-do-lateral-ramon","status":"publish","type":"post","link":"https:\/\/www.gaveanews.com\/index.php\/2022\/04\/03\/flamengo-acerta-a-saida-do-lateral-ramon\/","title":{"rendered":"Flamengo acerta a sa\u00edda do lateral Ramon"},"content":{"rendered":"<p>O lateral-esquerdo Ramon ter\u00e1 um novo clube para atuar em 2022. Segundo o \u2018Uol\u2019, o jovem atleta de 21 anos ser\u00e1 emprestado ao Red Bull Bragantino, que tamb\u00e9m disputa a S\u00e9rie A do Campeonato Brasileiro. Ainda de acordo com o Uol, o atleta pode voltar a qualquer hora que o Rubro-Negro solicitar. Al\u00e9m disso, n\u00e3o h\u00e1 valor fixado pelo empr\u00e9stimo.<\/p>\n<p>Um fator extracampo acabou prejudicando a forma recente de Ramon como jogador. O atleta foi denunciado pelo Minist\u00e9rio Publico do Rio de Janeiro. A situa\u00e7\u00e3o foio atropelamento que ocasionou na morte do ciclista Jonatas Davi dos Santos. O fato lament\u00e1vel aconteceu no dia 04 de dezembro, pr\u00f3ximo \u00e0 esta\u00e7\u00e3o Interlagos, do BRT, no Rio de Janeiro. Ap\u00f3s o acidente, foi o pr\u00f3prio Ramon quem prestou o socorro imediato e acionou o atendimento \u00e0 v\u00edtima. Apesar de ser socorrido com vida, o ciclista n\u00e3o resistiu aos ferimentos e faleceu no hospital.<\/p>\n<p>Na investiga\u00e7\u00e3o, foi apontado que o atleta dirigia um ve\u00edculo Honda Civic e estava a 102 quil\u00f4metros por hora quando colidiu com o ciclista. A vers\u00e3o, por\u00e9m, \u00e9 contestada pelos representantes do lateral-esquerdo; que disseram constar uma velocidade menor no inqu\u00e9rito policial.<\/p>\n<h2>Estreia na Libertadores<\/h2>\n<p>O Flamengo estreia na Libertadores nesta ter\u00e7a-feira (5), \u00e0s 21h30, fora de casa diante do Sporting Crystal, do Peru. J\u00e1 o Red Bull Bragantino, novo clube de Ramon, far\u00e1 sua estreia na competi\u00e7\u00e3o na quarta-feira (6), em casa, diante do Nacional do Uruguai.<\/p>\n<p>Pelo Campeonato Carioca, o Flamengo ficou com a vice-coloca\u00e7\u00e3o. O Rubro-Negro foi derrotado por 2 a 0 no jogo de ida e empatou por 1 a 1 na volta contra o Fluminense. O Massa Bruta caiu nas semifinais do Paulist\u00e3o ap\u00f3s ser eliminado pelo Palmeiras, campe\u00e3o da competi\u00e7\u00e3o.<\/p>\n<p>Retirado de: Torcedores<\/p>\n","protected":false},"excerpt":{"rendered":"<p>O lateral-esquerdo Ramon ter\u00e1 um novo clube para atuar em 2022. Segundo o \u2018Uol\u2019, o jovem atleta de 21 anos ser\u00e1 emprestado ao Red Bull Bragantino, que tamb\u00e9m disputa a S\u00e9rie A do Campeonato Brasileiro. Ainda de acordo com o Uol, o atleta pode voltar a qualquer hora que o Rubro-Negro solicitar. Al\u00e9m disso, n\u00e3o [&hellip;]<\/p>\n","protected":false},"author":1,"featured_media":71307,"comment_status":"open","ping_status":"closed","sticky":false,"template":"","format":"standard","meta":{"footnotes":""},"categories":[48],"tags":[],"class_list":["post-79416","post","type-post","status-publish","format-standard","has-post-thumbnail","hentry","category-negociacoes"],"yoast_head":"<!-- This site is optimized with the Yoast SEO Premium plugin v24.2 (Yoast SEO v26.9) - https:\/\/yoast.com\/product\/yoast-seo-premium-wordpress\/ -->\n<title>Flamengo acerta a sa\u00edda do lateral Ramon<\/title>\n<meta name=\"robots\" content=\"index, follow, max-snippet:-1, max-image-preview:large, max-video-preview:-1\" \/>\n<link rel=\"canonical\" href=\"https:\/\/www.gaveanews.com\/index.php\/2022\/04\/03\/flamengo-acerta-a-saida-do-lateral-ramon\/\" \/>\n<meta property=\"og:locale\" content=\"pt_BR\" \/>\n<meta property=\"og:type\" content=\"article\" \/>\n<meta property=\"og:title\" content=\"Flamengo acerta a sa\u00edda do lateral Ramon\" \/>\n<meta property=\"og:description\" content=\"O lateral-esquerdo Ramon ter\u00e1 um novo clube para atuar em 2022. Segundo o \u2018Uol\u2019, o jovem atleta de 21 anos ser\u00e1 emprestado ao Red Bull Bragantino, que tamb\u00e9m disputa a S\u00e9rie A do Campeonato Brasileiro. Ainda de acordo com o Uol, o atleta pode voltar a qualquer hora que o Rubro-Negro solicitar. Al\u00e9m disso, n\u00e3o [&hellip;]\" \/>\n<meta property=\"og:url\" content=\"https:\/\/www.gaveanews.com\/index.php\/2022\/04\/03\/flamengo-acerta-a-saida-do-lateral-ramon\/\" \/>\n<meta property=\"og:site_name\" content=\"G\u00e1vea News\" \/>\n<meta property=\"article:publisher\" content=\"https:\/\/facebook.com\/gaveaNews\/\" \/>\n<meta property=\"article:published_time\" content=\"2022-04-04T02:06:58+00:00\" \/>\n<meta property=\"og:image\" content=\"https:\/\/www.gaveanews.com\/wp-content\/uploads\/Ramon-durante-o-jogo-entre-Flamengo-e-Atletico-GO-pelo-Campeonato-Brasileiro-de-2021.webp\" \/>\n\t<meta property=\"og:image:width\" content=\"799\" \/>\n\t<meta property=\"og:image:height\" content=\"533\" \/>\n\t<meta property=\"og:image:type\" content=\"image\/jpeg\" \/>\n<meta name=\"author\" content=\"Equipe G\u00e1vea News\" \/>\n<meta name=\"twitter:card\" content=\"summary_large_image\" \/>\n<meta name=\"twitter:label1\" content=\"Escrito por\" \/>\n\t<meta name=\"twitter:data1\" content=\"Equipe G\u00e1vea News\" \/>\n\t<meta name=\"twitter:label2\" content=\"Est. tempo de leitura\" \/>\n\t<meta name=\"twitter:data2\" content=\"2 minutos\" \/>\n<script type=\"application\/ld+json\" class=\"yoast-schema-graph\">{\"@context\":\"https:\/\/schema.org\",\"@graph\":[{\"@type\":\"NewsArticle\",\"@id\":\"https:\/\/www.gaveanews.com\/index.php\/2022\/04\/03\/flamengo-acerta-a-saida-do-lateral-ramon\/#article\",\"isPartOf\":{\"@id\":\"https:\/\/www.gaveanews.com\/index.php\/2022\/04\/03\/flamengo-acerta-a-saida-do-lateral-ramon\/\"},\"author\":{\"name\":\"Equipe G\u00e1vea News\",\"@id\":\"https:\/\/www.gaveanews.com\/#\/schema\/person\/2ec14f73fb96be2caf28f91afb14749d\"},\"headline\":\"Flamengo acerta a sa\u00edda do lateral Ramon\",\"datePublished\":\"2022-04-04T02:06:58+00:00\",\"mainEntityOfPage\":{\"@id\":\"https:\/\/www.gaveanews.com\/index.php\/2022\/04\/03\/flamengo-acerta-a-saida-do-lateral-ramon\/\"},\"wordCount\":311,\"commentCount\":0,\"image\":{\"@id\":\"https:\/\/www.gaveanews.com\/index.php\/2022\/04\/03\/flamengo-acerta-a-saida-do-lateral-ramon\/#primaryimage\"},\"thumbnailUrl\":\"https:\/\/www.gaveanews.com\/wp-content\/uploads\/Ramon-durante-o-jogo-entre-Flamengo-e-Atletico-GO-pelo-Campeonato-Brasileiro-de-2021.webp\",\"articleSection\":[\"Negocia\u00e7\u00f5es\"],\"inLanguage\":\"pt-BR\",\"potentialAction\":[{\"@type\":\"CommentAction\",\"name\":\"Comment\",\"target\":[\"https:\/\/www.gaveanews.com\/index.php\/2022\/04\/03\/flamengo-acerta-a-saida-do-lateral-ramon\/#respond\"]}],\"copyrightYear\":\"2022\",\"copyrightHolder\":{\"@id\":\"https:\/\/www.gaveanews.com\/#organization\"}},{\"@type\":\"WebPage\",\"@id\":\"https:\/\/www.gaveanews.com\/index.php\/2022\/04\/03\/flamengo-acerta-a-saida-do-lateral-ramon\/\",\"url\":\"https:\/\/www.gaveanews.com\/index.php\/2022\/04\/03\/flamengo-acerta-a-saida-do-lateral-ramon\/\",\"name\":\"Flamengo acerta a sa\u00edda do lateral Ramon\",\"isPartOf\":{\"@id\":\"https:\/\/www.gaveanews.com\/#website\"},\"primaryImageOfPage\":{\"@id\":\"https:\/\/www.gaveanews.com\/index.php\/2022\/04\/03\/flamengo-acerta-a-saida-do-lateral-ramon\/#primaryimage\"},\"image\":{\"@id\":\"https:\/\/www.gaveanews.com\/index.php\/2022\/04\/03\/flamengo-acerta-a-saida-do-lateral-ramon\/#primaryimage\"},\"thumbnailUrl\":\"https:\/\/www.gaveanews.com\/wp-content\/uploads\/Ramon-durante-o-jogo-entre-Flamengo-e-Atletico-GO-pelo-Campeonato-Brasileiro-de-2021.webp\",\"datePublished\":\"2022-04-04T02:06:58+00:00\",\"author\":{\"@id\":\"https:\/\/www.gaveanews.com\/#\/schema\/person\/2ec14f73fb96be2caf28f91afb14749d\"},\"breadcrumb\":{\"@id\":\"https:\/\/www.gaveanews.com\/index.php\/2022\/04\/03\/flamengo-acerta-a-saida-do-lateral-ramon\/#breadcrumb\"},\"inLanguage\":\"pt-BR\",\"potentialAction\":[{\"@type\":\"ReadAction\",\"target\":[\"https:\/\/www.gaveanews.com\/index.php\/2022\/04\/03\/flamengo-acerta-a-saida-do-lateral-ramon\/\"]}]},{\"@type\":\"ImageObject\",\"inLanguage\":\"pt-BR\",\"@id\":\"https:\/\/www.gaveanews.com\/index.php\/2022\/04\/03\/flamengo-acerta-a-saida-do-lateral-ramon\/#primaryimage\",\"url\":\"https:\/\/www.gaveanews.com\/wp-content\/uploads\/Ramon-durante-o-jogo-entre-Flamengo-e-Atletico-GO-pelo-Campeonato-Brasileiro-de-2021.webp\",\"contentUrl\":\"https:\/\/www.gaveanews.com\/wp-content\/uploads\/Ramon-durante-o-jogo-entre-Flamengo-e-Atletico-GO-pelo-Campeonato-Brasileiro-de-2021.webp\",\"width\":799,\"height\":533,\"caption\":\"Ramon durante o jogo entre Flamengo e Atl\u00e9tico-GO pelo Campeonato Brasileiro de 2021 (Foto: Alexandre Vidal\/Flamengo)\"},{\"@type\":\"BreadcrumbList\",\"@id\":\"https:\/\/www.gaveanews.com\/index.php\/2022\/04\/03\/flamengo-acerta-a-saida-do-lateral-ramon\/#breadcrumb\",\"itemListElement\":[{\"@type\":\"ListItem\",\"position\":1,\"name\":\"Home\",\"item\":\"https:\/\/www.gaveanews.com\/\"},{\"@type\":\"ListItem\",\"position\":2,\"name\":\"Flamengo acerta a sa\u00edda do lateral Ramon\"}]},{\"@type\":\"WebSite\",\"@id\":\"https:\/\/www.gaveanews.com\/#website\",\"url\":\"https:\/\/www.gaveanews.com\/\",\"name\":\"G\u00e1vea News\",\"description\":\"Veja todas as not\u00edcias sobre o Flamengo: Contrata\u00e7\u00f5es, categorias de base, resultados das partidas, tabela de classifica\u00e7\u00e3o, pr\u00f3ximos jogos!\",\"potentialAction\":[{\"@type\":\"SearchAction\",\"target\":{\"@type\":\"EntryPoint\",\"urlTemplate\":\"https:\/\/www.gaveanews.com\/?s={search_term_string}\"},\"query-input\":{\"@type\":\"PropertyValueSpecification\",\"valueRequired\":true,\"valueName\":\"search_term_string\"}}],\"inLanguage\":\"pt-BR\"},{\"@type\":\"Person\",\"@id\":\"https:\/\/www.gaveanews.com\/#\/schema\/person\/2ec14f73fb96be2caf28f91afb14749d\",\"name\":\"Equipe G\u00e1vea News\",\"image\":{\"@type\":\"ImageObject\",\"inLanguage\":\"pt-BR\",\"@id\":\"https:\/\/www.gaveanews.com\/#\/schema\/person\/image\/\",\"url\":\"https:\/\/secure.gravatar.com\/avatar\/1e1956f1facbffd3f8fa53a326721950116b3b9dc9bd44939c01180fd4a745a9?s=96&d=mm&r=g\",\"contentUrl\":\"https:\/\/secure.gravatar.com\/avatar\/1e1956f1facbffd3f8fa53a326721950116b3b9dc9bd44939c01180fd4a745a9?s=96&d=mm&r=g\",\"caption\":\"Equipe G\u00e1vea News\"}}]}<\/script>\n<!-- \/ Yoast SEO Premium plugin. -->","yoast_head_json":{"title":"Flamengo acerta a sa\u00edda do lateral Ramon","robots":{"index":"index","follow":"follow","max-snippet":"max-snippet:-1","max-image-preview":"max-image-preview:large","max-video-preview":"max-video-preview:-1"},"canonical":"https:\/\/www.gaveanews.com\/index.php\/2022\/04\/03\/flamengo-acerta-a-saida-do-lateral-ramon\/","og_locale":"pt_BR","og_type":"article","og_title":"Flamengo acerta a sa\u00edda do lateral Ramon","og_description":"O lateral-esquerdo Ramon ter\u00e1 um novo clube para atuar em 2022. Segundo o \u2018Uol\u2019, o jovem atleta de 21 anos ser\u00e1 emprestado ao Red Bull Bragantino, que tamb\u00e9m disputa a S\u00e9rie A do Campeonato Brasileiro. Ainda de acordo com o Uol, o atleta pode voltar a qualquer hora que o Rubro-Negro solicitar. Al\u00e9m disso, n\u00e3o [&hellip;]","og_url":"https:\/\/www.gaveanews.com\/index.php\/2022\/04\/03\/flamengo-acerta-a-saida-do-lateral-ramon\/","og_site_name":"G\u00e1vea News","article_publisher":"https:\/\/facebook.com\/gaveaNews\/","article_published_time":"2022-04-04T02:06:58+00:00","og_image":[{"width":799,"height":533,"url":"https:\/\/www.gaveanews.com\/wp-content\/uploads\/Ramon-durante-o-jogo-entre-Flamengo-e-Atletico-GO-pelo-Campeonato-Brasileiro-de-2021.webp","type":"image\/jpeg"}],"author":"Equipe G\u00e1vea News","twitter_card":"summary_large_image","twitter_misc":{"Escrito por":"Equipe G\u00e1vea News","Est. tempo de leitura":"2 minutos"},"schema":{"@context":"https:\/\/schema.org","@graph":[{"@type":"NewsArticle","@id":"https:\/\/www.gaveanews.com\/index.php\/2022\/04\/03\/flamengo-acerta-a-saida-do-lateral-ramon\/#article","isPartOf":{"@id":"https:\/\/www.gaveanews.com\/index.php\/2022\/04\/03\/flamengo-acerta-a-saida-do-lateral-ramon\/"},"author":{"name":"Equipe G\u00e1vea News","@id":"https:\/\/www.gaveanews.com\/#\/schema\/person\/2ec14f73fb96be2caf28f91afb14749d"},"headline":"Flamengo acerta a sa\u00edda do lateral Ramon","datePublished":"2022-04-04T02:06:58+00:00","mainEntityOfPage":{"@id":"https:\/\/www.gaveanews.com\/index.php\/2022\/04\/03\/flamengo-acerta-a-saida-do-lateral-ramon\/"},"wordCount":311,"commentCount":0,"image":{"@id":"https:\/\/www.gaveanews.com\/index.php\/2022\/04\/03\/flamengo-acerta-a-saida-do-lateral-ramon\/#primaryimage"},"thumbnailUrl":"https:\/\/www.gaveanews.com\/wp-content\/uploads\/Ramon-durante-o-jogo-entre-Flamengo-e-Atletico-GO-pelo-Campeonato-Brasileiro-de-2021.webp","articleSection":["Negocia\u00e7\u00f5es"],"inLanguage":"pt-BR","potentialAction":[{"@type":"CommentAction","name":"Comment","target":["https:\/\/www.gaveanews.com\/index.php\/2022\/04\/03\/flamengo-acerta-a-saida-do-lateral-ramon\/#respond"]}],"copyrightYear":"2022","copyrightHolder":{"@id":"https:\/\/www.gaveanews.com\/#organization"}},{"@type":"WebPage","@id":"https:\/\/www.gaveanews.com\/index.php\/2022\/04\/03\/flamengo-acerta-a-saida-do-lateral-ramon\/","url":"https:\/\/www.gaveanews.com\/index.php\/2022\/04\/03\/flamengo-acerta-a-saida-do-lateral-ramon\/","name":"Flamengo acerta a sa\u00edda do lateral Ramon","isPartOf":{"@id":"https:\/\/www.gaveanews.com\/#website"},"primaryImageOfPage":{"@id":"https:\/\/www.gaveanews.com\/index.php\/2022\/04\/03\/flamengo-acerta-a-saida-do-lateral-ramon\/#primaryimage"},"image":{"@id":"https:\/\/www.gaveanews.com\/index.php\/2022\/04\/03\/flamengo-acerta-a-saida-do-lateral-ramon\/#primaryimage"},"thumbnailUrl":"https:\/\/www.gaveanews.com\/wp-content\/uploads\/Ramon-durante-o-jogo-entre-Flamengo-e-Atletico-GO-pelo-Campeonato-Brasileiro-de-2021.webp","datePublished":"2022-04-04T02:06:58+00:00","author":{"@id":"https:\/\/www.gaveanews.com\/#\/schema\/person\/2ec14f73fb96be2caf28f91afb14749d"},"breadcrumb":{"@id":"https:\/\/www.gaveanews.com\/index.php\/2022\/04\/03\/flamengo-acerta-a-saida-do-lateral-ramon\/#breadcrumb"},"inLanguage":"pt-BR","potentialAction":[{"@type":"ReadAction","target":["https:\/\/www.gaveanews.com\/index.php\/2022\/04\/03\/flamengo-acerta-a-saida-do-lateral-ramon\/"]}]},{"@type":"ImageObject","inLanguage":"pt-BR","@id":"https:\/\/www.gaveanews.com\/index.php\/2022\/04\/03\/flamengo-acerta-a-saida-do-lateral-ramon\/#primaryimage","url":"https:\/\/www.gaveanews.com\/wp-content\/uploads\/Ramon-durante-o-jogo-entre-Flamengo-e-Atletico-GO-pelo-Campeonato-Brasileiro-de-2021.webp","contentUrl":"https:\/\/www.gaveanews.com\/wp-content\/uploads\/Ramon-durante-o-jogo-entre-Flamengo-e-Atletico-GO-pelo-Campeonato-Brasileiro-de-2021.webp","width":799,"height":533,"caption":"Ramon durante o jogo entre Flamengo e Atl\u00e9tico-GO pelo Campeonato Brasileiro de 2021 (Foto: Alexandre Vidal\/Flamengo)"},{"@type":"BreadcrumbList","@id":"https:\/\/www.gaveanews.com\/index.php\/2022\/04\/03\/flamengo-acerta-a-saida-do-lateral-ramon\/#breadcrumb","itemListElement":[{"@type":"ListItem","position":1,"name":"Home","item":"https:\/\/www.gaveanews.com\/"},{"@type":"ListItem","position":2,"name":"Flamengo acerta a sa\u00edda do lateral Ramon"}]},{"@type":"WebSite","@id":"https:\/\/www.gaveanews.com\/#website","url":"https:\/\/www.gaveanews.com\/","name":"G\u00e1vea News","description":"Veja todas as not\u00edcias sobre o Flamengo: Contrata\u00e7\u00f5es, categorias de base, resultados das partidas, tabela de classifica\u00e7\u00e3o, pr\u00f3ximos jogos!","potentialAction":[{"@type":"SearchAction","target":{"@type":"EntryPoint","urlTemplate":"https:\/\/www.gaveanews.com\/?s={search_term_string}"},"query-input":{"@type":"PropertyValueSpecification","valueRequired":true,"valueName":"search_term_string"}}],"inLanguage":"pt-BR"},{"@type":"Person","@id":"https:\/\/www.gaveanews.com\/#\/schema\/person\/2ec14f73fb96be2caf28f91afb14749d","name":"Equipe G\u00e1vea News","image":{"@type":"ImageObject","inLanguage":"pt-BR","@id":"https:\/\/www.gaveanews.com\/#\/schema\/person\/image\/","url":"https:\/\/secure.gravatar.com\/avatar\/1e1956f1facbffd3f8fa53a326721950116b3b9dc9bd44939c01180fd4a745a9?s=96&d=mm&r=g","contentUrl":"https:\/\/secure.gravatar.com\/avatar\/1e1956f1facbffd3f8fa53a326721950116b3b9dc9bd44939c01180fd4a745a9?s=96&d=mm&r=g","caption":"Equipe G\u00e1vea News"}}]}},"_links":{"self":[{"href":"https:\/\/www.gaveanews.com\/index.php\/wp-json\/wp\/v2\/posts\/79416","targetHints":{"allow":["GET"]}}],"collection":[{"href":"https:\/\/www.gaveanews.com\/index.php\/wp-json\/wp\/v2\/posts"}],"about":[{"href":"https:\/\/www.gaveanews.com\/index.php\/wp-json\/wp\/v2\/types\/post"}],"author":[{"embeddable":true,"href":"https:\/\/www.gaveanews.com\/index.php\/wp-json\/wp\/v2\/users\/1"}],"replies":[{"embeddable":true,"href":"https:\/\/www.gaveanews.com\/index.php\/wp-json\/wp\/v2\/comments?post=79416"}],"version-history":[{"count":0,"href":"https:\/\/www.gaveanews.com\/index.php\/wp-json\/wp\/v2\/posts\/79416\/revisions"}],"wp:featuredmedia":[{"embeddable":true,"href":"https:\/\/www.gaveanews.com\/index.php\/wp-json\/wp\/v2\/media\/71307"}],"wp:attachment":[{"href":"https:\/\/www.gaveanews.com\/index.php\/wp-json\/wp\/v2\/media?parent=79416"}],"wp:term":[{"taxonomy":"category","embeddable":true,"href":"https:\/\/www.gaveanews.com\/index.php\/wp-json\/wp\/v2\/categories?post=79416"},{"taxonomy":"post_tag","embeddable":true,"href":"https:\/\/www.gaveanews.com\/index.php\/wp-json\/wp\/v2\/tags?post=79416"}],"curies":[{"name":"wp","href":"https:\/\/api.w.org\/{rel}","templated":true}]}}