{"id":79494,"date":"2022-04-05T01:15:25","date_gmt":"2022-04-05T04:15:25","guid":{"rendered":"https:\/\/www.gaveanews.com\/?p=79494"},"modified":"2022-04-05T01:15:25","modified_gmt":"2022-04-05T04:15:25","slug":"libertadores-e-a-nossa-maior-competicao-na-temporada-temos-que-ter-foco-total-diz-gabi","status":"publish","type":"post","link":"https:\/\/www.gaveanews.com\/index.php\/2022\/04\/05\/libertadores-e-a-nossa-maior-competicao-na-temporada-temos-que-ter-foco-total-diz-gabi\/","title":{"rendered":"&#8220;Libertadores \u00e9 a nossa maior competi\u00e7\u00e3o na temporada, temos que ter foco total&#8221;, diz Gabi"},"content":{"rendered":"<p>Nesta ter\u00e7a-feira, o Flamengo enfrenta o Sporting Cristal, \u00e0s 21h30, no est\u00e1dio no Municipal de Lima, no Peru, em partida v\u00e1lida pela 1\u00aa rodada do Grupo H, da Libertadores. Em meio a um ambiente turbulento, o Mais Querido busca iniciar com o p\u00e9 direito na competi\u00e7\u00e3o que \u00e9 o principal objetivo do clube na temporada.<\/p>\n<p>Paulo Sousa se prepara para fazer a sua estreia na principal competi\u00e7\u00e3o continental, para o confronto n\u00e3o ter\u00e1 o seu principal jogador. Isso porque Arrascaeta ficou no Rio de Janeiro com dores no tornozelo.<\/p>\n<p>Quis o destino que em um dos momentos mais conturbados nos \u00faltimos anos, o Flamengo fizesse a sua estreia no local em que mais feliz. Isso porque no mesmo est\u00e1dio, o Mais Querido conquistou a Libertadores de 2019.<\/p>\n<p>Durante entrevista \u00e0 FLA TV, Gabigol falou sobre como Lima se tornou um lugar especial. O atacante se lembrou daquele dia m\u00e1gico em que o Flamengo conquistou a Am\u00e9rica.<\/p>\n<p>\u201cRealmente Lima \u00e9 um lugar especial, treinamos neste mesmo local antes da final de 2019. Foi um momento especial n\u00e3o s\u00f3 para mim, mas para todos n\u00f3s. Foi um grande dia, uma grande festa no dia seguinte. Ent\u00e3o \u00e9 muito bom estar aqui e quem sabe recuperar essa energia que tivemos naquele dia marcante\u201d, disse Gabi.<\/p>\n<p>O camisa 9 falou sobre as lembran\u00e7as daquele dia que veem \u00e0 cabe\u00e7a, principalmente pelo fato de o elenco ter ficado no mesmo hotel e treinado no mesmo campo que foi utilizado antes da decis\u00e3o.<\/p>\n<p>\u201c\u00d3bvio que ficando no mesmo hotel e treinando no mesmo campo, traz lembran\u00e7as daquele dia, comentamos entre n\u00f3s. Mas tamb\u00e9m cria aquela vontade de ganhar outra vez e viver um momento parecido com aquele novamente, tenho certeza que vai ser especial ou at\u00e9 mais especial do que aquele dia. Ent\u00e3o espero que possamos arrancar muito bem no primeiro jogo e conseguir os tr\u00eas pontos que s\u00e3o muito importantes\u201d.<\/p>\n<p>Gabi falou que espera ter uma partida muito dif\u00edcil, o atacante disse que os advers\u00e1rios tem a vantagem por jogar em casa. Mas garantiu que a prepara\u00e7\u00e3o est\u00e1 sendo muito boa e que espera que nesta temporada o t\u00edtulo da competi\u00e7\u00e3o venha.<\/p>\n<p>\u201cAcho que ser\u00e1 um jogo muito dif\u00edcil, eles v\u00e3o ter a vantagem de jogar em casa, fizemos uma viagem muito boa e estamos treinando muito bem. Faltam os ajustes finais, mas creio que estamos nos preparando para um grande jogo, que vais ser muito dif\u00edcil e a gente sabe que Libertadores \u00e9 diferente, esperamos continuar vivendo essas Libertadores que tem sido muito boas para gente e quem sabe dessa vez terminar com o t\u00edtulo\u201d.<\/p>\n<p>Por fim, o atacante destacou o peso da Libertadores para o elenco. Colocando a competi\u00e7\u00e3o como a principal do ano, Gabi garantiu que o foco precisa ser m\u00e1ximo para voltar a conquistar o t\u00edtulo da competi\u00e7\u00e3o.<\/p>\n<p>\u201c\u00c9 uma competi\u00e7\u00e3o que eu particularmente gosto muito, quando tem jogos de Libertadores a semana \u00e9 diferente. \u00c9 a nossa maior competi\u00e7\u00e3o na temporada, ent\u00e3o temos que ter foco total nossa vontade m\u00e1xima para esse campeonato. Me sinto muito bem, estou indo para o quarto ano e parece que vai ser a minha estreia amanh\u00e3, estou ansioso, mas creio que tudo vai dar certo com o apoio da equipe e da Na\u00e7\u00e3o\u201d.<\/p>\n<p>Retirado de: Di\u00e1rio do Fla<\/p>\n","protected":false},"excerpt":{"rendered":"<p>Nesta ter\u00e7a-feira, o Flamengo enfrenta o Sporting Cristal, \u00e0s 21h30, no est\u00e1dio no Municipal de Lima, no Peru, em partida v\u00e1lida pela 1\u00aa rodada do Grupo H, da Libertadores. Em meio a um ambiente turbulento, o Mais Querido busca iniciar com o p\u00e9 direito na competi\u00e7\u00e3o que \u00e9 o principal objetivo do clube na temporada. [&hellip;]<\/p>\n","protected":false},"author":1,"featured_media":78816,"comment_status":"open","ping_status":"closed","sticky":false,"template":"","format":"standard","meta":{"footnotes":""},"categories":[1],"tags":[],"class_list":["post-79494","post","type-post","status-publish","format-standard","has-post-thumbnail","hentry","category-flamengo"],"yoast_head":"<!-- This site is optimized with the Yoast SEO Premium plugin v24.2 (Yoast SEO v26.9) - https:\/\/yoast.com\/product\/yoast-seo-premium-wordpress\/ -->\n<title>&quot;Libertadores \u00e9 a nossa maior competi\u00e7\u00e3o na temporada, temos que ter foco total&quot;, diz Gabi<\/title>\n<meta name=\"robots\" content=\"index, follow, max-snippet:-1, max-image-preview:large, max-video-preview:-1\" \/>\n<link rel=\"canonical\" href=\"https:\/\/www.gaveanews.com\/index.php\/2022\/04\/05\/libertadores-e-a-nossa-maior-competicao-na-temporada-temos-que-ter-foco-total-diz-gabi\/\" \/>\n<meta property=\"og:locale\" content=\"pt_BR\" \/>\n<meta property=\"og:type\" content=\"article\" \/>\n<meta property=\"og:title\" content=\"&quot;Libertadores \u00e9 a nossa maior competi\u00e7\u00e3o na temporada, temos que ter foco total&quot;, diz Gabi\" \/>\n<meta property=\"og:description\" content=\"Nesta ter\u00e7a-feira, o Flamengo enfrenta o Sporting Cristal, \u00e0s 21h30, no est\u00e1dio no Municipal de Lima, no Peru, em partida v\u00e1lida pela 1\u00aa rodada do Grupo H, da Libertadores. Em meio a um ambiente turbulento, o Mais Querido busca iniciar com o p\u00e9 direito na competi\u00e7\u00e3o que \u00e9 o principal objetivo do clube na temporada. [&hellip;]\" \/>\n<meta property=\"og:url\" content=\"https:\/\/www.gaveanews.com\/index.php\/2022\/04\/05\/libertadores-e-a-nossa-maior-competicao-na-temporada-temos-que-ter-foco-total-diz-gabi\/\" \/>\n<meta property=\"og:site_name\" content=\"G\u00e1vea News\" \/>\n<meta property=\"article:publisher\" content=\"https:\/\/facebook.com\/gaveaNews\/\" \/>\n<meta property=\"article:published_time\" content=\"2022-04-05T04:15:25+00:00\" \/>\n<meta property=\"og:image\" content=\"https:\/\/www.gaveanews.com\/wp-content\/uploads\/Gabigol-e-Arrascaeta-em-jogo-do-Flamengo.webp\" \/>\n\t<meta property=\"og:image:width\" content=\"924\" \/>\n\t<meta property=\"og:image:height\" content=\"641\" \/>\n\t<meta property=\"og:image:type\" content=\"image\/jpeg\" \/>\n<meta name=\"author\" content=\"Equipe G\u00e1vea News\" \/>\n<meta name=\"twitter:card\" content=\"summary_large_image\" \/>\n<meta name=\"twitter:label1\" content=\"Escrito por\" \/>\n\t<meta name=\"twitter:data1\" content=\"Equipe G\u00e1vea News\" \/>\n\t<meta name=\"twitter:label2\" content=\"Est. tempo de leitura\" \/>\n\t<meta name=\"twitter:data2\" content=\"4 minutos\" \/>\n<script type=\"application\/ld+json\" class=\"yoast-schema-graph\">{\"@context\":\"https:\/\/schema.org\",\"@graph\":[{\"@type\":\"NewsArticle\",\"@id\":\"https:\/\/www.gaveanews.com\/index.php\/2022\/04\/05\/libertadores-e-a-nossa-maior-competicao-na-temporada-temos-que-ter-foco-total-diz-gabi\/#article\",\"isPartOf\":{\"@id\":\"https:\/\/www.gaveanews.com\/index.php\/2022\/04\/05\/libertadores-e-a-nossa-maior-competicao-na-temporada-temos-que-ter-foco-total-diz-gabi\/\"},\"author\":{\"name\":\"Equipe G\u00e1vea News\",\"@id\":\"https:\/\/www.gaveanews.com\/#\/schema\/person\/2ec14f73fb96be2caf28f91afb14749d\"},\"headline\":\"&#8220;Libertadores \u00e9 a nossa maior competi\u00e7\u00e3o na temporada, temos que ter foco total&#8221;, diz Gabi\",\"datePublished\":\"2022-04-05T04:15:25+00:00\",\"mainEntityOfPage\":{\"@id\":\"https:\/\/www.gaveanews.com\/index.php\/2022\/04\/05\/libertadores-e-a-nossa-maior-competicao-na-temporada-temos-que-ter-foco-total-diz-gabi\/\"},\"wordCount\":586,\"commentCount\":0,\"image\":{\"@id\":\"https:\/\/www.gaveanews.com\/index.php\/2022\/04\/05\/libertadores-e-a-nossa-maior-competicao-na-temporada-temos-que-ter-foco-total-diz-gabi\/#primaryimage\"},\"thumbnailUrl\":\"https:\/\/www.gaveanews.com\/wp-content\/uploads\/Gabigol-e-Arrascaeta-em-jogo-do-Flamengo.webp\",\"articleSection\":[\"Flamengo\"],\"inLanguage\":\"pt-BR\",\"potentialAction\":[{\"@type\":\"CommentAction\",\"name\":\"Comment\",\"target\":[\"https:\/\/www.gaveanews.com\/index.php\/2022\/04\/05\/libertadores-e-a-nossa-maior-competicao-na-temporada-temos-que-ter-foco-total-diz-gabi\/#respond\"]}],\"copyrightYear\":\"2022\",\"copyrightHolder\":{\"@id\":\"https:\/\/www.gaveanews.com\/#organization\"}},{\"@type\":\"WebPage\",\"@id\":\"https:\/\/www.gaveanews.com\/index.php\/2022\/04\/05\/libertadores-e-a-nossa-maior-competicao-na-temporada-temos-que-ter-foco-total-diz-gabi\/\",\"url\":\"https:\/\/www.gaveanews.com\/index.php\/2022\/04\/05\/libertadores-e-a-nossa-maior-competicao-na-temporada-temos-que-ter-foco-total-diz-gabi\/\",\"name\":\"\\\"Libertadores \u00e9 a nossa maior competi\u00e7\u00e3o na temporada, temos que ter foco total\\\", diz Gabi\",\"isPartOf\":{\"@id\":\"https:\/\/www.gaveanews.com\/#website\"},\"primaryImageOfPage\":{\"@id\":\"https:\/\/www.gaveanews.com\/index.php\/2022\/04\/05\/libertadores-e-a-nossa-maior-competicao-na-temporada-temos-que-ter-foco-total-diz-gabi\/#primaryimage\"},\"image\":{\"@id\":\"https:\/\/www.gaveanews.com\/index.php\/2022\/04\/05\/libertadores-e-a-nossa-maior-competicao-na-temporada-temos-que-ter-foco-total-diz-gabi\/#primaryimage\"},\"thumbnailUrl\":\"https:\/\/www.gaveanews.com\/wp-content\/uploads\/Gabigol-e-Arrascaeta-em-jogo-do-Flamengo.webp\",\"datePublished\":\"2022-04-05T04:15:25+00:00\",\"author\":{\"@id\":\"https:\/\/www.gaveanews.com\/#\/schema\/person\/2ec14f73fb96be2caf28f91afb14749d\"},\"breadcrumb\":{\"@id\":\"https:\/\/www.gaveanews.com\/index.php\/2022\/04\/05\/libertadores-e-a-nossa-maior-competicao-na-temporada-temos-que-ter-foco-total-diz-gabi\/#breadcrumb\"},\"inLanguage\":\"pt-BR\",\"potentialAction\":[{\"@type\":\"ReadAction\",\"target\":[\"https:\/\/www.gaveanews.com\/index.php\/2022\/04\/05\/libertadores-e-a-nossa-maior-competicao-na-temporada-temos-que-ter-foco-total-diz-gabi\/\"]}]},{\"@type\":\"ImageObject\",\"inLanguage\":\"pt-BR\",\"@id\":\"https:\/\/www.gaveanews.com\/index.php\/2022\/04\/05\/libertadores-e-a-nossa-maior-competicao-na-temporada-temos-que-ter-foco-total-diz-gabi\/#primaryimage\",\"url\":\"https:\/\/www.gaveanews.com\/wp-content\/uploads\/Gabigol-e-Arrascaeta-em-jogo-do-Flamengo.webp\",\"contentUrl\":\"https:\/\/www.gaveanews.com\/wp-content\/uploads\/Gabigol-e-Arrascaeta-em-jogo-do-Flamengo.webp\",\"width\":924,\"height\":641,\"caption\":\"Gabigol e Arrascaeta em jogo do Flamengo (Foto: Andr\u00e9 Dur\u00e3o)\"},{\"@type\":\"BreadcrumbList\",\"@id\":\"https:\/\/www.gaveanews.com\/index.php\/2022\/04\/05\/libertadores-e-a-nossa-maior-competicao-na-temporada-temos-que-ter-foco-total-diz-gabi\/#breadcrumb\",\"itemListElement\":[{\"@type\":\"ListItem\",\"position\":1,\"name\":\"Home\",\"item\":\"https:\/\/www.gaveanews.com\/\"},{\"@type\":\"ListItem\",\"position\":2,\"name\":\"&#8220;Libertadores \u00e9 a nossa maior competi\u00e7\u00e3o na temporada, temos que ter foco total&#8221;, diz Gabi\"}]},{\"@type\":\"WebSite\",\"@id\":\"https:\/\/www.gaveanews.com\/#website\",\"url\":\"https:\/\/www.gaveanews.com\/\",\"name\":\"G\u00e1vea News\",\"description\":\"Veja todas as not\u00edcias sobre o Flamengo: Contrata\u00e7\u00f5es, categorias de base, resultados das partidas, tabela de classifica\u00e7\u00e3o, pr\u00f3ximos jogos!\",\"potentialAction\":[{\"@type\":\"SearchAction\",\"target\":{\"@type\":\"EntryPoint\",\"urlTemplate\":\"https:\/\/www.gaveanews.com\/?s={search_term_string}\"},\"query-input\":{\"@type\":\"PropertyValueSpecification\",\"valueRequired\":true,\"valueName\":\"search_term_string\"}}],\"inLanguage\":\"pt-BR\"},{\"@type\":\"Person\",\"@id\":\"https:\/\/www.gaveanews.com\/#\/schema\/person\/2ec14f73fb96be2caf28f91afb14749d\",\"name\":\"Equipe G\u00e1vea News\",\"image\":{\"@type\":\"ImageObject\",\"inLanguage\":\"pt-BR\",\"@id\":\"https:\/\/www.gaveanews.com\/#\/schema\/person\/image\/\",\"url\":\"https:\/\/secure.gravatar.com\/avatar\/1e1956f1facbffd3f8fa53a326721950116b3b9dc9bd44939c01180fd4a745a9?s=96&d=mm&r=g\",\"contentUrl\":\"https:\/\/secure.gravatar.com\/avatar\/1e1956f1facbffd3f8fa53a326721950116b3b9dc9bd44939c01180fd4a745a9?s=96&d=mm&r=g\",\"caption\":\"Equipe G\u00e1vea News\"}}]}<\/script>\n<!-- \/ Yoast SEO Premium plugin. -->","yoast_head_json":{"title":"\"Libertadores \u00e9 a nossa maior competi\u00e7\u00e3o na temporada, temos que ter foco total\", diz Gabi","robots":{"index":"index","follow":"follow","max-snippet":"max-snippet:-1","max-image-preview":"max-image-preview:large","max-video-preview":"max-video-preview:-1"},"canonical":"https:\/\/www.gaveanews.com\/index.php\/2022\/04\/05\/libertadores-e-a-nossa-maior-competicao-na-temporada-temos-que-ter-foco-total-diz-gabi\/","og_locale":"pt_BR","og_type":"article","og_title":"\"Libertadores \u00e9 a nossa maior competi\u00e7\u00e3o na temporada, temos que ter foco total\", diz Gabi","og_description":"Nesta ter\u00e7a-feira, o Flamengo enfrenta o Sporting Cristal, \u00e0s 21h30, no est\u00e1dio no Municipal de Lima, no Peru, em partida v\u00e1lida pela 1\u00aa rodada do Grupo H, da Libertadores. Em meio a um ambiente turbulento, o Mais Querido busca iniciar com o p\u00e9 direito na competi\u00e7\u00e3o que \u00e9 o principal objetivo do clube na temporada. [&hellip;]","og_url":"https:\/\/www.gaveanews.com\/index.php\/2022\/04\/05\/libertadores-e-a-nossa-maior-competicao-na-temporada-temos-que-ter-foco-total-diz-gabi\/","og_site_name":"G\u00e1vea News","article_publisher":"https:\/\/facebook.com\/gaveaNews\/","article_published_time":"2022-04-05T04:15:25+00:00","og_image":[{"width":924,"height":641,"url":"https:\/\/www.gaveanews.com\/wp-content\/uploads\/Gabigol-e-Arrascaeta-em-jogo-do-Flamengo.webp","type":"image\/jpeg"}],"author":"Equipe G\u00e1vea News","twitter_card":"summary_large_image","twitter_misc":{"Escrito por":"Equipe G\u00e1vea News","Est. tempo de leitura":"4 minutos"},"schema":{"@context":"https:\/\/schema.org","@graph":[{"@type":"NewsArticle","@id":"https:\/\/www.gaveanews.com\/index.php\/2022\/04\/05\/libertadores-e-a-nossa-maior-competicao-na-temporada-temos-que-ter-foco-total-diz-gabi\/#article","isPartOf":{"@id":"https:\/\/www.gaveanews.com\/index.php\/2022\/04\/05\/libertadores-e-a-nossa-maior-competicao-na-temporada-temos-que-ter-foco-total-diz-gabi\/"},"author":{"name":"Equipe G\u00e1vea News","@id":"https:\/\/www.gaveanews.com\/#\/schema\/person\/2ec14f73fb96be2caf28f91afb14749d"},"headline":"&#8220;Libertadores \u00e9 a nossa maior competi\u00e7\u00e3o na temporada, temos que ter foco total&#8221;, diz Gabi","datePublished":"2022-04-05T04:15:25+00:00","mainEntityOfPage":{"@id":"https:\/\/www.gaveanews.com\/index.php\/2022\/04\/05\/libertadores-e-a-nossa-maior-competicao-na-temporada-temos-que-ter-foco-total-diz-gabi\/"},"wordCount":586,"commentCount":0,"image":{"@id":"https:\/\/www.gaveanews.com\/index.php\/2022\/04\/05\/libertadores-e-a-nossa-maior-competicao-na-temporada-temos-que-ter-foco-total-diz-gabi\/#primaryimage"},"thumbnailUrl":"https:\/\/www.gaveanews.com\/wp-content\/uploads\/Gabigol-e-Arrascaeta-em-jogo-do-Flamengo.webp","articleSection":["Flamengo"],"inLanguage":"pt-BR","potentialAction":[{"@type":"CommentAction","name":"Comment","target":["https:\/\/www.gaveanews.com\/index.php\/2022\/04\/05\/libertadores-e-a-nossa-maior-competicao-na-temporada-temos-que-ter-foco-total-diz-gabi\/#respond"]}],"copyrightYear":"2022","copyrightHolder":{"@id":"https:\/\/www.gaveanews.com\/#organization"}},{"@type":"WebPage","@id":"https:\/\/www.gaveanews.com\/index.php\/2022\/04\/05\/libertadores-e-a-nossa-maior-competicao-na-temporada-temos-que-ter-foco-total-diz-gabi\/","url":"https:\/\/www.gaveanews.com\/index.php\/2022\/04\/05\/libertadores-e-a-nossa-maior-competicao-na-temporada-temos-que-ter-foco-total-diz-gabi\/","name":"\"Libertadores \u00e9 a nossa maior competi\u00e7\u00e3o na temporada, temos que ter foco total\", diz Gabi","isPartOf":{"@id":"https:\/\/www.gaveanews.com\/#website"},"primaryImageOfPage":{"@id":"https:\/\/www.gaveanews.com\/index.php\/2022\/04\/05\/libertadores-e-a-nossa-maior-competicao-na-temporada-temos-que-ter-foco-total-diz-gabi\/#primaryimage"},"image":{"@id":"https:\/\/www.gaveanews.com\/index.php\/2022\/04\/05\/libertadores-e-a-nossa-maior-competicao-na-temporada-temos-que-ter-foco-total-diz-gabi\/#primaryimage"},"thumbnailUrl":"https:\/\/www.gaveanews.com\/wp-content\/uploads\/Gabigol-e-Arrascaeta-em-jogo-do-Flamengo.webp","datePublished":"2022-04-05T04:15:25+00:00","author":{"@id":"https:\/\/www.gaveanews.com\/#\/schema\/person\/2ec14f73fb96be2caf28f91afb14749d"},"breadcrumb":{"@id":"https:\/\/www.gaveanews.com\/index.php\/2022\/04\/05\/libertadores-e-a-nossa-maior-competicao-na-temporada-temos-que-ter-foco-total-diz-gabi\/#breadcrumb"},"inLanguage":"pt-BR","potentialAction":[{"@type":"ReadAction","target":["https:\/\/www.gaveanews.com\/index.php\/2022\/04\/05\/libertadores-e-a-nossa-maior-competicao-na-temporada-temos-que-ter-foco-total-diz-gabi\/"]}]},{"@type":"ImageObject","inLanguage":"pt-BR","@id":"https:\/\/www.gaveanews.com\/index.php\/2022\/04\/05\/libertadores-e-a-nossa-maior-competicao-na-temporada-temos-que-ter-foco-total-diz-gabi\/#primaryimage","url":"https:\/\/www.gaveanews.com\/wp-content\/uploads\/Gabigol-e-Arrascaeta-em-jogo-do-Flamengo.webp","contentUrl":"https:\/\/www.gaveanews.com\/wp-content\/uploads\/Gabigol-e-Arrascaeta-em-jogo-do-Flamengo.webp","width":924,"height":641,"caption":"Gabigol e Arrascaeta em jogo do Flamengo (Foto: Andr\u00e9 Dur\u00e3o)"},{"@type":"BreadcrumbList","@id":"https:\/\/www.gaveanews.com\/index.php\/2022\/04\/05\/libertadores-e-a-nossa-maior-competicao-na-temporada-temos-que-ter-foco-total-diz-gabi\/#breadcrumb","itemListElement":[{"@type":"ListItem","position":1,"name":"Home","item":"https:\/\/www.gaveanews.com\/"},{"@type":"ListItem","position":2,"name":"&#8220;Libertadores \u00e9 a nossa maior competi\u00e7\u00e3o na temporada, temos que ter foco total&#8221;, diz Gabi"}]},{"@type":"WebSite","@id":"https:\/\/www.gaveanews.com\/#website","url":"https:\/\/www.gaveanews.com\/","name":"G\u00e1vea News","description":"Veja todas as not\u00edcias sobre o Flamengo: Contrata\u00e7\u00f5es, categorias de base, resultados das partidas, tabela de classifica\u00e7\u00e3o, pr\u00f3ximos jogos!","potentialAction":[{"@type":"SearchAction","target":{"@type":"EntryPoint","urlTemplate":"https:\/\/www.gaveanews.com\/?s={search_term_string}"},"query-input":{"@type":"PropertyValueSpecification","valueRequired":true,"valueName":"search_term_string"}}],"inLanguage":"pt-BR"},{"@type":"Person","@id":"https:\/\/www.gaveanews.com\/#\/schema\/person\/2ec14f73fb96be2caf28f91afb14749d","name":"Equipe G\u00e1vea News","image":{"@type":"ImageObject","inLanguage":"pt-BR","@id":"https:\/\/www.gaveanews.com\/#\/schema\/person\/image\/","url":"https:\/\/secure.gravatar.com\/avatar\/1e1956f1facbffd3f8fa53a326721950116b3b9dc9bd44939c01180fd4a745a9?s=96&d=mm&r=g","contentUrl":"https:\/\/secure.gravatar.com\/avatar\/1e1956f1facbffd3f8fa53a326721950116b3b9dc9bd44939c01180fd4a745a9?s=96&d=mm&r=g","caption":"Equipe G\u00e1vea News"}}]}},"_links":{"self":[{"href":"https:\/\/www.gaveanews.com\/index.php\/wp-json\/wp\/v2\/posts\/79494","targetHints":{"allow":["GET"]}}],"collection":[{"href":"https:\/\/www.gaveanews.com\/index.php\/wp-json\/wp\/v2\/posts"}],"about":[{"href":"https:\/\/www.gaveanews.com\/index.php\/wp-json\/wp\/v2\/types\/post"}],"author":[{"embeddable":true,"href":"https:\/\/www.gaveanews.com\/index.php\/wp-json\/wp\/v2\/users\/1"}],"replies":[{"embeddable":true,"href":"https:\/\/www.gaveanews.com\/index.php\/wp-json\/wp\/v2\/comments?post=79494"}],"version-history":[{"count":0,"href":"https:\/\/www.gaveanews.com\/index.php\/wp-json\/wp\/v2\/posts\/79494\/revisions"}],"wp:featuredmedia":[{"embeddable":true,"href":"https:\/\/www.gaveanews.com\/index.php\/wp-json\/wp\/v2\/media\/78816"}],"wp:attachment":[{"href":"https:\/\/www.gaveanews.com\/index.php\/wp-json\/wp\/v2\/media?parent=79494"}],"wp:term":[{"taxonomy":"category","embeddable":true,"href":"https:\/\/www.gaveanews.com\/index.php\/wp-json\/wp\/v2\/categories?post=79494"},{"taxonomy":"post_tag","embeddable":true,"href":"https:\/\/www.gaveanews.com\/index.php\/wp-json\/wp\/v2\/tags?post=79494"}],"curies":[{"name":"wp","href":"https:\/\/api.w.org\/{rel}","templated":true}]}}