{"id":79499,"date":"2022-04-05T01:35:58","date_gmt":"2022-04-05T04:35:58","guid":{"rendered":"https:\/\/www.gaveanews.com\/?p=79499"},"modified":"2022-04-05T01:35:58","modified_gmt":"2022-04-05T04:35:58","slug":"jogadores-estao-manchando-a-propria-historia-no-flamengo","status":"publish","type":"post","link":"https:\/\/www.gaveanews.com\/index.php\/2022\/04\/05\/jogadores-estao-manchando-a-propria-historia-no-flamengo\/","title":{"rendered":"Jogadores est\u00e3o manchando a pr\u00f3pria hist\u00f3ria no Flamengo"},"content":{"rendered":"<p>O Flamengo perdeu o t\u00edtulo carioca para o Fluminense ao empatar no s\u00e1bado o segundo jogo no Maracan\u00e3, resultado que ocorre justamente no momento em que v\u00eam \u00e0 tona problemas do clube com rela\u00e7\u00e3o a dirigentes, bem como na rela\u00e7\u00e3o entre os jogadores e o t\u00e9cnico Paulo Sousa, que ainda n\u00e3o conseguiu fazer com que o time apresente o que se espera, ao mesmo tempo em que tenta uma reformula\u00e7\u00e3o.<\/p>\n<p>No podcast Posse de Bola #216, Mauro Cezar Pereira afirma que est\u00e1 ficando clara a forma como os jogadores do Flamengo est\u00e3o agindo no momento em rela\u00e7\u00e3o ao treinador, ressaltando que o comportamento deles n\u00e3o \u00e9 merecedor de t\u00edtulo e que eles est\u00e3o arriscando a pr\u00f3pria hist\u00f3ria vitoriosa que constru\u00edram no clube.<\/p>\n<p>&#8220;Se o Flamengo circunstancialmente vencesse o Fluminense por 2 a 0 e levasse para os p\u00eanaltis, coisa parecida, n\u00e3o seria merecido porque esses jogadores n\u00e3o merecem ganhar campeonato nenhum. A maneira como eles est\u00e3o lidando com a situa\u00e7\u00e3o \u00e9 absurda, eu nunca vi uma coisa t\u00e3o expl\u00edcita no futebol assim de elenco contra um t\u00e9cnico, n\u00e3o me lembro. \u00c9 muito claro, \u00e9 assumido, \u00e9 transparente&#8221;, diz Mauro Cezar.<\/p>\n<p>&#8220;O que est\u00e1 acontecendo \u00e9 grave, \u00e9 culpa da dire\u00e7\u00e3o, \u00e9 culpa dos jogadores e \u00e9 culpa tamb\u00e9m do Paulo Sousa, porque o trabalho \u00e9 dele, mas n\u00e3o h\u00e1 boa vontade ali, s\u00e3o panelas ali dentro, uma coisa deplor\u00e1vel, de jogadores que est\u00e3o simplesmente, alguns deles, manchando a pr\u00f3pria hist\u00f3ria bonita que constru\u00edram no clube&#8221;, completa.<\/p>\n<p>O jornalista afirma que Paulo Sousa foi contratado para fazer o que a diretoria n\u00e3o foi capaz em termos de reformula\u00e7\u00e3o do elenco, mas que tamb\u00e9m precisa atingir resultados para que tenha respaldo e siga com o processo de renova\u00e7\u00e3o.<\/p>\n<p>&#8220;O Paulo Sousa est\u00e1 no Flamengo com uma miss\u00e3o que \u00e9 reformular o elenco. Quando ele colocou o Diego Ribas para jogar o Fla-Flu l\u00e1 no come\u00e7o do campeonato, no Engenh\u00e3o e tamb\u00e9m durante a partida contra o Atl\u00e9tico-MG, muita gente reclamou. Repare, o Diego n\u00e3o entrou mais, s\u00f3 entra em jogo ganho, contra os pequenos do Rio estava entrando. O Diego Alves estava machucado, voltou, jogou mal duas partidas e est\u00e1 fora, tem um goleiro novo, o Santos. Ele est\u00e1 fazendo o trabalho que a diretoria deveria ter feito, foi contratado com essa miss\u00e3o e est\u00e1 levando isso \u00e0s \u00faltimas consequ\u00eancias&#8221;, diz Mauro.<\/p>\n<p>&#8220;O Paulo Sousa precisa tamb\u00e9m ter intelig\u00eancia nessa hora, ele vai ter respaldo se tiver resultados, se n\u00e3o tiver resultados, ele vai cair, todo t\u00e9cnico cai nessas horas. Ele precisa buscar confian\u00e7a de um grupo, circunstancialmente \u00e9 bom ele ter 11, 12, 13 caras que s\u00e3o os jogadores dele que v\u00e3o come\u00e7ar os jogos amanh\u00e3 no Peru contra Sporting Cristal na Libertadores e s\u00e1bado em Goi\u00e2nia contra o Atl\u00e9tico-GO. Porque ele ganhando a confian\u00e7a de um determinado grupo de jogadores, fica mais fortalecido e se conseguir resultados positivos, duas vit\u00f3rias, ele fica um pouco mais calmo para tocar esse processo de renova\u00e7\u00e3o&#8221;, completa.<\/p>\n<p>Mauro cita a declara\u00e7\u00e3o que deu na \u00faltima sexta-feira no Posse de Bola #215, quando apontou que os jogadores do elenco do Flamengo foram vencedores, mas hoje n\u00e3o s\u00e3o, apontando que eles n\u00e3o devem ter poder para reivindica\u00e7\u00f5es neste momento.<\/p>\n<p>&#8220;Os jogadores do Flamengo, que hoje s\u00e3o perdedores como eu falei aqui na sexta-feira, n\u00e3o s\u00e3o mais vencedores, chegaram a um t\u00edtulo muito bonito, queriam o tetra, mas conseguiram mais do que o tetra, era o tetra carioca, conseguiram o penta vice, porque foram vice-campe\u00f5es do Brasileir\u00e3o, da Libertadores, da Supercopa, da Ta\u00e7a Guanabara, que tamb\u00e9m \u00e9 uma ta\u00e7a, e agora vice-campe\u00f5es do Rio de Janeiro&#8221;, ironiza.<\/p>\n<p>&#8220;Eles est\u00e3o em baixa, eles n\u00e3o podem dar as cartas, eles n\u00e3o t\u00eam que dar as cartas, nem que estivessem em alta, o clube \u00e9 maior do que o Marcos Braz, do que o Paulo Sousa, de que o Jorge Jesus e de que os jogadores&#8221;, conclui.<\/p>\n<p>Retirado de: UOL<\/p>\n","protected":false},"excerpt":{"rendered":"<p>O Flamengo perdeu o t\u00edtulo carioca para o Fluminense ao empatar no s\u00e1bado o segundo jogo no Maracan\u00e3, resultado que ocorre justamente no momento em que v\u00eam \u00e0 tona problemas do clube com rela\u00e7\u00e3o a dirigentes, bem como na rela\u00e7\u00e3o entre os jogadores e o t\u00e9cnico Paulo Sousa, que ainda n\u00e3o conseguiu fazer com que [&hellip;]<\/p>\n","protected":false},"author":1,"featured_media":77712,"comment_status":"open","ping_status":"closed","sticky":false,"template":"","format":"standard","meta":{"footnotes":""},"categories":[1],"tags":[],"class_list":["post-79499","post","type-post","status-publish","format-standard","has-post-thumbnail","hentry","category-flamengo"],"yoast_head":"<!-- This site is optimized with the Yoast SEO Premium plugin v24.2 (Yoast SEO v26.9) - https:\/\/yoast.com\/product\/yoast-seo-premium-wordpress\/ -->\n<title>Jogadores est\u00e3o manchando a pr\u00f3pria hist\u00f3ria no Flamengo<\/title>\n<meta name=\"robots\" content=\"index, follow, max-snippet:-1, max-image-preview:large, max-video-preview:-1\" \/>\n<link rel=\"canonical\" href=\"https:\/\/www.gaveanews.com\/index.php\/2022\/04\/05\/jogadores-estao-manchando-a-propria-historia-no-flamengo\/\" \/>\n<meta property=\"og:locale\" content=\"pt_BR\" \/>\n<meta property=\"og:type\" content=\"article\" \/>\n<meta property=\"og:title\" content=\"Jogadores est\u00e3o manchando a pr\u00f3pria hist\u00f3ria no Flamengo\" \/>\n<meta property=\"og:description\" content=\"O Flamengo perdeu o t\u00edtulo carioca para o Fluminense ao empatar no s\u00e1bado o segundo jogo no Maracan\u00e3, resultado que ocorre justamente no momento em que v\u00eam \u00e0 tona problemas do clube com rela\u00e7\u00e3o a dirigentes, bem como na rela\u00e7\u00e3o entre os jogadores e o t\u00e9cnico Paulo Sousa, que ainda n\u00e3o conseguiu fazer com que [&hellip;]\" \/>\n<meta property=\"og:url\" content=\"https:\/\/www.gaveanews.com\/index.php\/2022\/04\/05\/jogadores-estao-manchando-a-propria-historia-no-flamengo\/\" \/>\n<meta property=\"og:site_name\" content=\"G\u00e1vea News\" \/>\n<meta property=\"article:publisher\" content=\"https:\/\/facebook.com\/gaveaNews\/\" \/>\n<meta property=\"article:published_time\" content=\"2022-04-05T04:35:58+00:00\" \/>\n<meta property=\"og:image\" content=\"https:\/\/www.gaveanews.com\/wp-content\/uploads\/Comissao-tecnica-e-elenco-do-Flamengo-na-academia-do-Ninho-do-Urubu-1.webp\" \/>\n\t<meta property=\"og:image:width\" content=\"799\" \/>\n\t<meta property=\"og:image:height\" content=\"532\" \/>\n\t<meta property=\"og:image:type\" content=\"image\/jpeg\" \/>\n<meta name=\"author\" content=\"Equipe G\u00e1vea News\" \/>\n<meta name=\"twitter:card\" content=\"summary_large_image\" \/>\n<meta name=\"twitter:label1\" content=\"Escrito por\" \/>\n\t<meta name=\"twitter:data1\" content=\"Equipe G\u00e1vea News\" \/>\n\t<meta name=\"twitter:label2\" content=\"Est. tempo de leitura\" \/>\n\t<meta name=\"twitter:data2\" content=\"4 minutos\" \/>\n<script type=\"application\/ld+json\" class=\"yoast-schema-graph\">{\"@context\":\"https:\/\/schema.org\",\"@graph\":[{\"@type\":\"NewsArticle\",\"@id\":\"https:\/\/www.gaveanews.com\/index.php\/2022\/04\/05\/jogadores-estao-manchando-a-propria-historia-no-flamengo\/#article\",\"isPartOf\":{\"@id\":\"https:\/\/www.gaveanews.com\/index.php\/2022\/04\/05\/jogadores-estao-manchando-a-propria-historia-no-flamengo\/\"},\"author\":{\"name\":\"Equipe G\u00e1vea News\",\"@id\":\"https:\/\/www.gaveanews.com\/#\/schema\/person\/2ec14f73fb96be2caf28f91afb14749d\"},\"headline\":\"Jogadores est\u00e3o manchando a pr\u00f3pria hist\u00f3ria no Flamengo\",\"datePublished\":\"2022-04-05T04:35:58+00:00\",\"mainEntityOfPage\":{\"@id\":\"https:\/\/www.gaveanews.com\/index.php\/2022\/04\/05\/jogadores-estao-manchando-a-propria-historia-no-flamengo\/\"},\"wordCount\":718,\"commentCount\":0,\"image\":{\"@id\":\"https:\/\/www.gaveanews.com\/index.php\/2022\/04\/05\/jogadores-estao-manchando-a-propria-historia-no-flamengo\/#primaryimage\"},\"thumbnailUrl\":\"https:\/\/www.gaveanews.com\/wp-content\/uploads\/Comissao-tecnica-e-elenco-do-Flamengo-na-academia-do-Ninho-do-Urubu-1.webp\",\"articleSection\":[\"Flamengo\"],\"inLanguage\":\"pt-BR\",\"potentialAction\":[{\"@type\":\"CommentAction\",\"name\":\"Comment\",\"target\":[\"https:\/\/www.gaveanews.com\/index.php\/2022\/04\/05\/jogadores-estao-manchando-a-propria-historia-no-flamengo\/#respond\"]}],\"copyrightYear\":\"2022\",\"copyrightHolder\":{\"@id\":\"https:\/\/www.gaveanews.com\/#organization\"}},{\"@type\":\"WebPage\",\"@id\":\"https:\/\/www.gaveanews.com\/index.php\/2022\/04\/05\/jogadores-estao-manchando-a-propria-historia-no-flamengo\/\",\"url\":\"https:\/\/www.gaveanews.com\/index.php\/2022\/04\/05\/jogadores-estao-manchando-a-propria-historia-no-flamengo\/\",\"name\":\"Jogadores est\u00e3o manchando a pr\u00f3pria hist\u00f3ria no Flamengo\",\"isPartOf\":{\"@id\":\"https:\/\/www.gaveanews.com\/#website\"},\"primaryImageOfPage\":{\"@id\":\"https:\/\/www.gaveanews.com\/index.php\/2022\/04\/05\/jogadores-estao-manchando-a-propria-historia-no-flamengo\/#primaryimage\"},\"image\":{\"@id\":\"https:\/\/www.gaveanews.com\/index.php\/2022\/04\/05\/jogadores-estao-manchando-a-propria-historia-no-flamengo\/#primaryimage\"},\"thumbnailUrl\":\"https:\/\/www.gaveanews.com\/wp-content\/uploads\/Comissao-tecnica-e-elenco-do-Flamengo-na-academia-do-Ninho-do-Urubu-1.webp\",\"datePublished\":\"2022-04-05T04:35:58+00:00\",\"author\":{\"@id\":\"https:\/\/www.gaveanews.com\/#\/schema\/person\/2ec14f73fb96be2caf28f91afb14749d\"},\"breadcrumb\":{\"@id\":\"https:\/\/www.gaveanews.com\/index.php\/2022\/04\/05\/jogadores-estao-manchando-a-propria-historia-no-flamengo\/#breadcrumb\"},\"inLanguage\":\"pt-BR\",\"potentialAction\":[{\"@type\":\"ReadAction\",\"target\":[\"https:\/\/www.gaveanews.com\/index.php\/2022\/04\/05\/jogadores-estao-manchando-a-propria-historia-no-flamengo\/\"]}]},{\"@type\":\"ImageObject\",\"inLanguage\":\"pt-BR\",\"@id\":\"https:\/\/www.gaveanews.com\/index.php\/2022\/04\/05\/jogadores-estao-manchando-a-propria-historia-no-flamengo\/#primaryimage\",\"url\":\"https:\/\/www.gaveanews.com\/wp-content\/uploads\/Comissao-tecnica-e-elenco-do-Flamengo-na-academia-do-Ninho-do-Urubu-1.webp\",\"contentUrl\":\"https:\/\/www.gaveanews.com\/wp-content\/uploads\/Comissao-tecnica-e-elenco-do-Flamengo-na-academia-do-Ninho-do-Urubu-1.webp\",\"width\":799,\"height\":532,\"caption\":\"Comiss\u00e3o t\u00e9cnica e elenco do Flamengo na academia do Ninho do Urubu (Foto: Paula Reis\/Flamengo)\"},{\"@type\":\"BreadcrumbList\",\"@id\":\"https:\/\/www.gaveanews.com\/index.php\/2022\/04\/05\/jogadores-estao-manchando-a-propria-historia-no-flamengo\/#breadcrumb\",\"itemListElement\":[{\"@type\":\"ListItem\",\"position\":1,\"name\":\"Home\",\"item\":\"https:\/\/www.gaveanews.com\/\"},{\"@type\":\"ListItem\",\"position\":2,\"name\":\"Jogadores est\u00e3o manchando a pr\u00f3pria hist\u00f3ria no Flamengo\"}]},{\"@type\":\"WebSite\",\"@id\":\"https:\/\/www.gaveanews.com\/#website\",\"url\":\"https:\/\/www.gaveanews.com\/\",\"name\":\"G\u00e1vea News\",\"description\":\"Veja todas as not\u00edcias sobre o Flamengo: Contrata\u00e7\u00f5es, categorias de base, resultados das partidas, tabela de classifica\u00e7\u00e3o, pr\u00f3ximos jogos!\",\"potentialAction\":[{\"@type\":\"SearchAction\",\"target\":{\"@type\":\"EntryPoint\",\"urlTemplate\":\"https:\/\/www.gaveanews.com\/?s={search_term_string}\"},\"query-input\":{\"@type\":\"PropertyValueSpecification\",\"valueRequired\":true,\"valueName\":\"search_term_string\"}}],\"inLanguage\":\"pt-BR\"},{\"@type\":\"Person\",\"@id\":\"https:\/\/www.gaveanews.com\/#\/schema\/person\/2ec14f73fb96be2caf28f91afb14749d\",\"name\":\"Equipe G\u00e1vea News\",\"image\":{\"@type\":\"ImageObject\",\"inLanguage\":\"pt-BR\",\"@id\":\"https:\/\/www.gaveanews.com\/#\/schema\/person\/image\/\",\"url\":\"https:\/\/secure.gravatar.com\/avatar\/1e1956f1facbffd3f8fa53a326721950116b3b9dc9bd44939c01180fd4a745a9?s=96&d=mm&r=g\",\"contentUrl\":\"https:\/\/secure.gravatar.com\/avatar\/1e1956f1facbffd3f8fa53a326721950116b3b9dc9bd44939c01180fd4a745a9?s=96&d=mm&r=g\",\"caption\":\"Equipe G\u00e1vea News\"}}]}<\/script>\n<!-- \/ Yoast SEO Premium plugin. -->","yoast_head_json":{"title":"Jogadores est\u00e3o manchando a pr\u00f3pria hist\u00f3ria no Flamengo","robots":{"index":"index","follow":"follow","max-snippet":"max-snippet:-1","max-image-preview":"max-image-preview:large","max-video-preview":"max-video-preview:-1"},"canonical":"https:\/\/www.gaveanews.com\/index.php\/2022\/04\/05\/jogadores-estao-manchando-a-propria-historia-no-flamengo\/","og_locale":"pt_BR","og_type":"article","og_title":"Jogadores est\u00e3o manchando a pr\u00f3pria hist\u00f3ria no Flamengo","og_description":"O Flamengo perdeu o t\u00edtulo carioca para o Fluminense ao empatar no s\u00e1bado o segundo jogo no Maracan\u00e3, resultado que ocorre justamente no momento em que v\u00eam \u00e0 tona problemas do clube com rela\u00e7\u00e3o a dirigentes, bem como na rela\u00e7\u00e3o entre os jogadores e o t\u00e9cnico Paulo Sousa, que ainda n\u00e3o conseguiu fazer com que [&hellip;]","og_url":"https:\/\/www.gaveanews.com\/index.php\/2022\/04\/05\/jogadores-estao-manchando-a-propria-historia-no-flamengo\/","og_site_name":"G\u00e1vea News","article_publisher":"https:\/\/facebook.com\/gaveaNews\/","article_published_time":"2022-04-05T04:35:58+00:00","og_image":[{"width":799,"height":532,"url":"https:\/\/www.gaveanews.com\/wp-content\/uploads\/Comissao-tecnica-e-elenco-do-Flamengo-na-academia-do-Ninho-do-Urubu-1.webp","type":"image\/jpeg"}],"author":"Equipe G\u00e1vea News","twitter_card":"summary_large_image","twitter_misc":{"Escrito por":"Equipe G\u00e1vea News","Est. tempo de leitura":"4 minutos"},"schema":{"@context":"https:\/\/schema.org","@graph":[{"@type":"NewsArticle","@id":"https:\/\/www.gaveanews.com\/index.php\/2022\/04\/05\/jogadores-estao-manchando-a-propria-historia-no-flamengo\/#article","isPartOf":{"@id":"https:\/\/www.gaveanews.com\/index.php\/2022\/04\/05\/jogadores-estao-manchando-a-propria-historia-no-flamengo\/"},"author":{"name":"Equipe G\u00e1vea News","@id":"https:\/\/www.gaveanews.com\/#\/schema\/person\/2ec14f73fb96be2caf28f91afb14749d"},"headline":"Jogadores est\u00e3o manchando a pr\u00f3pria hist\u00f3ria no Flamengo","datePublished":"2022-04-05T04:35:58+00:00","mainEntityOfPage":{"@id":"https:\/\/www.gaveanews.com\/index.php\/2022\/04\/05\/jogadores-estao-manchando-a-propria-historia-no-flamengo\/"},"wordCount":718,"commentCount":0,"image":{"@id":"https:\/\/www.gaveanews.com\/index.php\/2022\/04\/05\/jogadores-estao-manchando-a-propria-historia-no-flamengo\/#primaryimage"},"thumbnailUrl":"https:\/\/www.gaveanews.com\/wp-content\/uploads\/Comissao-tecnica-e-elenco-do-Flamengo-na-academia-do-Ninho-do-Urubu-1.webp","articleSection":["Flamengo"],"inLanguage":"pt-BR","potentialAction":[{"@type":"CommentAction","name":"Comment","target":["https:\/\/www.gaveanews.com\/index.php\/2022\/04\/05\/jogadores-estao-manchando-a-propria-historia-no-flamengo\/#respond"]}],"copyrightYear":"2022","copyrightHolder":{"@id":"https:\/\/www.gaveanews.com\/#organization"}},{"@type":"WebPage","@id":"https:\/\/www.gaveanews.com\/index.php\/2022\/04\/05\/jogadores-estao-manchando-a-propria-historia-no-flamengo\/","url":"https:\/\/www.gaveanews.com\/index.php\/2022\/04\/05\/jogadores-estao-manchando-a-propria-historia-no-flamengo\/","name":"Jogadores est\u00e3o manchando a pr\u00f3pria hist\u00f3ria no Flamengo","isPartOf":{"@id":"https:\/\/www.gaveanews.com\/#website"},"primaryImageOfPage":{"@id":"https:\/\/www.gaveanews.com\/index.php\/2022\/04\/05\/jogadores-estao-manchando-a-propria-historia-no-flamengo\/#primaryimage"},"image":{"@id":"https:\/\/www.gaveanews.com\/index.php\/2022\/04\/05\/jogadores-estao-manchando-a-propria-historia-no-flamengo\/#primaryimage"},"thumbnailUrl":"https:\/\/www.gaveanews.com\/wp-content\/uploads\/Comissao-tecnica-e-elenco-do-Flamengo-na-academia-do-Ninho-do-Urubu-1.webp","datePublished":"2022-04-05T04:35:58+00:00","author":{"@id":"https:\/\/www.gaveanews.com\/#\/schema\/person\/2ec14f73fb96be2caf28f91afb14749d"},"breadcrumb":{"@id":"https:\/\/www.gaveanews.com\/index.php\/2022\/04\/05\/jogadores-estao-manchando-a-propria-historia-no-flamengo\/#breadcrumb"},"inLanguage":"pt-BR","potentialAction":[{"@type":"ReadAction","target":["https:\/\/www.gaveanews.com\/index.php\/2022\/04\/05\/jogadores-estao-manchando-a-propria-historia-no-flamengo\/"]}]},{"@type":"ImageObject","inLanguage":"pt-BR","@id":"https:\/\/www.gaveanews.com\/index.php\/2022\/04\/05\/jogadores-estao-manchando-a-propria-historia-no-flamengo\/#primaryimage","url":"https:\/\/www.gaveanews.com\/wp-content\/uploads\/Comissao-tecnica-e-elenco-do-Flamengo-na-academia-do-Ninho-do-Urubu-1.webp","contentUrl":"https:\/\/www.gaveanews.com\/wp-content\/uploads\/Comissao-tecnica-e-elenco-do-Flamengo-na-academia-do-Ninho-do-Urubu-1.webp","width":799,"height":532,"caption":"Comiss\u00e3o t\u00e9cnica e elenco do Flamengo na academia do Ninho do Urubu (Foto: Paula Reis\/Flamengo)"},{"@type":"BreadcrumbList","@id":"https:\/\/www.gaveanews.com\/index.php\/2022\/04\/05\/jogadores-estao-manchando-a-propria-historia-no-flamengo\/#breadcrumb","itemListElement":[{"@type":"ListItem","position":1,"name":"Home","item":"https:\/\/www.gaveanews.com\/"},{"@type":"ListItem","position":2,"name":"Jogadores est\u00e3o manchando a pr\u00f3pria hist\u00f3ria no Flamengo"}]},{"@type":"WebSite","@id":"https:\/\/www.gaveanews.com\/#website","url":"https:\/\/www.gaveanews.com\/","name":"G\u00e1vea News","description":"Veja todas as not\u00edcias sobre o Flamengo: Contrata\u00e7\u00f5es, categorias de base, resultados das partidas, tabela de classifica\u00e7\u00e3o, pr\u00f3ximos jogos!","potentialAction":[{"@type":"SearchAction","target":{"@type":"EntryPoint","urlTemplate":"https:\/\/www.gaveanews.com\/?s={search_term_string}"},"query-input":{"@type":"PropertyValueSpecification","valueRequired":true,"valueName":"search_term_string"}}],"inLanguage":"pt-BR"},{"@type":"Person","@id":"https:\/\/www.gaveanews.com\/#\/schema\/person\/2ec14f73fb96be2caf28f91afb14749d","name":"Equipe G\u00e1vea News","image":{"@type":"ImageObject","inLanguage":"pt-BR","@id":"https:\/\/www.gaveanews.com\/#\/schema\/person\/image\/","url":"https:\/\/secure.gravatar.com\/avatar\/1e1956f1facbffd3f8fa53a326721950116b3b9dc9bd44939c01180fd4a745a9?s=96&d=mm&r=g","contentUrl":"https:\/\/secure.gravatar.com\/avatar\/1e1956f1facbffd3f8fa53a326721950116b3b9dc9bd44939c01180fd4a745a9?s=96&d=mm&r=g","caption":"Equipe G\u00e1vea News"}}]}},"_links":{"self":[{"href":"https:\/\/www.gaveanews.com\/index.php\/wp-json\/wp\/v2\/posts\/79499","targetHints":{"allow":["GET"]}}],"collection":[{"href":"https:\/\/www.gaveanews.com\/index.php\/wp-json\/wp\/v2\/posts"}],"about":[{"href":"https:\/\/www.gaveanews.com\/index.php\/wp-json\/wp\/v2\/types\/post"}],"author":[{"embeddable":true,"href":"https:\/\/www.gaveanews.com\/index.php\/wp-json\/wp\/v2\/users\/1"}],"replies":[{"embeddable":true,"href":"https:\/\/www.gaveanews.com\/index.php\/wp-json\/wp\/v2\/comments?post=79499"}],"version-history":[{"count":0,"href":"https:\/\/www.gaveanews.com\/index.php\/wp-json\/wp\/v2\/posts\/79499\/revisions"}],"wp:featuredmedia":[{"embeddable":true,"href":"https:\/\/www.gaveanews.com\/index.php\/wp-json\/wp\/v2\/media\/77712"}],"wp:attachment":[{"href":"https:\/\/www.gaveanews.com\/index.php\/wp-json\/wp\/v2\/media?parent=79499"}],"wp:term":[{"taxonomy":"category","embeddable":true,"href":"https:\/\/www.gaveanews.com\/index.php\/wp-json\/wp\/v2\/categories?post=79499"},{"taxonomy":"post_tag","embeddable":true,"href":"https:\/\/www.gaveanews.com\/index.php\/wp-json\/wp\/v2\/tags?post=79499"}],"curies":[{"name":"wp","href":"https:\/\/api.w.org\/{rel}","templated":true}]}}