{"id":79504,"date":"2022-04-05T06:58:27","date_gmt":"2022-04-05T09:58:27","guid":{"rendered":"https:\/\/www.gaveanews.com\/?p=79504"},"modified":"2022-04-05T06:58:27","modified_gmt":"2022-04-05T09:58:27","slug":"video-jogo-do-flamengo-hoje-na-libertadores-pode-ser-adiado-compreenda","status":"publish","type":"post","link":"https:\/\/www.gaveanews.com\/index.php\/2022\/04\/05\/video-jogo-do-flamengo-hoje-na-libertadores-pode-ser-adiado-compreenda\/","title":{"rendered":"V\u00eddeo: Jogo do Flamengo hoje na Libertadores pode ser adiado; compreenda"},"content":{"rendered":"<p>O duelo entre Sporting Cristal e Flamengo , desta ter\u00e7a-feira pela abertura do Grupo H da Libertadores, pode ser adiado. O presidente do Peru, Pedro Castillo, fez um pronunciamento na noite de segunda decretando estado de emerg\u00eancia em Lima e Callao, e determinou um toque de recolher que j\u00e1 teve in\u00edcio na madrugada e se estender\u00e1 at\u00e9 o \u00faltimo minuto de ter\u00e7a-feira. A medida \u00e9 decorrente dos intensos protestos contra a alta dos pre\u00e7os dos combust\u00edveis e fertilizantes que v\u00eam causando transtornos no pa\u00eds. Em seguida, o ministro da Justi\u00e7a afirmou que a partida marcada para o Est\u00e1dio Nacional ter\u00e1 de ser adiada.<\/p>\n<p><em><strong>\u2014 Vai ter que ser remarcada. N\u00e3o esque\u00e7amos que em medidas excepcionais existem a\u00e7\u00f5es extraordin\u00e1rias que devem ser adotadas. Um jogo de futebol n\u00e3o pode ter preced\u00eancia sobre a tranquilidade do pa\u00eds<\/strong><\/em> &#8211; reproduziu a r\u00e1dio &#8220;Exitosa Noticias&#8221;.<\/p>\n<blockquote class=\"twitter-tweet\" data-width=\"550\" data-dnt=\"true\">\n<p lang=\"es\" dir=\"ltr\">\ud83d\udd35\ud83d\udd34 <a href=\"https:\/\/twitter.com\/hashtag\/AHORA?src=hash&amp;ref_src=twsrc%5Etfw\">#AHORA<\/a> | Ministro de Justicia sobre el partido del Sporting Cristal ante Flamengo: \u201cSe tendr\u00e1 que reprogramar. No olvidemos que en medidas excepcionales hay acciones extraordinarias que se deben adoptar. Un partido del f\u00fatbol no puede anteponerse a la tranquilidad del pa\u00eds\u201d <a href=\"https:\/\/t.co\/vLlYd1Xtfl\">pic.twitter.com\/vLlYd1Xtfl<\/a><\/p>\n<p>&mdash; Exitosa Noticias (@exitosape) <a href=\"https:\/\/twitter.com\/exitosape\/status\/1511224298417098754?ref_src=twsrc%5Etfw\">April 5, 2022<\/a><\/p><\/blockquote>\n<p><script async src=\"https:\/\/platform.twitter.com\/widgets.js\" charset=\"utf-8\"><\/script><\/p>\n<p>De acordo com a imprensa peruana, o decreto publicado no di\u00e1rio oficial El Peruano, determina que durante a chamada &#8220;imobiliza\u00e7\u00e3o&#8221; somente poder\u00e3o seguir prestando servi\u00e7os profissionais das \u00e1reas de sa\u00fade, distribui\u00e7\u00e3o de \u00e1gua, saneamento, eletricidade, g\u00e1s, combust\u00edvel, telecomunica\u00e7\u00f5es e atividades correlatas, limpeza e coleta de res\u00edduos s\u00f3lidos, servi\u00e7os funer\u00e1rios, transporte de cargas e mercadorias.<\/p>\n<p><em><strong>\u2014 O Conselho de Ministros aprovou a declara\u00e7\u00e3o de imobilidade cidad\u00e3 (toque de recolher) das 2 da manh\u00e3 (pelo hor\u00e1rio local) \u00e0s 11h59 da noite de ter\u00e7a-feira, 5 de abril, para proteger os direitos fundamentais de todas as pessoas, o que n\u00e3o impedir\u00e1 a presta\u00e7\u00e3o de servi\u00e7os essenciais para todos. peruanos<\/strong><\/em> &#8211; disse o presidente Pedro Castillo no pronunciamento.<\/p>\n<p>Retirado de: Globo Esporte<\/p>\n","protected":false},"excerpt":{"rendered":"<p>O duelo entre Sporting Cristal e Flamengo , desta ter\u00e7a-feira pela abertura do Grupo H da Libertadores, pode ser adiado. O presidente do Peru, Pedro Castillo, fez um pronunciamento na noite de segunda decretando estado de emerg\u00eancia em Lima e Callao, e determinou um toque de recolher que j\u00e1 teve in\u00edcio na madrugada e se [&hellip;]<\/p>\n","protected":false},"author":1,"featured_media":58305,"comment_status":"open","ping_status":"closed","sticky":false,"template":"","format":"standard","meta":{"footnotes":""},"categories":[40],"tags":[],"class_list":["post-79504","post","type-post","status-publish","format-standard","has-post-thumbnail","hentry","category-video"],"yoast_head":"<!-- This site is optimized with the Yoast SEO Premium plugin v24.2 (Yoast SEO v26.9) - https:\/\/yoast.com\/product\/yoast-seo-premium-wordpress\/ -->\n<title>V\u00eddeo: Jogo do Flamengo hoje na Libertadores pode ser adiado; compreenda<\/title>\n<meta name=\"robots\" content=\"index, follow, max-snippet:-1, max-image-preview:large, max-video-preview:-1\" \/>\n<link rel=\"canonical\" href=\"https:\/\/www.gaveanews.com\/index.php\/2022\/04\/05\/video-jogo-do-flamengo-hoje-na-libertadores-pode-ser-adiado-compreenda\/\" \/>\n<meta property=\"og:locale\" content=\"pt_BR\" \/>\n<meta property=\"og:type\" content=\"article\" \/>\n<meta property=\"og:title\" content=\"V\u00eddeo: Jogo do Flamengo hoje na Libertadores pode ser adiado; compreenda\" \/>\n<meta property=\"og:description\" content=\"O duelo entre Sporting Cristal e Flamengo , desta ter\u00e7a-feira pela abertura do Grupo H da Libertadores, pode ser adiado. O presidente do Peru, Pedro Castillo, fez um pronunciamento na noite de segunda decretando estado de emerg\u00eancia em Lima e Callao, e determinou um toque de recolher que j\u00e1 teve in\u00edcio na madrugada e se [&hellip;]\" \/>\n<meta property=\"og:url\" content=\"https:\/\/www.gaveanews.com\/index.php\/2022\/04\/05\/video-jogo-do-flamengo-hoje-na-libertadores-pode-ser-adiado-compreenda\/\" \/>\n<meta property=\"og:site_name\" content=\"G\u00e1vea News\" \/>\n<meta property=\"article:publisher\" content=\"https:\/\/facebook.com\/gaveaNews\/\" \/>\n<meta property=\"article:published_time\" content=\"2022-04-05T09:58:27+00:00\" \/>\n<meta property=\"og:image\" content=\"https:\/\/www.gaveanews.com\/wp-content\/uploads\/Taca-da-Copa-Libertadores-da-America-no-gramado-do-estadio-do-Maracana.webp\" \/>\n\t<meta property=\"og:image:width\" content=\"1080\" \/>\n\t<meta property=\"og:image:height\" content=\"1079\" \/>\n\t<meta property=\"og:image:type\" content=\"image\/jpeg\" \/>\n<meta name=\"author\" content=\"Equipe G\u00e1vea News\" \/>\n<meta name=\"twitter:card\" content=\"summary_large_image\" \/>\n<meta name=\"twitter:label1\" content=\"Escrito por\" \/>\n\t<meta name=\"twitter:data1\" content=\"Equipe G\u00e1vea News\" \/>\n\t<meta name=\"twitter:label2\" content=\"Est. tempo de leitura\" \/>\n\t<meta name=\"twitter:data2\" content=\"2 minutos\" \/>\n<script type=\"application\/ld+json\" class=\"yoast-schema-graph\">{\"@context\":\"https:\/\/schema.org\",\"@graph\":[{\"@type\":\"NewsArticle\",\"@id\":\"https:\/\/www.gaveanews.com\/index.php\/2022\/04\/05\/video-jogo-do-flamengo-hoje-na-libertadores-pode-ser-adiado-compreenda\/#article\",\"isPartOf\":{\"@id\":\"https:\/\/www.gaveanews.com\/index.php\/2022\/04\/05\/video-jogo-do-flamengo-hoje-na-libertadores-pode-ser-adiado-compreenda\/\"},\"author\":{\"name\":\"Equipe G\u00e1vea News\",\"@id\":\"https:\/\/www.gaveanews.com\/#\/schema\/person\/2ec14f73fb96be2caf28f91afb14749d\"},\"headline\":\"V\u00eddeo: Jogo do Flamengo hoje na Libertadores pode ser adiado; compreenda\",\"datePublished\":\"2022-04-05T09:58:27+00:00\",\"mainEntityOfPage\":{\"@id\":\"https:\/\/www.gaveanews.com\/index.php\/2022\/04\/05\/video-jogo-do-flamengo-hoje-na-libertadores-pode-ser-adiado-compreenda\/\"},\"wordCount\":330,\"commentCount\":0,\"image\":{\"@id\":\"https:\/\/www.gaveanews.com\/index.php\/2022\/04\/05\/video-jogo-do-flamengo-hoje-na-libertadores-pode-ser-adiado-compreenda\/#primaryimage\"},\"thumbnailUrl\":\"https:\/\/www.gaveanews.com\/wp-content\/uploads\/Taca-da-Copa-Libertadores-da-America-no-gramado-do-estadio-do-Maracana.webp\",\"articleSection\":[\"V\u00eddeos\"],\"inLanguage\":\"pt-BR\",\"potentialAction\":[{\"@type\":\"CommentAction\",\"name\":\"Comment\",\"target\":[\"https:\/\/www.gaveanews.com\/index.php\/2022\/04\/05\/video-jogo-do-flamengo-hoje-na-libertadores-pode-ser-adiado-compreenda\/#respond\"]}],\"copyrightYear\":\"2022\",\"copyrightHolder\":{\"@id\":\"https:\/\/www.gaveanews.com\/#organization\"}},{\"@type\":\"WebPage\",\"@id\":\"https:\/\/www.gaveanews.com\/index.php\/2022\/04\/05\/video-jogo-do-flamengo-hoje-na-libertadores-pode-ser-adiado-compreenda\/\",\"url\":\"https:\/\/www.gaveanews.com\/index.php\/2022\/04\/05\/video-jogo-do-flamengo-hoje-na-libertadores-pode-ser-adiado-compreenda\/\",\"name\":\"V\u00eddeo: Jogo do Flamengo hoje na Libertadores pode ser adiado; compreenda\",\"isPartOf\":{\"@id\":\"https:\/\/www.gaveanews.com\/#website\"},\"primaryImageOfPage\":{\"@id\":\"https:\/\/www.gaveanews.com\/index.php\/2022\/04\/05\/video-jogo-do-flamengo-hoje-na-libertadores-pode-ser-adiado-compreenda\/#primaryimage\"},\"image\":{\"@id\":\"https:\/\/www.gaveanews.com\/index.php\/2022\/04\/05\/video-jogo-do-flamengo-hoje-na-libertadores-pode-ser-adiado-compreenda\/#primaryimage\"},\"thumbnailUrl\":\"https:\/\/www.gaveanews.com\/wp-content\/uploads\/Taca-da-Copa-Libertadores-da-America-no-gramado-do-estadio-do-Maracana.webp\",\"datePublished\":\"2022-04-05T09:58:27+00:00\",\"author\":{\"@id\":\"https:\/\/www.gaveanews.com\/#\/schema\/person\/2ec14f73fb96be2caf28f91afb14749d\"},\"breadcrumb\":{\"@id\":\"https:\/\/www.gaveanews.com\/index.php\/2022\/04\/05\/video-jogo-do-flamengo-hoje-na-libertadores-pode-ser-adiado-compreenda\/#breadcrumb\"},\"inLanguage\":\"pt-BR\",\"potentialAction\":[{\"@type\":\"ReadAction\",\"target\":[\"https:\/\/www.gaveanews.com\/index.php\/2022\/04\/05\/video-jogo-do-flamengo-hoje-na-libertadores-pode-ser-adiado-compreenda\/\"]}]},{\"@type\":\"ImageObject\",\"inLanguage\":\"pt-BR\",\"@id\":\"https:\/\/www.gaveanews.com\/index.php\/2022\/04\/05\/video-jogo-do-flamengo-hoje-na-libertadores-pode-ser-adiado-compreenda\/#primaryimage\",\"url\":\"https:\/\/www.gaveanews.com\/wp-content\/uploads\/Taca-da-Copa-Libertadores-da-America-no-gramado-do-estadio-do-Maracana.webp\",\"contentUrl\":\"https:\/\/www.gaveanews.com\/wp-content\/uploads\/Taca-da-Copa-Libertadores-da-America-no-gramado-do-estadio-do-Maracana.webp\",\"width\":1080,\"height\":1079,\"caption\":\"Ta\u00e7a da Copa Libertadores da Am\u00e9rica no gramado do est\u00e1dio do Maracan\u00e3 (Foto: Conmebol)\"},{\"@type\":\"BreadcrumbList\",\"@id\":\"https:\/\/www.gaveanews.com\/index.php\/2022\/04\/05\/video-jogo-do-flamengo-hoje-na-libertadores-pode-ser-adiado-compreenda\/#breadcrumb\",\"itemListElement\":[{\"@type\":\"ListItem\",\"position\":1,\"name\":\"Home\",\"item\":\"https:\/\/www.gaveanews.com\/\"},{\"@type\":\"ListItem\",\"position\":2,\"name\":\"V\u00eddeo: Jogo do Flamengo hoje na Libertadores pode ser adiado; compreenda\"}]},{\"@type\":\"WebSite\",\"@id\":\"https:\/\/www.gaveanews.com\/#website\",\"url\":\"https:\/\/www.gaveanews.com\/\",\"name\":\"G\u00e1vea News\",\"description\":\"Veja todas as not\u00edcias sobre o Flamengo: Contrata\u00e7\u00f5es, categorias de base, resultados das partidas, tabela de classifica\u00e7\u00e3o, pr\u00f3ximos jogos!\",\"potentialAction\":[{\"@type\":\"SearchAction\",\"target\":{\"@type\":\"EntryPoint\",\"urlTemplate\":\"https:\/\/www.gaveanews.com\/?s={search_term_string}\"},\"query-input\":{\"@type\":\"PropertyValueSpecification\",\"valueRequired\":true,\"valueName\":\"search_term_string\"}}],\"inLanguage\":\"pt-BR\"},{\"@type\":\"Person\",\"@id\":\"https:\/\/www.gaveanews.com\/#\/schema\/person\/2ec14f73fb96be2caf28f91afb14749d\",\"name\":\"Equipe G\u00e1vea News\",\"image\":{\"@type\":\"ImageObject\",\"inLanguage\":\"pt-BR\",\"@id\":\"https:\/\/www.gaveanews.com\/#\/schema\/person\/image\/\",\"url\":\"https:\/\/secure.gravatar.com\/avatar\/1e1956f1facbffd3f8fa53a326721950116b3b9dc9bd44939c01180fd4a745a9?s=96&d=mm&r=g\",\"contentUrl\":\"https:\/\/secure.gravatar.com\/avatar\/1e1956f1facbffd3f8fa53a326721950116b3b9dc9bd44939c01180fd4a745a9?s=96&d=mm&r=g\",\"caption\":\"Equipe G\u00e1vea News\"}}]}<\/script>\n<!-- \/ Yoast SEO Premium plugin. -->","yoast_head_json":{"title":"V\u00eddeo: Jogo do Flamengo hoje na Libertadores pode ser adiado; compreenda","robots":{"index":"index","follow":"follow","max-snippet":"max-snippet:-1","max-image-preview":"max-image-preview:large","max-video-preview":"max-video-preview:-1"},"canonical":"https:\/\/www.gaveanews.com\/index.php\/2022\/04\/05\/video-jogo-do-flamengo-hoje-na-libertadores-pode-ser-adiado-compreenda\/","og_locale":"pt_BR","og_type":"article","og_title":"V\u00eddeo: Jogo do Flamengo hoje na Libertadores pode ser adiado; compreenda","og_description":"O duelo entre Sporting Cristal e Flamengo , desta ter\u00e7a-feira pela abertura do Grupo H da Libertadores, pode ser adiado. O presidente do Peru, Pedro Castillo, fez um pronunciamento na noite de segunda decretando estado de emerg\u00eancia em Lima e Callao, e determinou um toque de recolher que j\u00e1 teve in\u00edcio na madrugada e se [&hellip;]","og_url":"https:\/\/www.gaveanews.com\/index.php\/2022\/04\/05\/video-jogo-do-flamengo-hoje-na-libertadores-pode-ser-adiado-compreenda\/","og_site_name":"G\u00e1vea News","article_publisher":"https:\/\/facebook.com\/gaveaNews\/","article_published_time":"2022-04-05T09:58:27+00:00","og_image":[{"width":1080,"height":1079,"url":"https:\/\/www.gaveanews.com\/wp-content\/uploads\/Taca-da-Copa-Libertadores-da-America-no-gramado-do-estadio-do-Maracana.webp","type":"image\/jpeg"}],"author":"Equipe G\u00e1vea News","twitter_card":"summary_large_image","twitter_misc":{"Escrito por":"Equipe G\u00e1vea News","Est. tempo de leitura":"2 minutos"},"schema":{"@context":"https:\/\/schema.org","@graph":[{"@type":"NewsArticle","@id":"https:\/\/www.gaveanews.com\/index.php\/2022\/04\/05\/video-jogo-do-flamengo-hoje-na-libertadores-pode-ser-adiado-compreenda\/#article","isPartOf":{"@id":"https:\/\/www.gaveanews.com\/index.php\/2022\/04\/05\/video-jogo-do-flamengo-hoje-na-libertadores-pode-ser-adiado-compreenda\/"},"author":{"name":"Equipe G\u00e1vea News","@id":"https:\/\/www.gaveanews.com\/#\/schema\/person\/2ec14f73fb96be2caf28f91afb14749d"},"headline":"V\u00eddeo: Jogo do Flamengo hoje na Libertadores pode ser adiado; compreenda","datePublished":"2022-04-05T09:58:27+00:00","mainEntityOfPage":{"@id":"https:\/\/www.gaveanews.com\/index.php\/2022\/04\/05\/video-jogo-do-flamengo-hoje-na-libertadores-pode-ser-adiado-compreenda\/"},"wordCount":330,"commentCount":0,"image":{"@id":"https:\/\/www.gaveanews.com\/index.php\/2022\/04\/05\/video-jogo-do-flamengo-hoje-na-libertadores-pode-ser-adiado-compreenda\/#primaryimage"},"thumbnailUrl":"https:\/\/www.gaveanews.com\/wp-content\/uploads\/Taca-da-Copa-Libertadores-da-America-no-gramado-do-estadio-do-Maracana.webp","articleSection":["V\u00eddeos"],"inLanguage":"pt-BR","potentialAction":[{"@type":"CommentAction","name":"Comment","target":["https:\/\/www.gaveanews.com\/index.php\/2022\/04\/05\/video-jogo-do-flamengo-hoje-na-libertadores-pode-ser-adiado-compreenda\/#respond"]}],"copyrightYear":"2022","copyrightHolder":{"@id":"https:\/\/www.gaveanews.com\/#organization"}},{"@type":"WebPage","@id":"https:\/\/www.gaveanews.com\/index.php\/2022\/04\/05\/video-jogo-do-flamengo-hoje-na-libertadores-pode-ser-adiado-compreenda\/","url":"https:\/\/www.gaveanews.com\/index.php\/2022\/04\/05\/video-jogo-do-flamengo-hoje-na-libertadores-pode-ser-adiado-compreenda\/","name":"V\u00eddeo: Jogo do Flamengo hoje na Libertadores pode ser adiado; compreenda","isPartOf":{"@id":"https:\/\/www.gaveanews.com\/#website"},"primaryImageOfPage":{"@id":"https:\/\/www.gaveanews.com\/index.php\/2022\/04\/05\/video-jogo-do-flamengo-hoje-na-libertadores-pode-ser-adiado-compreenda\/#primaryimage"},"image":{"@id":"https:\/\/www.gaveanews.com\/index.php\/2022\/04\/05\/video-jogo-do-flamengo-hoje-na-libertadores-pode-ser-adiado-compreenda\/#primaryimage"},"thumbnailUrl":"https:\/\/www.gaveanews.com\/wp-content\/uploads\/Taca-da-Copa-Libertadores-da-America-no-gramado-do-estadio-do-Maracana.webp","datePublished":"2022-04-05T09:58:27+00:00","author":{"@id":"https:\/\/www.gaveanews.com\/#\/schema\/person\/2ec14f73fb96be2caf28f91afb14749d"},"breadcrumb":{"@id":"https:\/\/www.gaveanews.com\/index.php\/2022\/04\/05\/video-jogo-do-flamengo-hoje-na-libertadores-pode-ser-adiado-compreenda\/#breadcrumb"},"inLanguage":"pt-BR","potentialAction":[{"@type":"ReadAction","target":["https:\/\/www.gaveanews.com\/index.php\/2022\/04\/05\/video-jogo-do-flamengo-hoje-na-libertadores-pode-ser-adiado-compreenda\/"]}]},{"@type":"ImageObject","inLanguage":"pt-BR","@id":"https:\/\/www.gaveanews.com\/index.php\/2022\/04\/05\/video-jogo-do-flamengo-hoje-na-libertadores-pode-ser-adiado-compreenda\/#primaryimage","url":"https:\/\/www.gaveanews.com\/wp-content\/uploads\/Taca-da-Copa-Libertadores-da-America-no-gramado-do-estadio-do-Maracana.webp","contentUrl":"https:\/\/www.gaveanews.com\/wp-content\/uploads\/Taca-da-Copa-Libertadores-da-America-no-gramado-do-estadio-do-Maracana.webp","width":1080,"height":1079,"caption":"Ta\u00e7a da Copa Libertadores da Am\u00e9rica no gramado do est\u00e1dio do Maracan\u00e3 (Foto: Conmebol)"},{"@type":"BreadcrumbList","@id":"https:\/\/www.gaveanews.com\/index.php\/2022\/04\/05\/video-jogo-do-flamengo-hoje-na-libertadores-pode-ser-adiado-compreenda\/#breadcrumb","itemListElement":[{"@type":"ListItem","position":1,"name":"Home","item":"https:\/\/www.gaveanews.com\/"},{"@type":"ListItem","position":2,"name":"V\u00eddeo: Jogo do Flamengo hoje na Libertadores pode ser adiado; compreenda"}]},{"@type":"WebSite","@id":"https:\/\/www.gaveanews.com\/#website","url":"https:\/\/www.gaveanews.com\/","name":"G\u00e1vea News","description":"Veja todas as not\u00edcias sobre o Flamengo: Contrata\u00e7\u00f5es, categorias de base, resultados das partidas, tabela de classifica\u00e7\u00e3o, pr\u00f3ximos jogos!","potentialAction":[{"@type":"SearchAction","target":{"@type":"EntryPoint","urlTemplate":"https:\/\/www.gaveanews.com\/?s={search_term_string}"},"query-input":{"@type":"PropertyValueSpecification","valueRequired":true,"valueName":"search_term_string"}}],"inLanguage":"pt-BR"},{"@type":"Person","@id":"https:\/\/www.gaveanews.com\/#\/schema\/person\/2ec14f73fb96be2caf28f91afb14749d","name":"Equipe G\u00e1vea News","image":{"@type":"ImageObject","inLanguage":"pt-BR","@id":"https:\/\/www.gaveanews.com\/#\/schema\/person\/image\/","url":"https:\/\/secure.gravatar.com\/avatar\/1e1956f1facbffd3f8fa53a326721950116b3b9dc9bd44939c01180fd4a745a9?s=96&d=mm&r=g","contentUrl":"https:\/\/secure.gravatar.com\/avatar\/1e1956f1facbffd3f8fa53a326721950116b3b9dc9bd44939c01180fd4a745a9?s=96&d=mm&r=g","caption":"Equipe G\u00e1vea News"}}]}},"_links":{"self":[{"href":"https:\/\/www.gaveanews.com\/index.php\/wp-json\/wp\/v2\/posts\/79504","targetHints":{"allow":["GET"]}}],"collection":[{"href":"https:\/\/www.gaveanews.com\/index.php\/wp-json\/wp\/v2\/posts"}],"about":[{"href":"https:\/\/www.gaveanews.com\/index.php\/wp-json\/wp\/v2\/types\/post"}],"author":[{"embeddable":true,"href":"https:\/\/www.gaveanews.com\/index.php\/wp-json\/wp\/v2\/users\/1"}],"replies":[{"embeddable":true,"href":"https:\/\/www.gaveanews.com\/index.php\/wp-json\/wp\/v2\/comments?post=79504"}],"version-history":[{"count":0,"href":"https:\/\/www.gaveanews.com\/index.php\/wp-json\/wp\/v2\/posts\/79504\/revisions"}],"wp:featuredmedia":[{"embeddable":true,"href":"https:\/\/www.gaveanews.com\/index.php\/wp-json\/wp\/v2\/media\/58305"}],"wp:attachment":[{"href":"https:\/\/www.gaveanews.com\/index.php\/wp-json\/wp\/v2\/media?parent=79504"}],"wp:term":[{"taxonomy":"category","embeddable":true,"href":"https:\/\/www.gaveanews.com\/index.php\/wp-json\/wp\/v2\/categories?post=79504"},{"taxonomy":"post_tag","embeddable":true,"href":"https:\/\/www.gaveanews.com\/index.php\/wp-json\/wp\/v2\/tags?post=79504"}],"curies":[{"name":"wp","href":"https:\/\/api.w.org\/{rel}","templated":true}]}}