{"id":79521,"date":"2022-04-05T09:15:17","date_gmt":"2022-04-05T12:15:17","guid":{"rendered":"https:\/\/www.gaveanews.com\/?p=79521"},"modified":"2022-04-05T09:15:17","modified_gmt":"2022-04-05T12:15:17","slug":"veja-como-a-diretoria-avalia-o-trabalho-de-paulo-sousa-no-flamengo","status":"publish","type":"post","link":"https:\/\/www.gaveanews.com\/index.php\/2022\/04\/05\/veja-como-a-diretoria-avalia-o-trabalho-de-paulo-sousa-no-flamengo\/","title":{"rendered":"Veja como a diretoria avalia o trabalho de Paulo Sousa no Flamengo"},"content":{"rendered":"<p>O relacionamento entre Paulo Sousa e jogadores do Flamengo n\u00e3o \u00e9 dos melhores e tem agitado os bastidores do clube. De um lado um grupo multicampe\u00e3o, mas que parece estar rachado, e do outro treinador e comiss\u00e3o t\u00e9cnica, que viram com a miss\u00e3o de reformular o elenco e fazer o time voltar a levantar ta\u00e7as. Por\u00e9m, a comunica\u00e7\u00e3o n\u00e3o tem existido entre as partes e o momento \u00e9 de crise.<\/p>\n<p>Marcos Braz foi um dos respons\u00e1veis diretos pela contrata\u00e7\u00e3o de Paulo Sousa e tem demonstrado apoio interno e publicamente ao treinador. A diretoria rubro-negra n\u00e3o pretende demitir o portugu\u00eas e o jornalista Rodrigo Mattos, do portal \u201cUOL\u201d, revelou como o trabalho do t\u00e9cnico \u00e9 avaliado pelos dirigentes do Flamengo.<\/p>\n<p>\u201cDurante os tr\u00eas meses de Estadual, Paulo adotou seu esquema com 3-4-3 e muitas varia\u00e7\u00f5es de posi\u00e7\u00f5es dos jogadores. Alguns dos atletas t\u00eam apresentado dificuldade de assimilar o esquema, o que \u00e9 reconhecido internamente e em declara\u00e7\u00f5es do t\u00e9cnico. A avalia\u00e7\u00e3o no Flamengo \u00e9 de que n\u00e3o seria f\u00e1cil de fato adaptar o time ao novo sistema. O entendimento \u00e9 que, para isso, os treinos t\u00eam sido bem executados, intensos, com objetivo definido. Mas nem todos os jogadores aprenderam na mesma velocidade, Jo\u00e3o Gomes \u00e9 visto como algu\u00e9m que se adaptou. Marinho tem se esfor\u00e7ado para aprender, mas foi bastante criticado no in\u00edcio.\u201d<\/p>\n<p>\u201cE, na vis\u00e3o interna, houve evolu\u00e7\u00e3o do Flamengo em alguns quesitos. O time melhorou seu desempenho defensivamente, seja em bolas paradas, seja na prote\u00e7\u00e3o da pr\u00f3pria \u00e1rea. S\u00e3o citados os jogos diante do Vasco em que o time quase n\u00e3o sofreu finaliza\u00e7\u00f5es. No primeiro jogo diante do Fluminense, tamb\u00e9m \u00e9 ressaltado o mesmo aspecto at\u00e9 os dois lances finais, com erros individuais. Essas semifinais tamb\u00e9m mostraram um Flamengo pouco produtivo ofensivamente. H\u00e1 um reconhecimento de que essa \u00e1rea tem que evoluir.\u201d<\/p>\n<p>\u201cO segundo jogo diante do Fluminense \u00e9 visto como um ponto fora da curva. H\u00e1 um reconhecimento de que o time esteve desorganizado. Internamente, n\u00e3o \u00e9 visto como m\u00e1 vontade dos jogadores com o esquema, mas admite-se que corriam errado. Outro ponto para a temporada \u00e9 que a reformula\u00e7\u00e3o do elenco rubro-negro pensada ainda n\u00e3o teve impacto. Dos cinco contratados, Santos, Pablo e Airton Lucas n\u00e3o estrearam\u201d, opinou Rodrigo Mattos, do portal \u201cUOL\u201d.<\/p>\n<p>O desempenho do Flamengo tem deixado os torcedores revoltados. Antes do embarque para o Peru, membros das organizadas foram ao aeroporto protestar, mas n\u00e3o conseguiram entrar com os jogadores. Diante disso, Marcos Braz marcou um encontro entre as organizadas e o elenco na quinta-feira, no Ninho do Urubu.<\/p>\n<p>Retirado de: Di\u00e1rio do Fla<\/p>\n","protected":false},"excerpt":{"rendered":"<p>O relacionamento entre Paulo Sousa e jogadores do Flamengo n\u00e3o \u00e9 dos melhores e tem agitado os bastidores do clube. De um lado um grupo multicampe\u00e3o, mas que parece estar rachado, e do outro treinador e comiss\u00e3o t\u00e9cnica, que viram com a miss\u00e3o de reformular o elenco e fazer o time voltar a levantar ta\u00e7as. [&hellip;]<\/p>\n","protected":false},"author":1,"featured_media":74672,"comment_status":"open","ping_status":"closed","sticky":false,"template":"","format":"standard","meta":{"footnotes":""},"categories":[1],"tags":[],"class_list":["post-79521","post","type-post","status-publish","format-standard","has-post-thumbnail","hentry","category-flamengo"],"yoast_head":"<!-- This site is optimized with the Yoast SEO Premium plugin v24.2 (Yoast SEO v26.9) - https:\/\/yoast.com\/product\/yoast-seo-premium-wordpress\/ -->\n<title>Veja como a diretoria avalia o trabalho de Paulo Sousa no Flamengo<\/title>\n<meta name=\"robots\" content=\"index, follow, max-snippet:-1, max-image-preview:large, max-video-preview:-1\" \/>\n<link rel=\"canonical\" href=\"https:\/\/www.gaveanews.com\/index.php\/2022\/04\/05\/veja-como-a-diretoria-avalia-o-trabalho-de-paulo-sousa-no-flamengo\/\" \/>\n<meta property=\"og:locale\" content=\"pt_BR\" \/>\n<meta property=\"og:type\" content=\"article\" \/>\n<meta property=\"og:title\" content=\"Veja como a diretoria avalia o trabalho de Paulo Sousa no Flamengo\" \/>\n<meta property=\"og:description\" content=\"O relacionamento entre Paulo Sousa e jogadores do Flamengo n\u00e3o \u00e9 dos melhores e tem agitado os bastidores do clube. De um lado um grupo multicampe\u00e3o, mas que parece estar rachado, e do outro treinador e comiss\u00e3o t\u00e9cnica, que viram com a miss\u00e3o de reformular o elenco e fazer o time voltar a levantar ta\u00e7as. [&hellip;]\" \/>\n<meta property=\"og:url\" content=\"https:\/\/www.gaveanews.com\/index.php\/2022\/04\/05\/veja-como-a-diretoria-avalia-o-trabalho-de-paulo-sousa-no-flamengo\/\" \/>\n<meta property=\"og:site_name\" content=\"G\u00e1vea News\" \/>\n<meta property=\"article:publisher\" content=\"https:\/\/facebook.com\/gaveaNews\/\" \/>\n<meta property=\"article:published_time\" content=\"2022-04-05T12:15:17+00:00\" \/>\n<meta property=\"og:image\" content=\"https:\/\/www.gaveanews.com\/wp-content\/uploads\/Paulo-Sousa-e-apresentado-como-novo-tecnico-do-Flamengo.webp\" \/>\n\t<meta property=\"og:image:width\" content=\"799\" \/>\n\t<meta property=\"og:image:height\" content=\"532\" \/>\n\t<meta property=\"og:image:type\" content=\"image\/jpeg\" \/>\n<meta name=\"author\" content=\"Equipe G\u00e1vea News\" \/>\n<meta name=\"twitter:card\" content=\"summary_large_image\" \/>\n<meta name=\"twitter:label1\" content=\"Escrito por\" \/>\n\t<meta name=\"twitter:data1\" content=\"Equipe G\u00e1vea News\" \/>\n\t<meta name=\"twitter:label2\" content=\"Est. tempo de leitura\" \/>\n\t<meta name=\"twitter:data2\" content=\"3 minutos\" \/>\n<script type=\"application\/ld+json\" class=\"yoast-schema-graph\">{\"@context\":\"https:\/\/schema.org\",\"@graph\":[{\"@type\":\"NewsArticle\",\"@id\":\"https:\/\/www.gaveanews.com\/index.php\/2022\/04\/05\/veja-como-a-diretoria-avalia-o-trabalho-de-paulo-sousa-no-flamengo\/#article\",\"isPartOf\":{\"@id\":\"https:\/\/www.gaveanews.com\/index.php\/2022\/04\/05\/veja-como-a-diretoria-avalia-o-trabalho-de-paulo-sousa-no-flamengo\/\"},\"author\":{\"name\":\"Equipe G\u00e1vea News\",\"@id\":\"https:\/\/www.gaveanews.com\/#\/schema\/person\/2ec14f73fb96be2caf28f91afb14749d\"},\"headline\":\"Veja como a diretoria avalia o trabalho de Paulo Sousa no Flamengo\",\"datePublished\":\"2022-04-05T12:15:17+00:00\",\"mainEntityOfPage\":{\"@id\":\"https:\/\/www.gaveanews.com\/index.php\/2022\/04\/05\/veja-como-a-diretoria-avalia-o-trabalho-de-paulo-sousa-no-flamengo\/\"},\"wordCount\":474,\"commentCount\":0,\"image\":{\"@id\":\"https:\/\/www.gaveanews.com\/index.php\/2022\/04\/05\/veja-como-a-diretoria-avalia-o-trabalho-de-paulo-sousa-no-flamengo\/#primaryimage\"},\"thumbnailUrl\":\"https:\/\/www.gaveanews.com\/wp-content\/uploads\/Paulo-Sousa-e-apresentado-como-novo-tecnico-do-Flamengo.webp\",\"articleSection\":[\"Flamengo\"],\"inLanguage\":\"pt-BR\",\"potentialAction\":[{\"@type\":\"CommentAction\",\"name\":\"Comment\",\"target\":[\"https:\/\/www.gaveanews.com\/index.php\/2022\/04\/05\/veja-como-a-diretoria-avalia-o-trabalho-de-paulo-sousa-no-flamengo\/#respond\"]}],\"copyrightYear\":\"2022\",\"copyrightHolder\":{\"@id\":\"https:\/\/www.gaveanews.com\/#organization\"}},{\"@type\":\"WebPage\",\"@id\":\"https:\/\/www.gaveanews.com\/index.php\/2022\/04\/05\/veja-como-a-diretoria-avalia-o-trabalho-de-paulo-sousa-no-flamengo\/\",\"url\":\"https:\/\/www.gaveanews.com\/index.php\/2022\/04\/05\/veja-como-a-diretoria-avalia-o-trabalho-de-paulo-sousa-no-flamengo\/\",\"name\":\"Veja como a diretoria avalia o trabalho de Paulo Sousa no Flamengo\",\"isPartOf\":{\"@id\":\"https:\/\/www.gaveanews.com\/#website\"},\"primaryImageOfPage\":{\"@id\":\"https:\/\/www.gaveanews.com\/index.php\/2022\/04\/05\/veja-como-a-diretoria-avalia-o-trabalho-de-paulo-sousa-no-flamengo\/#primaryimage\"},\"image\":{\"@id\":\"https:\/\/www.gaveanews.com\/index.php\/2022\/04\/05\/veja-como-a-diretoria-avalia-o-trabalho-de-paulo-sousa-no-flamengo\/#primaryimage\"},\"thumbnailUrl\":\"https:\/\/www.gaveanews.com\/wp-content\/uploads\/Paulo-Sousa-e-apresentado-como-novo-tecnico-do-Flamengo.webp\",\"datePublished\":\"2022-04-05T12:15:17+00:00\",\"author\":{\"@id\":\"https:\/\/www.gaveanews.com\/#\/schema\/person\/2ec14f73fb96be2caf28f91afb14749d\"},\"breadcrumb\":{\"@id\":\"https:\/\/www.gaveanews.com\/index.php\/2022\/04\/05\/veja-como-a-diretoria-avalia-o-trabalho-de-paulo-sousa-no-flamengo\/#breadcrumb\"},\"inLanguage\":\"pt-BR\",\"potentialAction\":[{\"@type\":\"ReadAction\",\"target\":[\"https:\/\/www.gaveanews.com\/index.php\/2022\/04\/05\/veja-como-a-diretoria-avalia-o-trabalho-de-paulo-sousa-no-flamengo\/\"]}]},{\"@type\":\"ImageObject\",\"inLanguage\":\"pt-BR\",\"@id\":\"https:\/\/www.gaveanews.com\/index.php\/2022\/04\/05\/veja-como-a-diretoria-avalia-o-trabalho-de-paulo-sousa-no-flamengo\/#primaryimage\",\"url\":\"https:\/\/www.gaveanews.com\/wp-content\/uploads\/Paulo-Sousa-e-apresentado-como-novo-tecnico-do-Flamengo.webp\",\"contentUrl\":\"https:\/\/www.gaveanews.com\/wp-content\/uploads\/Paulo-Sousa-e-apresentado-como-novo-tecnico-do-Flamengo.webp\",\"width\":799,\"height\":532,\"caption\":\"Paulo Sousa \u00e9 apresentado como novo t\u00e9cnico do Flamengo (Foto: Alexandre Vidal\/Flamengo)\"},{\"@type\":\"BreadcrumbList\",\"@id\":\"https:\/\/www.gaveanews.com\/index.php\/2022\/04\/05\/veja-como-a-diretoria-avalia-o-trabalho-de-paulo-sousa-no-flamengo\/#breadcrumb\",\"itemListElement\":[{\"@type\":\"ListItem\",\"position\":1,\"name\":\"Home\",\"item\":\"https:\/\/www.gaveanews.com\/\"},{\"@type\":\"ListItem\",\"position\":2,\"name\":\"Veja como a diretoria avalia o trabalho de Paulo Sousa no Flamengo\"}]},{\"@type\":\"WebSite\",\"@id\":\"https:\/\/www.gaveanews.com\/#website\",\"url\":\"https:\/\/www.gaveanews.com\/\",\"name\":\"G\u00e1vea News\",\"description\":\"Veja todas as not\u00edcias sobre o Flamengo: Contrata\u00e7\u00f5es, categorias de base, resultados das partidas, tabela de classifica\u00e7\u00e3o, pr\u00f3ximos jogos!\",\"potentialAction\":[{\"@type\":\"SearchAction\",\"target\":{\"@type\":\"EntryPoint\",\"urlTemplate\":\"https:\/\/www.gaveanews.com\/?s={search_term_string}\"},\"query-input\":{\"@type\":\"PropertyValueSpecification\",\"valueRequired\":true,\"valueName\":\"search_term_string\"}}],\"inLanguage\":\"pt-BR\"},{\"@type\":\"Person\",\"@id\":\"https:\/\/www.gaveanews.com\/#\/schema\/person\/2ec14f73fb96be2caf28f91afb14749d\",\"name\":\"Equipe G\u00e1vea News\",\"image\":{\"@type\":\"ImageObject\",\"inLanguage\":\"pt-BR\",\"@id\":\"https:\/\/www.gaveanews.com\/#\/schema\/person\/image\/\",\"url\":\"https:\/\/secure.gravatar.com\/avatar\/1e1956f1facbffd3f8fa53a326721950116b3b9dc9bd44939c01180fd4a745a9?s=96&d=mm&r=g\",\"contentUrl\":\"https:\/\/secure.gravatar.com\/avatar\/1e1956f1facbffd3f8fa53a326721950116b3b9dc9bd44939c01180fd4a745a9?s=96&d=mm&r=g\",\"caption\":\"Equipe G\u00e1vea News\"}}]}<\/script>\n<!-- \/ Yoast SEO Premium plugin. -->","yoast_head_json":{"title":"Veja como a diretoria avalia o trabalho de Paulo Sousa no Flamengo","robots":{"index":"index","follow":"follow","max-snippet":"max-snippet:-1","max-image-preview":"max-image-preview:large","max-video-preview":"max-video-preview:-1"},"canonical":"https:\/\/www.gaveanews.com\/index.php\/2022\/04\/05\/veja-como-a-diretoria-avalia-o-trabalho-de-paulo-sousa-no-flamengo\/","og_locale":"pt_BR","og_type":"article","og_title":"Veja como a diretoria avalia o trabalho de Paulo Sousa no Flamengo","og_description":"O relacionamento entre Paulo Sousa e jogadores do Flamengo n\u00e3o \u00e9 dos melhores e tem agitado os bastidores do clube. De um lado um grupo multicampe\u00e3o, mas que parece estar rachado, e do outro treinador e comiss\u00e3o t\u00e9cnica, que viram com a miss\u00e3o de reformular o elenco e fazer o time voltar a levantar ta\u00e7as. [&hellip;]","og_url":"https:\/\/www.gaveanews.com\/index.php\/2022\/04\/05\/veja-como-a-diretoria-avalia-o-trabalho-de-paulo-sousa-no-flamengo\/","og_site_name":"G\u00e1vea News","article_publisher":"https:\/\/facebook.com\/gaveaNews\/","article_published_time":"2022-04-05T12:15:17+00:00","og_image":[{"width":799,"height":532,"url":"https:\/\/www.gaveanews.com\/wp-content\/uploads\/Paulo-Sousa-e-apresentado-como-novo-tecnico-do-Flamengo.webp","type":"image\/jpeg"}],"author":"Equipe G\u00e1vea News","twitter_card":"summary_large_image","twitter_misc":{"Escrito por":"Equipe G\u00e1vea News","Est. tempo de leitura":"3 minutos"},"schema":{"@context":"https:\/\/schema.org","@graph":[{"@type":"NewsArticle","@id":"https:\/\/www.gaveanews.com\/index.php\/2022\/04\/05\/veja-como-a-diretoria-avalia-o-trabalho-de-paulo-sousa-no-flamengo\/#article","isPartOf":{"@id":"https:\/\/www.gaveanews.com\/index.php\/2022\/04\/05\/veja-como-a-diretoria-avalia-o-trabalho-de-paulo-sousa-no-flamengo\/"},"author":{"name":"Equipe G\u00e1vea News","@id":"https:\/\/www.gaveanews.com\/#\/schema\/person\/2ec14f73fb96be2caf28f91afb14749d"},"headline":"Veja como a diretoria avalia o trabalho de Paulo Sousa no Flamengo","datePublished":"2022-04-05T12:15:17+00:00","mainEntityOfPage":{"@id":"https:\/\/www.gaveanews.com\/index.php\/2022\/04\/05\/veja-como-a-diretoria-avalia-o-trabalho-de-paulo-sousa-no-flamengo\/"},"wordCount":474,"commentCount":0,"image":{"@id":"https:\/\/www.gaveanews.com\/index.php\/2022\/04\/05\/veja-como-a-diretoria-avalia-o-trabalho-de-paulo-sousa-no-flamengo\/#primaryimage"},"thumbnailUrl":"https:\/\/www.gaveanews.com\/wp-content\/uploads\/Paulo-Sousa-e-apresentado-como-novo-tecnico-do-Flamengo.webp","articleSection":["Flamengo"],"inLanguage":"pt-BR","potentialAction":[{"@type":"CommentAction","name":"Comment","target":["https:\/\/www.gaveanews.com\/index.php\/2022\/04\/05\/veja-como-a-diretoria-avalia-o-trabalho-de-paulo-sousa-no-flamengo\/#respond"]}],"copyrightYear":"2022","copyrightHolder":{"@id":"https:\/\/www.gaveanews.com\/#organization"}},{"@type":"WebPage","@id":"https:\/\/www.gaveanews.com\/index.php\/2022\/04\/05\/veja-como-a-diretoria-avalia-o-trabalho-de-paulo-sousa-no-flamengo\/","url":"https:\/\/www.gaveanews.com\/index.php\/2022\/04\/05\/veja-como-a-diretoria-avalia-o-trabalho-de-paulo-sousa-no-flamengo\/","name":"Veja como a diretoria avalia o trabalho de Paulo Sousa no Flamengo","isPartOf":{"@id":"https:\/\/www.gaveanews.com\/#website"},"primaryImageOfPage":{"@id":"https:\/\/www.gaveanews.com\/index.php\/2022\/04\/05\/veja-como-a-diretoria-avalia-o-trabalho-de-paulo-sousa-no-flamengo\/#primaryimage"},"image":{"@id":"https:\/\/www.gaveanews.com\/index.php\/2022\/04\/05\/veja-como-a-diretoria-avalia-o-trabalho-de-paulo-sousa-no-flamengo\/#primaryimage"},"thumbnailUrl":"https:\/\/www.gaveanews.com\/wp-content\/uploads\/Paulo-Sousa-e-apresentado-como-novo-tecnico-do-Flamengo.webp","datePublished":"2022-04-05T12:15:17+00:00","author":{"@id":"https:\/\/www.gaveanews.com\/#\/schema\/person\/2ec14f73fb96be2caf28f91afb14749d"},"breadcrumb":{"@id":"https:\/\/www.gaveanews.com\/index.php\/2022\/04\/05\/veja-como-a-diretoria-avalia-o-trabalho-de-paulo-sousa-no-flamengo\/#breadcrumb"},"inLanguage":"pt-BR","potentialAction":[{"@type":"ReadAction","target":["https:\/\/www.gaveanews.com\/index.php\/2022\/04\/05\/veja-como-a-diretoria-avalia-o-trabalho-de-paulo-sousa-no-flamengo\/"]}]},{"@type":"ImageObject","inLanguage":"pt-BR","@id":"https:\/\/www.gaveanews.com\/index.php\/2022\/04\/05\/veja-como-a-diretoria-avalia-o-trabalho-de-paulo-sousa-no-flamengo\/#primaryimage","url":"https:\/\/www.gaveanews.com\/wp-content\/uploads\/Paulo-Sousa-e-apresentado-como-novo-tecnico-do-Flamengo.webp","contentUrl":"https:\/\/www.gaveanews.com\/wp-content\/uploads\/Paulo-Sousa-e-apresentado-como-novo-tecnico-do-Flamengo.webp","width":799,"height":532,"caption":"Paulo Sousa \u00e9 apresentado como novo t\u00e9cnico do Flamengo (Foto: Alexandre Vidal\/Flamengo)"},{"@type":"BreadcrumbList","@id":"https:\/\/www.gaveanews.com\/index.php\/2022\/04\/05\/veja-como-a-diretoria-avalia-o-trabalho-de-paulo-sousa-no-flamengo\/#breadcrumb","itemListElement":[{"@type":"ListItem","position":1,"name":"Home","item":"https:\/\/www.gaveanews.com\/"},{"@type":"ListItem","position":2,"name":"Veja como a diretoria avalia o trabalho de Paulo Sousa no Flamengo"}]},{"@type":"WebSite","@id":"https:\/\/www.gaveanews.com\/#website","url":"https:\/\/www.gaveanews.com\/","name":"G\u00e1vea News","description":"Veja todas as not\u00edcias sobre o Flamengo: Contrata\u00e7\u00f5es, categorias de base, resultados das partidas, tabela de classifica\u00e7\u00e3o, pr\u00f3ximos jogos!","potentialAction":[{"@type":"SearchAction","target":{"@type":"EntryPoint","urlTemplate":"https:\/\/www.gaveanews.com\/?s={search_term_string}"},"query-input":{"@type":"PropertyValueSpecification","valueRequired":true,"valueName":"search_term_string"}}],"inLanguage":"pt-BR"},{"@type":"Person","@id":"https:\/\/www.gaveanews.com\/#\/schema\/person\/2ec14f73fb96be2caf28f91afb14749d","name":"Equipe G\u00e1vea News","image":{"@type":"ImageObject","inLanguage":"pt-BR","@id":"https:\/\/www.gaveanews.com\/#\/schema\/person\/image\/","url":"https:\/\/secure.gravatar.com\/avatar\/1e1956f1facbffd3f8fa53a326721950116b3b9dc9bd44939c01180fd4a745a9?s=96&d=mm&r=g","contentUrl":"https:\/\/secure.gravatar.com\/avatar\/1e1956f1facbffd3f8fa53a326721950116b3b9dc9bd44939c01180fd4a745a9?s=96&d=mm&r=g","caption":"Equipe G\u00e1vea News"}}]}},"_links":{"self":[{"href":"https:\/\/www.gaveanews.com\/index.php\/wp-json\/wp\/v2\/posts\/79521","targetHints":{"allow":["GET"]}}],"collection":[{"href":"https:\/\/www.gaveanews.com\/index.php\/wp-json\/wp\/v2\/posts"}],"about":[{"href":"https:\/\/www.gaveanews.com\/index.php\/wp-json\/wp\/v2\/types\/post"}],"author":[{"embeddable":true,"href":"https:\/\/www.gaveanews.com\/index.php\/wp-json\/wp\/v2\/users\/1"}],"replies":[{"embeddable":true,"href":"https:\/\/www.gaveanews.com\/index.php\/wp-json\/wp\/v2\/comments?post=79521"}],"version-history":[{"count":0,"href":"https:\/\/www.gaveanews.com\/index.php\/wp-json\/wp\/v2\/posts\/79521\/revisions"}],"wp:featuredmedia":[{"embeddable":true,"href":"https:\/\/www.gaveanews.com\/index.php\/wp-json\/wp\/v2\/media\/74672"}],"wp:attachment":[{"href":"https:\/\/www.gaveanews.com\/index.php\/wp-json\/wp\/v2\/media?parent=79521"}],"wp:term":[{"taxonomy":"category","embeddable":true,"href":"https:\/\/www.gaveanews.com\/index.php\/wp-json\/wp\/v2\/categories?post=79521"},{"taxonomy":"post_tag","embeddable":true,"href":"https:\/\/www.gaveanews.com\/index.php\/wp-json\/wp\/v2\/tags?post=79521"}],"curies":[{"name":"wp","href":"https:\/\/api.w.org\/{rel}","templated":true}]}}