{"id":79523,"date":"2022-04-05T09:56:38","date_gmt":"2022-04-05T12:56:38","guid":{"rendered":"https:\/\/www.gaveanews.com\/?p=79523"},"modified":"2022-04-05T09:56:38","modified_gmt":"2022-04-05T12:56:38","slug":"conmebol-deve-remarcar-jogo-do-flamengo-ainda-para-esta-semana","status":"publish","type":"post","link":"https:\/\/www.gaveanews.com\/index.php\/2022\/04\/05\/conmebol-deve-remarcar-jogo-do-flamengo-ainda-para-esta-semana\/","title":{"rendered":"Conmebol deve remarcar jogo do Flamengo ainda para esta semana"},"content":{"rendered":"<p>A estreia do Flamengo na Conmebol Libertadores marcada para esta ter\u00e7a-feira (5), \u00e0s 21h30, contra o Sporting Cristal, no Peru, deve ser adiada. Segundou apurou a ESPN, a entidade m\u00e1xima do futebol sul-americano ir\u00e1 atender o pedido do governo peruano para remarcar a partida.<\/p>\n<p>Pelo que p\u00f4de saber a reportagem, o jogo que marca o pontap\u00e9 inicial de peruanos e brasileiros no torneio continental pode acontecer ainda nesta semana para n\u00e3o complicar o calend\u00e1rio dos clubes.<\/p>\n<p>Tanto no Brasil, quanto no Peru, h\u00e1 limita\u00e7\u00f5es de datas para conseguir encaixar o duelo caso ele n\u00e3o seja realizado ainda nesta semana.<\/p>\n<div class=\"code-block code-block-12\">\n<h2 id=\"dmp-v-par-1\" class=\"plabel\"><strong>Entenda o cen\u00e1rio<\/strong><\/h2>\n<\/div>\n<p>Em pronunciamento na \u00faltima segunda-feira (4), o presidente Pedro Castillo decretou estado de emerg\u00eancia em Lima, local da partida, e Callao por conta da onda de protestos contra a alta do pre\u00e7o dos combust\u00edveis e fertilizantes.<\/p>\n<p>\u201cO Conselho de Ministros aprovou a declara\u00e7\u00e3o de imobilidade cidad\u00e3 (toque de recolher) das 2 da manh\u00e3 (pelo hor\u00e1rio local) \u00e0s 11h59 da noite de ter\u00e7a-feira, 5 de abril, para proteger os direitos fundamentais de todas as pessoas, o que n\u00e3o impedir\u00e1 a presta\u00e7\u00e3o de servi\u00e7os essenciais para todos. peruanos\u201d, disse Castillo.<\/p>\n<p>O ministro da Justi\u00e7a tamb\u00e9m se manifestou e foi enf\u00e1tico em rela\u00e7\u00e3o ao confronto de estreia entre peruanos e brasileiros na competi\u00e7\u00e3o continental: a partida no Est\u00e1dio Nacional teria de ser adiada.<\/p>\n<p>\u201cVai ter que ser remarcada. N\u00e3o esque\u00e7amos que em medidas excepcionais existem a\u00e7\u00f5es extraordin\u00e1rias que devem ser adotadas. Um jogo de futebol n\u00e3o pode ter preced\u00eancia sobre a tranquilidade do pa\u00eds\u201d, afirmou o ministro.<\/p>\n<p>Por conta do toque de recolher, somente servi\u00e7os considerados essenciais s\u00e3o tratados como exce\u00e7\u00e3o. S\u00e3o eles: profissionais das \u00e1reas de sa\u00fade, distribui\u00e7\u00e3o de \u00e1gua, saneamento, eletricidade, g\u00e1s, combust\u00edvel, telecomunica\u00e7\u00f5es e atividades correlatas, limpeza e coleta de res\u00edduos s\u00f3lidos, servi\u00e7os funer\u00e1rios, transporte de cargas e mercadorias.<\/p>\n<p>Retirado de: ESPN<\/p>\n","protected":false},"excerpt":{"rendered":"<p>A estreia do Flamengo na Conmebol Libertadores marcada para esta ter\u00e7a-feira (5), \u00e0s 21h30, contra o Sporting Cristal, no Peru, deve ser adiada. Segundou apurou a ESPN, a entidade m\u00e1xima do futebol sul-americano ir\u00e1 atender o pedido do governo peruano para remarcar a partida. Pelo que p\u00f4de saber a reportagem, o jogo que marca o [&hellip;]<\/p>\n","protected":false},"author":1,"featured_media":35738,"comment_status":"open","ping_status":"closed","sticky":false,"template":"","format":"standard","meta":{"footnotes":""},"categories":[47],"tags":[],"class_list":["post-79523","post","type-post","status-publish","format-standard","has-post-thumbnail","hentry","category-destaques"],"yoast_head":"<!-- This site is optimized with the Yoast SEO Premium plugin v24.2 (Yoast SEO v26.9) - https:\/\/yoast.com\/product\/yoast-seo-premium-wordpress\/ -->\n<title>Conmebol deve remarcar jogo do Flamengo ainda para esta semana<\/title>\n<meta name=\"robots\" content=\"index, follow, max-snippet:-1, max-image-preview:large, max-video-preview:-1\" \/>\n<link rel=\"canonical\" href=\"https:\/\/www.gaveanews.com\/index.php\/2022\/04\/05\/conmebol-deve-remarcar-jogo-do-flamengo-ainda-para-esta-semana\/\" \/>\n<meta property=\"og:locale\" content=\"pt_BR\" \/>\n<meta property=\"og:type\" content=\"article\" \/>\n<meta property=\"og:title\" content=\"Conmebol deve remarcar jogo do Flamengo ainda para esta semana\" \/>\n<meta property=\"og:description\" content=\"A estreia do Flamengo na Conmebol Libertadores marcada para esta ter\u00e7a-feira (5), \u00e0s 21h30, contra o Sporting Cristal, no Peru, deve ser adiada. Segundou apurou a ESPN, a entidade m\u00e1xima do futebol sul-americano ir\u00e1 atender o pedido do governo peruano para remarcar a partida. Pelo que p\u00f4de saber a reportagem, o jogo que marca o [&hellip;]\" \/>\n<meta property=\"og:url\" content=\"https:\/\/www.gaveanews.com\/index.php\/2022\/04\/05\/conmebol-deve-remarcar-jogo-do-flamengo-ainda-para-esta-semana\/\" \/>\n<meta property=\"og:site_name\" content=\"G\u00e1vea News\" \/>\n<meta property=\"article:publisher\" content=\"https:\/\/facebook.com\/gaveaNews\/\" \/>\n<meta property=\"article:published_time\" content=\"2022-04-05T12:56:38+00:00\" \/>\n<meta property=\"og:image\" content=\"https:\/\/www.gaveanews.com\/wp-content\/uploads\/Logomarca-da-Conmebol.webp\" \/>\n\t<meta property=\"og:image:width\" content=\"1162\" \/>\n\t<meta property=\"og:image:height\" content=\"751\" \/>\n\t<meta property=\"og:image:type\" content=\"image\/jpeg\" \/>\n<meta name=\"author\" content=\"Equipe G\u00e1vea News\" \/>\n<meta name=\"twitter:card\" content=\"summary_large_image\" \/>\n<meta name=\"twitter:label1\" content=\"Escrito por\" \/>\n\t<meta name=\"twitter:data1\" content=\"Equipe G\u00e1vea News\" \/>\n\t<meta name=\"twitter:label2\" content=\"Est. tempo de leitura\" \/>\n\t<meta name=\"twitter:data2\" content=\"2 minutos\" \/>\n<script type=\"application\/ld+json\" class=\"yoast-schema-graph\">{\"@context\":\"https:\/\/schema.org\",\"@graph\":[{\"@type\":\"NewsArticle\",\"@id\":\"https:\/\/www.gaveanews.com\/index.php\/2022\/04\/05\/conmebol-deve-remarcar-jogo-do-flamengo-ainda-para-esta-semana\/#article\",\"isPartOf\":{\"@id\":\"https:\/\/www.gaveanews.com\/index.php\/2022\/04\/05\/conmebol-deve-remarcar-jogo-do-flamengo-ainda-para-esta-semana\/\"},\"author\":{\"name\":\"Equipe G\u00e1vea News\",\"@id\":\"https:\/\/www.gaveanews.com\/#\/schema\/person\/2ec14f73fb96be2caf28f91afb14749d\"},\"headline\":\"Conmebol deve remarcar jogo do Flamengo ainda para esta semana\",\"datePublished\":\"2022-04-05T12:56:38+00:00\",\"mainEntityOfPage\":{\"@id\":\"https:\/\/www.gaveanews.com\/index.php\/2022\/04\/05\/conmebol-deve-remarcar-jogo-do-flamengo-ainda-para-esta-semana\/\"},\"wordCount\":353,\"commentCount\":0,\"image\":{\"@id\":\"https:\/\/www.gaveanews.com\/index.php\/2022\/04\/05\/conmebol-deve-remarcar-jogo-do-flamengo-ainda-para-esta-semana\/#primaryimage\"},\"thumbnailUrl\":\"https:\/\/www.gaveanews.com\/wp-content\/uploads\/Logomarca-da-Conmebol.webp\",\"articleSection\":[\"Destaques\"],\"inLanguage\":\"pt-BR\",\"potentialAction\":[{\"@type\":\"CommentAction\",\"name\":\"Comment\",\"target\":[\"https:\/\/www.gaveanews.com\/index.php\/2022\/04\/05\/conmebol-deve-remarcar-jogo-do-flamengo-ainda-para-esta-semana\/#respond\"]}],\"copyrightYear\":\"2022\",\"copyrightHolder\":{\"@id\":\"https:\/\/www.gaveanews.com\/#organization\"}},{\"@type\":\"WebPage\",\"@id\":\"https:\/\/www.gaveanews.com\/index.php\/2022\/04\/05\/conmebol-deve-remarcar-jogo-do-flamengo-ainda-para-esta-semana\/\",\"url\":\"https:\/\/www.gaveanews.com\/index.php\/2022\/04\/05\/conmebol-deve-remarcar-jogo-do-flamengo-ainda-para-esta-semana\/\",\"name\":\"Conmebol deve remarcar jogo do Flamengo ainda para esta semana\",\"isPartOf\":{\"@id\":\"https:\/\/www.gaveanews.com\/#website\"},\"primaryImageOfPage\":{\"@id\":\"https:\/\/www.gaveanews.com\/index.php\/2022\/04\/05\/conmebol-deve-remarcar-jogo-do-flamengo-ainda-para-esta-semana\/#primaryimage\"},\"image\":{\"@id\":\"https:\/\/www.gaveanews.com\/index.php\/2022\/04\/05\/conmebol-deve-remarcar-jogo-do-flamengo-ainda-para-esta-semana\/#primaryimage\"},\"thumbnailUrl\":\"https:\/\/www.gaveanews.com\/wp-content\/uploads\/Logomarca-da-Conmebol.webp\",\"datePublished\":\"2022-04-05T12:56:38+00:00\",\"author\":{\"@id\":\"https:\/\/www.gaveanews.com\/#\/schema\/person\/2ec14f73fb96be2caf28f91afb14749d\"},\"breadcrumb\":{\"@id\":\"https:\/\/www.gaveanews.com\/index.php\/2022\/04\/05\/conmebol-deve-remarcar-jogo-do-flamengo-ainda-para-esta-semana\/#breadcrumb\"},\"inLanguage\":\"pt-BR\",\"potentialAction\":[{\"@type\":\"ReadAction\",\"target\":[\"https:\/\/www.gaveanews.com\/index.php\/2022\/04\/05\/conmebol-deve-remarcar-jogo-do-flamengo-ainda-para-esta-semana\/\"]}]},{\"@type\":\"ImageObject\",\"inLanguage\":\"pt-BR\",\"@id\":\"https:\/\/www.gaveanews.com\/index.php\/2022\/04\/05\/conmebol-deve-remarcar-jogo-do-flamengo-ainda-para-esta-semana\/#primaryimage\",\"url\":\"https:\/\/www.gaveanews.com\/wp-content\/uploads\/Logomarca-da-Conmebol.webp\",\"contentUrl\":\"https:\/\/www.gaveanews.com\/wp-content\/uploads\/Logomarca-da-Conmebol.webp\",\"width\":1162,\"height\":751},{\"@type\":\"BreadcrumbList\",\"@id\":\"https:\/\/www.gaveanews.com\/index.php\/2022\/04\/05\/conmebol-deve-remarcar-jogo-do-flamengo-ainda-para-esta-semana\/#breadcrumb\",\"itemListElement\":[{\"@type\":\"ListItem\",\"position\":1,\"name\":\"Home\",\"item\":\"https:\/\/www.gaveanews.com\/\"},{\"@type\":\"ListItem\",\"position\":2,\"name\":\"Conmebol deve remarcar jogo do Flamengo ainda para esta semana\"}]},{\"@type\":\"WebSite\",\"@id\":\"https:\/\/www.gaveanews.com\/#website\",\"url\":\"https:\/\/www.gaveanews.com\/\",\"name\":\"G\u00e1vea News\",\"description\":\"Veja todas as not\u00edcias sobre o Flamengo: Contrata\u00e7\u00f5es, categorias de base, resultados das partidas, tabela de classifica\u00e7\u00e3o, pr\u00f3ximos jogos!\",\"potentialAction\":[{\"@type\":\"SearchAction\",\"target\":{\"@type\":\"EntryPoint\",\"urlTemplate\":\"https:\/\/www.gaveanews.com\/?s={search_term_string}\"},\"query-input\":{\"@type\":\"PropertyValueSpecification\",\"valueRequired\":true,\"valueName\":\"search_term_string\"}}],\"inLanguage\":\"pt-BR\"},{\"@type\":\"Person\",\"@id\":\"https:\/\/www.gaveanews.com\/#\/schema\/person\/2ec14f73fb96be2caf28f91afb14749d\",\"name\":\"Equipe G\u00e1vea News\",\"image\":{\"@type\":\"ImageObject\",\"inLanguage\":\"pt-BR\",\"@id\":\"https:\/\/www.gaveanews.com\/#\/schema\/person\/image\/\",\"url\":\"https:\/\/secure.gravatar.com\/avatar\/1e1956f1facbffd3f8fa53a326721950116b3b9dc9bd44939c01180fd4a745a9?s=96&d=mm&r=g\",\"contentUrl\":\"https:\/\/secure.gravatar.com\/avatar\/1e1956f1facbffd3f8fa53a326721950116b3b9dc9bd44939c01180fd4a745a9?s=96&d=mm&r=g\",\"caption\":\"Equipe G\u00e1vea News\"}}]}<\/script>\n<!-- \/ Yoast SEO Premium plugin. -->","yoast_head_json":{"title":"Conmebol deve remarcar jogo do Flamengo ainda para esta semana","robots":{"index":"index","follow":"follow","max-snippet":"max-snippet:-1","max-image-preview":"max-image-preview:large","max-video-preview":"max-video-preview:-1"},"canonical":"https:\/\/www.gaveanews.com\/index.php\/2022\/04\/05\/conmebol-deve-remarcar-jogo-do-flamengo-ainda-para-esta-semana\/","og_locale":"pt_BR","og_type":"article","og_title":"Conmebol deve remarcar jogo do Flamengo ainda para esta semana","og_description":"A estreia do Flamengo na Conmebol Libertadores marcada para esta ter\u00e7a-feira (5), \u00e0s 21h30, contra o Sporting Cristal, no Peru, deve ser adiada. Segundou apurou a ESPN, a entidade m\u00e1xima do futebol sul-americano ir\u00e1 atender o pedido do governo peruano para remarcar a partida. Pelo que p\u00f4de saber a reportagem, o jogo que marca o [&hellip;]","og_url":"https:\/\/www.gaveanews.com\/index.php\/2022\/04\/05\/conmebol-deve-remarcar-jogo-do-flamengo-ainda-para-esta-semana\/","og_site_name":"G\u00e1vea News","article_publisher":"https:\/\/facebook.com\/gaveaNews\/","article_published_time":"2022-04-05T12:56:38+00:00","og_image":[{"width":1162,"height":751,"url":"https:\/\/www.gaveanews.com\/wp-content\/uploads\/Logomarca-da-Conmebol.webp","type":"image\/jpeg"}],"author":"Equipe G\u00e1vea News","twitter_card":"summary_large_image","twitter_misc":{"Escrito por":"Equipe G\u00e1vea News","Est. tempo de leitura":"2 minutos"},"schema":{"@context":"https:\/\/schema.org","@graph":[{"@type":"NewsArticle","@id":"https:\/\/www.gaveanews.com\/index.php\/2022\/04\/05\/conmebol-deve-remarcar-jogo-do-flamengo-ainda-para-esta-semana\/#article","isPartOf":{"@id":"https:\/\/www.gaveanews.com\/index.php\/2022\/04\/05\/conmebol-deve-remarcar-jogo-do-flamengo-ainda-para-esta-semana\/"},"author":{"name":"Equipe G\u00e1vea News","@id":"https:\/\/www.gaveanews.com\/#\/schema\/person\/2ec14f73fb96be2caf28f91afb14749d"},"headline":"Conmebol deve remarcar jogo do Flamengo ainda para esta semana","datePublished":"2022-04-05T12:56:38+00:00","mainEntityOfPage":{"@id":"https:\/\/www.gaveanews.com\/index.php\/2022\/04\/05\/conmebol-deve-remarcar-jogo-do-flamengo-ainda-para-esta-semana\/"},"wordCount":353,"commentCount":0,"image":{"@id":"https:\/\/www.gaveanews.com\/index.php\/2022\/04\/05\/conmebol-deve-remarcar-jogo-do-flamengo-ainda-para-esta-semana\/#primaryimage"},"thumbnailUrl":"https:\/\/www.gaveanews.com\/wp-content\/uploads\/Logomarca-da-Conmebol.webp","articleSection":["Destaques"],"inLanguage":"pt-BR","potentialAction":[{"@type":"CommentAction","name":"Comment","target":["https:\/\/www.gaveanews.com\/index.php\/2022\/04\/05\/conmebol-deve-remarcar-jogo-do-flamengo-ainda-para-esta-semana\/#respond"]}],"copyrightYear":"2022","copyrightHolder":{"@id":"https:\/\/www.gaveanews.com\/#organization"}},{"@type":"WebPage","@id":"https:\/\/www.gaveanews.com\/index.php\/2022\/04\/05\/conmebol-deve-remarcar-jogo-do-flamengo-ainda-para-esta-semana\/","url":"https:\/\/www.gaveanews.com\/index.php\/2022\/04\/05\/conmebol-deve-remarcar-jogo-do-flamengo-ainda-para-esta-semana\/","name":"Conmebol deve remarcar jogo do Flamengo ainda para esta semana","isPartOf":{"@id":"https:\/\/www.gaveanews.com\/#website"},"primaryImageOfPage":{"@id":"https:\/\/www.gaveanews.com\/index.php\/2022\/04\/05\/conmebol-deve-remarcar-jogo-do-flamengo-ainda-para-esta-semana\/#primaryimage"},"image":{"@id":"https:\/\/www.gaveanews.com\/index.php\/2022\/04\/05\/conmebol-deve-remarcar-jogo-do-flamengo-ainda-para-esta-semana\/#primaryimage"},"thumbnailUrl":"https:\/\/www.gaveanews.com\/wp-content\/uploads\/Logomarca-da-Conmebol.webp","datePublished":"2022-04-05T12:56:38+00:00","author":{"@id":"https:\/\/www.gaveanews.com\/#\/schema\/person\/2ec14f73fb96be2caf28f91afb14749d"},"breadcrumb":{"@id":"https:\/\/www.gaveanews.com\/index.php\/2022\/04\/05\/conmebol-deve-remarcar-jogo-do-flamengo-ainda-para-esta-semana\/#breadcrumb"},"inLanguage":"pt-BR","potentialAction":[{"@type":"ReadAction","target":["https:\/\/www.gaveanews.com\/index.php\/2022\/04\/05\/conmebol-deve-remarcar-jogo-do-flamengo-ainda-para-esta-semana\/"]}]},{"@type":"ImageObject","inLanguage":"pt-BR","@id":"https:\/\/www.gaveanews.com\/index.php\/2022\/04\/05\/conmebol-deve-remarcar-jogo-do-flamengo-ainda-para-esta-semana\/#primaryimage","url":"https:\/\/www.gaveanews.com\/wp-content\/uploads\/Logomarca-da-Conmebol.webp","contentUrl":"https:\/\/www.gaveanews.com\/wp-content\/uploads\/Logomarca-da-Conmebol.webp","width":1162,"height":751},{"@type":"BreadcrumbList","@id":"https:\/\/www.gaveanews.com\/index.php\/2022\/04\/05\/conmebol-deve-remarcar-jogo-do-flamengo-ainda-para-esta-semana\/#breadcrumb","itemListElement":[{"@type":"ListItem","position":1,"name":"Home","item":"https:\/\/www.gaveanews.com\/"},{"@type":"ListItem","position":2,"name":"Conmebol deve remarcar jogo do Flamengo ainda para esta semana"}]},{"@type":"WebSite","@id":"https:\/\/www.gaveanews.com\/#website","url":"https:\/\/www.gaveanews.com\/","name":"G\u00e1vea News","description":"Veja todas as not\u00edcias sobre o Flamengo: Contrata\u00e7\u00f5es, categorias de base, resultados das partidas, tabela de classifica\u00e7\u00e3o, pr\u00f3ximos jogos!","potentialAction":[{"@type":"SearchAction","target":{"@type":"EntryPoint","urlTemplate":"https:\/\/www.gaveanews.com\/?s={search_term_string}"},"query-input":{"@type":"PropertyValueSpecification","valueRequired":true,"valueName":"search_term_string"}}],"inLanguage":"pt-BR"},{"@type":"Person","@id":"https:\/\/www.gaveanews.com\/#\/schema\/person\/2ec14f73fb96be2caf28f91afb14749d","name":"Equipe G\u00e1vea News","image":{"@type":"ImageObject","inLanguage":"pt-BR","@id":"https:\/\/www.gaveanews.com\/#\/schema\/person\/image\/","url":"https:\/\/secure.gravatar.com\/avatar\/1e1956f1facbffd3f8fa53a326721950116b3b9dc9bd44939c01180fd4a745a9?s=96&d=mm&r=g","contentUrl":"https:\/\/secure.gravatar.com\/avatar\/1e1956f1facbffd3f8fa53a326721950116b3b9dc9bd44939c01180fd4a745a9?s=96&d=mm&r=g","caption":"Equipe G\u00e1vea News"}}]}},"_links":{"self":[{"href":"https:\/\/www.gaveanews.com\/index.php\/wp-json\/wp\/v2\/posts\/79523","targetHints":{"allow":["GET"]}}],"collection":[{"href":"https:\/\/www.gaveanews.com\/index.php\/wp-json\/wp\/v2\/posts"}],"about":[{"href":"https:\/\/www.gaveanews.com\/index.php\/wp-json\/wp\/v2\/types\/post"}],"author":[{"embeddable":true,"href":"https:\/\/www.gaveanews.com\/index.php\/wp-json\/wp\/v2\/users\/1"}],"replies":[{"embeddable":true,"href":"https:\/\/www.gaveanews.com\/index.php\/wp-json\/wp\/v2\/comments?post=79523"}],"version-history":[{"count":0,"href":"https:\/\/www.gaveanews.com\/index.php\/wp-json\/wp\/v2\/posts\/79523\/revisions"}],"wp:featuredmedia":[{"embeddable":true,"href":"https:\/\/www.gaveanews.com\/index.php\/wp-json\/wp\/v2\/media\/35738"}],"wp:attachment":[{"href":"https:\/\/www.gaveanews.com\/index.php\/wp-json\/wp\/v2\/media?parent=79523"}],"wp:term":[{"taxonomy":"category","embeddable":true,"href":"https:\/\/www.gaveanews.com\/index.php\/wp-json\/wp\/v2\/categories?post=79523"},{"taxonomy":"post_tag","embeddable":true,"href":"https:\/\/www.gaveanews.com\/index.php\/wp-json\/wp\/v2\/tags?post=79523"}],"curies":[{"name":"wp","href":"https:\/\/api.w.org\/{rel}","templated":true}]}}