{"id":79547,"date":"2022-04-05T15:20:07","date_gmt":"2022-04-05T18:20:07","guid":{"rendered":"https:\/\/www.gaveanews.com\/?p=79547"},"modified":"2022-04-05T15:34:24","modified_gmt":"2022-04-05T18:34:24","slug":"filipe-luis-do-flamengo-sera-convidado-pela-rede-globo-para-ser-comentarista","status":"publish","type":"post","link":"https:\/\/www.gaveanews.com\/index.php\/2022\/04\/05\/filipe-luis-do-flamengo-sera-convidado-pela-rede-globo-para-ser-comentarista\/","title":{"rendered":"Filipe Lu\u00eds, do Flamengo, ser\u00e1 convidado pela Rede Globo para ser comentarista"},"content":{"rendered":"<p>Presente na cobertura do SporTV do sorteio dos grupos da Copa do Mundo, Filipe Lu\u00eds entrou na mira da Globo. Segundo o portal Not\u00edcias da TV, a emissora estuda realizar um convite para o lateral do Flamengo fazer parte do time de comentaristas que v\u00e3o fazer parte da exibi\u00e7\u00e3o do torneio disputado no Catar. De acordo com o ve\u00edculo, o atleta teve sua participa\u00e7\u00e3o bem avaliada por diretores da empresa, j\u00e1 que teve um bom entendimento, principalmente, com Ana Tha\u00eds Matos.<\/p>\n<p>Durante o \u201cteste ao vivo\u201d, Filipe Lu\u00eds demonstrou uma fluidez que causou boa impress\u00e3o na Globo. Sendo claro em suas ideias, o jogador do Flamengo n\u00e3o esteve nervoso diante das c\u00e2meras, encarando com naturalidade o desafio de comentar o sorteio. Sendo assim, sua participa\u00e7\u00e3o foi elogiado n\u00e3o apenas por diretores, tendo em vista que membros da reda\u00e7\u00e3o ficaram impressionados com o desempenho.<\/p>\n<p><img loading=\"lazy\" decoding=\"async\" class=\"\" src=\"https:\/\/www.flaresenha.com\/wp-content\/uploads\/2022\/04\/filipe-luis-sportv.webp\" width=\"619\" height=\"350\" \/><\/p>\n<p>Dessa forma, ele pode seguir os passos de Pedrinho, elogiado por an\u00e1lises profundas e com uma postura sem adotar nenhum tipo de clubismo. Neste cen\u00e1rio, o ex-atleta da sele\u00e7\u00e3o brasileira tem chances de retornar ao canal como convidado entre novembro e dezembro, exercendo a fun\u00e7\u00e3o de comentarista na Copa.<\/p>\n<h2>Futuro de Filipe Lu\u00eds<\/h2>\n<p>Conforme relatado pelo jornal O Globo, Filipe Lu\u00eds tem o desejo de ser treinador do Flamengo ou ao menos auxiliar do clube no futuro, mas as portas para o Atl\u00e9tico de Madrid tamb\u00e9m est\u00e3o abertas. Agora, resta saber se uma das principais emissoras do mundo ir\u00e1 entrar na \u201cdisputa\u201d para contratar o lateral-esquerdo, que tem contrato at\u00e9 o final do ano.<\/p>\n<p>\u201cTudo caminha para eu me aposentar no Flamengo e depois continuar no futebol em uma carreira de treinador. Acredito que a minha nova fase no Atl\u00e9tico seja na comiss\u00e3o t\u00e9cnica, quando o Cholo (Simeone) me chamar\u201d, afirmou ao programa \u201cEl Larguero\u201d.<\/p>\n<p>Retirado de: Torcedores<\/p>\n","protected":false},"excerpt":{"rendered":"<p>Presente na cobertura do SporTV do sorteio dos grupos da Copa do Mundo, Filipe Lu\u00eds entrou na mira da Globo. Segundo o portal Not\u00edcias da TV, a emissora estuda realizar um convite para o lateral do Flamengo fazer parte do time de comentaristas que v\u00e3o fazer parte da exibi\u00e7\u00e3o do torneio disputado no Catar. De [&hellip;]<\/p>\n","protected":false},"author":1,"featured_media":70186,"comment_status":"open","ping_status":"closed","sticky":false,"template":"","format":"standard","meta":{"footnotes":""},"categories":[47],"tags":[],"class_list":["post-79547","post","type-post","status-publish","format-standard","has-post-thumbnail","hentry","category-destaques"],"yoast_head":"<!-- This site is optimized with the Yoast SEO Premium plugin v24.2 (Yoast SEO v26.9) - https:\/\/yoast.com\/product\/yoast-seo-premium-wordpress\/ -->\n<title>Filipe Lu\u00eds, do Flamengo, ser\u00e1 convidado pela Rede Globo para ser comentarista<\/title>\n<meta name=\"robots\" content=\"index, follow, max-snippet:-1, max-image-preview:large, max-video-preview:-1\" \/>\n<link rel=\"canonical\" href=\"https:\/\/www.gaveanews.com\/index.php\/2022\/04\/05\/filipe-luis-do-flamengo-sera-convidado-pela-rede-globo-para-ser-comentarista\/\" \/>\n<meta property=\"og:locale\" content=\"pt_BR\" \/>\n<meta property=\"og:type\" content=\"article\" \/>\n<meta property=\"og:title\" content=\"Filipe Lu\u00eds, do Flamengo, ser\u00e1 convidado pela Rede Globo para ser comentarista\" \/>\n<meta property=\"og:description\" content=\"Presente na cobertura do SporTV do sorteio dos grupos da Copa do Mundo, Filipe Lu\u00eds entrou na mira da Globo. Segundo o portal Not\u00edcias da TV, a emissora estuda realizar um convite para o lateral do Flamengo fazer parte do time de comentaristas que v\u00e3o fazer parte da exibi\u00e7\u00e3o do torneio disputado no Catar. De [&hellip;]\" \/>\n<meta property=\"og:url\" content=\"https:\/\/www.gaveanews.com\/index.php\/2022\/04\/05\/filipe-luis-do-flamengo-sera-convidado-pela-rede-globo-para-ser-comentarista\/\" \/>\n<meta property=\"og:site_name\" content=\"G\u00e1vea News\" \/>\n<meta property=\"article:publisher\" content=\"https:\/\/facebook.com\/gaveaNews\/\" \/>\n<meta property=\"article:published_time\" content=\"2022-04-05T18:20:07+00:00\" \/>\n<meta property=\"article:modified_time\" content=\"2022-04-05T18:34:24+00:00\" \/>\n<meta property=\"og:image\" content=\"https:\/\/www.gaveanews.com\/wp-content\/uploads\/Filipe-Luis-em-acao-pelo-Flamengo-contra-o-Cuiaba-no-Campeonato-Brasileiro-2021.webp\" \/>\n\t<meta property=\"og:image:width\" content=\"799\" \/>\n\t<meta property=\"og:image:height\" content=\"533\" \/>\n\t<meta property=\"og:image:type\" content=\"image\/jpeg\" \/>\n<meta name=\"author\" content=\"Equipe G\u00e1vea News\" \/>\n<meta name=\"twitter:card\" content=\"summary_large_image\" \/>\n<meta name=\"twitter:label1\" content=\"Escrito por\" \/>\n\t<meta name=\"twitter:data1\" content=\"Equipe G\u00e1vea News\" \/>\n\t<meta name=\"twitter:label2\" content=\"Est. tempo de leitura\" \/>\n\t<meta name=\"twitter:data2\" content=\"2 minutos\" \/>\n<script type=\"application\/ld+json\" class=\"yoast-schema-graph\">{\"@context\":\"https:\/\/schema.org\",\"@graph\":[{\"@type\":\"NewsArticle\",\"@id\":\"https:\/\/www.gaveanews.com\/index.php\/2022\/04\/05\/filipe-luis-do-flamengo-sera-convidado-pela-rede-globo-para-ser-comentarista\/#article\",\"isPartOf\":{\"@id\":\"https:\/\/www.gaveanews.com\/index.php\/2022\/04\/05\/filipe-luis-do-flamengo-sera-convidado-pela-rede-globo-para-ser-comentarista\/\"},\"author\":{\"name\":\"Equipe G\u00e1vea News\",\"@id\":\"https:\/\/www.gaveanews.com\/#\/schema\/person\/2ec14f73fb96be2caf28f91afb14749d\"},\"headline\":\"Filipe Lu\u00eds, do Flamengo, ser\u00e1 convidado pela Rede Globo para ser comentarista\",\"datePublished\":\"2022-04-05T18:20:07+00:00\",\"dateModified\":\"2022-04-05T18:34:24+00:00\",\"mainEntityOfPage\":{\"@id\":\"https:\/\/www.gaveanews.com\/index.php\/2022\/04\/05\/filipe-luis-do-flamengo-sera-convidado-pela-rede-globo-para-ser-comentarista\/\"},\"wordCount\":340,\"commentCount\":0,\"image\":{\"@id\":\"https:\/\/www.gaveanews.com\/index.php\/2022\/04\/05\/filipe-luis-do-flamengo-sera-convidado-pela-rede-globo-para-ser-comentarista\/#primaryimage\"},\"thumbnailUrl\":\"https:\/\/www.gaveanews.com\/wp-content\/uploads\/Filipe-Luis-em-acao-pelo-Flamengo-contra-o-Cuiaba-no-Campeonato-Brasileiro-2021.webp\",\"articleSection\":[\"Destaques\"],\"inLanguage\":\"pt-BR\",\"potentialAction\":[{\"@type\":\"CommentAction\",\"name\":\"Comment\",\"target\":[\"https:\/\/www.gaveanews.com\/index.php\/2022\/04\/05\/filipe-luis-do-flamengo-sera-convidado-pela-rede-globo-para-ser-comentarista\/#respond\"]}],\"copyrightYear\":\"2022\",\"copyrightHolder\":{\"@id\":\"https:\/\/www.gaveanews.com\/#organization\"}},{\"@type\":\"WebPage\",\"@id\":\"https:\/\/www.gaveanews.com\/index.php\/2022\/04\/05\/filipe-luis-do-flamengo-sera-convidado-pela-rede-globo-para-ser-comentarista\/\",\"url\":\"https:\/\/www.gaveanews.com\/index.php\/2022\/04\/05\/filipe-luis-do-flamengo-sera-convidado-pela-rede-globo-para-ser-comentarista\/\",\"name\":\"Filipe Lu\u00eds, do Flamengo, ser\u00e1 convidado pela Rede Globo para ser comentarista\",\"isPartOf\":{\"@id\":\"https:\/\/www.gaveanews.com\/#website\"},\"primaryImageOfPage\":{\"@id\":\"https:\/\/www.gaveanews.com\/index.php\/2022\/04\/05\/filipe-luis-do-flamengo-sera-convidado-pela-rede-globo-para-ser-comentarista\/#primaryimage\"},\"image\":{\"@id\":\"https:\/\/www.gaveanews.com\/index.php\/2022\/04\/05\/filipe-luis-do-flamengo-sera-convidado-pela-rede-globo-para-ser-comentarista\/#primaryimage\"},\"thumbnailUrl\":\"https:\/\/www.gaveanews.com\/wp-content\/uploads\/Filipe-Luis-em-acao-pelo-Flamengo-contra-o-Cuiaba-no-Campeonato-Brasileiro-2021.webp\",\"datePublished\":\"2022-04-05T18:20:07+00:00\",\"dateModified\":\"2022-04-05T18:34:24+00:00\",\"author\":{\"@id\":\"https:\/\/www.gaveanews.com\/#\/schema\/person\/2ec14f73fb96be2caf28f91afb14749d\"},\"breadcrumb\":{\"@id\":\"https:\/\/www.gaveanews.com\/index.php\/2022\/04\/05\/filipe-luis-do-flamengo-sera-convidado-pela-rede-globo-para-ser-comentarista\/#breadcrumb\"},\"inLanguage\":\"pt-BR\",\"potentialAction\":[{\"@type\":\"ReadAction\",\"target\":[\"https:\/\/www.gaveanews.com\/index.php\/2022\/04\/05\/filipe-luis-do-flamengo-sera-convidado-pela-rede-globo-para-ser-comentarista\/\"]}]},{\"@type\":\"ImageObject\",\"inLanguage\":\"pt-BR\",\"@id\":\"https:\/\/www.gaveanews.com\/index.php\/2022\/04\/05\/filipe-luis-do-flamengo-sera-convidado-pela-rede-globo-para-ser-comentarista\/#primaryimage\",\"url\":\"https:\/\/www.gaveanews.com\/wp-content\/uploads\/Filipe-Luis-em-acao-pelo-Flamengo-contra-o-Cuiaba-no-Campeonato-Brasileiro-2021.webp\",\"contentUrl\":\"https:\/\/www.gaveanews.com\/wp-content\/uploads\/Filipe-Luis-em-acao-pelo-Flamengo-contra-o-Cuiaba-no-Campeonato-Brasileiro-2021.webp\",\"width\":799,\"height\":533,\"caption\":\"Filipe Lu\u00eds em a\u00e7\u00e3o pelo Flamengo contra o Cuiab\u00e1 no Campeonato Brasileiro 2021 (Foto: Alexandre Vidal\/Flamengo)\"},{\"@type\":\"BreadcrumbList\",\"@id\":\"https:\/\/www.gaveanews.com\/index.php\/2022\/04\/05\/filipe-luis-do-flamengo-sera-convidado-pela-rede-globo-para-ser-comentarista\/#breadcrumb\",\"itemListElement\":[{\"@type\":\"ListItem\",\"position\":1,\"name\":\"Home\",\"item\":\"https:\/\/www.gaveanews.com\/\"},{\"@type\":\"ListItem\",\"position\":2,\"name\":\"Filipe Lu\u00eds, do Flamengo, ser\u00e1 convidado pela Rede Globo para ser comentarista\"}]},{\"@type\":\"WebSite\",\"@id\":\"https:\/\/www.gaveanews.com\/#website\",\"url\":\"https:\/\/www.gaveanews.com\/\",\"name\":\"G\u00e1vea News\",\"description\":\"Veja todas as not\u00edcias sobre o Flamengo: Contrata\u00e7\u00f5es, categorias de base, resultados das partidas, tabela de classifica\u00e7\u00e3o, pr\u00f3ximos jogos!\",\"potentialAction\":[{\"@type\":\"SearchAction\",\"target\":{\"@type\":\"EntryPoint\",\"urlTemplate\":\"https:\/\/www.gaveanews.com\/?s={search_term_string}\"},\"query-input\":{\"@type\":\"PropertyValueSpecification\",\"valueRequired\":true,\"valueName\":\"search_term_string\"}}],\"inLanguage\":\"pt-BR\"},{\"@type\":\"Person\",\"@id\":\"https:\/\/www.gaveanews.com\/#\/schema\/person\/2ec14f73fb96be2caf28f91afb14749d\",\"name\":\"Equipe G\u00e1vea News\",\"image\":{\"@type\":\"ImageObject\",\"inLanguage\":\"pt-BR\",\"@id\":\"https:\/\/www.gaveanews.com\/#\/schema\/person\/image\/\",\"url\":\"https:\/\/secure.gravatar.com\/avatar\/1e1956f1facbffd3f8fa53a326721950116b3b9dc9bd44939c01180fd4a745a9?s=96&d=mm&r=g\",\"contentUrl\":\"https:\/\/secure.gravatar.com\/avatar\/1e1956f1facbffd3f8fa53a326721950116b3b9dc9bd44939c01180fd4a745a9?s=96&d=mm&r=g\",\"caption\":\"Equipe G\u00e1vea News\"}}]}<\/script>\n<!-- \/ Yoast SEO Premium plugin. -->","yoast_head_json":{"title":"Filipe Lu\u00eds, do Flamengo, ser\u00e1 convidado pela Rede Globo para ser comentarista","robots":{"index":"index","follow":"follow","max-snippet":"max-snippet:-1","max-image-preview":"max-image-preview:large","max-video-preview":"max-video-preview:-1"},"canonical":"https:\/\/www.gaveanews.com\/index.php\/2022\/04\/05\/filipe-luis-do-flamengo-sera-convidado-pela-rede-globo-para-ser-comentarista\/","og_locale":"pt_BR","og_type":"article","og_title":"Filipe Lu\u00eds, do Flamengo, ser\u00e1 convidado pela Rede Globo para ser comentarista","og_description":"Presente na cobertura do SporTV do sorteio dos grupos da Copa do Mundo, Filipe Lu\u00eds entrou na mira da Globo. Segundo o portal Not\u00edcias da TV, a emissora estuda realizar um convite para o lateral do Flamengo fazer parte do time de comentaristas que v\u00e3o fazer parte da exibi\u00e7\u00e3o do torneio disputado no Catar. De [&hellip;]","og_url":"https:\/\/www.gaveanews.com\/index.php\/2022\/04\/05\/filipe-luis-do-flamengo-sera-convidado-pela-rede-globo-para-ser-comentarista\/","og_site_name":"G\u00e1vea News","article_publisher":"https:\/\/facebook.com\/gaveaNews\/","article_published_time":"2022-04-05T18:20:07+00:00","article_modified_time":"2022-04-05T18:34:24+00:00","og_image":[{"width":799,"height":533,"url":"https:\/\/www.gaveanews.com\/wp-content\/uploads\/Filipe-Luis-em-acao-pelo-Flamengo-contra-o-Cuiaba-no-Campeonato-Brasileiro-2021.webp","type":"image\/jpeg"}],"author":"Equipe G\u00e1vea News","twitter_card":"summary_large_image","twitter_misc":{"Escrito por":"Equipe G\u00e1vea News","Est. tempo de leitura":"2 minutos"},"schema":{"@context":"https:\/\/schema.org","@graph":[{"@type":"NewsArticle","@id":"https:\/\/www.gaveanews.com\/index.php\/2022\/04\/05\/filipe-luis-do-flamengo-sera-convidado-pela-rede-globo-para-ser-comentarista\/#article","isPartOf":{"@id":"https:\/\/www.gaveanews.com\/index.php\/2022\/04\/05\/filipe-luis-do-flamengo-sera-convidado-pela-rede-globo-para-ser-comentarista\/"},"author":{"name":"Equipe G\u00e1vea News","@id":"https:\/\/www.gaveanews.com\/#\/schema\/person\/2ec14f73fb96be2caf28f91afb14749d"},"headline":"Filipe Lu\u00eds, do Flamengo, ser\u00e1 convidado pela Rede Globo para ser comentarista","datePublished":"2022-04-05T18:20:07+00:00","dateModified":"2022-04-05T18:34:24+00:00","mainEntityOfPage":{"@id":"https:\/\/www.gaveanews.com\/index.php\/2022\/04\/05\/filipe-luis-do-flamengo-sera-convidado-pela-rede-globo-para-ser-comentarista\/"},"wordCount":340,"commentCount":0,"image":{"@id":"https:\/\/www.gaveanews.com\/index.php\/2022\/04\/05\/filipe-luis-do-flamengo-sera-convidado-pela-rede-globo-para-ser-comentarista\/#primaryimage"},"thumbnailUrl":"https:\/\/www.gaveanews.com\/wp-content\/uploads\/Filipe-Luis-em-acao-pelo-Flamengo-contra-o-Cuiaba-no-Campeonato-Brasileiro-2021.webp","articleSection":["Destaques"],"inLanguage":"pt-BR","potentialAction":[{"@type":"CommentAction","name":"Comment","target":["https:\/\/www.gaveanews.com\/index.php\/2022\/04\/05\/filipe-luis-do-flamengo-sera-convidado-pela-rede-globo-para-ser-comentarista\/#respond"]}],"copyrightYear":"2022","copyrightHolder":{"@id":"https:\/\/www.gaveanews.com\/#organization"}},{"@type":"WebPage","@id":"https:\/\/www.gaveanews.com\/index.php\/2022\/04\/05\/filipe-luis-do-flamengo-sera-convidado-pela-rede-globo-para-ser-comentarista\/","url":"https:\/\/www.gaveanews.com\/index.php\/2022\/04\/05\/filipe-luis-do-flamengo-sera-convidado-pela-rede-globo-para-ser-comentarista\/","name":"Filipe Lu\u00eds, do Flamengo, ser\u00e1 convidado pela Rede Globo para ser comentarista","isPartOf":{"@id":"https:\/\/www.gaveanews.com\/#website"},"primaryImageOfPage":{"@id":"https:\/\/www.gaveanews.com\/index.php\/2022\/04\/05\/filipe-luis-do-flamengo-sera-convidado-pela-rede-globo-para-ser-comentarista\/#primaryimage"},"image":{"@id":"https:\/\/www.gaveanews.com\/index.php\/2022\/04\/05\/filipe-luis-do-flamengo-sera-convidado-pela-rede-globo-para-ser-comentarista\/#primaryimage"},"thumbnailUrl":"https:\/\/www.gaveanews.com\/wp-content\/uploads\/Filipe-Luis-em-acao-pelo-Flamengo-contra-o-Cuiaba-no-Campeonato-Brasileiro-2021.webp","datePublished":"2022-04-05T18:20:07+00:00","dateModified":"2022-04-05T18:34:24+00:00","author":{"@id":"https:\/\/www.gaveanews.com\/#\/schema\/person\/2ec14f73fb96be2caf28f91afb14749d"},"breadcrumb":{"@id":"https:\/\/www.gaveanews.com\/index.php\/2022\/04\/05\/filipe-luis-do-flamengo-sera-convidado-pela-rede-globo-para-ser-comentarista\/#breadcrumb"},"inLanguage":"pt-BR","potentialAction":[{"@type":"ReadAction","target":["https:\/\/www.gaveanews.com\/index.php\/2022\/04\/05\/filipe-luis-do-flamengo-sera-convidado-pela-rede-globo-para-ser-comentarista\/"]}]},{"@type":"ImageObject","inLanguage":"pt-BR","@id":"https:\/\/www.gaveanews.com\/index.php\/2022\/04\/05\/filipe-luis-do-flamengo-sera-convidado-pela-rede-globo-para-ser-comentarista\/#primaryimage","url":"https:\/\/www.gaveanews.com\/wp-content\/uploads\/Filipe-Luis-em-acao-pelo-Flamengo-contra-o-Cuiaba-no-Campeonato-Brasileiro-2021.webp","contentUrl":"https:\/\/www.gaveanews.com\/wp-content\/uploads\/Filipe-Luis-em-acao-pelo-Flamengo-contra-o-Cuiaba-no-Campeonato-Brasileiro-2021.webp","width":799,"height":533,"caption":"Filipe Lu\u00eds em a\u00e7\u00e3o pelo Flamengo contra o Cuiab\u00e1 no Campeonato Brasileiro 2021 (Foto: Alexandre Vidal\/Flamengo)"},{"@type":"BreadcrumbList","@id":"https:\/\/www.gaveanews.com\/index.php\/2022\/04\/05\/filipe-luis-do-flamengo-sera-convidado-pela-rede-globo-para-ser-comentarista\/#breadcrumb","itemListElement":[{"@type":"ListItem","position":1,"name":"Home","item":"https:\/\/www.gaveanews.com\/"},{"@type":"ListItem","position":2,"name":"Filipe Lu\u00eds, do Flamengo, ser\u00e1 convidado pela Rede Globo para ser comentarista"}]},{"@type":"WebSite","@id":"https:\/\/www.gaveanews.com\/#website","url":"https:\/\/www.gaveanews.com\/","name":"G\u00e1vea News","description":"Veja todas as not\u00edcias sobre o Flamengo: Contrata\u00e7\u00f5es, categorias de base, resultados das partidas, tabela de classifica\u00e7\u00e3o, pr\u00f3ximos jogos!","potentialAction":[{"@type":"SearchAction","target":{"@type":"EntryPoint","urlTemplate":"https:\/\/www.gaveanews.com\/?s={search_term_string}"},"query-input":{"@type":"PropertyValueSpecification","valueRequired":true,"valueName":"search_term_string"}}],"inLanguage":"pt-BR"},{"@type":"Person","@id":"https:\/\/www.gaveanews.com\/#\/schema\/person\/2ec14f73fb96be2caf28f91afb14749d","name":"Equipe G\u00e1vea News","image":{"@type":"ImageObject","inLanguage":"pt-BR","@id":"https:\/\/www.gaveanews.com\/#\/schema\/person\/image\/","url":"https:\/\/secure.gravatar.com\/avatar\/1e1956f1facbffd3f8fa53a326721950116b3b9dc9bd44939c01180fd4a745a9?s=96&d=mm&r=g","contentUrl":"https:\/\/secure.gravatar.com\/avatar\/1e1956f1facbffd3f8fa53a326721950116b3b9dc9bd44939c01180fd4a745a9?s=96&d=mm&r=g","caption":"Equipe G\u00e1vea News"}}]}},"_links":{"self":[{"href":"https:\/\/www.gaveanews.com\/index.php\/wp-json\/wp\/v2\/posts\/79547","targetHints":{"allow":["GET"]}}],"collection":[{"href":"https:\/\/www.gaveanews.com\/index.php\/wp-json\/wp\/v2\/posts"}],"about":[{"href":"https:\/\/www.gaveanews.com\/index.php\/wp-json\/wp\/v2\/types\/post"}],"author":[{"embeddable":true,"href":"https:\/\/www.gaveanews.com\/index.php\/wp-json\/wp\/v2\/users\/1"}],"replies":[{"embeddable":true,"href":"https:\/\/www.gaveanews.com\/index.php\/wp-json\/wp\/v2\/comments?post=79547"}],"version-history":[{"count":0,"href":"https:\/\/www.gaveanews.com\/index.php\/wp-json\/wp\/v2\/posts\/79547\/revisions"}],"wp:featuredmedia":[{"embeddable":true,"href":"https:\/\/www.gaveanews.com\/index.php\/wp-json\/wp\/v2\/media\/70186"}],"wp:attachment":[{"href":"https:\/\/www.gaveanews.com\/index.php\/wp-json\/wp\/v2\/media?parent=79547"}],"wp:term":[{"taxonomy":"category","embeddable":true,"href":"https:\/\/www.gaveanews.com\/index.php\/wp-json\/wp\/v2\/categories?post=79547"},{"taxonomy":"post_tag","embeddable":true,"href":"https:\/\/www.gaveanews.com\/index.php\/wp-json\/wp\/v2\/tags?post=79547"}],"curies":[{"name":"wp","href":"https:\/\/api.w.org\/{rel}","templated":true}]}}