{"id":79552,"date":"2022-04-05T18:08:40","date_gmt":"2022-04-05T21:08:40","guid":{"rendered":"https:\/\/www.gaveanews.com\/?p=79552"},"modified":"2022-04-05T18:08:40","modified_gmt":"2022-04-05T21:08:40","slug":"apos-rejeitar-a-petrobras-rodolfo-landim-nao-viaja-com-o-flamengo-se-encontra-com-empresario-carlos-suarez-e-vai-passear-na-europa","status":"publish","type":"post","link":"https:\/\/www.gaveanews.com\/index.php\/2022\/04\/05\/apos-rejeitar-a-petrobras-rodolfo-landim-nao-viaja-com-o-flamengo-se-encontra-com-empresario-carlos-suarez-e-vai-passear-na-europa\/","title":{"rendered":"Ap\u00f3s rejeitar a Petrobras, Rodolfo Landim n\u00e3o viaja com o Flamengo, se encontra com empres\u00e1rio Carlos Suarez e vai passear na Europa"},"content":{"rendered":"<p>Nos \u00faltimos dias, Rodolfo Landim, presidente do Flamengo, tem aparecido mais em not\u00edcias vinculadas ao cen\u00e1rio da pol\u00edtica nacional do que em mat\u00e9rias sobre o clube propriamente dito. Recentemente, o mandat\u00e1rio foi indicado por Jair Bolsonaro para assumir o conselho da Petrobras.<\/p>\n<ul>\n<li><strong><a href=\"https:\/\/www.gaveanews.com\/index.php\/2022\/03\/07\/grupo-politico-do-flamengo-pede-para-que-landim-recuse-cargo-na-petrobras\/\">Grupo pol\u00edtico do Flamengo pede para que Landim recuse cargo na Petrobras.<\/a><\/strong><\/li>\n<\/ul>\n<p>Poucos dias depois aceitar o cargo, Landim voltou atr\u00e1s e rejeitou a proposta, afirmando que seu foco total seria no Flamengo, que atualmente passa por momentos delicados nos bastidores.<\/p>\n<p>No final de semana, o Mais Querido foi derrotado pelo Fluminense no placar agregado e se tornou o atual vice do Campeonato Carioca. O resultado balan\u00e7ou ainda mais o clube internamente, onde os jogadores, a comiss\u00e3o t\u00e9cnica e os dirigentes n\u00e3o conseguem chegar a um consenso e perduram um desconforto entre as partes.<\/p>\n<p>Neste cen\u00e1rio, era esperado que o presidente realmente voltasse sua aten\u00e7\u00e3o para o Mais Querido e colocasse a casa em ordem. Contudo, esta n\u00e3o foi a realidade.<\/p>\n<p>A delega\u00e7\u00e3o rubro-negra, ainda bastante balan\u00e7ada mentalmente, viajou no domingo (03) para Lima visando sua estreia na Libertadores. Isso tudo para chegar na capital peruana e <a href=\"https:\/\/www.gaveanews.com\/index.php\/2022\/04\/05\/video-jogo-do-flamengo-hoje-na-libertadores-pode-ser-adiado-compreenda\/\">encontrar um clima mais desagrad\u00e1vel ainda<\/a>.<\/p>\n<p>Com a possibilidade de a partida nem mesmo acontecer, a delega\u00e7\u00e3o rubro-negra vive o dia do confronto contra o Sporting Cristal com incertezas sobre o jogo e sem seu presidente para dar suporte. <a href=\"https:\/\/www.gaveanews.com\/index.php\/2022\/04\/04\/rodolfo-landim-e-marcos-braz-nao-viajam-com-elenco-do-flamengo\/\">Isso porque Landim, assim como Marcos Braz, n\u00e3o acompanhou o grupo em sua viagem ao Peru<\/a>.<\/p>\n<p>Ao inv\u00e9s disso, o presidente do Fla rumou \u00e0 Europa, onde encontrou nesta ter\u00e7a-feira (05) com Carlos Suarez. Segundo informa\u00e7\u00f5es da jornalista Malu Gaspar, a dupla chegou na Espanha e partiu para um passeio que ir\u00e1 at\u00e9 quinta-feira (07).<\/p>\n<p>Vale lembrar que a proximidade entre eles, inclusive, \u00e9 o motivo pelo qual Landim teria problemas para ser efetivado no comando do conselho da Petrobras. Carlos Suarez \u00e9 s\u00f3cio de oito distribuidoras de g\u00e1s no Brasil e, nessa condi\u00e7\u00e3o, \u00e9 cliente da Petrobras, o que resulta em um conflito de interesses do presidente rubro-negro na estatal.<\/p>\n<p>A situa\u00e7\u00e3o gerou um desconforto ainda maior da torcida com os dirigentes do Flamengo. Cabe destacar que as partes se encontrar\u00e3o ainda nesta semana. Marcos Braz agendou uma reuni\u00e3o dos representantes das torcidas organizadas com jogadores do clube para esta quinta-feira (07), encontro este que tamb\u00e9m n\u00e3o ter\u00e1 a presen\u00e7a de Rodolfo Landim.<\/p>\n","protected":false},"excerpt":{"rendered":"<p>Nos \u00faltimos dias, Rodolfo Landim, presidente do Flamengo, tem aparecido mais em not\u00edcias vinculadas ao cen\u00e1rio da pol\u00edtica nacional do que em mat\u00e9rias sobre o clube propriamente dito. Recentemente, o mandat\u00e1rio foi indicado por Jair Bolsonaro para assumir o conselho da Petrobras. Grupo pol\u00edtico do Flamengo pede para que Landim recuse cargo na Petrobras. Poucos [&hellip;]<\/p>\n","protected":false},"author":4,"featured_media":64406,"comment_status":"open","ping_status":"closed","sticky":false,"template":"","format":"standard","meta":{"footnotes":""},"categories":[1],"tags":[],"class_list":["post-79552","post","type-post","status-publish","format-standard","has-post-thumbnail","hentry","category-flamengo"],"yoast_head":"<!-- This site is optimized with the Yoast SEO Premium plugin v24.2 (Yoast SEO v26.9) - https:\/\/yoast.com\/product\/yoast-seo-premium-wordpress\/ -->\n<title>Ap\u00f3s rejeitar a Petrobras, Rodolfo Landim n\u00e3o viaja com o Flamengo, se encontra com empres\u00e1rio Carlos Suarez e vai passear na Europa<\/title>\n<meta name=\"robots\" content=\"index, follow, max-snippet:-1, max-image-preview:large, max-video-preview:-1\" \/>\n<link rel=\"canonical\" href=\"https:\/\/www.gaveanews.com\/index.php\/2022\/04\/05\/apos-rejeitar-a-petrobras-rodolfo-landim-nao-viaja-com-o-flamengo-se-encontra-com-empresario-carlos-suarez-e-vai-passear-na-europa\/\" \/>\n<meta property=\"og:locale\" content=\"pt_BR\" \/>\n<meta property=\"og:type\" content=\"article\" \/>\n<meta property=\"og:title\" content=\"Ap\u00f3s rejeitar a Petrobras, Rodolfo Landim n\u00e3o viaja com o Flamengo, se encontra com empres\u00e1rio Carlos Suarez e vai passear na Europa\" \/>\n<meta property=\"og:description\" content=\"Nos \u00faltimos dias, Rodolfo Landim, presidente do Flamengo, tem aparecido mais em not\u00edcias vinculadas ao cen\u00e1rio da pol\u00edtica nacional do que em mat\u00e9rias sobre o clube propriamente dito. Recentemente, o mandat\u00e1rio foi indicado por Jair Bolsonaro para assumir o conselho da Petrobras. Grupo pol\u00edtico do Flamengo pede para que Landim recuse cargo na Petrobras. Poucos [&hellip;]\" \/>\n<meta property=\"og:url\" content=\"https:\/\/www.gaveanews.com\/index.php\/2022\/04\/05\/apos-rejeitar-a-petrobras-rodolfo-landim-nao-viaja-com-o-flamengo-se-encontra-com-empresario-carlos-suarez-e-vai-passear-na-europa\/\" \/>\n<meta property=\"og:site_name\" content=\"G\u00e1vea News\" \/>\n<meta property=\"article:publisher\" content=\"https:\/\/facebook.com\/gaveaNews\/\" \/>\n<meta property=\"article:published_time\" content=\"2022-04-05T21:08:40+00:00\" \/>\n<meta property=\"og:image\" content=\"https:\/\/www.gaveanews.com\/wp-content\/uploads\/Rodolfo-Landim-em-entrevista-coletiva-no-Ninho-do-Urubu.webp\" \/>\n\t<meta property=\"og:image:width\" content=\"799\" \/>\n\t<meta property=\"og:image:height\" content=\"532\" \/>\n\t<meta property=\"og:image:type\" content=\"image\/jpeg\" \/>\n<meta name=\"author\" content=\"Let\u00edcia Gerheim\" \/>\n<meta name=\"twitter:card\" content=\"summary_large_image\" \/>\n<meta name=\"twitter:label1\" content=\"Escrito por\" \/>\n\t<meta name=\"twitter:data1\" content=\"Let\u00edcia Gerheim\" \/>\n\t<meta name=\"twitter:label2\" content=\"Est. tempo de leitura\" \/>\n\t<meta name=\"twitter:data2\" content=\"3 minutos\" \/>\n<script type=\"application\/ld+json\" class=\"yoast-schema-graph\">{\"@context\":\"https:\/\/schema.org\",\"@graph\":[{\"@type\":\"NewsArticle\",\"@id\":\"https:\/\/www.gaveanews.com\/index.php\/2022\/04\/05\/apos-rejeitar-a-petrobras-rodolfo-landim-nao-viaja-com-o-flamengo-se-encontra-com-empresario-carlos-suarez-e-vai-passear-na-europa\/#article\",\"isPartOf\":{\"@id\":\"https:\/\/www.gaveanews.com\/index.php\/2022\/04\/05\/apos-rejeitar-a-petrobras-rodolfo-landim-nao-viaja-com-o-flamengo-se-encontra-com-empresario-carlos-suarez-e-vai-passear-na-europa\/\"},\"author\":{\"name\":\"Let\u00edcia Gerheim\",\"@id\":\"https:\/\/www.gaveanews.com\/#\/schema\/person\/714c67050b836198af2450ba1c142a67\"},\"headline\":\"Ap\u00f3s rejeitar a Petrobras, Rodolfo Landim n\u00e3o viaja com o Flamengo, se encontra com empres\u00e1rio Carlos Suarez e vai passear na Europa\",\"datePublished\":\"2022-04-05T21:08:40+00:00\",\"mainEntityOfPage\":{\"@id\":\"https:\/\/www.gaveanews.com\/index.php\/2022\/04\/05\/apos-rejeitar-a-petrobras-rodolfo-landim-nao-viaja-com-o-flamengo-se-encontra-com-empresario-carlos-suarez-e-vai-passear-na-europa\/\"},\"wordCount\":440,\"commentCount\":0,\"image\":{\"@id\":\"https:\/\/www.gaveanews.com\/index.php\/2022\/04\/05\/apos-rejeitar-a-petrobras-rodolfo-landim-nao-viaja-com-o-flamengo-se-encontra-com-empresario-carlos-suarez-e-vai-passear-na-europa\/#primaryimage\"},\"thumbnailUrl\":\"https:\/\/www.gaveanews.com\/wp-content\/uploads\/Rodolfo-Landim-em-entrevista-coletiva-no-Ninho-do-Urubu.webp\",\"articleSection\":[\"Flamengo\"],\"inLanguage\":\"pt-BR\",\"potentialAction\":[{\"@type\":\"CommentAction\",\"name\":\"Comment\",\"target\":[\"https:\/\/www.gaveanews.com\/index.php\/2022\/04\/05\/apos-rejeitar-a-petrobras-rodolfo-landim-nao-viaja-com-o-flamengo-se-encontra-com-empresario-carlos-suarez-e-vai-passear-na-europa\/#respond\"]}],\"copyrightYear\":\"2022\",\"copyrightHolder\":{\"@id\":\"https:\/\/www.gaveanews.com\/#organization\"}},{\"@type\":\"WebPage\",\"@id\":\"https:\/\/www.gaveanews.com\/index.php\/2022\/04\/05\/apos-rejeitar-a-petrobras-rodolfo-landim-nao-viaja-com-o-flamengo-se-encontra-com-empresario-carlos-suarez-e-vai-passear-na-europa\/\",\"url\":\"https:\/\/www.gaveanews.com\/index.php\/2022\/04\/05\/apos-rejeitar-a-petrobras-rodolfo-landim-nao-viaja-com-o-flamengo-se-encontra-com-empresario-carlos-suarez-e-vai-passear-na-europa\/\",\"name\":\"Ap\u00f3s rejeitar a Petrobras, Rodolfo Landim n\u00e3o viaja com o Flamengo, se encontra com empres\u00e1rio Carlos Suarez e vai passear na Europa\",\"isPartOf\":{\"@id\":\"https:\/\/www.gaveanews.com\/#website\"},\"primaryImageOfPage\":{\"@id\":\"https:\/\/www.gaveanews.com\/index.php\/2022\/04\/05\/apos-rejeitar-a-petrobras-rodolfo-landim-nao-viaja-com-o-flamengo-se-encontra-com-empresario-carlos-suarez-e-vai-passear-na-europa\/#primaryimage\"},\"image\":{\"@id\":\"https:\/\/www.gaveanews.com\/index.php\/2022\/04\/05\/apos-rejeitar-a-petrobras-rodolfo-landim-nao-viaja-com-o-flamengo-se-encontra-com-empresario-carlos-suarez-e-vai-passear-na-europa\/#primaryimage\"},\"thumbnailUrl\":\"https:\/\/www.gaveanews.com\/wp-content\/uploads\/Rodolfo-Landim-em-entrevista-coletiva-no-Ninho-do-Urubu.webp\",\"datePublished\":\"2022-04-05T21:08:40+00:00\",\"author\":{\"@id\":\"https:\/\/www.gaveanews.com\/#\/schema\/person\/714c67050b836198af2450ba1c142a67\"},\"breadcrumb\":{\"@id\":\"https:\/\/www.gaveanews.com\/index.php\/2022\/04\/05\/apos-rejeitar-a-petrobras-rodolfo-landim-nao-viaja-com-o-flamengo-se-encontra-com-empresario-carlos-suarez-e-vai-passear-na-europa\/#breadcrumb\"},\"inLanguage\":\"pt-BR\",\"potentialAction\":[{\"@type\":\"ReadAction\",\"target\":[\"https:\/\/www.gaveanews.com\/index.php\/2022\/04\/05\/apos-rejeitar-a-petrobras-rodolfo-landim-nao-viaja-com-o-flamengo-se-encontra-com-empresario-carlos-suarez-e-vai-passear-na-europa\/\"]}]},{\"@type\":\"ImageObject\",\"inLanguage\":\"pt-BR\",\"@id\":\"https:\/\/www.gaveanews.com\/index.php\/2022\/04\/05\/apos-rejeitar-a-petrobras-rodolfo-landim-nao-viaja-com-o-flamengo-se-encontra-com-empresario-carlos-suarez-e-vai-passear-na-europa\/#primaryimage\",\"url\":\"https:\/\/www.gaveanews.com\/wp-content\/uploads\/Rodolfo-Landim-em-entrevista-coletiva-no-Ninho-do-Urubu.webp\",\"contentUrl\":\"https:\/\/www.gaveanews.com\/wp-content\/uploads\/Rodolfo-Landim-em-entrevista-coletiva-no-Ninho-do-Urubu.webp\",\"width\":799,\"height\":532,\"caption\":\"Rodolfo Landim em entrevista coletiva no Ninho do Urubu (Foto: Alexandre Vidal\/Flamengo)\"},{\"@type\":\"BreadcrumbList\",\"@id\":\"https:\/\/www.gaveanews.com\/index.php\/2022\/04\/05\/apos-rejeitar-a-petrobras-rodolfo-landim-nao-viaja-com-o-flamengo-se-encontra-com-empresario-carlos-suarez-e-vai-passear-na-europa\/#breadcrumb\",\"itemListElement\":[{\"@type\":\"ListItem\",\"position\":1,\"name\":\"Home\",\"item\":\"https:\/\/www.gaveanews.com\/\"},{\"@type\":\"ListItem\",\"position\":2,\"name\":\"Ap\u00f3s rejeitar a Petrobras, Rodolfo Landim n\u00e3o viaja com o Flamengo, se encontra com empres\u00e1rio Carlos Suarez e vai passear na Europa\"}]},{\"@type\":\"WebSite\",\"@id\":\"https:\/\/www.gaveanews.com\/#website\",\"url\":\"https:\/\/www.gaveanews.com\/\",\"name\":\"G\u00e1vea News\",\"description\":\"Veja todas as not\u00edcias sobre o Flamengo: Contrata\u00e7\u00f5es, categorias de base, resultados das partidas, tabela de classifica\u00e7\u00e3o, pr\u00f3ximos jogos!\",\"potentialAction\":[{\"@type\":\"SearchAction\",\"target\":{\"@type\":\"EntryPoint\",\"urlTemplate\":\"https:\/\/www.gaveanews.com\/?s={search_term_string}\"},\"query-input\":{\"@type\":\"PropertyValueSpecification\",\"valueRequired\":true,\"valueName\":\"search_term_string\"}}],\"inLanguage\":\"pt-BR\"},{\"@type\":\"Person\",\"@id\":\"https:\/\/www.gaveanews.com\/#\/schema\/person\/714c67050b836198af2450ba1c142a67\",\"name\":\"Let\u00edcia Gerheim\",\"image\":{\"@type\":\"ImageObject\",\"inLanguage\":\"pt-BR\",\"@id\":\"https:\/\/www.gaveanews.com\/#\/schema\/person\/image\/\",\"url\":\"https:\/\/secure.gravatar.com\/avatar\/60734739c50fcebfbac509e2a826ccd0ff405c019bc73aab9354f19ecad1dcb4?s=96&d=mm&r=g\",\"contentUrl\":\"https:\/\/secure.gravatar.com\/avatar\/60734739c50fcebfbac509e2a826ccd0ff405c019bc73aab9354f19ecad1dcb4?s=96&d=mm&r=g\",\"caption\":\"Let\u00edcia Gerheim\"}}]}<\/script>\n<!-- \/ Yoast SEO Premium plugin. -->","yoast_head_json":{"title":"Ap\u00f3s rejeitar a Petrobras, Rodolfo Landim n\u00e3o viaja com o Flamengo, se encontra com empres\u00e1rio Carlos Suarez e vai passear na Europa","robots":{"index":"index","follow":"follow","max-snippet":"max-snippet:-1","max-image-preview":"max-image-preview:large","max-video-preview":"max-video-preview:-1"},"canonical":"https:\/\/www.gaveanews.com\/index.php\/2022\/04\/05\/apos-rejeitar-a-petrobras-rodolfo-landim-nao-viaja-com-o-flamengo-se-encontra-com-empresario-carlos-suarez-e-vai-passear-na-europa\/","og_locale":"pt_BR","og_type":"article","og_title":"Ap\u00f3s rejeitar a Petrobras, Rodolfo Landim n\u00e3o viaja com o Flamengo, se encontra com empres\u00e1rio Carlos Suarez e vai passear na Europa","og_description":"Nos \u00faltimos dias, Rodolfo Landim, presidente do Flamengo, tem aparecido mais em not\u00edcias vinculadas ao cen\u00e1rio da pol\u00edtica nacional do que em mat\u00e9rias sobre o clube propriamente dito. Recentemente, o mandat\u00e1rio foi indicado por Jair Bolsonaro para assumir o conselho da Petrobras. Grupo pol\u00edtico do Flamengo pede para que Landim recuse cargo na Petrobras. Poucos [&hellip;]","og_url":"https:\/\/www.gaveanews.com\/index.php\/2022\/04\/05\/apos-rejeitar-a-petrobras-rodolfo-landim-nao-viaja-com-o-flamengo-se-encontra-com-empresario-carlos-suarez-e-vai-passear-na-europa\/","og_site_name":"G\u00e1vea News","article_publisher":"https:\/\/facebook.com\/gaveaNews\/","article_published_time":"2022-04-05T21:08:40+00:00","og_image":[{"width":799,"height":532,"url":"https:\/\/www.gaveanews.com\/wp-content\/uploads\/Rodolfo-Landim-em-entrevista-coletiva-no-Ninho-do-Urubu.webp","type":"image\/jpeg"}],"author":"Let\u00edcia Gerheim","twitter_card":"summary_large_image","twitter_misc":{"Escrito por":"Let\u00edcia Gerheim","Est. tempo de leitura":"3 minutos"},"schema":{"@context":"https:\/\/schema.org","@graph":[{"@type":"NewsArticle","@id":"https:\/\/www.gaveanews.com\/index.php\/2022\/04\/05\/apos-rejeitar-a-petrobras-rodolfo-landim-nao-viaja-com-o-flamengo-se-encontra-com-empresario-carlos-suarez-e-vai-passear-na-europa\/#article","isPartOf":{"@id":"https:\/\/www.gaveanews.com\/index.php\/2022\/04\/05\/apos-rejeitar-a-petrobras-rodolfo-landim-nao-viaja-com-o-flamengo-se-encontra-com-empresario-carlos-suarez-e-vai-passear-na-europa\/"},"author":{"name":"Let\u00edcia Gerheim","@id":"https:\/\/www.gaveanews.com\/#\/schema\/person\/714c67050b836198af2450ba1c142a67"},"headline":"Ap\u00f3s rejeitar a Petrobras, Rodolfo Landim n\u00e3o viaja com o Flamengo, se encontra com empres\u00e1rio Carlos Suarez e vai passear na Europa","datePublished":"2022-04-05T21:08:40+00:00","mainEntityOfPage":{"@id":"https:\/\/www.gaveanews.com\/index.php\/2022\/04\/05\/apos-rejeitar-a-petrobras-rodolfo-landim-nao-viaja-com-o-flamengo-se-encontra-com-empresario-carlos-suarez-e-vai-passear-na-europa\/"},"wordCount":440,"commentCount":0,"image":{"@id":"https:\/\/www.gaveanews.com\/index.php\/2022\/04\/05\/apos-rejeitar-a-petrobras-rodolfo-landim-nao-viaja-com-o-flamengo-se-encontra-com-empresario-carlos-suarez-e-vai-passear-na-europa\/#primaryimage"},"thumbnailUrl":"https:\/\/www.gaveanews.com\/wp-content\/uploads\/Rodolfo-Landim-em-entrevista-coletiva-no-Ninho-do-Urubu.webp","articleSection":["Flamengo"],"inLanguage":"pt-BR","potentialAction":[{"@type":"CommentAction","name":"Comment","target":["https:\/\/www.gaveanews.com\/index.php\/2022\/04\/05\/apos-rejeitar-a-petrobras-rodolfo-landim-nao-viaja-com-o-flamengo-se-encontra-com-empresario-carlos-suarez-e-vai-passear-na-europa\/#respond"]}],"copyrightYear":"2022","copyrightHolder":{"@id":"https:\/\/www.gaveanews.com\/#organization"}},{"@type":"WebPage","@id":"https:\/\/www.gaveanews.com\/index.php\/2022\/04\/05\/apos-rejeitar-a-petrobras-rodolfo-landim-nao-viaja-com-o-flamengo-se-encontra-com-empresario-carlos-suarez-e-vai-passear-na-europa\/","url":"https:\/\/www.gaveanews.com\/index.php\/2022\/04\/05\/apos-rejeitar-a-petrobras-rodolfo-landim-nao-viaja-com-o-flamengo-se-encontra-com-empresario-carlos-suarez-e-vai-passear-na-europa\/","name":"Ap\u00f3s rejeitar a Petrobras, Rodolfo Landim n\u00e3o viaja com o Flamengo, se encontra com empres\u00e1rio Carlos Suarez e vai passear na Europa","isPartOf":{"@id":"https:\/\/www.gaveanews.com\/#website"},"primaryImageOfPage":{"@id":"https:\/\/www.gaveanews.com\/index.php\/2022\/04\/05\/apos-rejeitar-a-petrobras-rodolfo-landim-nao-viaja-com-o-flamengo-se-encontra-com-empresario-carlos-suarez-e-vai-passear-na-europa\/#primaryimage"},"image":{"@id":"https:\/\/www.gaveanews.com\/index.php\/2022\/04\/05\/apos-rejeitar-a-petrobras-rodolfo-landim-nao-viaja-com-o-flamengo-se-encontra-com-empresario-carlos-suarez-e-vai-passear-na-europa\/#primaryimage"},"thumbnailUrl":"https:\/\/www.gaveanews.com\/wp-content\/uploads\/Rodolfo-Landim-em-entrevista-coletiva-no-Ninho-do-Urubu.webp","datePublished":"2022-04-05T21:08:40+00:00","author":{"@id":"https:\/\/www.gaveanews.com\/#\/schema\/person\/714c67050b836198af2450ba1c142a67"},"breadcrumb":{"@id":"https:\/\/www.gaveanews.com\/index.php\/2022\/04\/05\/apos-rejeitar-a-petrobras-rodolfo-landim-nao-viaja-com-o-flamengo-se-encontra-com-empresario-carlos-suarez-e-vai-passear-na-europa\/#breadcrumb"},"inLanguage":"pt-BR","potentialAction":[{"@type":"ReadAction","target":["https:\/\/www.gaveanews.com\/index.php\/2022\/04\/05\/apos-rejeitar-a-petrobras-rodolfo-landim-nao-viaja-com-o-flamengo-se-encontra-com-empresario-carlos-suarez-e-vai-passear-na-europa\/"]}]},{"@type":"ImageObject","inLanguage":"pt-BR","@id":"https:\/\/www.gaveanews.com\/index.php\/2022\/04\/05\/apos-rejeitar-a-petrobras-rodolfo-landim-nao-viaja-com-o-flamengo-se-encontra-com-empresario-carlos-suarez-e-vai-passear-na-europa\/#primaryimage","url":"https:\/\/www.gaveanews.com\/wp-content\/uploads\/Rodolfo-Landim-em-entrevista-coletiva-no-Ninho-do-Urubu.webp","contentUrl":"https:\/\/www.gaveanews.com\/wp-content\/uploads\/Rodolfo-Landim-em-entrevista-coletiva-no-Ninho-do-Urubu.webp","width":799,"height":532,"caption":"Rodolfo Landim em entrevista coletiva no Ninho do Urubu (Foto: Alexandre Vidal\/Flamengo)"},{"@type":"BreadcrumbList","@id":"https:\/\/www.gaveanews.com\/index.php\/2022\/04\/05\/apos-rejeitar-a-petrobras-rodolfo-landim-nao-viaja-com-o-flamengo-se-encontra-com-empresario-carlos-suarez-e-vai-passear-na-europa\/#breadcrumb","itemListElement":[{"@type":"ListItem","position":1,"name":"Home","item":"https:\/\/www.gaveanews.com\/"},{"@type":"ListItem","position":2,"name":"Ap\u00f3s rejeitar a Petrobras, Rodolfo Landim n\u00e3o viaja com o Flamengo, se encontra com empres\u00e1rio Carlos Suarez e vai passear na Europa"}]},{"@type":"WebSite","@id":"https:\/\/www.gaveanews.com\/#website","url":"https:\/\/www.gaveanews.com\/","name":"G\u00e1vea News","description":"Veja todas as not\u00edcias sobre o Flamengo: Contrata\u00e7\u00f5es, categorias de base, resultados das partidas, tabela de classifica\u00e7\u00e3o, pr\u00f3ximos jogos!","potentialAction":[{"@type":"SearchAction","target":{"@type":"EntryPoint","urlTemplate":"https:\/\/www.gaveanews.com\/?s={search_term_string}"},"query-input":{"@type":"PropertyValueSpecification","valueRequired":true,"valueName":"search_term_string"}}],"inLanguage":"pt-BR"},{"@type":"Person","@id":"https:\/\/www.gaveanews.com\/#\/schema\/person\/714c67050b836198af2450ba1c142a67","name":"Let\u00edcia Gerheim","image":{"@type":"ImageObject","inLanguage":"pt-BR","@id":"https:\/\/www.gaveanews.com\/#\/schema\/person\/image\/","url":"https:\/\/secure.gravatar.com\/avatar\/60734739c50fcebfbac509e2a826ccd0ff405c019bc73aab9354f19ecad1dcb4?s=96&d=mm&r=g","contentUrl":"https:\/\/secure.gravatar.com\/avatar\/60734739c50fcebfbac509e2a826ccd0ff405c019bc73aab9354f19ecad1dcb4?s=96&d=mm&r=g","caption":"Let\u00edcia Gerheim"}}]}},"_links":{"self":[{"href":"https:\/\/www.gaveanews.com\/index.php\/wp-json\/wp\/v2\/posts\/79552","targetHints":{"allow":["GET"]}}],"collection":[{"href":"https:\/\/www.gaveanews.com\/index.php\/wp-json\/wp\/v2\/posts"}],"about":[{"href":"https:\/\/www.gaveanews.com\/index.php\/wp-json\/wp\/v2\/types\/post"}],"author":[{"embeddable":true,"href":"https:\/\/www.gaveanews.com\/index.php\/wp-json\/wp\/v2\/users\/4"}],"replies":[{"embeddable":true,"href":"https:\/\/www.gaveanews.com\/index.php\/wp-json\/wp\/v2\/comments?post=79552"}],"version-history":[{"count":0,"href":"https:\/\/www.gaveanews.com\/index.php\/wp-json\/wp\/v2\/posts\/79552\/revisions"}],"wp:featuredmedia":[{"embeddable":true,"href":"https:\/\/www.gaveanews.com\/index.php\/wp-json\/wp\/v2\/media\/64406"}],"wp:attachment":[{"href":"https:\/\/www.gaveanews.com\/index.php\/wp-json\/wp\/v2\/media?parent=79552"}],"wp:term":[{"taxonomy":"category","embeddable":true,"href":"https:\/\/www.gaveanews.com\/index.php\/wp-json\/wp\/v2\/categories?post=79552"},{"taxonomy":"post_tag","embeddable":true,"href":"https:\/\/www.gaveanews.com\/index.php\/wp-json\/wp\/v2\/tags?post=79552"}],"curies":[{"name":"wp","href":"https:\/\/api.w.org\/{rel}","templated":true}]}}