{"id":79558,"date":"2022-04-05T19:13:46","date_gmt":"2022-04-05T22:13:46","guid":{"rendered":"https:\/\/www.gaveanews.com\/?p=79558"},"modified":"2022-04-05T19:13:46","modified_gmt":"2022-04-05T22:13:46","slug":"jogo-entre-sporting-cristal-e-flamengo-e-adiado","status":"publish","type":"post","link":"https:\/\/www.gaveanews.com\/index.php\/2022\/04\/05\/jogo-entre-sporting-cristal-e-flamengo-e-adiado\/","title":{"rendered":"Jogo entre Sporting Cristal e Flamengo \u00e9 adiado"},"content":{"rendered":"<p>O jogo entre Sporting Cristal e Flamengo, pelo Grupo H da Libertadores, n\u00e3o ser\u00e1 disputado nesta ter\u00e7a-feira. O governo peruano vetou a realiza\u00e7\u00e3o da partida no Est\u00e1dio Nacional de Lima em raz\u00e3o do estado de emerg\u00eancia decretado na capital do pa\u00eds na noite de segunda.<\/p>\n<p>O presidente do Peru, Pedro Castillo, fez um pronunciamento na noite de segunda decretando estado de emerg\u00eancia em Lima e Callao. Ele determinou um toque de recolher que teve in\u00edcio na madrugada e se estender\u00e1 at\u00e9 o \u00faltimo minuto desta ter\u00e7a-feira.<\/p>\n<p>Ao longo do dia, a Conmebol tentou de todas as formas manter o jogo nesta ter\u00e7a, em Lima. Uma das hip\u00f3teses cogitadas foi a realiza\u00e7\u00e3o da partida com port\u00f5es fechados. No entanto, o governo peruano se manteve irredut\u00edvel. O confronto entre Alianza Lima e River, marcado para quarta-feira, tamb\u00e9m corre risco de n\u00e3o ocorrer.<\/p>\n<p>A nova data para a realiza\u00e7\u00e3o da partida ainda est\u00e1 indefinida, uma vez que a Conmebol n\u00e3o se pronunciou desde o an\u00fancio do veto ao jogo feito pelo governo. O confronto entre Sporting Cristal e Flamengo marcaria a estreia das duas equipes na fase de grupos da Libertadores. Elas est\u00e3o no Grupo H, com Universidad Cat\u00f3lica e Talleres.<\/p>\n<p>Ao longo dos \u00faltimos dois anos, a Conmebol fez todos os esfor\u00e7os poss\u00edveis para n\u00e3o adiar jogos das competi\u00e7\u00f5es sul-americanas, mesmo quando havia surtos de Covid nas equipes. Desta vez, a decis\u00e3o do governo peruano surpreendeu a confedera\u00e7\u00e3o, que precisar\u00e1 encontrar uma nova data para a partida em meio a um calend\u00e1rio ainda mais apertado do que o normal, por causa da realiza\u00e7\u00e3o da Copa do Mundo em novembro e dezembro.<\/p>\n<div class=\"mc-column content-text active-extra-styles\" data-block-type=\"raw\" data-block-weight=\"10\" data-block-id=\"11\">\n<div class=\"content-intertitle\">\n<h2>Leia na \u00edntegra o comunicado do Instituto Peruano do Esporte:<\/h2>\n<\/div>\n<p>&#8220;Com rela\u00e7\u00e3o ao jogo pela Copa Libertadores entre Sporting Cristal e Flamengo, programado para esta ter\u00e7a-feira, 5 de abril, no Est\u00e1dio Nacional, o Instituto Peruano do Esporte (IPD) informa o seguinte:<\/p>\n<\/div>\n<div class=\"mc-column content-text active-extra-styles \" data-block-type=\"unstyled\" data-block-weight=\"31\" data-block-id=\"12\">\n<p>1 &#8211; Est\u00e1 cancelado o espet\u00e1culo esportivo em virtude do disposto pelo Governo mediante o DS 034-2022-PCM, no qual se determina que &#8220;est\u00e3o suspensos os direitos constitucionais relativos \u00e0 inviolabilidade de domic\u00edlio, liberdade de tr\u00e2nsito no territ\u00f3rio nacional, liberdade de reuni\u00e3o e liberdade e seguran\u00e7a pessoais, compreendidos nos incisos 9, 11, 12 e 24 do artigo 2 da Constitui\u00e7\u00e3o Pol\u00edtico do Peru. Desde as 2h at\u00e9 as 23h59 da ter\u00e7a-feira, 5 de abril de 2022, \u00e9 determinada a imobilidade social obrigat\u00f3ria de todas as pessoas em suas casas, em Lima e em Callao.<\/p>\n<p>2 &#8211; Assim, n\u00e3o ser\u00e1 poss\u00edvel jogar a partida da Copa Libertadores entre Sporting Cristal e Flamengo do Brasil, marcada para esta ter\u00e7a-feira, 5 de abril, no Est\u00e1dio Nacional.<\/p>\n<p>3 &#8211; O IPD, atrav\u00e9s da Dire\u00e7\u00e3o Nacional de Seguran\u00e7a Esportiva, elaborou a ata de cancelamento e informou \u00e0 Federa\u00e7\u00e3o Peruana de Futebol, que pode coordenar a remarca\u00e7\u00e3o com os organizadores da Copa Libertadores 2022, at\u00e9 que as condi\u00e7\u00f5es de seguran\u00e7a estejam garantidas, a imobilidade social obrigat\u00f3ria seja cancelada e se restabele\u00e7am as garantias constitucionais na cidade de Lima.&#8221;<\/p>\n<p>Retirado de: Globo Esporte<\/p>\n<\/div>\n","protected":false},"excerpt":{"rendered":"<p>O jogo entre Sporting Cristal e Flamengo, pelo Grupo H da Libertadores, n\u00e3o ser\u00e1 disputado nesta ter\u00e7a-feira. O governo peruano vetou a realiza\u00e7\u00e3o da partida no Est\u00e1dio Nacional de Lima em raz\u00e3o do estado de emerg\u00eancia decretado na capital do pa\u00eds na noite de segunda. O presidente do Peru, Pedro Castillo, fez um pronunciamento na [&hellip;]<\/p>\n","protected":false},"author":1,"featured_media":68615,"comment_status":"open","ping_status":"closed","sticky":false,"template":"","format":"standard","meta":{"footnotes":""},"categories":[47],"tags":[],"class_list":["post-79558","post","type-post","status-publish","format-standard","has-post-thumbnail","hentry","category-destaques"],"yoast_head":"<!-- This site is optimized with the Yoast SEO Premium plugin v24.2 (Yoast SEO v26.9) - https:\/\/yoast.com\/product\/yoast-seo-premium-wordpress\/ -->\n<title>Jogo entre Sporting Cristal e Flamengo \u00e9 adiado<\/title>\n<meta name=\"robots\" content=\"index, follow, max-snippet:-1, max-image-preview:large, max-video-preview:-1\" \/>\n<link rel=\"canonical\" href=\"https:\/\/www.gaveanews.com\/index.php\/2022\/04\/05\/jogo-entre-sporting-cristal-e-flamengo-e-adiado\/\" \/>\n<meta property=\"og:locale\" content=\"pt_BR\" \/>\n<meta property=\"og:type\" content=\"article\" \/>\n<meta property=\"og:title\" content=\"Jogo entre Sporting Cristal e Flamengo \u00e9 adiado\" \/>\n<meta property=\"og:description\" content=\"O jogo entre Sporting Cristal e Flamengo, pelo Grupo H da Libertadores, n\u00e3o ser\u00e1 disputado nesta ter\u00e7a-feira. O governo peruano vetou a realiza\u00e7\u00e3o da partida no Est\u00e1dio Nacional de Lima em raz\u00e3o do estado de emerg\u00eancia decretado na capital do pa\u00eds na noite de segunda. O presidente do Peru, Pedro Castillo, fez um pronunciamento na [&hellip;]\" \/>\n<meta property=\"og:url\" content=\"https:\/\/www.gaveanews.com\/index.php\/2022\/04\/05\/jogo-entre-sporting-cristal-e-flamengo-e-adiado\/\" \/>\n<meta property=\"og:site_name\" content=\"G\u00e1vea News\" \/>\n<meta property=\"article:publisher\" content=\"https:\/\/facebook.com\/gaveaNews\/\" \/>\n<meta property=\"article:published_time\" content=\"2022-04-05T22:13:46+00:00\" \/>\n<meta property=\"og:image\" content=\"https:\/\/www.gaveanews.com\/wp-content\/uploads\/Taca-da-Libertadores-e-bandeira-do-Flamengo-no-estadio-do-Maracana.webp\" \/>\n\t<meta property=\"og:image:width\" content=\"900\" \/>\n\t<meta property=\"og:image:height\" content=\"1200\" \/>\n\t<meta property=\"og:image:type\" content=\"image\/jpeg\" \/>\n<meta name=\"author\" content=\"Equipe G\u00e1vea News\" \/>\n<meta name=\"twitter:card\" content=\"summary_large_image\" \/>\n<meta name=\"twitter:label1\" content=\"Escrito por\" \/>\n\t<meta name=\"twitter:data1\" content=\"Equipe G\u00e1vea News\" \/>\n\t<meta name=\"twitter:label2\" content=\"Est. tempo de leitura\" \/>\n\t<meta name=\"twitter:data2\" content=\"3 minutos\" \/>\n<script type=\"application\/ld+json\" class=\"yoast-schema-graph\">{\"@context\":\"https:\/\/schema.org\",\"@graph\":[{\"@type\":\"NewsArticle\",\"@id\":\"https:\/\/www.gaveanews.com\/index.php\/2022\/04\/05\/jogo-entre-sporting-cristal-e-flamengo-e-adiado\/#article\",\"isPartOf\":{\"@id\":\"https:\/\/www.gaveanews.com\/index.php\/2022\/04\/05\/jogo-entre-sporting-cristal-e-flamengo-e-adiado\/\"},\"author\":{\"name\":\"Equipe G\u00e1vea News\",\"@id\":\"https:\/\/www.gaveanews.com\/#\/schema\/person\/2ec14f73fb96be2caf28f91afb14749d\"},\"headline\":\"Jogo entre Sporting Cristal e Flamengo \u00e9 adiado\",\"datePublished\":\"2022-04-05T22:13:46+00:00\",\"mainEntityOfPage\":{\"@id\":\"https:\/\/www.gaveanews.com\/index.php\/2022\/04\/05\/jogo-entre-sporting-cristal-e-flamengo-e-adiado\/\"},\"wordCount\":544,\"commentCount\":0,\"image\":{\"@id\":\"https:\/\/www.gaveanews.com\/index.php\/2022\/04\/05\/jogo-entre-sporting-cristal-e-flamengo-e-adiado\/#primaryimage\"},\"thumbnailUrl\":\"https:\/\/www.gaveanews.com\/wp-content\/uploads\/Taca-da-Libertadores-e-bandeira-do-Flamengo-no-estadio-do-Maracana.webp\",\"articleSection\":[\"Destaques\"],\"inLanguage\":\"pt-BR\",\"potentialAction\":[{\"@type\":\"CommentAction\",\"name\":\"Comment\",\"target\":[\"https:\/\/www.gaveanews.com\/index.php\/2022\/04\/05\/jogo-entre-sporting-cristal-e-flamengo-e-adiado\/#respond\"]}],\"copyrightYear\":\"2022\",\"copyrightHolder\":{\"@id\":\"https:\/\/www.gaveanews.com\/#organization\"}},{\"@type\":\"WebPage\",\"@id\":\"https:\/\/www.gaveanews.com\/index.php\/2022\/04\/05\/jogo-entre-sporting-cristal-e-flamengo-e-adiado\/\",\"url\":\"https:\/\/www.gaveanews.com\/index.php\/2022\/04\/05\/jogo-entre-sporting-cristal-e-flamengo-e-adiado\/\",\"name\":\"Jogo entre Sporting Cristal e Flamengo \u00e9 adiado\",\"isPartOf\":{\"@id\":\"https:\/\/www.gaveanews.com\/#website\"},\"primaryImageOfPage\":{\"@id\":\"https:\/\/www.gaveanews.com\/index.php\/2022\/04\/05\/jogo-entre-sporting-cristal-e-flamengo-e-adiado\/#primaryimage\"},\"image\":{\"@id\":\"https:\/\/www.gaveanews.com\/index.php\/2022\/04\/05\/jogo-entre-sporting-cristal-e-flamengo-e-adiado\/#primaryimage\"},\"thumbnailUrl\":\"https:\/\/www.gaveanews.com\/wp-content\/uploads\/Taca-da-Libertadores-e-bandeira-do-Flamengo-no-estadio-do-Maracana.webp\",\"datePublished\":\"2022-04-05T22:13:46+00:00\",\"author\":{\"@id\":\"https:\/\/www.gaveanews.com\/#\/schema\/person\/2ec14f73fb96be2caf28f91afb14749d\"},\"breadcrumb\":{\"@id\":\"https:\/\/www.gaveanews.com\/index.php\/2022\/04\/05\/jogo-entre-sporting-cristal-e-flamengo-e-adiado\/#breadcrumb\"},\"inLanguage\":\"pt-BR\",\"potentialAction\":[{\"@type\":\"ReadAction\",\"target\":[\"https:\/\/www.gaveanews.com\/index.php\/2022\/04\/05\/jogo-entre-sporting-cristal-e-flamengo-e-adiado\/\"]}]},{\"@type\":\"ImageObject\",\"inLanguage\":\"pt-BR\",\"@id\":\"https:\/\/www.gaveanews.com\/index.php\/2022\/04\/05\/jogo-entre-sporting-cristal-e-flamengo-e-adiado\/#primaryimage\",\"url\":\"https:\/\/www.gaveanews.com\/wp-content\/uploads\/Taca-da-Libertadores-e-bandeira-do-Flamengo-no-estadio-do-Maracana.webp\",\"contentUrl\":\"https:\/\/www.gaveanews.com\/wp-content\/uploads\/Taca-da-Libertadores-e-bandeira-do-Flamengo-no-estadio-do-Maracana.webp\",\"width\":900,\"height\":1200,\"caption\":\"Ta\u00e7a da Libertadores e bandeira do Flamengo no est\u00e1dio do Maracan\u00e3 (Foto: Reprodu\u00e7\u00e3o\/ Rodrigo Dunshee de Abranches\/Twitter)\"},{\"@type\":\"BreadcrumbList\",\"@id\":\"https:\/\/www.gaveanews.com\/index.php\/2022\/04\/05\/jogo-entre-sporting-cristal-e-flamengo-e-adiado\/#breadcrumb\",\"itemListElement\":[{\"@type\":\"ListItem\",\"position\":1,\"name\":\"Home\",\"item\":\"https:\/\/www.gaveanews.com\/\"},{\"@type\":\"ListItem\",\"position\":2,\"name\":\"Jogo entre Sporting Cristal e Flamengo \u00e9 adiado\"}]},{\"@type\":\"WebSite\",\"@id\":\"https:\/\/www.gaveanews.com\/#website\",\"url\":\"https:\/\/www.gaveanews.com\/\",\"name\":\"G\u00e1vea News\",\"description\":\"Veja todas as not\u00edcias sobre o Flamengo: Contrata\u00e7\u00f5es, categorias de base, resultados das partidas, tabela de classifica\u00e7\u00e3o, pr\u00f3ximos jogos!\",\"potentialAction\":[{\"@type\":\"SearchAction\",\"target\":{\"@type\":\"EntryPoint\",\"urlTemplate\":\"https:\/\/www.gaveanews.com\/?s={search_term_string}\"},\"query-input\":{\"@type\":\"PropertyValueSpecification\",\"valueRequired\":true,\"valueName\":\"search_term_string\"}}],\"inLanguage\":\"pt-BR\"},{\"@type\":\"Person\",\"@id\":\"https:\/\/www.gaveanews.com\/#\/schema\/person\/2ec14f73fb96be2caf28f91afb14749d\",\"name\":\"Equipe G\u00e1vea News\",\"image\":{\"@type\":\"ImageObject\",\"inLanguage\":\"pt-BR\",\"@id\":\"https:\/\/www.gaveanews.com\/#\/schema\/person\/image\/\",\"url\":\"https:\/\/secure.gravatar.com\/avatar\/1e1956f1facbffd3f8fa53a326721950116b3b9dc9bd44939c01180fd4a745a9?s=96&d=mm&r=g\",\"contentUrl\":\"https:\/\/secure.gravatar.com\/avatar\/1e1956f1facbffd3f8fa53a326721950116b3b9dc9bd44939c01180fd4a745a9?s=96&d=mm&r=g\",\"caption\":\"Equipe G\u00e1vea News\"}}]}<\/script>\n<!-- \/ Yoast SEO Premium plugin. -->","yoast_head_json":{"title":"Jogo entre Sporting Cristal e Flamengo \u00e9 adiado","robots":{"index":"index","follow":"follow","max-snippet":"max-snippet:-1","max-image-preview":"max-image-preview:large","max-video-preview":"max-video-preview:-1"},"canonical":"https:\/\/www.gaveanews.com\/index.php\/2022\/04\/05\/jogo-entre-sporting-cristal-e-flamengo-e-adiado\/","og_locale":"pt_BR","og_type":"article","og_title":"Jogo entre Sporting Cristal e Flamengo \u00e9 adiado","og_description":"O jogo entre Sporting Cristal e Flamengo, pelo Grupo H da Libertadores, n\u00e3o ser\u00e1 disputado nesta ter\u00e7a-feira. O governo peruano vetou a realiza\u00e7\u00e3o da partida no Est\u00e1dio Nacional de Lima em raz\u00e3o do estado de emerg\u00eancia decretado na capital do pa\u00eds na noite de segunda. O presidente do Peru, Pedro Castillo, fez um pronunciamento na [&hellip;]","og_url":"https:\/\/www.gaveanews.com\/index.php\/2022\/04\/05\/jogo-entre-sporting-cristal-e-flamengo-e-adiado\/","og_site_name":"G\u00e1vea News","article_publisher":"https:\/\/facebook.com\/gaveaNews\/","article_published_time":"2022-04-05T22:13:46+00:00","og_image":[{"width":900,"height":1200,"url":"https:\/\/www.gaveanews.com\/wp-content\/uploads\/Taca-da-Libertadores-e-bandeira-do-Flamengo-no-estadio-do-Maracana.webp","type":"image\/jpeg"}],"author":"Equipe G\u00e1vea News","twitter_card":"summary_large_image","twitter_misc":{"Escrito por":"Equipe G\u00e1vea News","Est. tempo de leitura":"3 minutos"},"schema":{"@context":"https:\/\/schema.org","@graph":[{"@type":"NewsArticle","@id":"https:\/\/www.gaveanews.com\/index.php\/2022\/04\/05\/jogo-entre-sporting-cristal-e-flamengo-e-adiado\/#article","isPartOf":{"@id":"https:\/\/www.gaveanews.com\/index.php\/2022\/04\/05\/jogo-entre-sporting-cristal-e-flamengo-e-adiado\/"},"author":{"name":"Equipe G\u00e1vea News","@id":"https:\/\/www.gaveanews.com\/#\/schema\/person\/2ec14f73fb96be2caf28f91afb14749d"},"headline":"Jogo entre Sporting Cristal e Flamengo \u00e9 adiado","datePublished":"2022-04-05T22:13:46+00:00","mainEntityOfPage":{"@id":"https:\/\/www.gaveanews.com\/index.php\/2022\/04\/05\/jogo-entre-sporting-cristal-e-flamengo-e-adiado\/"},"wordCount":544,"commentCount":0,"image":{"@id":"https:\/\/www.gaveanews.com\/index.php\/2022\/04\/05\/jogo-entre-sporting-cristal-e-flamengo-e-adiado\/#primaryimage"},"thumbnailUrl":"https:\/\/www.gaveanews.com\/wp-content\/uploads\/Taca-da-Libertadores-e-bandeira-do-Flamengo-no-estadio-do-Maracana.webp","articleSection":["Destaques"],"inLanguage":"pt-BR","potentialAction":[{"@type":"CommentAction","name":"Comment","target":["https:\/\/www.gaveanews.com\/index.php\/2022\/04\/05\/jogo-entre-sporting-cristal-e-flamengo-e-adiado\/#respond"]}],"copyrightYear":"2022","copyrightHolder":{"@id":"https:\/\/www.gaveanews.com\/#organization"}},{"@type":"WebPage","@id":"https:\/\/www.gaveanews.com\/index.php\/2022\/04\/05\/jogo-entre-sporting-cristal-e-flamengo-e-adiado\/","url":"https:\/\/www.gaveanews.com\/index.php\/2022\/04\/05\/jogo-entre-sporting-cristal-e-flamengo-e-adiado\/","name":"Jogo entre Sporting Cristal e Flamengo \u00e9 adiado","isPartOf":{"@id":"https:\/\/www.gaveanews.com\/#website"},"primaryImageOfPage":{"@id":"https:\/\/www.gaveanews.com\/index.php\/2022\/04\/05\/jogo-entre-sporting-cristal-e-flamengo-e-adiado\/#primaryimage"},"image":{"@id":"https:\/\/www.gaveanews.com\/index.php\/2022\/04\/05\/jogo-entre-sporting-cristal-e-flamengo-e-adiado\/#primaryimage"},"thumbnailUrl":"https:\/\/www.gaveanews.com\/wp-content\/uploads\/Taca-da-Libertadores-e-bandeira-do-Flamengo-no-estadio-do-Maracana.webp","datePublished":"2022-04-05T22:13:46+00:00","author":{"@id":"https:\/\/www.gaveanews.com\/#\/schema\/person\/2ec14f73fb96be2caf28f91afb14749d"},"breadcrumb":{"@id":"https:\/\/www.gaveanews.com\/index.php\/2022\/04\/05\/jogo-entre-sporting-cristal-e-flamengo-e-adiado\/#breadcrumb"},"inLanguage":"pt-BR","potentialAction":[{"@type":"ReadAction","target":["https:\/\/www.gaveanews.com\/index.php\/2022\/04\/05\/jogo-entre-sporting-cristal-e-flamengo-e-adiado\/"]}]},{"@type":"ImageObject","inLanguage":"pt-BR","@id":"https:\/\/www.gaveanews.com\/index.php\/2022\/04\/05\/jogo-entre-sporting-cristal-e-flamengo-e-adiado\/#primaryimage","url":"https:\/\/www.gaveanews.com\/wp-content\/uploads\/Taca-da-Libertadores-e-bandeira-do-Flamengo-no-estadio-do-Maracana.webp","contentUrl":"https:\/\/www.gaveanews.com\/wp-content\/uploads\/Taca-da-Libertadores-e-bandeira-do-Flamengo-no-estadio-do-Maracana.webp","width":900,"height":1200,"caption":"Ta\u00e7a da Libertadores e bandeira do Flamengo no est\u00e1dio do Maracan\u00e3 (Foto: Reprodu\u00e7\u00e3o\/ Rodrigo Dunshee de Abranches\/Twitter)"},{"@type":"BreadcrumbList","@id":"https:\/\/www.gaveanews.com\/index.php\/2022\/04\/05\/jogo-entre-sporting-cristal-e-flamengo-e-adiado\/#breadcrumb","itemListElement":[{"@type":"ListItem","position":1,"name":"Home","item":"https:\/\/www.gaveanews.com\/"},{"@type":"ListItem","position":2,"name":"Jogo entre Sporting Cristal e Flamengo \u00e9 adiado"}]},{"@type":"WebSite","@id":"https:\/\/www.gaveanews.com\/#website","url":"https:\/\/www.gaveanews.com\/","name":"G\u00e1vea News","description":"Veja todas as not\u00edcias sobre o Flamengo: Contrata\u00e7\u00f5es, categorias de base, resultados das partidas, tabela de classifica\u00e7\u00e3o, pr\u00f3ximos jogos!","potentialAction":[{"@type":"SearchAction","target":{"@type":"EntryPoint","urlTemplate":"https:\/\/www.gaveanews.com\/?s={search_term_string}"},"query-input":{"@type":"PropertyValueSpecification","valueRequired":true,"valueName":"search_term_string"}}],"inLanguage":"pt-BR"},{"@type":"Person","@id":"https:\/\/www.gaveanews.com\/#\/schema\/person\/2ec14f73fb96be2caf28f91afb14749d","name":"Equipe G\u00e1vea News","image":{"@type":"ImageObject","inLanguage":"pt-BR","@id":"https:\/\/www.gaveanews.com\/#\/schema\/person\/image\/","url":"https:\/\/secure.gravatar.com\/avatar\/1e1956f1facbffd3f8fa53a326721950116b3b9dc9bd44939c01180fd4a745a9?s=96&d=mm&r=g","contentUrl":"https:\/\/secure.gravatar.com\/avatar\/1e1956f1facbffd3f8fa53a326721950116b3b9dc9bd44939c01180fd4a745a9?s=96&d=mm&r=g","caption":"Equipe G\u00e1vea News"}}]}},"_links":{"self":[{"href":"https:\/\/www.gaveanews.com\/index.php\/wp-json\/wp\/v2\/posts\/79558","targetHints":{"allow":["GET"]}}],"collection":[{"href":"https:\/\/www.gaveanews.com\/index.php\/wp-json\/wp\/v2\/posts"}],"about":[{"href":"https:\/\/www.gaveanews.com\/index.php\/wp-json\/wp\/v2\/types\/post"}],"author":[{"embeddable":true,"href":"https:\/\/www.gaveanews.com\/index.php\/wp-json\/wp\/v2\/users\/1"}],"replies":[{"embeddable":true,"href":"https:\/\/www.gaveanews.com\/index.php\/wp-json\/wp\/v2\/comments?post=79558"}],"version-history":[{"count":0,"href":"https:\/\/www.gaveanews.com\/index.php\/wp-json\/wp\/v2\/posts\/79558\/revisions"}],"wp:featuredmedia":[{"embeddable":true,"href":"https:\/\/www.gaveanews.com\/index.php\/wp-json\/wp\/v2\/media\/68615"}],"wp:attachment":[{"href":"https:\/\/www.gaveanews.com\/index.php\/wp-json\/wp\/v2\/media?parent=79558"}],"wp:term":[{"taxonomy":"category","embeddable":true,"href":"https:\/\/www.gaveanews.com\/index.php\/wp-json\/wp\/v2\/categories?post=79558"},{"taxonomy":"post_tag","embeddable":true,"href":"https:\/\/www.gaveanews.com\/index.php\/wp-json\/wp\/v2\/tags?post=79558"}],"curies":[{"name":"wp","href":"https:\/\/api.w.org\/{rel}","templated":true}]}}