{"id":79919,"date":"2022-04-12T15:42:45","date_gmt":"2022-04-12T18:42:45","guid":{"rendered":"https:\/\/www.gaveanews.com\/?p=79919"},"modified":"2022-04-12T15:42:45","modified_gmt":"2022-04-12T18:42:45","slug":"cinco-dos-seis-desfalques-do-flamengo-atuam-no-setor-defensivo","status":"publish","type":"post","link":"https:\/\/www.gaveanews.com\/index.php\/2022\/04\/12\/cinco-dos-seis-desfalques-do-flamengo-atuam-no-setor-defensivo\/","title":{"rendered":"Cinco dos seis desfalques do Flamengo atuam no setor defensivo"},"content":{"rendered":"<p>Entra ano e sai ano e o Flamengo lida com o mesmo problema. A lista de desfalques nunca \u00e9 esquecia, j\u00e1 que sempre possui ao menos um nome nela. E no come\u00e7o desta temporada n\u00e3o \u00e9 diferente.<\/p>\n<p>Ap\u00f3s encerrar o Campeonato Carioca e estrear na Libertadores e no Brasileir\u00e3o, o Mais Querido possui uma lista de nomes que ainda n\u00e3o estrearam na temporada. Um deles \u00e9 Rodrigo Caio, que <a href=\"https:\/\/www.gaveanews.com\/index.php\/2022\/01\/17\/video-flamengo-atualiza-situacao-de-rodrigo-caio\/\">foi submetido por uma artroscopia no joelho em dezembro<\/a> e vem lidando com o p\u00f3s-operat\u00f3rio desde ent\u00e3o.<\/p>\n<p>Al\u00e9m dele, Pablo tamb\u00e9m n\u00e3o foi relacionado para nenhum duelo rubro-negro em 2022. O zagueiro foi contratado em mar\u00e7o deste ano e participou das atividades coletivas logo ap\u00f3s sua chegada. No entanto, <a href=\"https:\/\/www.gaveanews.com\/index.php\/2022\/03\/18\/zagueiro-pablo-do-flamengo-sofre-lesao\/\">ele sofreu uma les\u00e3o em um dos treinos<\/a> e tamb\u00e9m recebe os cuidados do departamento m\u00e9dico.<\/p>\n<p>Outro que ainda n\u00e3o integrou o elenco \u00e9 Ayrton Lucas, emprestado enquanto ainda trata de <a href=\"https:\/\/www.gaveanews.com\/index.php\/2022\/03\/31\/e-oficial-flamengo-anuncia-a-contratacao-de-ayrton-lucas\/\">les\u00e3o sofrida em partida pelo Lokomotiv Moscou<\/a>. Cabe destacar que o lateral-esquerdo est\u00e1 mais distante de sua recupera\u00e7\u00e3o que os dois citados acima, j\u00e1 que <a href=\"https:\/\/www.gaveanews.com\/index.php\/2022\/04\/11\/video-flamengo-atualiza-situacoes-de-rodrigo-caio-ayrton-lucas-e-pablo\/\">Pablo e Rodrigo Caio iniciaram o processo de transi\u00e7\u00e3o nesta semana<\/a>.<\/p>\n<p>Ainda no setor defensivo, Fabr\u00edcio Bruno e Gustavo Henrique precisaram ser afastados das atividades do grupo recentemente. A dupla reclamou de dores e hoje trata suas respectivas quest\u00f5es com o departamento m\u00e9dico.<\/p>\n<p>Desta forma, o \u00fanico atleta lesionado que atua em outro setor \u00e9 Vitinho, que machucou a posterior da coxa direita no jogo de ida da final do Campeonato Carioca.<\/p>\n<p>Com a lista de baixas, o Flamengo enfrentar\u00e1 o Talleres nesta noite (12) com apenas tr\u00eas zagueiros dispon\u00edveis: Cleiton, L\u00e9o Pereira e David Luiz. Cabe destacar que Filipe Lu\u00eds tem atuado na posi\u00e7\u00e3o e tamb\u00e9m est\u00e1 \u00e0 disposi\u00e7\u00e3o. Por fim, caso necess\u00e1rio, Ar\u00e3o tamb\u00e9m poder\u00e1 ser recuado e refor\u00e7ar a zaga.<\/p>\n<p>A partida contra os argentinos acontece \u00e0s 21h30 (hor\u00e1rio de Bras\u00edlia), no Maracan\u00e3. <a href=\"https:\/\/www.gaveanews.com\/index.php\/2022\/04\/11\/confira-a-escala-de-transmissao-do-sbt-para-flamengo-x-talleres\/\">A cobertura do evento ser\u00e1 transmitida na TV aberta para quase todo o Brasil<\/a>.<\/p>\n","protected":false},"excerpt":{"rendered":"<p>Entra ano e sai ano e o Flamengo lida com o mesmo problema. A lista de desfalques nunca \u00e9 esquecia, j\u00e1 que sempre possui ao menos um nome nela. E no come\u00e7o desta temporada n\u00e3o \u00e9 diferente. Ap\u00f3s encerrar o Campeonato Carioca e estrear na Libertadores e no Brasileir\u00e3o, o Mais Querido possui uma lista [&hellip;]<\/p>\n","protected":false},"author":4,"featured_media":79851,"comment_status":"open","ping_status":"closed","sticky":false,"template":"","format":"standard","meta":{"footnotes":""},"categories":[1],"tags":[],"class_list":["post-79919","post","type-post","status-publish","format-standard","has-post-thumbnail","hentry","category-flamengo"],"yoast_head":"<!-- This site is optimized with the Yoast SEO Premium plugin v24.2 (Yoast SEO v26.9) - https:\/\/yoast.com\/product\/yoast-seo-premium-wordpress\/ -->\n<title>Cinco dos seis desfalques do Flamengo atuam no setor defensivo<\/title>\n<meta name=\"robots\" content=\"index, follow, max-snippet:-1, max-image-preview:large, max-video-preview:-1\" \/>\n<link rel=\"canonical\" href=\"https:\/\/www.gaveanews.com\/index.php\/2022\/04\/12\/cinco-dos-seis-desfalques-do-flamengo-atuam-no-setor-defensivo\/\" \/>\n<meta property=\"og:locale\" content=\"pt_BR\" \/>\n<meta property=\"og:type\" content=\"article\" \/>\n<meta property=\"og:title\" content=\"Cinco dos seis desfalques do Flamengo atuam no setor defensivo\" \/>\n<meta property=\"og:description\" content=\"Entra ano e sai ano e o Flamengo lida com o mesmo problema. A lista de desfalques nunca \u00e9 esquecia, j\u00e1 que sempre possui ao menos um nome nela. E no come\u00e7o desta temporada n\u00e3o \u00e9 diferente. Ap\u00f3s encerrar o Campeonato Carioca e estrear na Libertadores e no Brasileir\u00e3o, o Mais Querido possui uma lista [&hellip;]\" \/>\n<meta property=\"og:url\" content=\"https:\/\/www.gaveanews.com\/index.php\/2022\/04\/12\/cinco-dos-seis-desfalques-do-flamengo-atuam-no-setor-defensivo\/\" \/>\n<meta property=\"og:site_name\" content=\"G\u00e1vea News\" \/>\n<meta property=\"article:publisher\" content=\"https:\/\/facebook.com\/gaveaNews\/\" \/>\n<meta property=\"article:published_time\" content=\"2022-04-12T18:42:45+00:00\" \/>\n<meta property=\"og:image\" content=\"https:\/\/www.gaveanews.com\/wp-content\/uploads\/Rodrigo-Caio-e-Pablo-em-treinamento-do-Flamengo-no-Ninho-do-Urubu.webp\" \/>\n\t<meta property=\"og:image:width\" content=\"800\" \/>\n\t<meta property=\"og:image:height\" content=\"533\" \/>\n\t<meta property=\"og:image:type\" content=\"image\/jpeg\" \/>\n<meta name=\"author\" content=\"Let\u00edcia Gerheim\" \/>\n<meta name=\"twitter:card\" content=\"summary_large_image\" \/>\n<meta name=\"twitter:label1\" content=\"Escrito por\" \/>\n\t<meta name=\"twitter:data1\" content=\"Let\u00edcia Gerheim\" \/>\n\t<meta name=\"twitter:label2\" content=\"Est. tempo de leitura\" \/>\n\t<meta name=\"twitter:data2\" content=\"2 minutos\" \/>\n<script type=\"application\/ld+json\" class=\"yoast-schema-graph\">{\"@context\":\"https:\/\/schema.org\",\"@graph\":[{\"@type\":\"NewsArticle\",\"@id\":\"https:\/\/www.gaveanews.com\/index.php\/2022\/04\/12\/cinco-dos-seis-desfalques-do-flamengo-atuam-no-setor-defensivo\/#article\",\"isPartOf\":{\"@id\":\"https:\/\/www.gaveanews.com\/index.php\/2022\/04\/12\/cinco-dos-seis-desfalques-do-flamengo-atuam-no-setor-defensivo\/\"},\"author\":{\"name\":\"Let\u00edcia Gerheim\",\"@id\":\"https:\/\/www.gaveanews.com\/#\/schema\/person\/714c67050b836198af2450ba1c142a67\"},\"headline\":\"Cinco dos seis desfalques do Flamengo atuam no setor defensivo\",\"datePublished\":\"2022-04-12T18:42:45+00:00\",\"mainEntityOfPage\":{\"@id\":\"https:\/\/www.gaveanews.com\/index.php\/2022\/04\/12\/cinco-dos-seis-desfalques-do-flamengo-atuam-no-setor-defensivo\/\"},\"wordCount\":362,\"commentCount\":0,\"image\":{\"@id\":\"https:\/\/www.gaveanews.com\/index.php\/2022\/04\/12\/cinco-dos-seis-desfalques-do-flamengo-atuam-no-setor-defensivo\/#primaryimage\"},\"thumbnailUrl\":\"https:\/\/www.gaveanews.com\/wp-content\/uploads\/Rodrigo-Caio-e-Pablo-em-treinamento-do-Flamengo-no-Ninho-do-Urubu.webp\",\"articleSection\":[\"Flamengo\"],\"inLanguage\":\"pt-BR\",\"potentialAction\":[{\"@type\":\"CommentAction\",\"name\":\"Comment\",\"target\":[\"https:\/\/www.gaveanews.com\/index.php\/2022\/04\/12\/cinco-dos-seis-desfalques-do-flamengo-atuam-no-setor-defensivo\/#respond\"]}],\"copyrightYear\":\"2022\",\"copyrightHolder\":{\"@id\":\"https:\/\/www.gaveanews.com\/#organization\"}},{\"@type\":\"WebPage\",\"@id\":\"https:\/\/www.gaveanews.com\/index.php\/2022\/04\/12\/cinco-dos-seis-desfalques-do-flamengo-atuam-no-setor-defensivo\/\",\"url\":\"https:\/\/www.gaveanews.com\/index.php\/2022\/04\/12\/cinco-dos-seis-desfalques-do-flamengo-atuam-no-setor-defensivo\/\",\"name\":\"Cinco dos seis desfalques do Flamengo atuam no setor defensivo\",\"isPartOf\":{\"@id\":\"https:\/\/www.gaveanews.com\/#website\"},\"primaryImageOfPage\":{\"@id\":\"https:\/\/www.gaveanews.com\/index.php\/2022\/04\/12\/cinco-dos-seis-desfalques-do-flamengo-atuam-no-setor-defensivo\/#primaryimage\"},\"image\":{\"@id\":\"https:\/\/www.gaveanews.com\/index.php\/2022\/04\/12\/cinco-dos-seis-desfalques-do-flamengo-atuam-no-setor-defensivo\/#primaryimage\"},\"thumbnailUrl\":\"https:\/\/www.gaveanews.com\/wp-content\/uploads\/Rodrigo-Caio-e-Pablo-em-treinamento-do-Flamengo-no-Ninho-do-Urubu.webp\",\"datePublished\":\"2022-04-12T18:42:45+00:00\",\"author\":{\"@id\":\"https:\/\/www.gaveanews.com\/#\/schema\/person\/714c67050b836198af2450ba1c142a67\"},\"breadcrumb\":{\"@id\":\"https:\/\/www.gaveanews.com\/index.php\/2022\/04\/12\/cinco-dos-seis-desfalques-do-flamengo-atuam-no-setor-defensivo\/#breadcrumb\"},\"inLanguage\":\"pt-BR\",\"potentialAction\":[{\"@type\":\"ReadAction\",\"target\":[\"https:\/\/www.gaveanews.com\/index.php\/2022\/04\/12\/cinco-dos-seis-desfalques-do-flamengo-atuam-no-setor-defensivo\/\"]}]},{\"@type\":\"ImageObject\",\"inLanguage\":\"pt-BR\",\"@id\":\"https:\/\/www.gaveanews.com\/index.php\/2022\/04\/12\/cinco-dos-seis-desfalques-do-flamengo-atuam-no-setor-defensivo\/#primaryimage\",\"url\":\"https:\/\/www.gaveanews.com\/wp-content\/uploads\/Rodrigo-Caio-e-Pablo-em-treinamento-do-Flamengo-no-Ninho-do-Urubu.webp\",\"contentUrl\":\"https:\/\/www.gaveanews.com\/wp-content\/uploads\/Rodrigo-Caio-e-Pablo-em-treinamento-do-Flamengo-no-Ninho-do-Urubu.webp\",\"width\":800,\"height\":533,\"caption\":\"Rodrigo Caio e Pablo em treinamento do Flamengo no Ninho do Urubu (Foto: Marcelo Cortes\/Flamengo)\"},{\"@type\":\"BreadcrumbList\",\"@id\":\"https:\/\/www.gaveanews.com\/index.php\/2022\/04\/12\/cinco-dos-seis-desfalques-do-flamengo-atuam-no-setor-defensivo\/#breadcrumb\",\"itemListElement\":[{\"@type\":\"ListItem\",\"position\":1,\"name\":\"Home\",\"item\":\"https:\/\/www.gaveanews.com\/\"},{\"@type\":\"ListItem\",\"position\":2,\"name\":\"Cinco dos seis desfalques do Flamengo atuam no setor defensivo\"}]},{\"@type\":\"WebSite\",\"@id\":\"https:\/\/www.gaveanews.com\/#website\",\"url\":\"https:\/\/www.gaveanews.com\/\",\"name\":\"G\u00e1vea News\",\"description\":\"Veja todas as not\u00edcias sobre o Flamengo: Contrata\u00e7\u00f5es, categorias de base, resultados das partidas, tabela de classifica\u00e7\u00e3o, pr\u00f3ximos jogos!\",\"potentialAction\":[{\"@type\":\"SearchAction\",\"target\":{\"@type\":\"EntryPoint\",\"urlTemplate\":\"https:\/\/www.gaveanews.com\/?s={search_term_string}\"},\"query-input\":{\"@type\":\"PropertyValueSpecification\",\"valueRequired\":true,\"valueName\":\"search_term_string\"}}],\"inLanguage\":\"pt-BR\"},{\"@type\":\"Person\",\"@id\":\"https:\/\/www.gaveanews.com\/#\/schema\/person\/714c67050b836198af2450ba1c142a67\",\"name\":\"Let\u00edcia Gerheim\",\"image\":{\"@type\":\"ImageObject\",\"inLanguage\":\"pt-BR\",\"@id\":\"https:\/\/www.gaveanews.com\/#\/schema\/person\/image\/\",\"url\":\"https:\/\/secure.gravatar.com\/avatar\/60734739c50fcebfbac509e2a826ccd0ff405c019bc73aab9354f19ecad1dcb4?s=96&d=mm&r=g\",\"contentUrl\":\"https:\/\/secure.gravatar.com\/avatar\/60734739c50fcebfbac509e2a826ccd0ff405c019bc73aab9354f19ecad1dcb4?s=96&d=mm&r=g\",\"caption\":\"Let\u00edcia Gerheim\"}}]}<\/script>\n<!-- \/ Yoast SEO Premium plugin. -->","yoast_head_json":{"title":"Cinco dos seis desfalques do Flamengo atuam no setor defensivo","robots":{"index":"index","follow":"follow","max-snippet":"max-snippet:-1","max-image-preview":"max-image-preview:large","max-video-preview":"max-video-preview:-1"},"canonical":"https:\/\/www.gaveanews.com\/index.php\/2022\/04\/12\/cinco-dos-seis-desfalques-do-flamengo-atuam-no-setor-defensivo\/","og_locale":"pt_BR","og_type":"article","og_title":"Cinco dos seis desfalques do Flamengo atuam no setor defensivo","og_description":"Entra ano e sai ano e o Flamengo lida com o mesmo problema. A lista de desfalques nunca \u00e9 esquecia, j\u00e1 que sempre possui ao menos um nome nela. E no come\u00e7o desta temporada n\u00e3o \u00e9 diferente. Ap\u00f3s encerrar o Campeonato Carioca e estrear na Libertadores e no Brasileir\u00e3o, o Mais Querido possui uma lista [&hellip;]","og_url":"https:\/\/www.gaveanews.com\/index.php\/2022\/04\/12\/cinco-dos-seis-desfalques-do-flamengo-atuam-no-setor-defensivo\/","og_site_name":"G\u00e1vea News","article_publisher":"https:\/\/facebook.com\/gaveaNews\/","article_published_time":"2022-04-12T18:42:45+00:00","og_image":[{"width":800,"height":533,"url":"https:\/\/www.gaveanews.com\/wp-content\/uploads\/Rodrigo-Caio-e-Pablo-em-treinamento-do-Flamengo-no-Ninho-do-Urubu.webp","type":"image\/jpeg"}],"author":"Let\u00edcia Gerheim","twitter_card":"summary_large_image","twitter_misc":{"Escrito por":"Let\u00edcia Gerheim","Est. tempo de leitura":"2 minutos"},"schema":{"@context":"https:\/\/schema.org","@graph":[{"@type":"NewsArticle","@id":"https:\/\/www.gaveanews.com\/index.php\/2022\/04\/12\/cinco-dos-seis-desfalques-do-flamengo-atuam-no-setor-defensivo\/#article","isPartOf":{"@id":"https:\/\/www.gaveanews.com\/index.php\/2022\/04\/12\/cinco-dos-seis-desfalques-do-flamengo-atuam-no-setor-defensivo\/"},"author":{"name":"Let\u00edcia Gerheim","@id":"https:\/\/www.gaveanews.com\/#\/schema\/person\/714c67050b836198af2450ba1c142a67"},"headline":"Cinco dos seis desfalques do Flamengo atuam no setor defensivo","datePublished":"2022-04-12T18:42:45+00:00","mainEntityOfPage":{"@id":"https:\/\/www.gaveanews.com\/index.php\/2022\/04\/12\/cinco-dos-seis-desfalques-do-flamengo-atuam-no-setor-defensivo\/"},"wordCount":362,"commentCount":0,"image":{"@id":"https:\/\/www.gaveanews.com\/index.php\/2022\/04\/12\/cinco-dos-seis-desfalques-do-flamengo-atuam-no-setor-defensivo\/#primaryimage"},"thumbnailUrl":"https:\/\/www.gaveanews.com\/wp-content\/uploads\/Rodrigo-Caio-e-Pablo-em-treinamento-do-Flamengo-no-Ninho-do-Urubu.webp","articleSection":["Flamengo"],"inLanguage":"pt-BR","potentialAction":[{"@type":"CommentAction","name":"Comment","target":["https:\/\/www.gaveanews.com\/index.php\/2022\/04\/12\/cinco-dos-seis-desfalques-do-flamengo-atuam-no-setor-defensivo\/#respond"]}],"copyrightYear":"2022","copyrightHolder":{"@id":"https:\/\/www.gaveanews.com\/#organization"}},{"@type":"WebPage","@id":"https:\/\/www.gaveanews.com\/index.php\/2022\/04\/12\/cinco-dos-seis-desfalques-do-flamengo-atuam-no-setor-defensivo\/","url":"https:\/\/www.gaveanews.com\/index.php\/2022\/04\/12\/cinco-dos-seis-desfalques-do-flamengo-atuam-no-setor-defensivo\/","name":"Cinco dos seis desfalques do Flamengo atuam no setor defensivo","isPartOf":{"@id":"https:\/\/www.gaveanews.com\/#website"},"primaryImageOfPage":{"@id":"https:\/\/www.gaveanews.com\/index.php\/2022\/04\/12\/cinco-dos-seis-desfalques-do-flamengo-atuam-no-setor-defensivo\/#primaryimage"},"image":{"@id":"https:\/\/www.gaveanews.com\/index.php\/2022\/04\/12\/cinco-dos-seis-desfalques-do-flamengo-atuam-no-setor-defensivo\/#primaryimage"},"thumbnailUrl":"https:\/\/www.gaveanews.com\/wp-content\/uploads\/Rodrigo-Caio-e-Pablo-em-treinamento-do-Flamengo-no-Ninho-do-Urubu.webp","datePublished":"2022-04-12T18:42:45+00:00","author":{"@id":"https:\/\/www.gaveanews.com\/#\/schema\/person\/714c67050b836198af2450ba1c142a67"},"breadcrumb":{"@id":"https:\/\/www.gaveanews.com\/index.php\/2022\/04\/12\/cinco-dos-seis-desfalques-do-flamengo-atuam-no-setor-defensivo\/#breadcrumb"},"inLanguage":"pt-BR","potentialAction":[{"@type":"ReadAction","target":["https:\/\/www.gaveanews.com\/index.php\/2022\/04\/12\/cinco-dos-seis-desfalques-do-flamengo-atuam-no-setor-defensivo\/"]}]},{"@type":"ImageObject","inLanguage":"pt-BR","@id":"https:\/\/www.gaveanews.com\/index.php\/2022\/04\/12\/cinco-dos-seis-desfalques-do-flamengo-atuam-no-setor-defensivo\/#primaryimage","url":"https:\/\/www.gaveanews.com\/wp-content\/uploads\/Rodrigo-Caio-e-Pablo-em-treinamento-do-Flamengo-no-Ninho-do-Urubu.webp","contentUrl":"https:\/\/www.gaveanews.com\/wp-content\/uploads\/Rodrigo-Caio-e-Pablo-em-treinamento-do-Flamengo-no-Ninho-do-Urubu.webp","width":800,"height":533,"caption":"Rodrigo Caio e Pablo em treinamento do Flamengo no Ninho do Urubu (Foto: Marcelo Cortes\/Flamengo)"},{"@type":"BreadcrumbList","@id":"https:\/\/www.gaveanews.com\/index.php\/2022\/04\/12\/cinco-dos-seis-desfalques-do-flamengo-atuam-no-setor-defensivo\/#breadcrumb","itemListElement":[{"@type":"ListItem","position":1,"name":"Home","item":"https:\/\/www.gaveanews.com\/"},{"@type":"ListItem","position":2,"name":"Cinco dos seis desfalques do Flamengo atuam no setor defensivo"}]},{"@type":"WebSite","@id":"https:\/\/www.gaveanews.com\/#website","url":"https:\/\/www.gaveanews.com\/","name":"G\u00e1vea News","description":"Veja todas as not\u00edcias sobre o Flamengo: Contrata\u00e7\u00f5es, categorias de base, resultados das partidas, tabela de classifica\u00e7\u00e3o, pr\u00f3ximos jogos!","potentialAction":[{"@type":"SearchAction","target":{"@type":"EntryPoint","urlTemplate":"https:\/\/www.gaveanews.com\/?s={search_term_string}"},"query-input":{"@type":"PropertyValueSpecification","valueRequired":true,"valueName":"search_term_string"}}],"inLanguage":"pt-BR"},{"@type":"Person","@id":"https:\/\/www.gaveanews.com\/#\/schema\/person\/714c67050b836198af2450ba1c142a67","name":"Let\u00edcia Gerheim","image":{"@type":"ImageObject","inLanguage":"pt-BR","@id":"https:\/\/www.gaveanews.com\/#\/schema\/person\/image\/","url":"https:\/\/secure.gravatar.com\/avatar\/60734739c50fcebfbac509e2a826ccd0ff405c019bc73aab9354f19ecad1dcb4?s=96&d=mm&r=g","contentUrl":"https:\/\/secure.gravatar.com\/avatar\/60734739c50fcebfbac509e2a826ccd0ff405c019bc73aab9354f19ecad1dcb4?s=96&d=mm&r=g","caption":"Let\u00edcia Gerheim"}}]}},"_links":{"self":[{"href":"https:\/\/www.gaveanews.com\/index.php\/wp-json\/wp\/v2\/posts\/79919","targetHints":{"allow":["GET"]}}],"collection":[{"href":"https:\/\/www.gaveanews.com\/index.php\/wp-json\/wp\/v2\/posts"}],"about":[{"href":"https:\/\/www.gaveanews.com\/index.php\/wp-json\/wp\/v2\/types\/post"}],"author":[{"embeddable":true,"href":"https:\/\/www.gaveanews.com\/index.php\/wp-json\/wp\/v2\/users\/4"}],"replies":[{"embeddable":true,"href":"https:\/\/www.gaveanews.com\/index.php\/wp-json\/wp\/v2\/comments?post=79919"}],"version-history":[{"count":0,"href":"https:\/\/www.gaveanews.com\/index.php\/wp-json\/wp\/v2\/posts\/79919\/revisions"}],"wp:featuredmedia":[{"embeddable":true,"href":"https:\/\/www.gaveanews.com\/index.php\/wp-json\/wp\/v2\/media\/79851"}],"wp:attachment":[{"href":"https:\/\/www.gaveanews.com\/index.php\/wp-json\/wp\/v2\/media?parent=79919"}],"wp:term":[{"taxonomy":"category","embeddable":true,"href":"https:\/\/www.gaveanews.com\/index.php\/wp-json\/wp\/v2\/categories?post=79919"},{"taxonomy":"post_tag","embeddable":true,"href":"https:\/\/www.gaveanews.com\/index.php\/wp-json\/wp\/v2\/tags?post=79919"}],"curies":[{"name":"wp","href":"https:\/\/api.w.org\/{rel}","templated":true}]}}