{"id":79927,"date":"2022-04-12T18:38:38","date_gmt":"2022-04-12T21:38:38","guid":{"rendered":"https:\/\/www.gaveanews.com\/?p=79927"},"modified":"2022-04-12T18:38:38","modified_gmt":"2022-04-12T21:38:38","slug":"vinicius-junior-e-decisivo-e-real-madrid-vai-disputar-semifinal-da-champions-league","status":"publish","type":"post","link":"https:\/\/www.gaveanews.com\/index.php\/2022\/04\/12\/vinicius-junior-e-decisivo-e-real-madrid-vai-disputar-semifinal-da-champions-league\/","title":{"rendered":"Vin\u00edcius J\u00fanior \u00e9 decisivo e Real Madrid vai disputar semifinal da Champions League"},"content":{"rendered":"<p>Nem o mais fan\u00e1tico torcedor do Chelsea poderia imaginar tamanha rea\u00e7\u00e3o do time de Londres no Santiago Bernab\u00e9u. Os Blues n\u00e3o se desmotivaram com a dura derrota na partida de ida, na Inglaterra, pelo placar de 3 a 1 (com um show de Benzema), e foram para cima do poderoso Real Madrid l\u00e1 na Espanha.<\/p>\n<p>Tanto que \u00e9 poss\u00edvel dizer at\u00e9 que o placar n\u00e3o foi muito justo para os ingleses. O Chelsea merecia fazer o placar necess\u00e1rio no tempo normal e vencer o confronto diante dos gal\u00e1cticos.<\/p>\n<p>Mas os Deuses da Bola determinaram que as estrelas dos espetaculares brasileiros Rodrygo e Vinicius Junior brilhassem l\u00e1 no Bernab\u00e9u. O primeiro marcou um bel\u00edssimo gol no final do tempo normal, ap\u00f3s milim\u00e9trica assist\u00eancia de Modric.<\/p>\n<p>E o segundo foi quem passou a bola de maneira espetacular para que Benzema marcasse o segundo e salvador gol do time da casa.<\/p>\n<p>Vale destacar que o Brasil est\u00e1 muito bem servido de pontas para a pr\u00f3xima Copa.<\/p>\n<p>Retirado de: UOL<\/p>\n","protected":false},"excerpt":{"rendered":"<p>Nem o mais fan\u00e1tico torcedor do Chelsea poderia imaginar tamanha rea\u00e7\u00e3o do time de Londres no Santiago Bernab\u00e9u. Os Blues n\u00e3o se desmotivaram com a dura derrota na partida de ida, na Inglaterra, pelo placar de 3 a 1 (com um show de Benzema), e foram para cima do poderoso Real Madrid l\u00e1 na Espanha. [&hellip;]<\/p>\n","protected":false},"author":1,"featured_media":78076,"comment_status":"open","ping_status":"closed","sticky":false,"template":"","format":"standard","meta":{"footnotes":""},"categories":[47],"tags":[],"class_list":["post-79927","post","type-post","status-publish","format-standard","has-post-thumbnail","hentry","category-destaques"],"yoast_head":"<!-- This site is optimized with the Yoast SEO Premium plugin v24.2 (Yoast SEO v26.9) - https:\/\/yoast.com\/product\/yoast-seo-premium-wordpress\/ -->\n<title>Vin\u00edcius J\u00fanior \u00e9 decisivo e Real Madrid vai disputar semifinal da Champions League<\/title>\n<meta name=\"robots\" content=\"index, follow, max-snippet:-1, max-image-preview:large, max-video-preview:-1\" \/>\n<link rel=\"canonical\" href=\"https:\/\/www.gaveanews.com\/index.php\/2022\/04\/12\/vinicius-junior-e-decisivo-e-real-madrid-vai-disputar-semifinal-da-champions-league\/\" \/>\n<meta property=\"og:locale\" content=\"pt_BR\" \/>\n<meta property=\"og:type\" content=\"article\" \/>\n<meta property=\"og:title\" content=\"Vin\u00edcius J\u00fanior \u00e9 decisivo e Real Madrid vai disputar semifinal da Champions League\" \/>\n<meta property=\"og:description\" content=\"Nem o mais fan\u00e1tico torcedor do Chelsea poderia imaginar tamanha rea\u00e7\u00e3o do time de Londres no Santiago Bernab\u00e9u. Os Blues n\u00e3o se desmotivaram com a dura derrota na partida de ida, na Inglaterra, pelo placar de 3 a 1 (com um show de Benzema), e foram para cima do poderoso Real Madrid l\u00e1 na Espanha. [&hellip;]\" \/>\n<meta property=\"og:url\" content=\"https:\/\/www.gaveanews.com\/index.php\/2022\/04\/12\/vinicius-junior-e-decisivo-e-real-madrid-vai-disputar-semifinal-da-champions-league\/\" \/>\n<meta property=\"og:site_name\" content=\"G\u00e1vea News\" \/>\n<meta property=\"article:publisher\" content=\"https:\/\/facebook.com\/gaveaNews\/\" \/>\n<meta property=\"article:published_time\" content=\"2022-04-12T21:38:38+00:00\" \/>\n<meta property=\"og:image\" content=\"https:\/\/www.gaveanews.com\/wp-content\/uploads\/Vinicius-Junior-comemora-vitoria-do-Real-Madrid-sobre-o-PSG-pelas-oitavas-de-final-da-Champions-League.webp\" \/>\n\t<meta property=\"og:image:width\" content=\"640\" \/>\n\t<meta property=\"og:image:height\" content=\"360\" \/>\n\t<meta property=\"og:image:type\" content=\"image\/jpeg\" \/>\n<meta name=\"author\" content=\"Equipe G\u00e1vea News\" \/>\n<meta name=\"twitter:card\" content=\"summary_large_image\" \/>\n<meta name=\"twitter:label1\" content=\"Escrito por\" \/>\n\t<meta name=\"twitter:data1\" content=\"Equipe G\u00e1vea News\" \/>\n\t<meta name=\"twitter:label2\" content=\"Est. tempo de leitura\" \/>\n\t<meta name=\"twitter:data2\" content=\"1 minuto\" \/>\n<script type=\"application\/ld+json\" class=\"yoast-schema-graph\">{\"@context\":\"https:\/\/schema.org\",\"@graph\":[{\"@type\":\"NewsArticle\",\"@id\":\"https:\/\/www.gaveanews.com\/index.php\/2022\/04\/12\/vinicius-junior-e-decisivo-e-real-madrid-vai-disputar-semifinal-da-champions-league\/#article\",\"isPartOf\":{\"@id\":\"https:\/\/www.gaveanews.com\/index.php\/2022\/04\/12\/vinicius-junior-e-decisivo-e-real-madrid-vai-disputar-semifinal-da-champions-league\/\"},\"author\":{\"name\":\"Equipe G\u00e1vea News\",\"@id\":\"https:\/\/www.gaveanews.com\/#\/schema\/person\/2ec14f73fb96be2caf28f91afb14749d\"},\"headline\":\"Vin\u00edcius J\u00fanior \u00e9 decisivo e Real Madrid vai disputar semifinal da Champions League\",\"datePublished\":\"2022-04-12T21:38:38+00:00\",\"mainEntityOfPage\":{\"@id\":\"https:\/\/www.gaveanews.com\/index.php\/2022\/04\/12\/vinicius-junior-e-decisivo-e-real-madrid-vai-disputar-semifinal-da-champions-league\/\"},\"wordCount\":191,\"commentCount\":0,\"image\":{\"@id\":\"https:\/\/www.gaveanews.com\/index.php\/2022\/04\/12\/vinicius-junior-e-decisivo-e-real-madrid-vai-disputar-semifinal-da-champions-league\/#primaryimage\"},\"thumbnailUrl\":\"https:\/\/www.gaveanews.com\/wp-content\/uploads\/Vinicius-Junior-comemora-vitoria-do-Real-Madrid-sobre-o-PSG-pelas-oitavas-de-final-da-Champions-League.webp\",\"articleSection\":[\"Destaques\"],\"inLanguage\":\"pt-BR\",\"potentialAction\":[{\"@type\":\"CommentAction\",\"name\":\"Comment\",\"target\":[\"https:\/\/www.gaveanews.com\/index.php\/2022\/04\/12\/vinicius-junior-e-decisivo-e-real-madrid-vai-disputar-semifinal-da-champions-league\/#respond\"]}],\"copyrightYear\":\"2022\",\"copyrightHolder\":{\"@id\":\"https:\/\/www.gaveanews.com\/#organization\"}},{\"@type\":\"WebPage\",\"@id\":\"https:\/\/www.gaveanews.com\/index.php\/2022\/04\/12\/vinicius-junior-e-decisivo-e-real-madrid-vai-disputar-semifinal-da-champions-league\/\",\"url\":\"https:\/\/www.gaveanews.com\/index.php\/2022\/04\/12\/vinicius-junior-e-decisivo-e-real-madrid-vai-disputar-semifinal-da-champions-league\/\",\"name\":\"Vin\u00edcius J\u00fanior \u00e9 decisivo e Real Madrid vai disputar semifinal da Champions League\",\"isPartOf\":{\"@id\":\"https:\/\/www.gaveanews.com\/#website\"},\"primaryImageOfPage\":{\"@id\":\"https:\/\/www.gaveanews.com\/index.php\/2022\/04\/12\/vinicius-junior-e-decisivo-e-real-madrid-vai-disputar-semifinal-da-champions-league\/#primaryimage\"},\"image\":{\"@id\":\"https:\/\/www.gaveanews.com\/index.php\/2022\/04\/12\/vinicius-junior-e-decisivo-e-real-madrid-vai-disputar-semifinal-da-champions-league\/#primaryimage\"},\"thumbnailUrl\":\"https:\/\/www.gaveanews.com\/wp-content\/uploads\/Vinicius-Junior-comemora-vitoria-do-Real-Madrid-sobre-o-PSG-pelas-oitavas-de-final-da-Champions-League.webp\",\"datePublished\":\"2022-04-12T21:38:38+00:00\",\"author\":{\"@id\":\"https:\/\/www.gaveanews.com\/#\/schema\/person\/2ec14f73fb96be2caf28f91afb14749d\"},\"breadcrumb\":{\"@id\":\"https:\/\/www.gaveanews.com\/index.php\/2022\/04\/12\/vinicius-junior-e-decisivo-e-real-madrid-vai-disputar-semifinal-da-champions-league\/#breadcrumb\"},\"inLanguage\":\"pt-BR\",\"potentialAction\":[{\"@type\":\"ReadAction\",\"target\":[\"https:\/\/www.gaveanews.com\/index.php\/2022\/04\/12\/vinicius-junior-e-decisivo-e-real-madrid-vai-disputar-semifinal-da-champions-league\/\"]}]},{\"@type\":\"ImageObject\",\"inLanguage\":\"pt-BR\",\"@id\":\"https:\/\/www.gaveanews.com\/index.php\/2022\/04\/12\/vinicius-junior-e-decisivo-e-real-madrid-vai-disputar-semifinal-da-champions-league\/#primaryimage\",\"url\":\"https:\/\/www.gaveanews.com\/wp-content\/uploads\/Vinicius-Junior-comemora-vitoria-do-Real-Madrid-sobre-o-PSG-pelas-oitavas-de-final-da-Champions-League.webp\",\"contentUrl\":\"https:\/\/www.gaveanews.com\/wp-content\/uploads\/Vinicius-Junior-comemora-vitoria-do-Real-Madrid-sobre-o-PSG-pelas-oitavas-de-final-da-Champions-League.webp\",\"width\":640,\"height\":360,\"caption\":\"Vinicius Junior comemora vit\u00f3ria do Real Madrid sobre o PSG pelas oitavas de final da Champions League (Foto: Susana Vera\/Reuters)\"},{\"@type\":\"BreadcrumbList\",\"@id\":\"https:\/\/www.gaveanews.com\/index.php\/2022\/04\/12\/vinicius-junior-e-decisivo-e-real-madrid-vai-disputar-semifinal-da-champions-league\/#breadcrumb\",\"itemListElement\":[{\"@type\":\"ListItem\",\"position\":1,\"name\":\"Home\",\"item\":\"https:\/\/www.gaveanews.com\/\"},{\"@type\":\"ListItem\",\"position\":2,\"name\":\"Vin\u00edcius J\u00fanior \u00e9 decisivo e Real Madrid vai disputar semifinal da Champions League\"}]},{\"@type\":\"WebSite\",\"@id\":\"https:\/\/www.gaveanews.com\/#website\",\"url\":\"https:\/\/www.gaveanews.com\/\",\"name\":\"G\u00e1vea News\",\"description\":\"Veja todas as not\u00edcias sobre o Flamengo: Contrata\u00e7\u00f5es, categorias de base, resultados das partidas, tabela de classifica\u00e7\u00e3o, pr\u00f3ximos jogos!\",\"potentialAction\":[{\"@type\":\"SearchAction\",\"target\":{\"@type\":\"EntryPoint\",\"urlTemplate\":\"https:\/\/www.gaveanews.com\/?s={search_term_string}\"},\"query-input\":{\"@type\":\"PropertyValueSpecification\",\"valueRequired\":true,\"valueName\":\"search_term_string\"}}],\"inLanguage\":\"pt-BR\"},{\"@type\":\"Person\",\"@id\":\"https:\/\/www.gaveanews.com\/#\/schema\/person\/2ec14f73fb96be2caf28f91afb14749d\",\"name\":\"Equipe G\u00e1vea News\",\"image\":{\"@type\":\"ImageObject\",\"inLanguage\":\"pt-BR\",\"@id\":\"https:\/\/www.gaveanews.com\/#\/schema\/person\/image\/\",\"url\":\"https:\/\/secure.gravatar.com\/avatar\/1e1956f1facbffd3f8fa53a326721950116b3b9dc9bd44939c01180fd4a745a9?s=96&d=mm&r=g\",\"contentUrl\":\"https:\/\/secure.gravatar.com\/avatar\/1e1956f1facbffd3f8fa53a326721950116b3b9dc9bd44939c01180fd4a745a9?s=96&d=mm&r=g\",\"caption\":\"Equipe G\u00e1vea News\"}}]}<\/script>\n<!-- \/ Yoast SEO Premium plugin. -->","yoast_head_json":{"title":"Vin\u00edcius J\u00fanior \u00e9 decisivo e Real Madrid vai disputar semifinal da Champions League","robots":{"index":"index","follow":"follow","max-snippet":"max-snippet:-1","max-image-preview":"max-image-preview:large","max-video-preview":"max-video-preview:-1"},"canonical":"https:\/\/www.gaveanews.com\/index.php\/2022\/04\/12\/vinicius-junior-e-decisivo-e-real-madrid-vai-disputar-semifinal-da-champions-league\/","og_locale":"pt_BR","og_type":"article","og_title":"Vin\u00edcius J\u00fanior \u00e9 decisivo e Real Madrid vai disputar semifinal da Champions League","og_description":"Nem o mais fan\u00e1tico torcedor do Chelsea poderia imaginar tamanha rea\u00e7\u00e3o do time de Londres no Santiago Bernab\u00e9u. Os Blues n\u00e3o se desmotivaram com a dura derrota na partida de ida, na Inglaterra, pelo placar de 3 a 1 (com um show de Benzema), e foram para cima do poderoso Real Madrid l\u00e1 na Espanha. [&hellip;]","og_url":"https:\/\/www.gaveanews.com\/index.php\/2022\/04\/12\/vinicius-junior-e-decisivo-e-real-madrid-vai-disputar-semifinal-da-champions-league\/","og_site_name":"G\u00e1vea News","article_publisher":"https:\/\/facebook.com\/gaveaNews\/","article_published_time":"2022-04-12T21:38:38+00:00","og_image":[{"width":640,"height":360,"url":"https:\/\/www.gaveanews.com\/wp-content\/uploads\/Vinicius-Junior-comemora-vitoria-do-Real-Madrid-sobre-o-PSG-pelas-oitavas-de-final-da-Champions-League.webp","type":"image\/jpeg"}],"author":"Equipe G\u00e1vea News","twitter_card":"summary_large_image","twitter_misc":{"Escrito por":"Equipe G\u00e1vea News","Est. tempo de leitura":"1 minuto"},"schema":{"@context":"https:\/\/schema.org","@graph":[{"@type":"NewsArticle","@id":"https:\/\/www.gaveanews.com\/index.php\/2022\/04\/12\/vinicius-junior-e-decisivo-e-real-madrid-vai-disputar-semifinal-da-champions-league\/#article","isPartOf":{"@id":"https:\/\/www.gaveanews.com\/index.php\/2022\/04\/12\/vinicius-junior-e-decisivo-e-real-madrid-vai-disputar-semifinal-da-champions-league\/"},"author":{"name":"Equipe G\u00e1vea News","@id":"https:\/\/www.gaveanews.com\/#\/schema\/person\/2ec14f73fb96be2caf28f91afb14749d"},"headline":"Vin\u00edcius J\u00fanior \u00e9 decisivo e Real Madrid vai disputar semifinal da Champions League","datePublished":"2022-04-12T21:38:38+00:00","mainEntityOfPage":{"@id":"https:\/\/www.gaveanews.com\/index.php\/2022\/04\/12\/vinicius-junior-e-decisivo-e-real-madrid-vai-disputar-semifinal-da-champions-league\/"},"wordCount":191,"commentCount":0,"image":{"@id":"https:\/\/www.gaveanews.com\/index.php\/2022\/04\/12\/vinicius-junior-e-decisivo-e-real-madrid-vai-disputar-semifinal-da-champions-league\/#primaryimage"},"thumbnailUrl":"https:\/\/www.gaveanews.com\/wp-content\/uploads\/Vinicius-Junior-comemora-vitoria-do-Real-Madrid-sobre-o-PSG-pelas-oitavas-de-final-da-Champions-League.webp","articleSection":["Destaques"],"inLanguage":"pt-BR","potentialAction":[{"@type":"CommentAction","name":"Comment","target":["https:\/\/www.gaveanews.com\/index.php\/2022\/04\/12\/vinicius-junior-e-decisivo-e-real-madrid-vai-disputar-semifinal-da-champions-league\/#respond"]}],"copyrightYear":"2022","copyrightHolder":{"@id":"https:\/\/www.gaveanews.com\/#organization"}},{"@type":"WebPage","@id":"https:\/\/www.gaveanews.com\/index.php\/2022\/04\/12\/vinicius-junior-e-decisivo-e-real-madrid-vai-disputar-semifinal-da-champions-league\/","url":"https:\/\/www.gaveanews.com\/index.php\/2022\/04\/12\/vinicius-junior-e-decisivo-e-real-madrid-vai-disputar-semifinal-da-champions-league\/","name":"Vin\u00edcius J\u00fanior \u00e9 decisivo e Real Madrid vai disputar semifinal da Champions League","isPartOf":{"@id":"https:\/\/www.gaveanews.com\/#website"},"primaryImageOfPage":{"@id":"https:\/\/www.gaveanews.com\/index.php\/2022\/04\/12\/vinicius-junior-e-decisivo-e-real-madrid-vai-disputar-semifinal-da-champions-league\/#primaryimage"},"image":{"@id":"https:\/\/www.gaveanews.com\/index.php\/2022\/04\/12\/vinicius-junior-e-decisivo-e-real-madrid-vai-disputar-semifinal-da-champions-league\/#primaryimage"},"thumbnailUrl":"https:\/\/www.gaveanews.com\/wp-content\/uploads\/Vinicius-Junior-comemora-vitoria-do-Real-Madrid-sobre-o-PSG-pelas-oitavas-de-final-da-Champions-League.webp","datePublished":"2022-04-12T21:38:38+00:00","author":{"@id":"https:\/\/www.gaveanews.com\/#\/schema\/person\/2ec14f73fb96be2caf28f91afb14749d"},"breadcrumb":{"@id":"https:\/\/www.gaveanews.com\/index.php\/2022\/04\/12\/vinicius-junior-e-decisivo-e-real-madrid-vai-disputar-semifinal-da-champions-league\/#breadcrumb"},"inLanguage":"pt-BR","potentialAction":[{"@type":"ReadAction","target":["https:\/\/www.gaveanews.com\/index.php\/2022\/04\/12\/vinicius-junior-e-decisivo-e-real-madrid-vai-disputar-semifinal-da-champions-league\/"]}]},{"@type":"ImageObject","inLanguage":"pt-BR","@id":"https:\/\/www.gaveanews.com\/index.php\/2022\/04\/12\/vinicius-junior-e-decisivo-e-real-madrid-vai-disputar-semifinal-da-champions-league\/#primaryimage","url":"https:\/\/www.gaveanews.com\/wp-content\/uploads\/Vinicius-Junior-comemora-vitoria-do-Real-Madrid-sobre-o-PSG-pelas-oitavas-de-final-da-Champions-League.webp","contentUrl":"https:\/\/www.gaveanews.com\/wp-content\/uploads\/Vinicius-Junior-comemora-vitoria-do-Real-Madrid-sobre-o-PSG-pelas-oitavas-de-final-da-Champions-League.webp","width":640,"height":360,"caption":"Vinicius Junior comemora vit\u00f3ria do Real Madrid sobre o PSG pelas oitavas de final da Champions League (Foto: Susana Vera\/Reuters)"},{"@type":"BreadcrumbList","@id":"https:\/\/www.gaveanews.com\/index.php\/2022\/04\/12\/vinicius-junior-e-decisivo-e-real-madrid-vai-disputar-semifinal-da-champions-league\/#breadcrumb","itemListElement":[{"@type":"ListItem","position":1,"name":"Home","item":"https:\/\/www.gaveanews.com\/"},{"@type":"ListItem","position":2,"name":"Vin\u00edcius J\u00fanior \u00e9 decisivo e Real Madrid vai disputar semifinal da Champions League"}]},{"@type":"WebSite","@id":"https:\/\/www.gaveanews.com\/#website","url":"https:\/\/www.gaveanews.com\/","name":"G\u00e1vea News","description":"Veja todas as not\u00edcias sobre o Flamengo: Contrata\u00e7\u00f5es, categorias de base, resultados das partidas, tabela de classifica\u00e7\u00e3o, pr\u00f3ximos jogos!","potentialAction":[{"@type":"SearchAction","target":{"@type":"EntryPoint","urlTemplate":"https:\/\/www.gaveanews.com\/?s={search_term_string}"},"query-input":{"@type":"PropertyValueSpecification","valueRequired":true,"valueName":"search_term_string"}}],"inLanguage":"pt-BR"},{"@type":"Person","@id":"https:\/\/www.gaveanews.com\/#\/schema\/person\/2ec14f73fb96be2caf28f91afb14749d","name":"Equipe G\u00e1vea News","image":{"@type":"ImageObject","inLanguage":"pt-BR","@id":"https:\/\/www.gaveanews.com\/#\/schema\/person\/image\/","url":"https:\/\/secure.gravatar.com\/avatar\/1e1956f1facbffd3f8fa53a326721950116b3b9dc9bd44939c01180fd4a745a9?s=96&d=mm&r=g","contentUrl":"https:\/\/secure.gravatar.com\/avatar\/1e1956f1facbffd3f8fa53a326721950116b3b9dc9bd44939c01180fd4a745a9?s=96&d=mm&r=g","caption":"Equipe G\u00e1vea News"}}]}},"_links":{"self":[{"href":"https:\/\/www.gaveanews.com\/index.php\/wp-json\/wp\/v2\/posts\/79927","targetHints":{"allow":["GET"]}}],"collection":[{"href":"https:\/\/www.gaveanews.com\/index.php\/wp-json\/wp\/v2\/posts"}],"about":[{"href":"https:\/\/www.gaveanews.com\/index.php\/wp-json\/wp\/v2\/types\/post"}],"author":[{"embeddable":true,"href":"https:\/\/www.gaveanews.com\/index.php\/wp-json\/wp\/v2\/users\/1"}],"replies":[{"embeddable":true,"href":"https:\/\/www.gaveanews.com\/index.php\/wp-json\/wp\/v2\/comments?post=79927"}],"version-history":[{"count":0,"href":"https:\/\/www.gaveanews.com\/index.php\/wp-json\/wp\/v2\/posts\/79927\/revisions"}],"wp:featuredmedia":[{"embeddable":true,"href":"https:\/\/www.gaveanews.com\/index.php\/wp-json\/wp\/v2\/media\/78076"}],"wp:attachment":[{"href":"https:\/\/www.gaveanews.com\/index.php\/wp-json\/wp\/v2\/media?parent=79927"}],"wp:term":[{"taxonomy":"category","embeddable":true,"href":"https:\/\/www.gaveanews.com\/index.php\/wp-json\/wp\/v2\/categories?post=79927"},{"taxonomy":"post_tag","embeddable":true,"href":"https:\/\/www.gaveanews.com\/index.php\/wp-json\/wp\/v2\/tags?post=79927"}],"curies":[{"name":"wp","href":"https:\/\/api.w.org\/{rel}","templated":true}]}}