{"id":80014,"date":"2022-04-14T00:12:03","date_gmt":"2022-04-14T03:12:03","guid":{"rendered":"https:\/\/www.gaveanews.com\/?p=80014"},"modified":"2022-04-14T00:12:03","modified_gmt":"2022-04-14T03:12:03","slug":"incomodado-diego-ribas-tem-interesse-em-deixar-o-flamengo","status":"publish","type":"post","link":"https:\/\/www.gaveanews.com\/index.php\/2022\/04\/14\/incomodado-diego-ribas-tem-interesse-em-deixar-o-flamengo\/","title":{"rendered":"Incomodado, Diego Ribas tem interesse em deixar o Flamengo"},"content":{"rendered":"<p>Pouco a pouco o Flamengo come\u00e7a a dar os primeiros passos no processo de reformula\u00e7\u00e3o de seu plantel. Recentemente, Ren\u00ea deixou a G\u00e1vea e a tend\u00eancia \u00e9 de que mais medalh\u00f5es sigam o mesmo caminho antes do fim da temporada.<\/p>\n<p>Um dos jogadores que perdeu espa\u00e7o no clube carioca foi Diego Ribas, que j\u00e1 faz parte do elenco desde 2016. Nos \u00faltimos dias, surgiram informa\u00e7\u00f5es de que o S\u00e3o Paulo estaria interessado na contrata\u00e7\u00e3o do meia, entretanto, o portal \u2018BolaVip\u2018 relata que o destino pode ser outro.<\/p>\n<p>Segundo o site, Diego n\u00e3o teria se empolgado com a sondagem do Tricolor e estaria considerando uma ida para a Major League Soccer, principal competi\u00e7\u00e3o de futebol do Estados Unidos.<\/p>\n<p>Com a camisa do Flamengo, Diego disputou 256 partidas, marcando 40 gols e distribuindo 29 assist\u00eancias. Embora tenha constru\u00eddo trajet\u00f3ria vitoriosa com o Manto Sagrado, o meia n\u00e3o \u00e9 unanimidade entre a Na\u00e7\u00e3o.<\/p>\n<h2>Diego Ribas estaria incomodado com reformula\u00e7\u00e3o no Flamengo<\/h2>\n<p>De acordo com o jornalista Diogo Dantas, a reformula\u00e7\u00e3o iniciada pelo t\u00e9cnico Paulo Sousa n\u00e3o tem sido bem vista por dois dos principais l\u00edderes do Flamengo: Diego Alves e Diego Ribas.<\/p>\n<p>A inten\u00e7\u00e3o do clube carioca \u00e9 aproveitar os jogadores que est\u00e3o em \u00faltimo ano de contrato para liberar espa\u00e7o, como foi com o lateral-esquerdo Ren\u00ea. O primeiro deles \u00e9 o goleiro, que virou terceira op\u00e7\u00e3o em 2022. Ainda segundo a publica\u00e7\u00e3o, Diego Alves que sair do Flamengo.<\/p>\n<p>Por fim, o Flamengo v\u00ea como necess\u00e1ria uma transi\u00e7\u00e3o cuidadosa neste caso, j\u00e1 que os dois jogadores s\u00e3o grandes nomes do vesti\u00e1rio.<\/p>\n<p>Retirado de: Mercado do Futebol<\/p>\n","protected":false},"excerpt":{"rendered":"<p>Pouco a pouco o Flamengo come\u00e7a a dar os primeiros passos no processo de reformula\u00e7\u00e3o de seu plantel. Recentemente, Ren\u00ea deixou a G\u00e1vea e a tend\u00eancia \u00e9 de que mais medalh\u00f5es sigam o mesmo caminho antes do fim da temporada. Um dos jogadores que perdeu espa\u00e7o no clube carioca foi Diego Ribas, que j\u00e1 faz [&hellip;]<\/p>\n","protected":false},"author":1,"featured_media":46966,"comment_status":"open","ping_status":"closed","sticky":false,"template":"","format":"standard","meta":{"footnotes":""},"categories":[48],"tags":[],"class_list":["post-80014","post","type-post","status-publish","format-standard","has-post-thumbnail","hentry","category-negociacoes"],"yoast_head":"<!-- This site is optimized with the Yoast SEO Premium plugin v24.2 (Yoast SEO v26.9) - https:\/\/yoast.com\/product\/yoast-seo-premium-wordpress\/ -->\n<title>Incomodado, Diego Ribas tem interesse em deixar o Flamengo<\/title>\n<meta name=\"robots\" content=\"index, follow, max-snippet:-1, max-image-preview:large, max-video-preview:-1\" \/>\n<link rel=\"canonical\" href=\"https:\/\/www.gaveanews.com\/index.php\/2022\/04\/14\/incomodado-diego-ribas-tem-interesse-em-deixar-o-flamengo\/\" \/>\n<meta property=\"og:locale\" content=\"pt_BR\" \/>\n<meta property=\"og:type\" content=\"article\" \/>\n<meta property=\"og:title\" content=\"Incomodado, Diego Ribas tem interesse em deixar o Flamengo\" \/>\n<meta property=\"og:description\" content=\"Pouco a pouco o Flamengo come\u00e7a a dar os primeiros passos no processo de reformula\u00e7\u00e3o de seu plantel. Recentemente, Ren\u00ea deixou a G\u00e1vea e a tend\u00eancia \u00e9 de que mais medalh\u00f5es sigam o mesmo caminho antes do fim da temporada. Um dos jogadores que perdeu espa\u00e7o no clube carioca foi Diego Ribas, que j\u00e1 faz [&hellip;]\" \/>\n<meta property=\"og:url\" content=\"https:\/\/www.gaveanews.com\/index.php\/2022\/04\/14\/incomodado-diego-ribas-tem-interesse-em-deixar-o-flamengo\/\" \/>\n<meta property=\"og:site_name\" content=\"G\u00e1vea News\" \/>\n<meta property=\"article:publisher\" content=\"https:\/\/facebook.com\/gaveaNews\/\" \/>\n<meta property=\"article:published_time\" content=\"2022-04-14T03:12:03+00:00\" \/>\n<meta property=\"og:image\" content=\"https:\/\/www.gaveanews.com\/wp-content\/uploads\/Diego-Ribas-com-a-bola-dominada-no-gramado-do-Maracana.webp\" \/>\n\t<meta property=\"og:image:width\" content=\"799\" \/>\n\t<meta property=\"og:image:height\" content=\"532\" \/>\n\t<meta property=\"og:image:type\" content=\"image\/jpeg\" \/>\n<meta name=\"author\" content=\"Equipe G\u00e1vea News\" \/>\n<meta name=\"twitter:card\" content=\"summary_large_image\" \/>\n<meta name=\"twitter:label1\" content=\"Escrito por\" \/>\n\t<meta name=\"twitter:data1\" content=\"Equipe G\u00e1vea News\" \/>\n\t<meta name=\"twitter:label2\" content=\"Est. tempo de leitura\" \/>\n\t<meta name=\"twitter:data2\" content=\"2 minutos\" \/>\n<script type=\"application\/ld+json\" class=\"yoast-schema-graph\">{\"@context\":\"https:\/\/schema.org\",\"@graph\":[{\"@type\":\"NewsArticle\",\"@id\":\"https:\/\/www.gaveanews.com\/index.php\/2022\/04\/14\/incomodado-diego-ribas-tem-interesse-em-deixar-o-flamengo\/#article\",\"isPartOf\":{\"@id\":\"https:\/\/www.gaveanews.com\/index.php\/2022\/04\/14\/incomodado-diego-ribas-tem-interesse-em-deixar-o-flamengo\/\"},\"author\":{\"name\":\"Equipe G\u00e1vea News\",\"@id\":\"https:\/\/www.gaveanews.com\/#\/schema\/person\/2ec14f73fb96be2caf28f91afb14749d\"},\"headline\":\"Incomodado, Diego Ribas tem interesse em deixar o Flamengo\",\"datePublished\":\"2022-04-14T03:12:03+00:00\",\"mainEntityOfPage\":{\"@id\":\"https:\/\/www.gaveanews.com\/index.php\/2022\/04\/14\/incomodado-diego-ribas-tem-interesse-em-deixar-o-flamengo\/\"},\"wordCount\":293,\"commentCount\":0,\"image\":{\"@id\":\"https:\/\/www.gaveanews.com\/index.php\/2022\/04\/14\/incomodado-diego-ribas-tem-interesse-em-deixar-o-flamengo\/#primaryimage\"},\"thumbnailUrl\":\"https:\/\/www.gaveanews.com\/wp-content\/uploads\/Diego-Ribas-com-a-bola-dominada-no-gramado-do-Maracana.webp\",\"articleSection\":[\"Negocia\u00e7\u00f5es\"],\"inLanguage\":\"pt-BR\",\"potentialAction\":[{\"@type\":\"CommentAction\",\"name\":\"Comment\",\"target\":[\"https:\/\/www.gaveanews.com\/index.php\/2022\/04\/14\/incomodado-diego-ribas-tem-interesse-em-deixar-o-flamengo\/#respond\"]}],\"copyrightYear\":\"2022\",\"copyrightHolder\":{\"@id\":\"https:\/\/www.gaveanews.com\/#organization\"}},{\"@type\":\"WebPage\",\"@id\":\"https:\/\/www.gaveanews.com\/index.php\/2022\/04\/14\/incomodado-diego-ribas-tem-interesse-em-deixar-o-flamengo\/\",\"url\":\"https:\/\/www.gaveanews.com\/index.php\/2022\/04\/14\/incomodado-diego-ribas-tem-interesse-em-deixar-o-flamengo\/\",\"name\":\"Incomodado, Diego Ribas tem interesse em deixar o Flamengo\",\"isPartOf\":{\"@id\":\"https:\/\/www.gaveanews.com\/#website\"},\"primaryImageOfPage\":{\"@id\":\"https:\/\/www.gaveanews.com\/index.php\/2022\/04\/14\/incomodado-diego-ribas-tem-interesse-em-deixar-o-flamengo\/#primaryimage\"},\"image\":{\"@id\":\"https:\/\/www.gaveanews.com\/index.php\/2022\/04\/14\/incomodado-diego-ribas-tem-interesse-em-deixar-o-flamengo\/#primaryimage\"},\"thumbnailUrl\":\"https:\/\/www.gaveanews.com\/wp-content\/uploads\/Diego-Ribas-com-a-bola-dominada-no-gramado-do-Maracana.webp\",\"datePublished\":\"2022-04-14T03:12:03+00:00\",\"author\":{\"@id\":\"https:\/\/www.gaveanews.com\/#\/schema\/person\/2ec14f73fb96be2caf28f91afb14749d\"},\"breadcrumb\":{\"@id\":\"https:\/\/www.gaveanews.com\/index.php\/2022\/04\/14\/incomodado-diego-ribas-tem-interesse-em-deixar-o-flamengo\/#breadcrumb\"},\"inLanguage\":\"pt-BR\",\"potentialAction\":[{\"@type\":\"ReadAction\",\"target\":[\"https:\/\/www.gaveanews.com\/index.php\/2022\/04\/14\/incomodado-diego-ribas-tem-interesse-em-deixar-o-flamengo\/\"]}]},{\"@type\":\"ImageObject\",\"inLanguage\":\"pt-BR\",\"@id\":\"https:\/\/www.gaveanews.com\/index.php\/2022\/04\/14\/incomodado-diego-ribas-tem-interesse-em-deixar-o-flamengo\/#primaryimage\",\"url\":\"https:\/\/www.gaveanews.com\/wp-content\/uploads\/Diego-Ribas-com-a-bola-dominada-no-gramado-do-Maracana.webp\",\"contentUrl\":\"https:\/\/www.gaveanews.com\/wp-content\/uploads\/Diego-Ribas-com-a-bola-dominada-no-gramado-do-Maracana.webp\",\"width\":799,\"height\":532,\"caption\":\"Diego Ribas com a bola dominada no gramado do Maracan\u00e3 (Foto: Alexandre Vidal\/Flamengo)\"},{\"@type\":\"BreadcrumbList\",\"@id\":\"https:\/\/www.gaveanews.com\/index.php\/2022\/04\/14\/incomodado-diego-ribas-tem-interesse-em-deixar-o-flamengo\/#breadcrumb\",\"itemListElement\":[{\"@type\":\"ListItem\",\"position\":1,\"name\":\"Home\",\"item\":\"https:\/\/www.gaveanews.com\/\"},{\"@type\":\"ListItem\",\"position\":2,\"name\":\"Incomodado, Diego Ribas tem interesse em deixar o Flamengo\"}]},{\"@type\":\"WebSite\",\"@id\":\"https:\/\/www.gaveanews.com\/#website\",\"url\":\"https:\/\/www.gaveanews.com\/\",\"name\":\"G\u00e1vea News\",\"description\":\"Veja todas as not\u00edcias sobre o Flamengo: Contrata\u00e7\u00f5es, categorias de base, resultados das partidas, tabela de classifica\u00e7\u00e3o, pr\u00f3ximos jogos!\",\"potentialAction\":[{\"@type\":\"SearchAction\",\"target\":{\"@type\":\"EntryPoint\",\"urlTemplate\":\"https:\/\/www.gaveanews.com\/?s={search_term_string}\"},\"query-input\":{\"@type\":\"PropertyValueSpecification\",\"valueRequired\":true,\"valueName\":\"search_term_string\"}}],\"inLanguage\":\"pt-BR\"},{\"@type\":\"Person\",\"@id\":\"https:\/\/www.gaveanews.com\/#\/schema\/person\/2ec14f73fb96be2caf28f91afb14749d\",\"name\":\"Equipe G\u00e1vea News\",\"image\":{\"@type\":\"ImageObject\",\"inLanguage\":\"pt-BR\",\"@id\":\"https:\/\/www.gaveanews.com\/#\/schema\/person\/image\/\",\"url\":\"https:\/\/secure.gravatar.com\/avatar\/1e1956f1facbffd3f8fa53a326721950116b3b9dc9bd44939c01180fd4a745a9?s=96&d=mm&r=g\",\"contentUrl\":\"https:\/\/secure.gravatar.com\/avatar\/1e1956f1facbffd3f8fa53a326721950116b3b9dc9bd44939c01180fd4a745a9?s=96&d=mm&r=g\",\"caption\":\"Equipe G\u00e1vea News\"}}]}<\/script>\n<!-- \/ Yoast SEO Premium plugin. -->","yoast_head_json":{"title":"Incomodado, Diego Ribas tem interesse em deixar o Flamengo","robots":{"index":"index","follow":"follow","max-snippet":"max-snippet:-1","max-image-preview":"max-image-preview:large","max-video-preview":"max-video-preview:-1"},"canonical":"https:\/\/www.gaveanews.com\/index.php\/2022\/04\/14\/incomodado-diego-ribas-tem-interesse-em-deixar-o-flamengo\/","og_locale":"pt_BR","og_type":"article","og_title":"Incomodado, Diego Ribas tem interesse em deixar o Flamengo","og_description":"Pouco a pouco o Flamengo come\u00e7a a dar os primeiros passos no processo de reformula\u00e7\u00e3o de seu plantel. Recentemente, Ren\u00ea deixou a G\u00e1vea e a tend\u00eancia \u00e9 de que mais medalh\u00f5es sigam o mesmo caminho antes do fim da temporada. Um dos jogadores que perdeu espa\u00e7o no clube carioca foi Diego Ribas, que j\u00e1 faz [&hellip;]","og_url":"https:\/\/www.gaveanews.com\/index.php\/2022\/04\/14\/incomodado-diego-ribas-tem-interesse-em-deixar-o-flamengo\/","og_site_name":"G\u00e1vea News","article_publisher":"https:\/\/facebook.com\/gaveaNews\/","article_published_time":"2022-04-14T03:12:03+00:00","og_image":[{"width":799,"height":532,"url":"https:\/\/www.gaveanews.com\/wp-content\/uploads\/Diego-Ribas-com-a-bola-dominada-no-gramado-do-Maracana.webp","type":"image\/jpeg"}],"author":"Equipe G\u00e1vea News","twitter_card":"summary_large_image","twitter_misc":{"Escrito por":"Equipe G\u00e1vea News","Est. tempo de leitura":"2 minutos"},"schema":{"@context":"https:\/\/schema.org","@graph":[{"@type":"NewsArticle","@id":"https:\/\/www.gaveanews.com\/index.php\/2022\/04\/14\/incomodado-diego-ribas-tem-interesse-em-deixar-o-flamengo\/#article","isPartOf":{"@id":"https:\/\/www.gaveanews.com\/index.php\/2022\/04\/14\/incomodado-diego-ribas-tem-interesse-em-deixar-o-flamengo\/"},"author":{"name":"Equipe G\u00e1vea News","@id":"https:\/\/www.gaveanews.com\/#\/schema\/person\/2ec14f73fb96be2caf28f91afb14749d"},"headline":"Incomodado, Diego Ribas tem interesse em deixar o Flamengo","datePublished":"2022-04-14T03:12:03+00:00","mainEntityOfPage":{"@id":"https:\/\/www.gaveanews.com\/index.php\/2022\/04\/14\/incomodado-diego-ribas-tem-interesse-em-deixar-o-flamengo\/"},"wordCount":293,"commentCount":0,"image":{"@id":"https:\/\/www.gaveanews.com\/index.php\/2022\/04\/14\/incomodado-diego-ribas-tem-interesse-em-deixar-o-flamengo\/#primaryimage"},"thumbnailUrl":"https:\/\/www.gaveanews.com\/wp-content\/uploads\/Diego-Ribas-com-a-bola-dominada-no-gramado-do-Maracana.webp","articleSection":["Negocia\u00e7\u00f5es"],"inLanguage":"pt-BR","potentialAction":[{"@type":"CommentAction","name":"Comment","target":["https:\/\/www.gaveanews.com\/index.php\/2022\/04\/14\/incomodado-diego-ribas-tem-interesse-em-deixar-o-flamengo\/#respond"]}],"copyrightYear":"2022","copyrightHolder":{"@id":"https:\/\/www.gaveanews.com\/#organization"}},{"@type":"WebPage","@id":"https:\/\/www.gaveanews.com\/index.php\/2022\/04\/14\/incomodado-diego-ribas-tem-interesse-em-deixar-o-flamengo\/","url":"https:\/\/www.gaveanews.com\/index.php\/2022\/04\/14\/incomodado-diego-ribas-tem-interesse-em-deixar-o-flamengo\/","name":"Incomodado, Diego Ribas tem interesse em deixar o Flamengo","isPartOf":{"@id":"https:\/\/www.gaveanews.com\/#website"},"primaryImageOfPage":{"@id":"https:\/\/www.gaveanews.com\/index.php\/2022\/04\/14\/incomodado-diego-ribas-tem-interesse-em-deixar-o-flamengo\/#primaryimage"},"image":{"@id":"https:\/\/www.gaveanews.com\/index.php\/2022\/04\/14\/incomodado-diego-ribas-tem-interesse-em-deixar-o-flamengo\/#primaryimage"},"thumbnailUrl":"https:\/\/www.gaveanews.com\/wp-content\/uploads\/Diego-Ribas-com-a-bola-dominada-no-gramado-do-Maracana.webp","datePublished":"2022-04-14T03:12:03+00:00","author":{"@id":"https:\/\/www.gaveanews.com\/#\/schema\/person\/2ec14f73fb96be2caf28f91afb14749d"},"breadcrumb":{"@id":"https:\/\/www.gaveanews.com\/index.php\/2022\/04\/14\/incomodado-diego-ribas-tem-interesse-em-deixar-o-flamengo\/#breadcrumb"},"inLanguage":"pt-BR","potentialAction":[{"@type":"ReadAction","target":["https:\/\/www.gaveanews.com\/index.php\/2022\/04\/14\/incomodado-diego-ribas-tem-interesse-em-deixar-o-flamengo\/"]}]},{"@type":"ImageObject","inLanguage":"pt-BR","@id":"https:\/\/www.gaveanews.com\/index.php\/2022\/04\/14\/incomodado-diego-ribas-tem-interesse-em-deixar-o-flamengo\/#primaryimage","url":"https:\/\/www.gaveanews.com\/wp-content\/uploads\/Diego-Ribas-com-a-bola-dominada-no-gramado-do-Maracana.webp","contentUrl":"https:\/\/www.gaveanews.com\/wp-content\/uploads\/Diego-Ribas-com-a-bola-dominada-no-gramado-do-Maracana.webp","width":799,"height":532,"caption":"Diego Ribas com a bola dominada no gramado do Maracan\u00e3 (Foto: Alexandre Vidal\/Flamengo)"},{"@type":"BreadcrumbList","@id":"https:\/\/www.gaveanews.com\/index.php\/2022\/04\/14\/incomodado-diego-ribas-tem-interesse-em-deixar-o-flamengo\/#breadcrumb","itemListElement":[{"@type":"ListItem","position":1,"name":"Home","item":"https:\/\/www.gaveanews.com\/"},{"@type":"ListItem","position":2,"name":"Incomodado, Diego Ribas tem interesse em deixar o Flamengo"}]},{"@type":"WebSite","@id":"https:\/\/www.gaveanews.com\/#website","url":"https:\/\/www.gaveanews.com\/","name":"G\u00e1vea News","description":"Veja todas as not\u00edcias sobre o Flamengo: Contrata\u00e7\u00f5es, categorias de base, resultados das partidas, tabela de classifica\u00e7\u00e3o, pr\u00f3ximos jogos!","potentialAction":[{"@type":"SearchAction","target":{"@type":"EntryPoint","urlTemplate":"https:\/\/www.gaveanews.com\/?s={search_term_string}"},"query-input":{"@type":"PropertyValueSpecification","valueRequired":true,"valueName":"search_term_string"}}],"inLanguage":"pt-BR"},{"@type":"Person","@id":"https:\/\/www.gaveanews.com\/#\/schema\/person\/2ec14f73fb96be2caf28f91afb14749d","name":"Equipe G\u00e1vea News","image":{"@type":"ImageObject","inLanguage":"pt-BR","@id":"https:\/\/www.gaveanews.com\/#\/schema\/person\/image\/","url":"https:\/\/secure.gravatar.com\/avatar\/1e1956f1facbffd3f8fa53a326721950116b3b9dc9bd44939c01180fd4a745a9?s=96&d=mm&r=g","contentUrl":"https:\/\/secure.gravatar.com\/avatar\/1e1956f1facbffd3f8fa53a326721950116b3b9dc9bd44939c01180fd4a745a9?s=96&d=mm&r=g","caption":"Equipe G\u00e1vea News"}}]}},"_links":{"self":[{"href":"https:\/\/www.gaveanews.com\/index.php\/wp-json\/wp\/v2\/posts\/80014","targetHints":{"allow":["GET"]}}],"collection":[{"href":"https:\/\/www.gaveanews.com\/index.php\/wp-json\/wp\/v2\/posts"}],"about":[{"href":"https:\/\/www.gaveanews.com\/index.php\/wp-json\/wp\/v2\/types\/post"}],"author":[{"embeddable":true,"href":"https:\/\/www.gaveanews.com\/index.php\/wp-json\/wp\/v2\/users\/1"}],"replies":[{"embeddable":true,"href":"https:\/\/www.gaveanews.com\/index.php\/wp-json\/wp\/v2\/comments?post=80014"}],"version-history":[{"count":0,"href":"https:\/\/www.gaveanews.com\/index.php\/wp-json\/wp\/v2\/posts\/80014\/revisions"}],"wp:featuredmedia":[{"embeddable":true,"href":"https:\/\/www.gaveanews.com\/index.php\/wp-json\/wp\/v2\/media\/46966"}],"wp:attachment":[{"href":"https:\/\/www.gaveanews.com\/index.php\/wp-json\/wp\/v2\/media?parent=80014"}],"wp:term":[{"taxonomy":"category","embeddable":true,"href":"https:\/\/www.gaveanews.com\/index.php\/wp-json\/wp\/v2\/categories?post=80014"},{"taxonomy":"post_tag","embeddable":true,"href":"https:\/\/www.gaveanews.com\/index.php\/wp-json\/wp\/v2\/tags?post=80014"}],"curies":[{"name":"wp","href":"https:\/\/api.w.org\/{rel}","templated":true}]}}