{"id":80062,"date":"2022-04-14T14:53:15","date_gmt":"2022-04-14T17:53:15","guid":{"rendered":"https:\/\/www.gaveanews.com\/?p=80062"},"modified":"2022-04-14T14:53:18","modified_gmt":"2022-04-14T17:53:18","slug":"gabigol-de-arrascaeta-pedro-bruno-henrique-joao-gomes-andreas-pereira-e-mais-os-10-jogadores-mais-valiosos-do-flamengo","status":"publish","type":"post","link":"https:\/\/www.gaveanews.com\/index.php\/2022\/04\/14\/gabigol-de-arrascaeta-pedro-bruno-henrique-joao-gomes-andreas-pereira-e-mais-os-10-jogadores-mais-valiosos-do-flamengo\/","title":{"rendered":"Gabigol, De Arrascaeta, Pedro, Bruno Henrique, Jo\u00e3o Gomes, Andreas Pereira e mais: os 10 jogadores mais valiosos do Flamengo"},"content":{"rendered":"\n<p>Com muitas apostas nas contrata\u00e7\u00f5es e colhendo os frutos em seguida, o Flamengo possui um elenco repleto de medalh\u00f5es e jogadores valorizados no mercado da bola. Entre jovens e mais experientes, o Mais Querido possui atletas conhecidos mundialmente por seu talento e t\u00e9cnica, caracter\u00edsticas observadas no clube pelos gigantes europeus.<\/p>\n\n\n\n<p>Para se ter uma ideia, analisando o top-10 dos jogadores mais valorizados da equipe, as cifras chegam a \u20ac 103,5 milh\u00f5es, cerca de R$ 527,8 milh\u00f5es pela cota\u00e7\u00e3o atual. O levantamento do valor de mercado dos atletas foi realizado pelo&nbsp;<em>Transfermarkt<\/em>.<\/p>\n\n\n\n<h2 class=\"wp-block-heading\" id=\"h-10\u00ba-bruno-henrique-6-milhoes\">10\u00ba &#8211; Bruno Henrique &#8211; \u20ac 6 milh\u00f5es<\/h2>\n\n\n\n<figure class=\"wp-block-image size-full\"><img loading=\"lazy\" decoding=\"async\" width=\"799\" height=\"533\" src=\"https:\/\/www.gaveanews.com\/wp-content\/uploads\/Bruno-Henrique-em-acao-pelo-Flamengo-em-classico-contra-o-Vasco-pelas-semifinais-do-Campeonato-Carioca.webp\" alt=\"\" class=\"wp-image-78499\" srcset=\"https:\/\/www.gaveanews.com\/wp-content\/uploads\/Bruno-Henrique-em-acao-pelo-Flamengo-em-classico-contra-o-Vasco-pelas-semifinais-do-Campeonato-Carioca.webp 799w, https:\/\/www.gaveanews.com\/wp-content\/uploads\/Bruno-Henrique-em-acao-pelo-Flamengo-em-classico-contra-o-Vasco-pelas-semifinais-do-Campeonato-Carioca-300x200.webp 300w, https:\/\/www.gaveanews.com\/wp-content\/uploads\/Bruno-Henrique-em-acao-pelo-Flamengo-em-classico-contra-o-Vasco-pelas-semifinais-do-Campeonato-Carioca-768x512.webp 768w, https:\/\/www.gaveanews.com\/wp-content\/uploads\/Bruno-Henrique-em-acao-pelo-Flamengo-em-classico-contra-o-Vasco-pelas-semifinais-do-Campeonato-Carioca-630x420.webp 630w, https:\/\/www.gaveanews.com\/wp-content\/uploads\/Bruno-Henrique-em-acao-pelo-Flamengo-em-classico-contra-o-Vasco-pelas-semifinais-do-Campeonato-Carioca-640x427.webp 640w, https:\/\/www.gaveanews.com\/wp-content\/uploads\/Bruno-Henrique-em-acao-pelo-Flamengo-em-classico-contra-o-Vasco-pelas-semifinais-do-Campeonato-Carioca-681x454.webp 681w, https:\/\/www.gaveanews.com\/wp-content\/uploads\/Bruno-Henrique-em-acao-pelo-Flamengo-em-classico-contra-o-Vasco-pelas-semifinais-do-Campeonato-Carioca-100x67.webp 100w\" sizes=\"auto, (max-width: 799px) 100vw, 799px\" \/><figcaption>Bruno Henrique em a\u00e7\u00e3o pelo Flamengo em cl\u00e1ssico contra o Vasco pelas semifinais do Campeonato Carioca (Foto: Gilvan de Souza\/Flamengo)<\/figcaption><\/figure>\n\n\n\n<p>Aos 31 anos, Bruno Henrique \u00e9 um dos principais jogadores do atual elenco rubro-negro. Com 174 jogos pelo Flamengo, o camisa 27 acumula 79 gols marcados e 39 assist\u00eancias, garantindo a ele um papel de destaque tamb\u00e9m na valoriza\u00e7\u00e3o do elenco.<\/p>\n\n\n\n<h2 class=\"wp-block-heading\" id=\"h-9\u00ba-everton-ribeiro-6-milhoes\">9\u00ba &#8211; Everton Ribeiro &#8211; \u20ac 6 milh\u00f5es<\/h2>\n\n\n\n<figure class=\"wp-block-image size-full\"><img loading=\"lazy\" decoding=\"async\" width=\"800\" height=\"640\" src=\"https:\/\/www.gaveanews.com\/wp-content\/uploads\/Everton-Ribeiro-marca-gol-de-empate-com-o-Madureira-pelo-Campeonato-Carioca-2022.webp\" alt=\"\" class=\"wp-image-76869\" srcset=\"https:\/\/www.gaveanews.com\/wp-content\/uploads\/Everton-Ribeiro-marca-gol-de-empate-com-o-Madureira-pelo-Campeonato-Carioca-2022.webp 800w, https:\/\/www.gaveanews.com\/wp-content\/uploads\/Everton-Ribeiro-marca-gol-de-empate-com-o-Madureira-pelo-Campeonato-Carioca-2022-300x240.webp 300w, https:\/\/www.gaveanews.com\/wp-content\/uploads\/Everton-Ribeiro-marca-gol-de-empate-com-o-Madureira-pelo-Campeonato-Carioca-2022-768x614.webp 768w, https:\/\/www.gaveanews.com\/wp-content\/uploads\/Everton-Ribeiro-marca-gol-de-empate-com-o-Madureira-pelo-Campeonato-Carioca-2022-525x420.webp 525w, https:\/\/www.gaveanews.com\/wp-content\/uploads\/Everton-Ribeiro-marca-gol-de-empate-com-o-Madureira-pelo-Campeonato-Carioca-2022-640x512.webp 640w, https:\/\/www.gaveanews.com\/wp-content\/uploads\/Everton-Ribeiro-marca-gol-de-empate-com-o-Madureira-pelo-Campeonato-Carioca-2022-681x545.webp 681w, https:\/\/www.gaveanews.com\/wp-content\/uploads\/Everton-Ribeiro-marca-gol-de-empate-com-o-Madureira-pelo-Campeonato-Carioca-2022-100x80.webp 100w\" sizes=\"auto, (max-width: 800px) 100vw, 800px\" \/><figcaption>Everton Ribeiro marca gol de empate com o Madureira pelo Campeonato Carioca 2022 (Foto: Paula Reis\/Flamengo)<\/figcaption><\/figure>\n\n\n\n<p>Diferentemente de Bruno Henrique, Everton Ribeiro \u00e9 um dos atletas do atual elenco que est\u00e1 na equipe h\u00e1 mais tempo, desde 2017. A experi\u00eancia com o grupo garantiu ao meia a bra\u00e7adeira de capit\u00e3o e um lugar no grupo seleto de jogadores mais valiosos do plantel.<\/p>\n\n\n\n<h2 class=\"wp-block-heading\" id=\"h-8\u00ba-willian-arao-7-milhoes\">8\u00ba &#8211; Willian Ar\u00e3o &#8211; \u20ac 7 milh\u00f5es<\/h2>\n\n\n\n<figure class=\"wp-block-image size-full\"><img loading=\"lazy\" decoding=\"async\" width=\"799\" height=\"533\" src=\"https:\/\/www.gaveanews.com\/wp-content\/uploads\/Willian-Arao-em-acao-pelo-Flamengo-contra-o-Athletico-pelo-Brasileirao-2021.webp\" alt=\"\" class=\"wp-image-69373\" srcset=\"https:\/\/www.gaveanews.com\/wp-content\/uploads\/Willian-Arao-em-acao-pelo-Flamengo-contra-o-Athletico-pelo-Brasileirao-2021.webp 799w, https:\/\/www.gaveanews.com\/wp-content\/uploads\/Willian-Arao-em-acao-pelo-Flamengo-contra-o-Athletico-pelo-Brasileirao-2021-300x200.webp 300w, https:\/\/www.gaveanews.com\/wp-content\/uploads\/Willian-Arao-em-acao-pelo-Flamengo-contra-o-Athletico-pelo-Brasileirao-2021-768x512.webp 768w, https:\/\/www.gaveanews.com\/wp-content\/uploads\/Willian-Arao-em-acao-pelo-Flamengo-contra-o-Athletico-pelo-Brasileirao-2021-630x420.webp 630w, https:\/\/www.gaveanews.com\/wp-content\/uploads\/Willian-Arao-em-acao-pelo-Flamengo-contra-o-Athletico-pelo-Brasileirao-2021-640x427.webp 640w, https:\/\/www.gaveanews.com\/wp-content\/uploads\/Willian-Arao-em-acao-pelo-Flamengo-contra-o-Athletico-pelo-Brasileirao-2021-681x454.webp 681w, https:\/\/www.gaveanews.com\/wp-content\/uploads\/Willian-Arao-em-acao-pelo-Flamengo-contra-o-Athletico-pelo-Brasileirao-2021-100x67.webp 100w\" sizes=\"auto, (max-width: 799px) 100vw, 799px\" \/><\/figure>\n\n\n\n<p>Tamb\u00e9m bastante experiente no grupo, Ar\u00e3o pertence ao Flamengo desde 2017, quando foi comprado junto ao Botafogo. No Mais Querido, o volante j\u00e1 atuou em mais de uma fun\u00e7\u00e3o e obteve uma grande valoriza\u00e7\u00e3o desde sua chegada, passando de \u20ac 2 milh\u00f5es para \u20ac 7 milh\u00f5es neste tempo.<\/p>\n\n\n\n<h2 class=\"wp-block-heading\" id=\"h-7\u00ba-pablo-7-milhoes\">7\u00ba &#8211; Pablo &#8211; \u20ac 7 milh\u00f5es<\/h2>\n\n\n\n<figure class=\"wp-block-image size-full\"><img loading=\"lazy\" decoding=\"async\" width=\"800\" height=\"533\" src=\"https:\/\/www.gaveanews.com\/wp-content\/uploads\/Rodrigo-Caio-e-Pablo-em-treinamento-do-Flamengo-no-Ninho-do-Urubu.webp\" alt=\"\" class=\"wp-image-79851\" srcset=\"https:\/\/www.gaveanews.com\/wp-content\/uploads\/Rodrigo-Caio-e-Pablo-em-treinamento-do-Flamengo-no-Ninho-do-Urubu.webp 800w, https:\/\/www.gaveanews.com\/wp-content\/uploads\/Rodrigo-Caio-e-Pablo-em-treinamento-do-Flamengo-no-Ninho-do-Urubu-300x200.webp 300w, https:\/\/www.gaveanews.com\/wp-content\/uploads\/Rodrigo-Caio-e-Pablo-em-treinamento-do-Flamengo-no-Ninho-do-Urubu-768x512.webp 768w, https:\/\/www.gaveanews.com\/wp-content\/uploads\/Rodrigo-Caio-e-Pablo-em-treinamento-do-Flamengo-no-Ninho-do-Urubu-630x420.webp 630w, https:\/\/www.gaveanews.com\/wp-content\/uploads\/Rodrigo-Caio-e-Pablo-em-treinamento-do-Flamengo-no-Ninho-do-Urubu-640x426.webp 640w, https:\/\/www.gaveanews.com\/wp-content\/uploads\/Rodrigo-Caio-e-Pablo-em-treinamento-do-Flamengo-no-Ninho-do-Urubu-681x454.webp 681w, https:\/\/www.gaveanews.com\/wp-content\/uploads\/Rodrigo-Caio-e-Pablo-em-treinamento-do-Flamengo-no-Ninho-do-Urubu-100x67.webp 100w\" sizes=\"auto, (max-width: 800px) 100vw, 800px\" \/><figcaption>Rodrigo Caio e Pablo em treinamento do Flamengo no Ninho do Urubu (Foto: Marcelo Cortes\/Flamengo)<\/figcaption><\/figure>\n\n\n\n<p>Contratado em mar\u00e7o para refor\u00e7ar o setor defensivo, Pablo tamb\u00e9m \u00e9 bem avaliado. Embora sua avalia\u00e7\u00e3o seja de \u20ac 7 milh\u00f5es, o Flamengo fechou a compra do zagueiro por \u20ac 2,5 milh\u00f5es.<\/p>\n\n\n\n<h2 class=\"wp-block-heading\" id=\"h-6\u00ba-andreas-pereira-7-5-milhoes\">6\u00ba &#8211; Andreas Pereira &#8211; \u20ac 7,5 milh\u00f5es<\/h2>\n\n\n\n<figure class=\"wp-block-image size-full\"><img loading=\"lazy\" decoding=\"async\" width=\"800\" height=\"533\" src=\"https:\/\/www.gaveanews.com\/wp-content\/uploads\/Andreas-Pereira-em-acao-pelo-Flamengo-contra-o-Madureira-pelo-Campeonato-Carioca.webp\" alt=\"\" class=\"wp-image-76871\" srcset=\"https:\/\/www.gaveanews.com\/wp-content\/uploads\/Andreas-Pereira-em-acao-pelo-Flamengo-contra-o-Madureira-pelo-Campeonato-Carioca.webp 800w, https:\/\/www.gaveanews.com\/wp-content\/uploads\/Andreas-Pereira-em-acao-pelo-Flamengo-contra-o-Madureira-pelo-Campeonato-Carioca-300x200.webp 300w, https:\/\/www.gaveanews.com\/wp-content\/uploads\/Andreas-Pereira-em-acao-pelo-Flamengo-contra-o-Madureira-pelo-Campeonato-Carioca-768x512.webp 768w, https:\/\/www.gaveanews.com\/wp-content\/uploads\/Andreas-Pereira-em-acao-pelo-Flamengo-contra-o-Madureira-pelo-Campeonato-Carioca-630x420.webp 630w, https:\/\/www.gaveanews.com\/wp-content\/uploads\/Andreas-Pereira-em-acao-pelo-Flamengo-contra-o-Madureira-pelo-Campeonato-Carioca-640x426.webp 640w, https:\/\/www.gaveanews.com\/wp-content\/uploads\/Andreas-Pereira-em-acao-pelo-Flamengo-contra-o-Madureira-pelo-Campeonato-Carioca-681x454.webp 681w, https:\/\/www.gaveanews.com\/wp-content\/uploads\/Andreas-Pereira-em-acao-pelo-Flamengo-contra-o-Madureira-pelo-Campeonato-Carioca-100x67.webp 100w\" sizes=\"auto, (max-width: 800px) 100vw, 800px\" \/><figcaption>Andreas Pereira em a\u00e7\u00e3o pelo Flamengo contra o Madureira pelo Campeonato Carioca (Foto: Marcelo Cortes\/Flamengo)<\/figcaption><\/figure>\n\n\n\n<p>Apesar de ainda dividir opini\u00f5es entre os torcedores rubro-negros, Andreas \u00e9 um dos jogadores mais valorizados no mercado. Em sua chegada, o volante estava avaliado em \u20ac 8 milh\u00f5es, mas sofreu desvaloriza\u00e7\u00e3o devido \u00e0 falha na final da Libertadores.<\/p>\n\n\n\n<h2 class=\"wp-block-heading\" id=\"h-5\u00ba-matheuzinho-8-milhoes\">5\u00ba &#8211; Matheuzinho &#8211; \u20ac 8 milh\u00f5es<\/h2>\n\n\n\n<figure class=\"wp-block-image size-full\"><img loading=\"lazy\" decoding=\"async\" width=\"799\" height=\"533\" src=\"https:\/\/www.gaveanews.com\/wp-content\/uploads\/Matheuzinho-em-acao-pelo-Flamengo-contra-o-Botafogo.webp\" alt=\"\" class=\"wp-image-77314\" srcset=\"https:\/\/www.gaveanews.com\/wp-content\/uploads\/Matheuzinho-em-acao-pelo-Flamengo-contra-o-Botafogo.webp 799w, https:\/\/www.gaveanews.com\/wp-content\/uploads\/Matheuzinho-em-acao-pelo-Flamengo-contra-o-Botafogo-300x200.webp 300w, https:\/\/www.gaveanews.com\/wp-content\/uploads\/Matheuzinho-em-acao-pelo-Flamengo-contra-o-Botafogo-768x512.webp 768w, https:\/\/www.gaveanews.com\/wp-content\/uploads\/Matheuzinho-em-acao-pelo-Flamengo-contra-o-Botafogo-630x420.webp 630w, https:\/\/www.gaveanews.com\/wp-content\/uploads\/Matheuzinho-em-acao-pelo-Flamengo-contra-o-Botafogo-640x427.webp 640w, https:\/\/www.gaveanews.com\/wp-content\/uploads\/Matheuzinho-em-acao-pelo-Flamengo-contra-o-Botafogo-681x454.webp 681w, https:\/\/www.gaveanews.com\/wp-content\/uploads\/Matheuzinho-em-acao-pelo-Flamengo-contra-o-Botafogo-100x67.webp 100w\" sizes=\"auto, (max-width: 799px) 100vw, 799px\" \/><figcaption>Matheuzinho em a\u00e7\u00e3o pelo Flamengo contra o Botafogo (Foto: Gilvan de Souza\/Flamengo)<\/figcaption><\/figure>\n\n\n\n<p>Um dos nomes mais pedidos pela torcida para o elenco titular, Matheuzinho sofreu uma grande valoriza\u00e7\u00e3o no mercado desde sua subida do time sub-20 para o profissional. Aos 21 anos e apenas em sua terceira temporada na equipe principal, o lateral passou de \u20ac 2 milh\u00f5es para \u20ac 8 milh\u00f5es.<\/p>\n\n\n\n<h2 class=\"wp-block-heading\" id=\"h-4\u00ba-joao-gomes-9-milhoes\">4\u00ba &#8211; Jo\u00e3o Gomes &#8211; \u20ac 9 milh\u00f5es<\/h2>\n\n\n\n<figure class=\"wp-block-image size-full\"><img loading=\"lazy\" decoding=\"async\" width=\"799\" height=\"533\" src=\"https:\/\/www.gaveanews.com\/wp-content\/uploads\/Joao-Gomes-em-acao-pelo-Flamengo-contra-o-Botafogo-pelo-Campeonato-Carioca-2022.webp\" alt=\"\" class=\"wp-image-77434\" srcset=\"https:\/\/www.gaveanews.com\/wp-content\/uploads\/Joao-Gomes-em-acao-pelo-Flamengo-contra-o-Botafogo-pelo-Campeonato-Carioca-2022.webp 799w, https:\/\/www.gaveanews.com\/wp-content\/uploads\/Joao-Gomes-em-acao-pelo-Flamengo-contra-o-Botafogo-pelo-Campeonato-Carioca-2022-300x200.webp 300w, https:\/\/www.gaveanews.com\/wp-content\/uploads\/Joao-Gomes-em-acao-pelo-Flamengo-contra-o-Botafogo-pelo-Campeonato-Carioca-2022-768x512.webp 768w, https:\/\/www.gaveanews.com\/wp-content\/uploads\/Joao-Gomes-em-acao-pelo-Flamengo-contra-o-Botafogo-pelo-Campeonato-Carioca-2022-630x420.webp 630w, https:\/\/www.gaveanews.com\/wp-content\/uploads\/Joao-Gomes-em-acao-pelo-Flamengo-contra-o-Botafogo-pelo-Campeonato-Carioca-2022-640x427.webp 640w, https:\/\/www.gaveanews.com\/wp-content\/uploads\/Joao-Gomes-em-acao-pelo-Flamengo-contra-o-Botafogo-pelo-Campeonato-Carioca-2022-681x454.webp 681w, https:\/\/www.gaveanews.com\/wp-content\/uploads\/Joao-Gomes-em-acao-pelo-Flamengo-contra-o-Botafogo-pelo-Campeonato-Carioca-2022-100x67.webp 100w\" sizes=\"auto, (max-width: 799px) 100vw, 799px\" \/><figcaption>Jo\u00e3o Gomes em a\u00e7\u00e3o pelo Flamengo contra o Botafogo pelo Campeonato Carioca 2022 (Foto: Gilvan de Souza\/Flamengo)<\/figcaption><\/figure>\n\n\n\n<p>O melhor avaliado dos mais jovens do time \u00e9 Jo\u00e3o Gomes, de apenas 21 anos. A escolha de Paulo Sousa por utiliz\u00e1-lo no time titular fez com que o trabalho do volante esteja ainda mais em evid\u00eancia e sua valoriza\u00e7\u00e3o aumente para quase o dobro (at\u00e9 2021 ele estava avaliado em \u20ac 5 milh\u00f5es) desde sua chegada no futebol profissional.<\/p>\n\n\n\n<h2 class=\"wp-block-heading\">3\u00ba &#8211; Pedro &#8211; \u20ac 10 milh\u00f5es<\/h2>\n\n\n\n<figure class=\"wp-block-image size-full\"><img loading=\"lazy\" decoding=\"async\" width=\"1024\" height=\"683\" src=\"https:\/\/www.gaveanews.com\/wp-content\/uploads\/Pedro-em-acao-pelo-Flamengo.webp\" alt=\"\" class=\"wp-image-80063\" srcset=\"https:\/\/www.gaveanews.com\/wp-content\/uploads\/Pedro-em-acao-pelo-Flamengo.webp 1024w, https:\/\/www.gaveanews.com\/wp-content\/uploads\/Pedro-em-acao-pelo-Flamengo-300x200.webp 300w, https:\/\/www.gaveanews.com\/wp-content\/uploads\/Pedro-em-acao-pelo-Flamengo-768x512.webp 768w, https:\/\/www.gaveanews.com\/wp-content\/uploads\/Pedro-em-acao-pelo-Flamengo-630x420.webp 630w, https:\/\/www.gaveanews.com\/wp-content\/uploads\/Pedro-em-acao-pelo-Flamengo-640x427.webp 640w, https:\/\/www.gaveanews.com\/wp-content\/uploads\/Pedro-em-acao-pelo-Flamengo-681x454.webp 681w, https:\/\/www.gaveanews.com\/wp-content\/uploads\/Pedro-em-acao-pelo-Flamengo-1022x683.webp 1022w, https:\/\/www.gaveanews.com\/wp-content\/uploads\/Pedro-em-acao-pelo-Flamengo-100x67.webp 100w\" sizes=\"auto, (max-width: 1024px) 100vw, 1024px\" \/><figcaption>Pedro em a\u00e7\u00e3o pelo Flamengo (Foto: Gilvan de Souza\/Flamengo)<\/figcaption><\/figure>\n\n\n\n<p>Assediado pelo Palmeiras, que aceitou pagar \u20ac 20 milh\u00f5es (R$ 111,8 milh\u00f5es) pela transfer\u00eancia, Pedro fecha o top-3 jogadores mais valiosos do elenco, avaliado na metade do montante oferecido pelo Alviverde.<\/p>\n\n\n\n<h2 class=\"wp-block-heading\" id=\"h-2\u00ba-arrascaeta-17-milhoes\">2\u00ba &#8211; Arrascaeta &#8211; \u20ac 17 milh\u00f5es<\/h2>\n\n\n\n<figure class=\"wp-block-image size-full\"><img loading=\"lazy\" decoding=\"async\" width=\"800\" height=\"533\" src=\"https:\/\/www.gaveanews.com\/wp-content\/uploads\/Arrascaeta-em-acao-pelo-Flamengo.webp\" alt=\"\" class=\"wp-image-78759\" srcset=\"https:\/\/www.gaveanews.com\/wp-content\/uploads\/Arrascaeta-em-acao-pelo-Flamengo.webp 800w, https:\/\/www.gaveanews.com\/wp-content\/uploads\/Arrascaeta-em-acao-pelo-Flamengo-300x200.webp 300w, https:\/\/www.gaveanews.com\/wp-content\/uploads\/Arrascaeta-em-acao-pelo-Flamengo-768x512.webp 768w, https:\/\/www.gaveanews.com\/wp-content\/uploads\/Arrascaeta-em-acao-pelo-Flamengo-630x420.webp 630w, https:\/\/www.gaveanews.com\/wp-content\/uploads\/Arrascaeta-em-acao-pelo-Flamengo-640x426.webp 640w, https:\/\/www.gaveanews.com\/wp-content\/uploads\/Arrascaeta-em-acao-pelo-Flamengo-681x454.webp 681w, https:\/\/www.gaveanews.com\/wp-content\/uploads\/Arrascaeta-em-acao-pelo-Flamengo-100x67.webp 100w\" sizes=\"auto, (max-width: 800px) 100vw, 800px\" \/><figcaption>Arrascaeta em a\u00e7\u00e3o pelo Flamengo (Foto: Marcelo Cortes\/Flamengo)<\/figcaption><\/figure>\n\n\n\n<p>Considerado por muitos o melhor jogador do atual elenco e at\u00e9 mesmo do continente, Arrascaeta faz valer cada centavo de seu pre\u00e7o em suas atua\u00e7\u00f5es. O meia \u00e9 visto como indispens\u00e1vel na espinha dorsal rubro-negra, tanto que o clube renovou seu contrato com o camisa 14 recentemente.<\/p>\n\n\n\n<h2 class=\"wp-block-heading\" id=\"h-1\u00ba-gabigol-26-milhoes\">1\u00ba &#8211; Gabigol &#8211; \u20ac 26 milh\u00f5es<\/h2>\n\n\n\n<figure class=\"wp-block-image size-full\"><img loading=\"lazy\" decoding=\"async\" width=\"799\" height=\"597\" src=\"https:\/\/www.gaveanews.com\/wp-content\/uploads\/Gabigol-em-acao-pelo-Flamengo-no-Maracana.webp\" alt=\"\" class=\"wp-image-79190\" srcset=\"https:\/\/www.gaveanews.com\/wp-content\/uploads\/Gabigol-em-acao-pelo-Flamengo-no-Maracana.webp 799w, https:\/\/www.gaveanews.com\/wp-content\/uploads\/Gabigol-em-acao-pelo-Flamengo-no-Maracana-300x224.webp 300w, https:\/\/www.gaveanews.com\/wp-content\/uploads\/Gabigol-em-acao-pelo-Flamengo-no-Maracana-768x574.webp 768w, https:\/\/www.gaveanews.com\/wp-content\/uploads\/Gabigol-em-acao-pelo-Flamengo-no-Maracana-562x420.webp 562w, https:\/\/www.gaveanews.com\/wp-content\/uploads\/Gabigol-em-acao-pelo-Flamengo-no-Maracana-80x60.webp 80w, https:\/\/www.gaveanews.com\/wp-content\/uploads\/Gabigol-em-acao-pelo-Flamengo-no-Maracana-160x120.webp 160w, https:\/\/www.gaveanews.com\/wp-content\/uploads\/Gabigol-em-acao-pelo-Flamengo-no-Maracana-100x75.webp 100w, https:\/\/www.gaveanews.com\/wp-content\/uploads\/Gabigol-em-acao-pelo-Flamengo-no-Maracana-200x150.webp 200w, https:\/\/www.gaveanews.com\/wp-content\/uploads\/Gabigol-em-acao-pelo-Flamengo-no-Maracana-180x135.webp 180w, https:\/\/www.gaveanews.com\/wp-content\/uploads\/Gabigol-em-acao-pelo-Flamengo-no-Maracana-360x270.webp 360w, https:\/\/www.gaveanews.com\/wp-content\/uploads\/Gabigol-em-acao-pelo-Flamengo-no-Maracana-238x178.webp 238w, https:\/\/www.gaveanews.com\/wp-content\/uploads\/Gabigol-em-acao-pelo-Flamengo-no-Maracana-476x356.webp 476w, https:\/\/www.gaveanews.com\/wp-content\/uploads\/Gabigol-em-acao-pelo-Flamengo-no-Maracana-640x478.webp 640w, https:\/\/www.gaveanews.com\/wp-content\/uploads\/Gabigol-em-acao-pelo-Flamengo-no-Maracana-681x509.webp 681w\" sizes=\"auto, (max-width: 799px) 100vw, 799px\" \/><figcaption>Gabigol em a\u00e7\u00e3o pelo Flamengo no Maracan\u00e3 (Foto: Gilvan de Souza\/Flamengo)<\/figcaption><\/figure>\n\n\n\n<p>Maior artilheiro do Flamengo na hist\u00f3ria da Libertadores e um dos maiores na hist\u00f3ria do clube, Gabigol j\u00e1 entrou para a cal\u00e7ada da fama do Maracan\u00e3 e \u00e9 considerado o jogador mais caro do plantel, valendo cerca de R$ 133 milh\u00f5es. Al\u00e9m de o Rubro-Negro nem sequer cogitar negoci\u00e1-lo, o camisa 9 tamb\u00e9m pretende permanecer na equipe, uma vez que tem grande identifica\u00e7\u00e3o com o clube e com a torcida.<\/p>\n","protected":false},"excerpt":{"rendered":"<p>Com muitas apostas nas contrata\u00e7\u00f5es e colhendo os frutos em seguida, o Flamengo possui um elenco repleto de medalh\u00f5es e jogadores valorizados no mercado da bola. Entre jovens e mais experientes, o Mais Querido possui atletas conhecidos mundialmente por seu talento e t\u00e9cnica, caracter\u00edsticas observadas no clube pelos gigantes europeus. Para se ter uma ideia, [&hellip;]<\/p>\n","protected":false},"author":4,"featured_media":79978,"comment_status":"open","ping_status":"closed","sticky":false,"template":"","format":"standard","meta":{"footnotes":""},"categories":[47],"tags":[],"class_list":["post-80062","post","type-post","status-publish","format-standard","has-post-thumbnail","hentry","category-destaques"],"yoast_head":"<!-- This site is optimized with the Yoast SEO Premium plugin v24.2 (Yoast SEO v26.9) - https:\/\/yoast.com\/product\/yoast-seo-premium-wordpress\/ -->\n<title>Gabigol, De Arrascaeta, Pedro, Bruno Henrique, Jo\u00e3o Gomes, Andreas Pereira e mais: os 10 jogadores mais valiosos do Flamengo<\/title>\n<meta name=\"robots\" content=\"index, follow, max-snippet:-1, max-image-preview:large, max-video-preview:-1\" \/>\n<link rel=\"canonical\" href=\"https:\/\/www.gaveanews.com\/index.php\/2022\/04\/14\/gabigol-de-arrascaeta-pedro-bruno-henrique-joao-gomes-andreas-pereira-e-mais-os-10-jogadores-mais-valiosos-do-flamengo\/\" \/>\n<meta property=\"og:locale\" content=\"pt_BR\" \/>\n<meta property=\"og:type\" content=\"article\" \/>\n<meta property=\"og:title\" content=\"Gabigol, De Arrascaeta, Pedro, Bruno Henrique, Jo\u00e3o Gomes, Andreas Pereira e mais: os 10 jogadores mais valiosos do Flamengo\" \/>\n<meta property=\"og:description\" content=\"Com muitas apostas nas contrata\u00e7\u00f5es e colhendo os frutos em seguida, o Flamengo possui um elenco repleto de medalh\u00f5es e jogadores valorizados no mercado da bola. Entre jovens e mais experientes, o Mais Querido possui atletas conhecidos mundialmente por seu talento e t\u00e9cnica, caracter\u00edsticas observadas no clube pelos gigantes europeus. Para se ter uma ideia, [&hellip;]\" \/>\n<meta property=\"og:url\" content=\"https:\/\/www.gaveanews.com\/index.php\/2022\/04\/14\/gabigol-de-arrascaeta-pedro-bruno-henrique-joao-gomes-andreas-pereira-e-mais-os-10-jogadores-mais-valiosos-do-flamengo\/\" \/>\n<meta property=\"og:site_name\" content=\"G\u00e1vea News\" \/>\n<meta property=\"article:publisher\" content=\"https:\/\/facebook.com\/gaveaNews\/\" \/>\n<meta property=\"article:published_time\" content=\"2022-04-14T17:53:15+00:00\" \/>\n<meta property=\"article:modified_time\" content=\"2022-04-14T17:53:18+00:00\" \/>\n<meta property=\"og:image\" content=\"https:\/\/www.gaveanews.com\/wp-content\/uploads\/Jogadores-do-Flamengo-comemoram-gol-marcado-contra-o-Talleres-pela-Libertadores.webp\" \/>\n\t<meta property=\"og:image:width\" content=\"800\" \/>\n\t<meta property=\"og:image:height\" content=\"533\" \/>\n\t<meta property=\"og:image:type\" content=\"image\/jpeg\" \/>\n<meta name=\"author\" content=\"Let\u00edcia Gerheim\" \/>\n<meta name=\"twitter:card\" content=\"summary_large_image\" \/>\n<meta name=\"twitter:label1\" content=\"Escrito por\" \/>\n\t<meta name=\"twitter:data1\" content=\"Let\u00edcia Gerheim\" \/>\n\t<meta name=\"twitter:label2\" content=\"Est. tempo de leitura\" \/>\n\t<meta name=\"twitter:data2\" content=\"7 minutos\" \/>\n<script type=\"application\/ld+json\" class=\"yoast-schema-graph\">{\"@context\":\"https:\/\/schema.org\",\"@graph\":[{\"@type\":\"NewsArticle\",\"@id\":\"https:\/\/www.gaveanews.com\/index.php\/2022\/04\/14\/gabigol-de-arrascaeta-pedro-bruno-henrique-joao-gomes-andreas-pereira-e-mais-os-10-jogadores-mais-valiosos-do-flamengo\/#article\",\"isPartOf\":{\"@id\":\"https:\/\/www.gaveanews.com\/index.php\/2022\/04\/14\/gabigol-de-arrascaeta-pedro-bruno-henrique-joao-gomes-andreas-pereira-e-mais-os-10-jogadores-mais-valiosos-do-flamengo\/\"},\"author\":{\"name\":\"Let\u00edcia Gerheim\",\"@id\":\"https:\/\/www.gaveanews.com\/#\/schema\/person\/714c67050b836198af2450ba1c142a67\"},\"headline\":\"Gabigol, De Arrascaeta, Pedro, Bruno Henrique, Jo\u00e3o Gomes, Andreas Pereira e mais: os 10 jogadores mais valiosos do Flamengo\",\"datePublished\":\"2022-04-14T17:53:15+00:00\",\"dateModified\":\"2022-04-14T17:53:18+00:00\",\"mainEntityOfPage\":{\"@id\":\"https:\/\/www.gaveanews.com\/index.php\/2022\/04\/14\/gabigol-de-arrascaeta-pedro-bruno-henrique-joao-gomes-andreas-pereira-e-mais-os-10-jogadores-mais-valiosos-do-flamengo\/\"},\"wordCount\":778,\"commentCount\":0,\"image\":{\"@id\":\"https:\/\/www.gaveanews.com\/index.php\/2022\/04\/14\/gabigol-de-arrascaeta-pedro-bruno-henrique-joao-gomes-andreas-pereira-e-mais-os-10-jogadores-mais-valiosos-do-flamengo\/#primaryimage\"},\"thumbnailUrl\":\"https:\/\/www.gaveanews.com\/wp-content\/uploads\/Jogadores-do-Flamengo-comemoram-gol-marcado-contra-o-Talleres-pela-Libertadores.webp\",\"articleSection\":[\"Destaques\"],\"inLanguage\":\"pt-BR\",\"potentialAction\":[{\"@type\":\"CommentAction\",\"name\":\"Comment\",\"target\":[\"https:\/\/www.gaveanews.com\/index.php\/2022\/04\/14\/gabigol-de-arrascaeta-pedro-bruno-henrique-joao-gomes-andreas-pereira-e-mais-os-10-jogadores-mais-valiosos-do-flamengo\/#respond\"]}],\"copyrightYear\":\"2022\",\"copyrightHolder\":{\"@id\":\"https:\/\/www.gaveanews.com\/#organization\"}},{\"@type\":\"WebPage\",\"@id\":\"https:\/\/www.gaveanews.com\/index.php\/2022\/04\/14\/gabigol-de-arrascaeta-pedro-bruno-henrique-joao-gomes-andreas-pereira-e-mais-os-10-jogadores-mais-valiosos-do-flamengo\/\",\"url\":\"https:\/\/www.gaveanews.com\/index.php\/2022\/04\/14\/gabigol-de-arrascaeta-pedro-bruno-henrique-joao-gomes-andreas-pereira-e-mais-os-10-jogadores-mais-valiosos-do-flamengo\/\",\"name\":\"Gabigol, De Arrascaeta, Pedro, Bruno Henrique, Jo\u00e3o Gomes, Andreas Pereira e mais: os 10 jogadores mais valiosos do Flamengo\",\"isPartOf\":{\"@id\":\"https:\/\/www.gaveanews.com\/#website\"},\"primaryImageOfPage\":{\"@id\":\"https:\/\/www.gaveanews.com\/index.php\/2022\/04\/14\/gabigol-de-arrascaeta-pedro-bruno-henrique-joao-gomes-andreas-pereira-e-mais-os-10-jogadores-mais-valiosos-do-flamengo\/#primaryimage\"},\"image\":{\"@id\":\"https:\/\/www.gaveanews.com\/index.php\/2022\/04\/14\/gabigol-de-arrascaeta-pedro-bruno-henrique-joao-gomes-andreas-pereira-e-mais-os-10-jogadores-mais-valiosos-do-flamengo\/#primaryimage\"},\"thumbnailUrl\":\"https:\/\/www.gaveanews.com\/wp-content\/uploads\/Jogadores-do-Flamengo-comemoram-gol-marcado-contra-o-Talleres-pela-Libertadores.webp\",\"datePublished\":\"2022-04-14T17:53:15+00:00\",\"dateModified\":\"2022-04-14T17:53:18+00:00\",\"author\":{\"@id\":\"https:\/\/www.gaveanews.com\/#\/schema\/person\/714c67050b836198af2450ba1c142a67\"},\"breadcrumb\":{\"@id\":\"https:\/\/www.gaveanews.com\/index.php\/2022\/04\/14\/gabigol-de-arrascaeta-pedro-bruno-henrique-joao-gomes-andreas-pereira-e-mais-os-10-jogadores-mais-valiosos-do-flamengo\/#breadcrumb\"},\"inLanguage\":\"pt-BR\",\"potentialAction\":[{\"@type\":\"ReadAction\",\"target\":[\"https:\/\/www.gaveanews.com\/index.php\/2022\/04\/14\/gabigol-de-arrascaeta-pedro-bruno-henrique-joao-gomes-andreas-pereira-e-mais-os-10-jogadores-mais-valiosos-do-flamengo\/\"]}]},{\"@type\":\"ImageObject\",\"inLanguage\":\"pt-BR\",\"@id\":\"https:\/\/www.gaveanews.com\/index.php\/2022\/04\/14\/gabigol-de-arrascaeta-pedro-bruno-henrique-joao-gomes-andreas-pereira-e-mais-os-10-jogadores-mais-valiosos-do-flamengo\/#primaryimage\",\"url\":\"https:\/\/www.gaveanews.com\/wp-content\/uploads\/Jogadores-do-Flamengo-comemoram-gol-marcado-contra-o-Talleres-pela-Libertadores.webp\",\"contentUrl\":\"https:\/\/www.gaveanews.com\/wp-content\/uploads\/Jogadores-do-Flamengo-comemoram-gol-marcado-contra-o-Talleres-pela-Libertadores.webp\",\"width\":800,\"height\":533,\"caption\":\"Jogadores do Flamengo comemoram gol marcado contra o Talleres pela Libertadores (Foto: Marcelo Cortes\/Flamengo)\"},{\"@type\":\"BreadcrumbList\",\"@id\":\"https:\/\/www.gaveanews.com\/index.php\/2022\/04\/14\/gabigol-de-arrascaeta-pedro-bruno-henrique-joao-gomes-andreas-pereira-e-mais-os-10-jogadores-mais-valiosos-do-flamengo\/#breadcrumb\",\"itemListElement\":[{\"@type\":\"ListItem\",\"position\":1,\"name\":\"Home\",\"item\":\"https:\/\/www.gaveanews.com\/\"},{\"@type\":\"ListItem\",\"position\":2,\"name\":\"Gabigol, De Arrascaeta, Pedro, Bruno Henrique, Jo\u00e3o Gomes, Andreas Pereira e mais: os 10 jogadores mais valiosos do Flamengo\"}]},{\"@type\":\"WebSite\",\"@id\":\"https:\/\/www.gaveanews.com\/#website\",\"url\":\"https:\/\/www.gaveanews.com\/\",\"name\":\"G\u00e1vea News\",\"description\":\"Veja todas as not\u00edcias sobre o Flamengo: Contrata\u00e7\u00f5es, categorias de base, resultados das partidas, tabela de classifica\u00e7\u00e3o, pr\u00f3ximos jogos!\",\"potentialAction\":[{\"@type\":\"SearchAction\",\"target\":{\"@type\":\"EntryPoint\",\"urlTemplate\":\"https:\/\/www.gaveanews.com\/?s={search_term_string}\"},\"query-input\":{\"@type\":\"PropertyValueSpecification\",\"valueRequired\":true,\"valueName\":\"search_term_string\"}}],\"inLanguage\":\"pt-BR\"},{\"@type\":\"Person\",\"@id\":\"https:\/\/www.gaveanews.com\/#\/schema\/person\/714c67050b836198af2450ba1c142a67\",\"name\":\"Let\u00edcia Gerheim\",\"image\":{\"@type\":\"ImageObject\",\"inLanguage\":\"pt-BR\",\"@id\":\"https:\/\/www.gaveanews.com\/#\/schema\/person\/image\/\",\"url\":\"https:\/\/secure.gravatar.com\/avatar\/60734739c50fcebfbac509e2a826ccd0ff405c019bc73aab9354f19ecad1dcb4?s=96&d=mm&r=g\",\"contentUrl\":\"https:\/\/secure.gravatar.com\/avatar\/60734739c50fcebfbac509e2a826ccd0ff405c019bc73aab9354f19ecad1dcb4?s=96&d=mm&r=g\",\"caption\":\"Let\u00edcia Gerheim\"}}]}<\/script>\n<!-- \/ Yoast SEO Premium plugin. -->","yoast_head_json":{"title":"Gabigol, De Arrascaeta, Pedro, Bruno Henrique, Jo\u00e3o Gomes, Andreas Pereira e mais: os 10 jogadores mais valiosos do Flamengo","robots":{"index":"index","follow":"follow","max-snippet":"max-snippet:-1","max-image-preview":"max-image-preview:large","max-video-preview":"max-video-preview:-1"},"canonical":"https:\/\/www.gaveanews.com\/index.php\/2022\/04\/14\/gabigol-de-arrascaeta-pedro-bruno-henrique-joao-gomes-andreas-pereira-e-mais-os-10-jogadores-mais-valiosos-do-flamengo\/","og_locale":"pt_BR","og_type":"article","og_title":"Gabigol, De Arrascaeta, Pedro, Bruno Henrique, Jo\u00e3o Gomes, Andreas Pereira e mais: os 10 jogadores mais valiosos do Flamengo","og_description":"Com muitas apostas nas contrata\u00e7\u00f5es e colhendo os frutos em seguida, o Flamengo possui um elenco repleto de medalh\u00f5es e jogadores valorizados no mercado da bola. Entre jovens e mais experientes, o Mais Querido possui atletas conhecidos mundialmente por seu talento e t\u00e9cnica, caracter\u00edsticas observadas no clube pelos gigantes europeus. Para se ter uma ideia, [&hellip;]","og_url":"https:\/\/www.gaveanews.com\/index.php\/2022\/04\/14\/gabigol-de-arrascaeta-pedro-bruno-henrique-joao-gomes-andreas-pereira-e-mais-os-10-jogadores-mais-valiosos-do-flamengo\/","og_site_name":"G\u00e1vea News","article_publisher":"https:\/\/facebook.com\/gaveaNews\/","article_published_time":"2022-04-14T17:53:15+00:00","article_modified_time":"2022-04-14T17:53:18+00:00","og_image":[{"width":800,"height":533,"url":"https:\/\/www.gaveanews.com\/wp-content\/uploads\/Jogadores-do-Flamengo-comemoram-gol-marcado-contra-o-Talleres-pela-Libertadores.webp","type":"image\/jpeg"}],"author":"Let\u00edcia Gerheim","twitter_card":"summary_large_image","twitter_misc":{"Escrito por":"Let\u00edcia Gerheim","Est. tempo de leitura":"7 minutos"},"schema":{"@context":"https:\/\/schema.org","@graph":[{"@type":"NewsArticle","@id":"https:\/\/www.gaveanews.com\/index.php\/2022\/04\/14\/gabigol-de-arrascaeta-pedro-bruno-henrique-joao-gomes-andreas-pereira-e-mais-os-10-jogadores-mais-valiosos-do-flamengo\/#article","isPartOf":{"@id":"https:\/\/www.gaveanews.com\/index.php\/2022\/04\/14\/gabigol-de-arrascaeta-pedro-bruno-henrique-joao-gomes-andreas-pereira-e-mais-os-10-jogadores-mais-valiosos-do-flamengo\/"},"author":{"name":"Let\u00edcia Gerheim","@id":"https:\/\/www.gaveanews.com\/#\/schema\/person\/714c67050b836198af2450ba1c142a67"},"headline":"Gabigol, De Arrascaeta, Pedro, Bruno Henrique, Jo\u00e3o Gomes, Andreas Pereira e mais: os 10 jogadores mais valiosos do Flamengo","datePublished":"2022-04-14T17:53:15+00:00","dateModified":"2022-04-14T17:53:18+00:00","mainEntityOfPage":{"@id":"https:\/\/www.gaveanews.com\/index.php\/2022\/04\/14\/gabigol-de-arrascaeta-pedro-bruno-henrique-joao-gomes-andreas-pereira-e-mais-os-10-jogadores-mais-valiosos-do-flamengo\/"},"wordCount":778,"commentCount":0,"image":{"@id":"https:\/\/www.gaveanews.com\/index.php\/2022\/04\/14\/gabigol-de-arrascaeta-pedro-bruno-henrique-joao-gomes-andreas-pereira-e-mais-os-10-jogadores-mais-valiosos-do-flamengo\/#primaryimage"},"thumbnailUrl":"https:\/\/www.gaveanews.com\/wp-content\/uploads\/Jogadores-do-Flamengo-comemoram-gol-marcado-contra-o-Talleres-pela-Libertadores.webp","articleSection":["Destaques"],"inLanguage":"pt-BR","potentialAction":[{"@type":"CommentAction","name":"Comment","target":["https:\/\/www.gaveanews.com\/index.php\/2022\/04\/14\/gabigol-de-arrascaeta-pedro-bruno-henrique-joao-gomes-andreas-pereira-e-mais-os-10-jogadores-mais-valiosos-do-flamengo\/#respond"]}],"copyrightYear":"2022","copyrightHolder":{"@id":"https:\/\/www.gaveanews.com\/#organization"}},{"@type":"WebPage","@id":"https:\/\/www.gaveanews.com\/index.php\/2022\/04\/14\/gabigol-de-arrascaeta-pedro-bruno-henrique-joao-gomes-andreas-pereira-e-mais-os-10-jogadores-mais-valiosos-do-flamengo\/","url":"https:\/\/www.gaveanews.com\/index.php\/2022\/04\/14\/gabigol-de-arrascaeta-pedro-bruno-henrique-joao-gomes-andreas-pereira-e-mais-os-10-jogadores-mais-valiosos-do-flamengo\/","name":"Gabigol, De Arrascaeta, Pedro, Bruno Henrique, Jo\u00e3o Gomes, Andreas Pereira e mais: os 10 jogadores mais valiosos do Flamengo","isPartOf":{"@id":"https:\/\/www.gaveanews.com\/#website"},"primaryImageOfPage":{"@id":"https:\/\/www.gaveanews.com\/index.php\/2022\/04\/14\/gabigol-de-arrascaeta-pedro-bruno-henrique-joao-gomes-andreas-pereira-e-mais-os-10-jogadores-mais-valiosos-do-flamengo\/#primaryimage"},"image":{"@id":"https:\/\/www.gaveanews.com\/index.php\/2022\/04\/14\/gabigol-de-arrascaeta-pedro-bruno-henrique-joao-gomes-andreas-pereira-e-mais-os-10-jogadores-mais-valiosos-do-flamengo\/#primaryimage"},"thumbnailUrl":"https:\/\/www.gaveanews.com\/wp-content\/uploads\/Jogadores-do-Flamengo-comemoram-gol-marcado-contra-o-Talleres-pela-Libertadores.webp","datePublished":"2022-04-14T17:53:15+00:00","dateModified":"2022-04-14T17:53:18+00:00","author":{"@id":"https:\/\/www.gaveanews.com\/#\/schema\/person\/714c67050b836198af2450ba1c142a67"},"breadcrumb":{"@id":"https:\/\/www.gaveanews.com\/index.php\/2022\/04\/14\/gabigol-de-arrascaeta-pedro-bruno-henrique-joao-gomes-andreas-pereira-e-mais-os-10-jogadores-mais-valiosos-do-flamengo\/#breadcrumb"},"inLanguage":"pt-BR","potentialAction":[{"@type":"ReadAction","target":["https:\/\/www.gaveanews.com\/index.php\/2022\/04\/14\/gabigol-de-arrascaeta-pedro-bruno-henrique-joao-gomes-andreas-pereira-e-mais-os-10-jogadores-mais-valiosos-do-flamengo\/"]}]},{"@type":"ImageObject","inLanguage":"pt-BR","@id":"https:\/\/www.gaveanews.com\/index.php\/2022\/04\/14\/gabigol-de-arrascaeta-pedro-bruno-henrique-joao-gomes-andreas-pereira-e-mais-os-10-jogadores-mais-valiosos-do-flamengo\/#primaryimage","url":"https:\/\/www.gaveanews.com\/wp-content\/uploads\/Jogadores-do-Flamengo-comemoram-gol-marcado-contra-o-Talleres-pela-Libertadores.webp","contentUrl":"https:\/\/www.gaveanews.com\/wp-content\/uploads\/Jogadores-do-Flamengo-comemoram-gol-marcado-contra-o-Talleres-pela-Libertadores.webp","width":800,"height":533,"caption":"Jogadores do Flamengo comemoram gol marcado contra o Talleres pela Libertadores (Foto: Marcelo Cortes\/Flamengo)"},{"@type":"BreadcrumbList","@id":"https:\/\/www.gaveanews.com\/index.php\/2022\/04\/14\/gabigol-de-arrascaeta-pedro-bruno-henrique-joao-gomes-andreas-pereira-e-mais-os-10-jogadores-mais-valiosos-do-flamengo\/#breadcrumb","itemListElement":[{"@type":"ListItem","position":1,"name":"Home","item":"https:\/\/www.gaveanews.com\/"},{"@type":"ListItem","position":2,"name":"Gabigol, De Arrascaeta, Pedro, Bruno Henrique, Jo\u00e3o Gomes, Andreas Pereira e mais: os 10 jogadores mais valiosos do Flamengo"}]},{"@type":"WebSite","@id":"https:\/\/www.gaveanews.com\/#website","url":"https:\/\/www.gaveanews.com\/","name":"G\u00e1vea News","description":"Veja todas as not\u00edcias sobre o Flamengo: Contrata\u00e7\u00f5es, categorias de base, resultados das partidas, tabela de classifica\u00e7\u00e3o, pr\u00f3ximos jogos!","potentialAction":[{"@type":"SearchAction","target":{"@type":"EntryPoint","urlTemplate":"https:\/\/www.gaveanews.com\/?s={search_term_string}"},"query-input":{"@type":"PropertyValueSpecification","valueRequired":true,"valueName":"search_term_string"}}],"inLanguage":"pt-BR"},{"@type":"Person","@id":"https:\/\/www.gaveanews.com\/#\/schema\/person\/714c67050b836198af2450ba1c142a67","name":"Let\u00edcia Gerheim","image":{"@type":"ImageObject","inLanguage":"pt-BR","@id":"https:\/\/www.gaveanews.com\/#\/schema\/person\/image\/","url":"https:\/\/secure.gravatar.com\/avatar\/60734739c50fcebfbac509e2a826ccd0ff405c019bc73aab9354f19ecad1dcb4?s=96&d=mm&r=g","contentUrl":"https:\/\/secure.gravatar.com\/avatar\/60734739c50fcebfbac509e2a826ccd0ff405c019bc73aab9354f19ecad1dcb4?s=96&d=mm&r=g","caption":"Let\u00edcia Gerheim"}}]}},"_links":{"self":[{"href":"https:\/\/www.gaveanews.com\/index.php\/wp-json\/wp\/v2\/posts\/80062","targetHints":{"allow":["GET"]}}],"collection":[{"href":"https:\/\/www.gaveanews.com\/index.php\/wp-json\/wp\/v2\/posts"}],"about":[{"href":"https:\/\/www.gaveanews.com\/index.php\/wp-json\/wp\/v2\/types\/post"}],"author":[{"embeddable":true,"href":"https:\/\/www.gaveanews.com\/index.php\/wp-json\/wp\/v2\/users\/4"}],"replies":[{"embeddable":true,"href":"https:\/\/www.gaveanews.com\/index.php\/wp-json\/wp\/v2\/comments?post=80062"}],"version-history":[{"count":0,"href":"https:\/\/www.gaveanews.com\/index.php\/wp-json\/wp\/v2\/posts\/80062\/revisions"}],"wp:featuredmedia":[{"embeddable":true,"href":"https:\/\/www.gaveanews.com\/index.php\/wp-json\/wp\/v2\/media\/79978"}],"wp:attachment":[{"href":"https:\/\/www.gaveanews.com\/index.php\/wp-json\/wp\/v2\/media?parent=80062"}],"wp:term":[{"taxonomy":"category","embeddable":true,"href":"https:\/\/www.gaveanews.com\/index.php\/wp-json\/wp\/v2\/categories?post=80062"},{"taxonomy":"post_tag","embeddable":true,"href":"https:\/\/www.gaveanews.com\/index.php\/wp-json\/wp\/v2\/tags?post=80062"}],"curies":[{"name":"wp","href":"https:\/\/api.w.org\/{rel}","templated":true}]}}