{"id":80065,"date":"2022-04-14T15:28:10","date_gmt":"2022-04-14T18:28:10","guid":{"rendered":"https:\/\/www.gaveanews.com\/?p=80065"},"modified":"2022-04-14T15:28:12","modified_gmt":"2022-04-14T18:28:12","slug":"presidente-do-atletico-mg-rebate-dirigente-do-flamengo-bobo-da-corte","status":"publish","type":"post","link":"https:\/\/www.gaveanews.com\/index.php\/2022\/04\/14\/presidente-do-atletico-mg-rebate-dirigente-do-flamengo-bobo-da-corte\/","title":{"rendered":"Presidente do Atl\u00e9tico-MG rebate dirigente do Flamengo: &#8220;Bobo da corte&#8221;"},"content":{"rendered":"\n<p>Nas \u00faltimas temporadas, o desempenho de Flamengo e Atl\u00e9tico-MG tem aumentado a rivalidade entre as equipes, que vez e outra se entranham nos bastidores. Desta vez, a provoca\u00e7\u00e3o come\u00e7ou com Rodrigo Dunshee, vice-presidente do Mais Querido.<\/p>\n\n\n\n<p>Em seu perfil do Twitter, o dirigente rubro-negro fez uma provoca\u00e7\u00e3o ao clube de Minas Gerais. Na rede social, Dunshee publicou uma imagem que mostrava o impedimento que deveria ter invalidado o gol do Atl\u00e9tico sobre o Am\u00e9rica-MG na Libertadores.<\/p>\n\n\n\n<p>Devido aos coment\u00e1rios sobre um suposto favorecimento da arbitragem nos lances do Galo na \u00faltima temporada, o presidente do Atl\u00e9tico-MG, S\u00e9rgio Coelho rebateu \u00e0 provoca\u00e7\u00e3o. Em \u00e1udio enviado ao <em>&#8220;ge&#8221;<\/em>, o dirigente chamou Dunshee de &#8220;bobo da corte&#8221;.<\/p>\n\n\n\n<p><strong><em>\u2014&nbsp;Q<\/em><\/strong><em><strong>uando se trata de postagem desse vice-presidente do Flamengo, aqui por n\u00f3s conhecido por \u201cbobo da corte\u201d, referente essas postagens sobre o Atl\u00e9tico, a gente j\u00e1 fica imaginando: \u201cqual ser\u00e1 a bobagem que ele vai falar novamente? Que ele vai postar novamente?<\/strong><\/em><\/p>\n\n\n\n<h2 class=\"wp-block-heading\" id=\"h-confira-a-publicacao-de-rodrigo-dunshee\">Confira a publica\u00e7\u00e3o de Rodrigo Dunshee:<\/h2>\n\n\n\n<figure class=\"wp-block-embed is-type-rich is-provider-twitter wp-block-embed-twitter\"><div class=\"wp-block-embed__wrapper\">\n<blockquote class=\"twitter-tweet\" data-width=\"550\" data-dnt=\"true\"><p lang=\"pt\" dir=\"ltr\">Come\u00e7ou o ano&#8230; <a href=\"https:\/\/t.co\/5AKFUQLHaW\">pic.twitter.com\/5AKFUQLHaW<\/a><\/p>&mdash; Rodrigo Dunshee (@roddunshee) <a href=\"https:\/\/twitter.com\/roddunshee\/status\/1514427410879598595?ref_src=twsrc%5Etfw\">April 14, 2022<\/a><\/blockquote><script async src=\"https:\/\/platform.twitter.com\/widgets.js\" charset=\"utf-8\"><\/script>\n<\/div><\/figure>\n\n\n\n<p>Com o gol impedido validado pela arbitragem de campo, j\u00e1 que n\u00e3o h\u00e1 VAR na fase de grupos da Libertadores, o Atl\u00e9tico-MG empatou com o Am\u00e9rica-MG em 1 a 1 no embate da \u00faltima quarta-feira (13).<\/p>\n","protected":false},"excerpt":{"rendered":"<p>Nas \u00faltimas temporadas, o desempenho de Flamengo e Atl\u00e9tico-MG tem aumentado a rivalidade entre as equipes, que vez e outra se entranham nos bastidores. Desta vez, a provoca\u00e7\u00e3o come\u00e7ou com Rodrigo Dunshee, vice-presidente do Mais Querido. Em seu perfil do Twitter, o dirigente rubro-negro fez uma provoca\u00e7\u00e3o ao clube de Minas Gerais. Na rede social, [&hellip;]<\/p>\n","protected":false},"author":4,"featured_media":77120,"comment_status":"open","ping_status":"closed","sticky":false,"template":"","format":"standard","meta":{"footnotes":""},"categories":[1],"tags":[],"class_list":["post-80065","post","type-post","status-publish","format-standard","has-post-thumbnail","hentry","category-flamengo"],"yoast_head":"<!-- This site is optimized with the Yoast SEO Premium plugin v24.2 (Yoast SEO v26.9) - https:\/\/yoast.com\/product\/yoast-seo-premium-wordpress\/ -->\n<title>Presidente do Atl\u00e9tico-MG rebate dirigente do Flamengo: &quot;Bobo da corte&quot;<\/title>\n<meta name=\"robots\" content=\"index, follow, max-snippet:-1, max-image-preview:large, max-video-preview:-1\" \/>\n<link rel=\"canonical\" href=\"https:\/\/www.gaveanews.com\/index.php\/2022\/04\/14\/presidente-do-atletico-mg-rebate-dirigente-do-flamengo-bobo-da-corte\/\" \/>\n<meta property=\"og:locale\" content=\"pt_BR\" \/>\n<meta property=\"og:type\" content=\"article\" \/>\n<meta property=\"og:title\" content=\"Presidente do Atl\u00e9tico-MG rebate dirigente do Flamengo: &quot;Bobo da corte&quot;\" \/>\n<meta property=\"og:description\" content=\"Nas \u00faltimas temporadas, o desempenho de Flamengo e Atl\u00e9tico-MG tem aumentado a rivalidade entre as equipes, que vez e outra se entranham nos bastidores. Desta vez, a provoca\u00e7\u00e3o come\u00e7ou com Rodrigo Dunshee, vice-presidente do Mais Querido. Em seu perfil do Twitter, o dirigente rubro-negro fez uma provoca\u00e7\u00e3o ao clube de Minas Gerais. Na rede social, [&hellip;]\" \/>\n<meta property=\"og:url\" content=\"https:\/\/www.gaveanews.com\/index.php\/2022\/04\/14\/presidente-do-atletico-mg-rebate-dirigente-do-flamengo-bobo-da-corte\/\" \/>\n<meta property=\"og:site_name\" content=\"G\u00e1vea News\" \/>\n<meta property=\"article:publisher\" content=\"https:\/\/facebook.com\/gaveaNews\/\" \/>\n<meta property=\"article:published_time\" content=\"2022-04-14T18:28:10+00:00\" \/>\n<meta property=\"article:modified_time\" content=\"2022-04-14T18:28:12+00:00\" \/>\n<meta property=\"og:image\" content=\"https:\/\/www.gaveanews.com\/wp-content\/uploads\/Sergio-Coelho-presidente-do-Atletico-MG.webp\" \/>\n\t<meta property=\"og:image:width\" content=\"900\" \/>\n\t<meta property=\"og:image:height\" content=\"506\" \/>\n\t<meta property=\"og:image:type\" content=\"image\/webp\" \/>\n<meta name=\"author\" content=\"Let\u00edcia Gerheim\" \/>\n<meta name=\"twitter:card\" content=\"summary_large_image\" \/>\n<meta name=\"twitter:label1\" content=\"Escrito por\" \/>\n\t<meta name=\"twitter:data1\" content=\"Let\u00edcia Gerheim\" \/>\n\t<meta name=\"twitter:label2\" content=\"Est. tempo de leitura\" \/>\n\t<meta name=\"twitter:data2\" content=\"2 minutos\" \/>\n<script type=\"application\/ld+json\" class=\"yoast-schema-graph\">{\"@context\":\"https:\/\/schema.org\",\"@graph\":[{\"@type\":\"NewsArticle\",\"@id\":\"https:\/\/www.gaveanews.com\/index.php\/2022\/04\/14\/presidente-do-atletico-mg-rebate-dirigente-do-flamengo-bobo-da-corte\/#article\",\"isPartOf\":{\"@id\":\"https:\/\/www.gaveanews.com\/index.php\/2022\/04\/14\/presidente-do-atletico-mg-rebate-dirigente-do-flamengo-bobo-da-corte\/\"},\"author\":{\"name\":\"Let\u00edcia Gerheim\",\"@id\":\"https:\/\/www.gaveanews.com\/#\/schema\/person\/714c67050b836198af2450ba1c142a67\"},\"headline\":\"Presidente do Atl\u00e9tico-MG rebate dirigente do Flamengo: &#8220;Bobo da corte&#8221;\",\"datePublished\":\"2022-04-14T18:28:10+00:00\",\"dateModified\":\"2022-04-14T18:28:12+00:00\",\"mainEntityOfPage\":{\"@id\":\"https:\/\/www.gaveanews.com\/index.php\/2022\/04\/14\/presidente-do-atletico-mg-rebate-dirigente-do-flamengo-bobo-da-corte\/\"},\"wordCount\":233,\"commentCount\":0,\"image\":{\"@id\":\"https:\/\/www.gaveanews.com\/index.php\/2022\/04\/14\/presidente-do-atletico-mg-rebate-dirigente-do-flamengo-bobo-da-corte\/#primaryimage\"},\"thumbnailUrl\":\"https:\/\/www.gaveanews.com\/wp-content\/uploads\/Sergio-Coelho-presidente-do-Atletico-MG.webp\",\"articleSection\":[\"Flamengo\"],\"inLanguage\":\"pt-BR\",\"potentialAction\":[{\"@type\":\"CommentAction\",\"name\":\"Comment\",\"target\":[\"https:\/\/www.gaveanews.com\/index.php\/2022\/04\/14\/presidente-do-atletico-mg-rebate-dirigente-do-flamengo-bobo-da-corte\/#respond\"]}],\"copyrightYear\":\"2022\",\"copyrightHolder\":{\"@id\":\"https:\/\/www.gaveanews.com\/#organization\"}},{\"@type\":\"WebPage\",\"@id\":\"https:\/\/www.gaveanews.com\/index.php\/2022\/04\/14\/presidente-do-atletico-mg-rebate-dirigente-do-flamengo-bobo-da-corte\/\",\"url\":\"https:\/\/www.gaveanews.com\/index.php\/2022\/04\/14\/presidente-do-atletico-mg-rebate-dirigente-do-flamengo-bobo-da-corte\/\",\"name\":\"Presidente do Atl\u00e9tico-MG rebate dirigente do Flamengo: \\\"Bobo da corte\\\"\",\"isPartOf\":{\"@id\":\"https:\/\/www.gaveanews.com\/#website\"},\"primaryImageOfPage\":{\"@id\":\"https:\/\/www.gaveanews.com\/index.php\/2022\/04\/14\/presidente-do-atletico-mg-rebate-dirigente-do-flamengo-bobo-da-corte\/#primaryimage\"},\"image\":{\"@id\":\"https:\/\/www.gaveanews.com\/index.php\/2022\/04\/14\/presidente-do-atletico-mg-rebate-dirigente-do-flamengo-bobo-da-corte\/#primaryimage\"},\"thumbnailUrl\":\"https:\/\/www.gaveanews.com\/wp-content\/uploads\/Sergio-Coelho-presidente-do-Atletico-MG.webp\",\"datePublished\":\"2022-04-14T18:28:10+00:00\",\"dateModified\":\"2022-04-14T18:28:12+00:00\",\"author\":{\"@id\":\"https:\/\/www.gaveanews.com\/#\/schema\/person\/714c67050b836198af2450ba1c142a67\"},\"breadcrumb\":{\"@id\":\"https:\/\/www.gaveanews.com\/index.php\/2022\/04\/14\/presidente-do-atletico-mg-rebate-dirigente-do-flamengo-bobo-da-corte\/#breadcrumb\"},\"inLanguage\":\"pt-BR\",\"potentialAction\":[{\"@type\":\"ReadAction\",\"target\":[\"https:\/\/www.gaveanews.com\/index.php\/2022\/04\/14\/presidente-do-atletico-mg-rebate-dirigente-do-flamengo-bobo-da-corte\/\"]}]},{\"@type\":\"ImageObject\",\"inLanguage\":\"pt-BR\",\"@id\":\"https:\/\/www.gaveanews.com\/index.php\/2022\/04\/14\/presidente-do-atletico-mg-rebate-dirigente-do-flamengo-bobo-da-corte\/#primaryimage\",\"url\":\"https:\/\/www.gaveanews.com\/wp-content\/uploads\/Sergio-Coelho-presidente-do-Atletico-MG.webp\",\"contentUrl\":\"https:\/\/www.gaveanews.com\/wp-content\/uploads\/Sergio-Coelho-presidente-do-Atletico-MG.webp\",\"width\":900,\"height\":506,\"caption\":\"S\u00e9rgio Coelho, presidente do Atl\u00e9tico-MG (Foto: Divulga\u00e7\u00e3o\/Atl\u00e9tico-MG)\"},{\"@type\":\"BreadcrumbList\",\"@id\":\"https:\/\/www.gaveanews.com\/index.php\/2022\/04\/14\/presidente-do-atletico-mg-rebate-dirigente-do-flamengo-bobo-da-corte\/#breadcrumb\",\"itemListElement\":[{\"@type\":\"ListItem\",\"position\":1,\"name\":\"Home\",\"item\":\"https:\/\/www.gaveanews.com\/\"},{\"@type\":\"ListItem\",\"position\":2,\"name\":\"Presidente do Atl\u00e9tico-MG rebate dirigente do Flamengo: &#8220;Bobo da corte&#8221;\"}]},{\"@type\":\"WebSite\",\"@id\":\"https:\/\/www.gaveanews.com\/#website\",\"url\":\"https:\/\/www.gaveanews.com\/\",\"name\":\"G\u00e1vea News\",\"description\":\"Veja todas as not\u00edcias sobre o Flamengo: Contrata\u00e7\u00f5es, categorias de base, resultados das partidas, tabela de classifica\u00e7\u00e3o, pr\u00f3ximos jogos!\",\"potentialAction\":[{\"@type\":\"SearchAction\",\"target\":{\"@type\":\"EntryPoint\",\"urlTemplate\":\"https:\/\/www.gaveanews.com\/?s={search_term_string}\"},\"query-input\":{\"@type\":\"PropertyValueSpecification\",\"valueRequired\":true,\"valueName\":\"search_term_string\"}}],\"inLanguage\":\"pt-BR\"},{\"@type\":\"Person\",\"@id\":\"https:\/\/www.gaveanews.com\/#\/schema\/person\/714c67050b836198af2450ba1c142a67\",\"name\":\"Let\u00edcia Gerheim\",\"image\":{\"@type\":\"ImageObject\",\"inLanguage\":\"pt-BR\",\"@id\":\"https:\/\/www.gaveanews.com\/#\/schema\/person\/image\/\",\"url\":\"https:\/\/secure.gravatar.com\/avatar\/60734739c50fcebfbac509e2a826ccd0ff405c019bc73aab9354f19ecad1dcb4?s=96&d=mm&r=g\",\"contentUrl\":\"https:\/\/secure.gravatar.com\/avatar\/60734739c50fcebfbac509e2a826ccd0ff405c019bc73aab9354f19ecad1dcb4?s=96&d=mm&r=g\",\"caption\":\"Let\u00edcia Gerheim\"}}]}<\/script>\n<!-- \/ Yoast SEO Premium plugin. -->","yoast_head_json":{"title":"Presidente do Atl\u00e9tico-MG rebate dirigente do Flamengo: \"Bobo da corte\"","robots":{"index":"index","follow":"follow","max-snippet":"max-snippet:-1","max-image-preview":"max-image-preview:large","max-video-preview":"max-video-preview:-1"},"canonical":"https:\/\/www.gaveanews.com\/index.php\/2022\/04\/14\/presidente-do-atletico-mg-rebate-dirigente-do-flamengo-bobo-da-corte\/","og_locale":"pt_BR","og_type":"article","og_title":"Presidente do Atl\u00e9tico-MG rebate dirigente do Flamengo: \"Bobo da corte\"","og_description":"Nas \u00faltimas temporadas, o desempenho de Flamengo e Atl\u00e9tico-MG tem aumentado a rivalidade entre as equipes, que vez e outra se entranham nos bastidores. Desta vez, a provoca\u00e7\u00e3o come\u00e7ou com Rodrigo Dunshee, vice-presidente do Mais Querido. Em seu perfil do Twitter, o dirigente rubro-negro fez uma provoca\u00e7\u00e3o ao clube de Minas Gerais. Na rede social, [&hellip;]","og_url":"https:\/\/www.gaveanews.com\/index.php\/2022\/04\/14\/presidente-do-atletico-mg-rebate-dirigente-do-flamengo-bobo-da-corte\/","og_site_name":"G\u00e1vea News","article_publisher":"https:\/\/facebook.com\/gaveaNews\/","article_published_time":"2022-04-14T18:28:10+00:00","article_modified_time":"2022-04-14T18:28:12+00:00","og_image":[{"width":900,"height":506,"url":"https:\/\/www.gaveanews.com\/wp-content\/uploads\/Sergio-Coelho-presidente-do-Atletico-MG.webp","type":"image\/webp"}],"author":"Let\u00edcia Gerheim","twitter_card":"summary_large_image","twitter_misc":{"Escrito por":"Let\u00edcia Gerheim","Est. tempo de leitura":"2 minutos"},"schema":{"@context":"https:\/\/schema.org","@graph":[{"@type":"NewsArticle","@id":"https:\/\/www.gaveanews.com\/index.php\/2022\/04\/14\/presidente-do-atletico-mg-rebate-dirigente-do-flamengo-bobo-da-corte\/#article","isPartOf":{"@id":"https:\/\/www.gaveanews.com\/index.php\/2022\/04\/14\/presidente-do-atletico-mg-rebate-dirigente-do-flamengo-bobo-da-corte\/"},"author":{"name":"Let\u00edcia Gerheim","@id":"https:\/\/www.gaveanews.com\/#\/schema\/person\/714c67050b836198af2450ba1c142a67"},"headline":"Presidente do Atl\u00e9tico-MG rebate dirigente do Flamengo: &#8220;Bobo da corte&#8221;","datePublished":"2022-04-14T18:28:10+00:00","dateModified":"2022-04-14T18:28:12+00:00","mainEntityOfPage":{"@id":"https:\/\/www.gaveanews.com\/index.php\/2022\/04\/14\/presidente-do-atletico-mg-rebate-dirigente-do-flamengo-bobo-da-corte\/"},"wordCount":233,"commentCount":0,"image":{"@id":"https:\/\/www.gaveanews.com\/index.php\/2022\/04\/14\/presidente-do-atletico-mg-rebate-dirigente-do-flamengo-bobo-da-corte\/#primaryimage"},"thumbnailUrl":"https:\/\/www.gaveanews.com\/wp-content\/uploads\/Sergio-Coelho-presidente-do-Atletico-MG.webp","articleSection":["Flamengo"],"inLanguage":"pt-BR","potentialAction":[{"@type":"CommentAction","name":"Comment","target":["https:\/\/www.gaveanews.com\/index.php\/2022\/04\/14\/presidente-do-atletico-mg-rebate-dirigente-do-flamengo-bobo-da-corte\/#respond"]}],"copyrightYear":"2022","copyrightHolder":{"@id":"https:\/\/www.gaveanews.com\/#organization"}},{"@type":"WebPage","@id":"https:\/\/www.gaveanews.com\/index.php\/2022\/04\/14\/presidente-do-atletico-mg-rebate-dirigente-do-flamengo-bobo-da-corte\/","url":"https:\/\/www.gaveanews.com\/index.php\/2022\/04\/14\/presidente-do-atletico-mg-rebate-dirigente-do-flamengo-bobo-da-corte\/","name":"Presidente do Atl\u00e9tico-MG rebate dirigente do Flamengo: \"Bobo da corte\"","isPartOf":{"@id":"https:\/\/www.gaveanews.com\/#website"},"primaryImageOfPage":{"@id":"https:\/\/www.gaveanews.com\/index.php\/2022\/04\/14\/presidente-do-atletico-mg-rebate-dirigente-do-flamengo-bobo-da-corte\/#primaryimage"},"image":{"@id":"https:\/\/www.gaveanews.com\/index.php\/2022\/04\/14\/presidente-do-atletico-mg-rebate-dirigente-do-flamengo-bobo-da-corte\/#primaryimage"},"thumbnailUrl":"https:\/\/www.gaveanews.com\/wp-content\/uploads\/Sergio-Coelho-presidente-do-Atletico-MG.webp","datePublished":"2022-04-14T18:28:10+00:00","dateModified":"2022-04-14T18:28:12+00:00","author":{"@id":"https:\/\/www.gaveanews.com\/#\/schema\/person\/714c67050b836198af2450ba1c142a67"},"breadcrumb":{"@id":"https:\/\/www.gaveanews.com\/index.php\/2022\/04\/14\/presidente-do-atletico-mg-rebate-dirigente-do-flamengo-bobo-da-corte\/#breadcrumb"},"inLanguage":"pt-BR","potentialAction":[{"@type":"ReadAction","target":["https:\/\/www.gaveanews.com\/index.php\/2022\/04\/14\/presidente-do-atletico-mg-rebate-dirigente-do-flamengo-bobo-da-corte\/"]}]},{"@type":"ImageObject","inLanguage":"pt-BR","@id":"https:\/\/www.gaveanews.com\/index.php\/2022\/04\/14\/presidente-do-atletico-mg-rebate-dirigente-do-flamengo-bobo-da-corte\/#primaryimage","url":"https:\/\/www.gaveanews.com\/wp-content\/uploads\/Sergio-Coelho-presidente-do-Atletico-MG.webp","contentUrl":"https:\/\/www.gaveanews.com\/wp-content\/uploads\/Sergio-Coelho-presidente-do-Atletico-MG.webp","width":900,"height":506,"caption":"S\u00e9rgio Coelho, presidente do Atl\u00e9tico-MG (Foto: Divulga\u00e7\u00e3o\/Atl\u00e9tico-MG)"},{"@type":"BreadcrumbList","@id":"https:\/\/www.gaveanews.com\/index.php\/2022\/04\/14\/presidente-do-atletico-mg-rebate-dirigente-do-flamengo-bobo-da-corte\/#breadcrumb","itemListElement":[{"@type":"ListItem","position":1,"name":"Home","item":"https:\/\/www.gaveanews.com\/"},{"@type":"ListItem","position":2,"name":"Presidente do Atl\u00e9tico-MG rebate dirigente do Flamengo: &#8220;Bobo da corte&#8221;"}]},{"@type":"WebSite","@id":"https:\/\/www.gaveanews.com\/#website","url":"https:\/\/www.gaveanews.com\/","name":"G\u00e1vea News","description":"Veja todas as not\u00edcias sobre o Flamengo: Contrata\u00e7\u00f5es, categorias de base, resultados das partidas, tabela de classifica\u00e7\u00e3o, pr\u00f3ximos jogos!","potentialAction":[{"@type":"SearchAction","target":{"@type":"EntryPoint","urlTemplate":"https:\/\/www.gaveanews.com\/?s={search_term_string}"},"query-input":{"@type":"PropertyValueSpecification","valueRequired":true,"valueName":"search_term_string"}}],"inLanguage":"pt-BR"},{"@type":"Person","@id":"https:\/\/www.gaveanews.com\/#\/schema\/person\/714c67050b836198af2450ba1c142a67","name":"Let\u00edcia Gerheim","image":{"@type":"ImageObject","inLanguage":"pt-BR","@id":"https:\/\/www.gaveanews.com\/#\/schema\/person\/image\/","url":"https:\/\/secure.gravatar.com\/avatar\/60734739c50fcebfbac509e2a826ccd0ff405c019bc73aab9354f19ecad1dcb4?s=96&d=mm&r=g","contentUrl":"https:\/\/secure.gravatar.com\/avatar\/60734739c50fcebfbac509e2a826ccd0ff405c019bc73aab9354f19ecad1dcb4?s=96&d=mm&r=g","caption":"Let\u00edcia Gerheim"}}]}},"_links":{"self":[{"href":"https:\/\/www.gaveanews.com\/index.php\/wp-json\/wp\/v2\/posts\/80065","targetHints":{"allow":["GET"]}}],"collection":[{"href":"https:\/\/www.gaveanews.com\/index.php\/wp-json\/wp\/v2\/posts"}],"about":[{"href":"https:\/\/www.gaveanews.com\/index.php\/wp-json\/wp\/v2\/types\/post"}],"author":[{"embeddable":true,"href":"https:\/\/www.gaveanews.com\/index.php\/wp-json\/wp\/v2\/users\/4"}],"replies":[{"embeddable":true,"href":"https:\/\/www.gaveanews.com\/index.php\/wp-json\/wp\/v2\/comments?post=80065"}],"version-history":[{"count":0,"href":"https:\/\/www.gaveanews.com\/index.php\/wp-json\/wp\/v2\/posts\/80065\/revisions"}],"wp:featuredmedia":[{"embeddable":true,"href":"https:\/\/www.gaveanews.com\/index.php\/wp-json\/wp\/v2\/media\/77120"}],"wp:attachment":[{"href":"https:\/\/www.gaveanews.com\/index.php\/wp-json\/wp\/v2\/media?parent=80065"}],"wp:term":[{"taxonomy":"category","embeddable":true,"href":"https:\/\/www.gaveanews.com\/index.php\/wp-json\/wp\/v2\/categories?post=80065"},{"taxonomy":"post_tag","embeddable":true,"href":"https:\/\/www.gaveanews.com\/index.php\/wp-json\/wp\/v2\/tags?post=80065"}],"curies":[{"name":"wp","href":"https:\/\/api.w.org\/{rel}","templated":true}]}}