{"id":80069,"date":"2022-04-15T08:46:16","date_gmt":"2022-04-15T11:46:16","guid":{"rendered":"https:\/\/www.gaveanews.com\/?p=80069"},"modified":"2024-04-07T09:44:28","modified_gmt":"2024-04-07T12:44:28","slug":"ronaldinho-gaucho-vagner-love-everton-ribeiro-vitinho-gabigol-de-arrasceta-pedro-e-mais-as-contratacoes-mais-caras-do-flamengo-desde-2011","status":"publish","type":"post","link":"https:\/\/www.gaveanews.com\/index.php\/2022\/04\/15\/ronaldinho-gaucho-vagner-love-everton-ribeiro-vitinho-gabigol-de-arrasceta-pedro-e-mais-as-contratacoes-mais-caras-do-flamengo-desde-2011\/","title":{"rendered":"Ronaldinho Ga\u00facho, Vagner Love, Everton Ribeiro, Vitinho, Gabigol, De Arrasceta, Pedro e mais: As contrata\u00e7\u00f5es mais caras do Flamengo desde 2011"},"content":{"rendered":"\n<p>O Flamengo passou por um processo de reestrutura\u00e7\u00e3o financeira nos \u00faltimos anos que hoje em dia o permite fazer altos investimentos no elenco. Contudo, antes mesmo de seu poder aquisitivo aumentar consideravelmente, o Mais Querido j\u00e1 havia feito contrata\u00e7\u00f5es por valores considerados altos nos anos anteriores.<\/p>\n\n\n\n<p>Nos \u00faltimos 11 anos, por exemplo, o clube acertou chegadas de nomes que dispensam apresenta\u00e7\u00f5es, como Ronaldinho Ga\u00facho e Vagner Love. Confira as contrata\u00e7\u00f5es mais caras do Flamengo desde 2011:<\/p>\n\n\n\n<h2 class=\"wp-block-heading\" id=\"h-2011-ronaldinho-gaucho\">2011 &#8211; Ronaldinho Ga\u00facho<\/h2>\n\n\n\n<figure class=\"wp-block-image size-large\"><img decoding=\"async\" src=\"https:\/\/mercadodofutebol.com\/wp-content\/uploads\/2022\/04\/flaronaldinho_wr_270711-1024x737.webp\" alt=\"\"\/><\/figure>\n\n\n\n<p>Mesmo com a concorr\u00eancia de Palmeiras e Gr\u00eamio na \u00e9poca, o Flamengo conseguiu passar na frente dos demais e garantir a compra de Ronaldinho Ga\u00facho junto ao Milan por \u20ac&nbsp;3 milh\u00f5es (R$ 15 milh\u00f5es na cota\u00e7\u00e3o atual).<\/p>\n\n\n\n<h2 class=\"wp-block-heading\" id=\"h-2012-vagner-love\">2012 &#8211; Vagner Love<\/h2>\n\n\n\n<figure class=\"wp-block-image size-full\"><img loading=\"lazy\" decoding=\"async\" width=\"872\" height=\"548\" src=\"https:\/\/www.gaveanews.com\/wp-content\/uploads\/Vagner-Love.webp\" alt=\"\" class=\"wp-image-36309\" srcset=\"https:\/\/www.gaveanews.com\/wp-content\/uploads\/Vagner-Love.webp 872w, https:\/\/www.gaveanews.com\/wp-content\/uploads\/Vagner-Love-300x189.webp 300w, https:\/\/www.gaveanews.com\/wp-content\/uploads\/Vagner-Love-768x483.webp 768w, https:\/\/www.gaveanews.com\/wp-content\/uploads\/Vagner-Love-668x420.webp 668w, https:\/\/www.gaveanews.com\/wp-content\/uploads\/Vagner-Love-640x402.webp 640w, https:\/\/www.gaveanews.com\/wp-content\/uploads\/Vagner-Love-681x428.webp 681w, https:\/\/www.gaveanews.com\/wp-content\/uploads\/Vagner-Love-100x63.webp 100w\" sizes=\"auto, (max-width: 872px) 100vw, 872px\" \/><\/figure>\n\n\n\n<p>Comprado para ser o principal atacante rubro-negro, Vagner Love custou cerca de R$ 20 milh\u00f5es na cota\u00e7\u00e3o da \u00e9poca. O atleta foi transferido do CSKA, da R\u00fassia, onde tamb\u00e9m vinha sendo valorizado.<\/p>\n\n\n\n<h2 class=\"wp-block-heading\" id=\"h-2013-gabriel\">2013 &#8211; Gabriel<\/h2>\n\n\n\n<figure class=\"wp-block-image size-large\"><img decoding=\"async\" src=\"https:\/\/mercadodofutebol.com\/wp-content\/uploads\/2022\/04\/gabriel-flamengo-get-1024x647.webp\" alt=\"\"\/><\/figure>\n\n\n\n<p>Considerado a maior promessa desde Daniel Alves, Gabriel foi comprado junto ao Bahia. Para garantir a contrata\u00e7\u00e3o, o Flamengo desembolsou R$ 6,7 milh\u00f5es por 50% dos direitos do atleta.<\/p>\n\n\n\n<h2 class=\"wp-block-heading\" id=\"h-2014-canteros\">2014 &#8211; Canteros<\/h2>\n\n\n\n<figure class=\"wp-block-image size-large\"><img decoding=\"async\" src=\"https:\/\/mercadodofutebol.com\/wp-content\/uploads\/2022\/04\/canteros.webp\" alt=\"\"\/><\/figure>\n\n\n\n<p>Destaque do V\u00e9lez na \u00e9poca, o jogador atraiu a aten\u00e7\u00e3o do Flamengo, que pagou R$ 4,8 milh\u00f5es para trazer o argentino ao Rio de Janeiro.<\/p>\n\n\n\n<h2 class=\"wp-block-heading\" id=\"h-2015-marcelo-cirino\">2015 &#8211; Marcelo Cirino<\/h2>\n\n\n\n<figure class=\"wp-block-image size-large\"><img decoding=\"async\" src=\"https:\/\/colunadofla.com\/wp-content\/uploads\/2015\/07\/cirino-flamengo6.webp\" alt=\"\"\/><\/figure>\n\n\n\n<p>Com apenas 22 anos, o atacante se destacou no Athletico-PR, que recebeu R$ 17 milh\u00f5es pela venda do jogador. Para esta negocia\u00e7\u00e3o, o Flamengo recebeu apoio da&nbsp;<em>Doyen Sports<\/em>, grupo de investidores.<\/p>\n\n\n\n<h2 class=\"wp-block-heading\" id=\"h-2016-mancuello\">2016 &#8211; Mancuello<\/h2>\n\n\n\n<figure class=\"wp-block-image size-large\"><img decoding=\"async\" src=\"https:\/\/cdn.resfu.com\/media\/img_news\/goal_mancuello-resende-flamengo-carioca-18032017_d315860faiak1xxlnc6u2rrp0.webp?size=1200x&amp;lossy=1\" alt=\"\"\/><\/figure>\n\n\n\n<p>Mais um estrangeiro da lista, Mancuello foi trazido ao Brasil ap\u00f3s ser um dos principais atletas do V\u00e9lez Sarsfield. A transa\u00e7\u00e3o foi selada por R$ 12 milh\u00f5es, referente a 90% dos direitos do atleta.<\/p>\n\n\n\n<h2 class=\"wp-block-heading\" id=\"h-2017-everton-ribeiro\">2017 &#8211; Everton Ribeiro<\/h2>\n\n\n\n<figure class=\"wp-block-image size-full\"><img loading=\"lazy\" decoding=\"async\" width=\"799\" height=\"533\" src=\"https:\/\/www.gaveanews.com\/wp-content\/uploads\/Everton-Ribeiro-em-acao-pelo-Flamengo-contra-o-Gremio-pela-Copa-do-Brasil-2021.webp\" alt=\"\" class=\"wp-image-66919\" srcset=\"https:\/\/www.gaveanews.com\/wp-content\/uploads\/Everton-Ribeiro-em-acao-pelo-Flamengo-contra-o-Gremio-pela-Copa-do-Brasil-2021.webp 799w, https:\/\/www.gaveanews.com\/wp-content\/uploads\/Everton-Ribeiro-em-acao-pelo-Flamengo-contra-o-Gremio-pela-Copa-do-Brasil-2021-300x200.webp 300w, https:\/\/www.gaveanews.com\/wp-content\/uploads\/Everton-Ribeiro-em-acao-pelo-Flamengo-contra-o-Gremio-pela-Copa-do-Brasil-2021-768x512.webp 768w, https:\/\/www.gaveanews.com\/wp-content\/uploads\/Everton-Ribeiro-em-acao-pelo-Flamengo-contra-o-Gremio-pela-Copa-do-Brasil-2021-630x420.webp 630w, https:\/\/www.gaveanews.com\/wp-content\/uploads\/Everton-Ribeiro-em-acao-pelo-Flamengo-contra-o-Gremio-pela-Copa-do-Brasil-2021-640x427.webp 640w, https:\/\/www.gaveanews.com\/wp-content\/uploads\/Everton-Ribeiro-em-acao-pelo-Flamengo-contra-o-Gremio-pela-Copa-do-Brasil-2021-681x454.webp 681w, https:\/\/www.gaveanews.com\/wp-content\/uploads\/Everton-Ribeiro-em-acao-pelo-Flamengo-contra-o-Gremio-pela-Copa-do-Brasil-2021-100x67.webp 100w\" sizes=\"auto, (max-width: 799px) 100vw, 799px\" \/><figcaption>Everton Ribeiro em a\u00e7\u00e3o pelo Flamengo contra o Gr\u00eamio pela Copa do Brasil 2021 (Foto: Alexandre Vidal\/Flamengo)<\/figcaption><\/figure>\n\n\n\n<p>Ap\u00f3s gostar do que viu do meia no Cruzeiro, o Flamengo acertou a compra de Everton Ribeiro junto ao Al Ahli por R$ 22 milh\u00f5es. Atuando no elenco at\u00e9 hoje, o camisa 7 \u00e9 um dos l\u00edderes de campo e, n\u00e3o atoa, \u00e9 um dos capit\u00e3es do time.<\/p>\n\n\n\n<h2 class=\"wp-block-heading\" id=\"h-2018-vitinho\">2018 &#8211; Vitinho<\/h2>\n\n\n\n<figure class=\"wp-block-image size-full\"><img loading=\"lazy\" decoding=\"async\" width=\"800\" height=\"533\" src=\"https:\/\/www.gaveanews.com\/wp-content\/uploads\/Vitinho-em-acao-pelo-Flamengo-contra-o-Botafogo.webp\" alt=\"\" class=\"wp-image-77310\" srcset=\"https:\/\/www.gaveanews.com\/wp-content\/uploads\/Vitinho-em-acao-pelo-Flamengo-contra-o-Botafogo.webp 800w, https:\/\/www.gaveanews.com\/wp-content\/uploads\/Vitinho-em-acao-pelo-Flamengo-contra-o-Botafogo-300x200.webp 300w, https:\/\/www.gaveanews.com\/wp-content\/uploads\/Vitinho-em-acao-pelo-Flamengo-contra-o-Botafogo-768x512.webp 768w, https:\/\/www.gaveanews.com\/wp-content\/uploads\/Vitinho-em-acao-pelo-Flamengo-contra-o-Botafogo-630x420.webp 630w, https:\/\/www.gaveanews.com\/wp-content\/uploads\/Vitinho-em-acao-pelo-Flamengo-contra-o-Botafogo-640x426.webp 640w, https:\/\/www.gaveanews.com\/wp-content\/uploads\/Vitinho-em-acao-pelo-Flamengo-contra-o-Botafogo-681x454.webp 681w, https:\/\/www.gaveanews.com\/wp-content\/uploads\/Vitinho-em-acao-pelo-Flamengo-contra-o-Botafogo-100x67.webp 100w\" sizes=\"auto, (max-width: 800px) 100vw, 800px\" \/><figcaption>Vitinho em a\u00e7\u00e3o pelo Flamengo contra o Botafogo (Foto: Marcelo Cortes\/Flamengo)<\/figcaption><\/figure>\n\n\n\n<p>Na \u00e9poca, o Flamengo havia vendido Vin\u00edcius J\u00fanior ao Real Madrid e utilizou parte da bolada recebida para trazer o atacante do CSKA, da R\u00fassia. A transa\u00e7\u00e3o custou R$ 53,9 milh\u00f5es aos cofres rubro-negros.<\/p>\n\n\n\n<h2 class=\"wp-block-heading\" id=\"h-2019-arrascaeta\">2019 &#8211; Arrascaeta<\/h2>\n\n\n\n<figure class=\"wp-block-image size-full\"><img loading=\"lazy\" decoding=\"async\" width=\"800\" height=\"533\" src=\"https:\/\/www.gaveanews.com\/wp-content\/uploads\/Arrascaeta-em-acao-pelo-Flamengo.webp\" alt=\"\" class=\"wp-image-78759\" srcset=\"https:\/\/www.gaveanews.com\/wp-content\/uploads\/Arrascaeta-em-acao-pelo-Flamengo.webp 800w, https:\/\/www.gaveanews.com\/wp-content\/uploads\/Arrascaeta-em-acao-pelo-Flamengo-300x200.webp 300w, https:\/\/www.gaveanews.com\/wp-content\/uploads\/Arrascaeta-em-acao-pelo-Flamengo-768x512.webp 768w, https:\/\/www.gaveanews.com\/wp-content\/uploads\/Arrascaeta-em-acao-pelo-Flamengo-630x420.webp 630w, https:\/\/www.gaveanews.com\/wp-content\/uploads\/Arrascaeta-em-acao-pelo-Flamengo-640x426.webp 640w, https:\/\/www.gaveanews.com\/wp-content\/uploads\/Arrascaeta-em-acao-pelo-Flamengo-681x454.webp 681w, https:\/\/www.gaveanews.com\/wp-content\/uploads\/Arrascaeta-em-acao-pelo-Flamengo-100x67.webp 100w\" sizes=\"auto, (max-width: 800px) 100vw, 800px\" \/><figcaption>Arrascaeta em a\u00e7\u00e3o pelo Flamengo (Foto: Marcelo Cortes\/Flamengo)<\/figcaption><\/figure>\n\n\n\n<p>Nos anos anteriores, o uruguaio fez hist\u00f3ria no Cruzeiro, onde conquistou duas Copas do Brasil. Assim como o n\u00edvel t\u00e9cnico do jogador, o valor da compra tamb\u00e9m foi alto, custando R$ 80,3 milh\u00f5es ao Flamengo.<\/p>\n\n\n\n<h2 class=\"wp-block-heading\" id=\"h-2020-gabigol\">2020 &#8211; Gabigol<\/h2>\n\n\n\n<figure class=\"wp-block-image size-full\"><img loading=\"lazy\" decoding=\"async\" width=\"800\" height=\"533\" src=\"https:\/\/www.gaveanews.com\/wp-content\/uploads\/Gabigol-cobra-penalti-em-disputa-contra-o-Atletico-MG-pela-Supercopa-do-Brasil.webp\" alt=\"\" class=\"wp-image-77101\" srcset=\"https:\/\/www.gaveanews.com\/wp-content\/uploads\/Gabigol-cobra-penalti-em-disputa-contra-o-Atletico-MG-pela-Supercopa-do-Brasil.webp 800w, https:\/\/www.gaveanews.com\/wp-content\/uploads\/Gabigol-cobra-penalti-em-disputa-contra-o-Atletico-MG-pela-Supercopa-do-Brasil-300x200.webp 300w, https:\/\/www.gaveanews.com\/wp-content\/uploads\/Gabigol-cobra-penalti-em-disputa-contra-o-Atletico-MG-pela-Supercopa-do-Brasil-768x512.webp 768w, https:\/\/www.gaveanews.com\/wp-content\/uploads\/Gabigol-cobra-penalti-em-disputa-contra-o-Atletico-MG-pela-Supercopa-do-Brasil-630x420.webp 630w, https:\/\/www.gaveanews.com\/wp-content\/uploads\/Gabigol-cobra-penalti-em-disputa-contra-o-Atletico-MG-pela-Supercopa-do-Brasil-640x426.webp 640w, https:\/\/www.gaveanews.com\/wp-content\/uploads\/Gabigol-cobra-penalti-em-disputa-contra-o-Atletico-MG-pela-Supercopa-do-Brasil-681x454.webp 681w, https:\/\/www.gaveanews.com\/wp-content\/uploads\/Gabigol-cobra-penalti-em-disputa-contra-o-Atletico-MG-pela-Supercopa-do-Brasil-100x67.webp 100w\" sizes=\"auto, (max-width: 800px) 100vw, 800px\" \/><figcaption>Gabigol cobra p\u00eanalti em disputa contra o Atl\u00e9tico-MG pela Supercopa do Brasil (Foto: Marcelo Cortes\/Flamengo)<\/figcaption><\/figure>\n\n\n\n<p>Emprestado pela Inter de Mil\u00e3o em 2019, Gabigol foi comprado pelo Flamengo somente em 2020. O passe do camisa 9 tamb\u00e9m custou um alto valor ao time da G\u00e1vea, que pagou nada menos que R$ 97 milh\u00f5es pela negocia\u00e7\u00e3o.<\/p>\n\n\n\n<h2 class=\"wp-block-heading\" id=\"h-2021-pedro\">2021 &#8211; Pedro<\/h2>\n\n\n\n<figure class=\"wp-block-image size-full\"><img loading=\"lazy\" decoding=\"async\" width=\"533\" height=\"799\" src=\"https:\/\/www.gaveanews.com\/wp-content\/uploads\/Pedro-comemora-gol-de-empate-do-Flamengo-contra-o-Athletico-PR-na-semifinal-da-Copa-do-Brasil-2021.webp\" alt=\"\" class=\"wp-image-70396\" srcset=\"https:\/\/www.gaveanews.com\/wp-content\/uploads\/Pedro-comemora-gol-de-empate-do-Flamengo-contra-o-Athletico-PR-na-semifinal-da-Copa-do-Brasil-2021.webp 533w, https:\/\/www.gaveanews.com\/wp-content\/uploads\/Pedro-comemora-gol-de-empate-do-Flamengo-contra-o-Athletico-PR-na-semifinal-da-Copa-do-Brasil-2021-200x300.webp 200w, https:\/\/www.gaveanews.com\/wp-content\/uploads\/Pedro-comemora-gol-de-empate-do-Flamengo-contra-o-Athletico-PR-na-semifinal-da-Copa-do-Brasil-2021-280x420.webp 280w, https:\/\/www.gaveanews.com\/wp-content\/uploads\/Pedro-comemora-gol-de-empate-do-Flamengo-contra-o-Athletico-PR-na-semifinal-da-Copa-do-Brasil-2021-100x150.webp 100w\" sizes=\"auto, (max-width: 533px) 100vw, 533px\" \/><figcaption>Pedro comemora gol de empate do Flamengo contra o Athletico-PR na semifinal da Copa do Brasil 2021 (Foto: Alexandre Vidal\/Flamengo)<\/figcaption><\/figure>\n\n\n\n<p>Depois de se encaixar bem no elenco rubro-negro no per\u00edodo do empr\u00e9stimo, o Flamengo optou por exercer a op\u00e7\u00e3o de compra prevista no contrato, e Pedro foi comprado da Fiorentina por R$ 88,2 milh\u00f5es. <\/p>\n","protected":false},"excerpt":{"rendered":"<p>O Flamengo passou por um processo de reestrutura\u00e7\u00e3o financeira nos \u00faltimos anos que hoje em dia o permite fazer altos investimentos no elenco. Contudo, antes mesmo de seu poder aquisitivo aumentar consideravelmente, o Mais Querido j\u00e1 havia feito contrata\u00e7\u00f5es por valores considerados altos nos anos anteriores. Nos \u00faltimos 11 anos, por exemplo, o clube acertou [&hellip;]<\/p>\n","protected":false},"author":4,"featured_media":65048,"comment_status":"open","ping_status":"closed","sticky":false,"template":"","format":"standard","meta":{"footnotes":""},"categories":[1],"tags":[190,207],"class_list":["post-80069","post","type-post","status-publish","format-standard","has-post-thumbnail","hentry","category-flamengo","tag-ronaldo-de-assis-moreira-ronaldinho-gaucho","tag-vagner-silva-de-souza-love"],"yoast_head":"<!-- This site is optimized with the Yoast SEO Premium plugin v24.2 (Yoast SEO v26.9) - https:\/\/yoast.com\/product\/yoast-seo-premium-wordpress\/ -->\n<title>Ronaldinho Ga\u00facho, Vagner Love, Everton Ribeiro, Vitinho, Gabigol, De Arrasceta, Pedro e mais: As contrata\u00e7\u00f5es mais caras do Flamengo desde 2011<\/title>\n<meta name=\"robots\" content=\"index, follow, max-snippet:-1, max-image-preview:large, max-video-preview:-1\" \/>\n<link rel=\"canonical\" href=\"https:\/\/www.gaveanews.com\/index.php\/2022\/04\/15\/ronaldinho-gaucho-vagner-love-everton-ribeiro-vitinho-gabigol-de-arrasceta-pedro-e-mais-as-contratacoes-mais-caras-do-flamengo-desde-2011\/\" \/>\n<meta property=\"og:locale\" content=\"pt_BR\" \/>\n<meta property=\"og:type\" content=\"article\" \/>\n<meta property=\"og:title\" content=\"Ronaldinho Ga\u00facho, Vagner Love, Everton Ribeiro, Vitinho, Gabigol, De Arrasceta, Pedro e mais: As contrata\u00e7\u00f5es mais caras do Flamengo desde 2011\" \/>\n<meta property=\"og:description\" content=\"O Flamengo passou por um processo de reestrutura\u00e7\u00e3o financeira nos \u00faltimos anos que hoje em dia o permite fazer altos investimentos no elenco. Contudo, antes mesmo de seu poder aquisitivo aumentar consideravelmente, o Mais Querido j\u00e1 havia feito contrata\u00e7\u00f5es por valores considerados altos nos anos anteriores. Nos \u00faltimos 11 anos, por exemplo, o clube acertou [&hellip;]\" \/>\n<meta property=\"og:url\" content=\"https:\/\/www.gaveanews.com\/index.php\/2022\/04\/15\/ronaldinho-gaucho-vagner-love-everton-ribeiro-vitinho-gabigol-de-arrasceta-pedro-e-mais-as-contratacoes-mais-caras-do-flamengo-desde-2011\/\" \/>\n<meta property=\"og:site_name\" content=\"G\u00e1vea News\" \/>\n<meta property=\"article:publisher\" content=\"https:\/\/facebook.com\/gaveaNews\/\" \/>\n<meta property=\"article:published_time\" content=\"2022-04-15T11:46:16+00:00\" \/>\n<meta property=\"article:modified_time\" content=\"2024-04-07T12:44:28+00:00\" \/>\n<meta property=\"og:image\" content=\"https:\/\/www.gaveanews.com\/wp-content\/uploads\/Gabigol-e-Arrascaeta-em-acao-pelo-Flamengo-contra-o-ABC-na-Copa-do-Brasil.webp\" \/>\n\t<meta property=\"og:image:width\" content=\"799\" \/>\n\t<meta property=\"og:image:height\" content=\"533\" \/>\n\t<meta property=\"og:image:type\" content=\"image\/jpeg\" \/>\n<meta name=\"author\" content=\"Let\u00edcia Gerheim\" \/>\n<meta name=\"twitter:card\" content=\"summary_large_image\" \/>\n<meta name=\"twitter:label1\" content=\"Escrito por\" \/>\n\t<meta name=\"twitter:data1\" content=\"Let\u00edcia Gerheim\" \/>\n\t<meta name=\"twitter:label2\" content=\"Est. tempo de leitura\" \/>\n\t<meta name=\"twitter:data2\" content=\"6 minutos\" \/>\n<script type=\"application\/ld+json\" class=\"yoast-schema-graph\">{\"@context\":\"https:\/\/schema.org\",\"@graph\":[{\"@type\":\"NewsArticle\",\"@id\":\"https:\/\/www.gaveanews.com\/index.php\/2022\/04\/15\/ronaldinho-gaucho-vagner-love-everton-ribeiro-vitinho-gabigol-de-arrasceta-pedro-e-mais-as-contratacoes-mais-caras-do-flamengo-desde-2011\/#article\",\"isPartOf\":{\"@id\":\"https:\/\/www.gaveanews.com\/index.php\/2022\/04\/15\/ronaldinho-gaucho-vagner-love-everton-ribeiro-vitinho-gabigol-de-arrasceta-pedro-e-mais-as-contratacoes-mais-caras-do-flamengo-desde-2011\/\"},\"author\":{\"name\":\"Let\u00edcia Gerheim\",\"@id\":\"https:\/\/www.gaveanews.com\/#\/schema\/person\/714c67050b836198af2450ba1c142a67\"},\"headline\":\"Ronaldinho Ga\u00facho, Vagner Love, Everton Ribeiro, Vitinho, Gabigol, De Arrasceta, Pedro e mais: As contrata\u00e7\u00f5es mais caras do Flamengo desde 2011\",\"datePublished\":\"2022-04-15T11:46:16+00:00\",\"dateModified\":\"2024-04-07T12:44:28+00:00\",\"mainEntityOfPage\":{\"@id\":\"https:\/\/www.gaveanews.com\/index.php\/2022\/04\/15\/ronaldinho-gaucho-vagner-love-everton-ribeiro-vitinho-gabigol-de-arrasceta-pedro-e-mais-as-contratacoes-mais-caras-do-flamengo-desde-2011\/\"},\"wordCount\":613,\"commentCount\":0,\"image\":{\"@id\":\"https:\/\/www.gaveanews.com\/index.php\/2022\/04\/15\/ronaldinho-gaucho-vagner-love-everton-ribeiro-vitinho-gabigol-de-arrasceta-pedro-e-mais-as-contratacoes-mais-caras-do-flamengo-desde-2011\/#primaryimage\"},\"thumbnailUrl\":\"https:\/\/www.gaveanews.com\/wp-content\/uploads\/Gabigol-e-Arrascaeta-em-acao-pelo-Flamengo-contra-o-ABC-na-Copa-do-Brasil.webp\",\"keywords\":[\"Ronaldo de Assis Moreira\",\"V\u00e1gner Silva de Souza\"],\"articleSection\":[\"Flamengo\"],\"inLanguage\":\"pt-BR\",\"potentialAction\":[{\"@type\":\"CommentAction\",\"name\":\"Comment\",\"target\":[\"https:\/\/www.gaveanews.com\/index.php\/2022\/04\/15\/ronaldinho-gaucho-vagner-love-everton-ribeiro-vitinho-gabigol-de-arrasceta-pedro-e-mais-as-contratacoes-mais-caras-do-flamengo-desde-2011\/#respond\"]}],\"copyrightYear\":\"2022\",\"copyrightHolder\":{\"@id\":\"https:\/\/www.gaveanews.com\/#organization\"}},{\"@type\":\"WebPage\",\"@id\":\"https:\/\/www.gaveanews.com\/index.php\/2022\/04\/15\/ronaldinho-gaucho-vagner-love-everton-ribeiro-vitinho-gabigol-de-arrasceta-pedro-e-mais-as-contratacoes-mais-caras-do-flamengo-desde-2011\/\",\"url\":\"https:\/\/www.gaveanews.com\/index.php\/2022\/04\/15\/ronaldinho-gaucho-vagner-love-everton-ribeiro-vitinho-gabigol-de-arrasceta-pedro-e-mais-as-contratacoes-mais-caras-do-flamengo-desde-2011\/\",\"name\":\"Ronaldinho Ga\u00facho, Vagner Love, Everton Ribeiro, Vitinho, Gabigol, De Arrasceta, Pedro e mais: As contrata\u00e7\u00f5es mais caras do Flamengo desde 2011\",\"isPartOf\":{\"@id\":\"https:\/\/www.gaveanews.com\/#website\"},\"primaryImageOfPage\":{\"@id\":\"https:\/\/www.gaveanews.com\/index.php\/2022\/04\/15\/ronaldinho-gaucho-vagner-love-everton-ribeiro-vitinho-gabigol-de-arrasceta-pedro-e-mais-as-contratacoes-mais-caras-do-flamengo-desde-2011\/#primaryimage\"},\"image\":{\"@id\":\"https:\/\/www.gaveanews.com\/index.php\/2022\/04\/15\/ronaldinho-gaucho-vagner-love-everton-ribeiro-vitinho-gabigol-de-arrasceta-pedro-e-mais-as-contratacoes-mais-caras-do-flamengo-desde-2011\/#primaryimage\"},\"thumbnailUrl\":\"https:\/\/www.gaveanews.com\/wp-content\/uploads\/Gabigol-e-Arrascaeta-em-acao-pelo-Flamengo-contra-o-ABC-na-Copa-do-Brasil.webp\",\"datePublished\":\"2022-04-15T11:46:16+00:00\",\"dateModified\":\"2024-04-07T12:44:28+00:00\",\"author\":{\"@id\":\"https:\/\/www.gaveanews.com\/#\/schema\/person\/714c67050b836198af2450ba1c142a67\"},\"breadcrumb\":{\"@id\":\"https:\/\/www.gaveanews.com\/index.php\/2022\/04\/15\/ronaldinho-gaucho-vagner-love-everton-ribeiro-vitinho-gabigol-de-arrasceta-pedro-e-mais-as-contratacoes-mais-caras-do-flamengo-desde-2011\/#breadcrumb\"},\"inLanguage\":\"pt-BR\",\"potentialAction\":[{\"@type\":\"ReadAction\",\"target\":[\"https:\/\/www.gaveanews.com\/index.php\/2022\/04\/15\/ronaldinho-gaucho-vagner-love-everton-ribeiro-vitinho-gabigol-de-arrasceta-pedro-e-mais-as-contratacoes-mais-caras-do-flamengo-desde-2011\/\"]}]},{\"@type\":\"ImageObject\",\"inLanguage\":\"pt-BR\",\"@id\":\"https:\/\/www.gaveanews.com\/index.php\/2022\/04\/15\/ronaldinho-gaucho-vagner-love-everton-ribeiro-vitinho-gabigol-de-arrasceta-pedro-e-mais-as-contratacoes-mais-caras-do-flamengo-desde-2011\/#primaryimage\",\"url\":\"https:\/\/www.gaveanews.com\/wp-content\/uploads\/Gabigol-e-Arrascaeta-em-acao-pelo-Flamengo-contra-o-ABC-na-Copa-do-Brasil.webp\",\"contentUrl\":\"https:\/\/www.gaveanews.com\/wp-content\/uploads\/Gabigol-e-Arrascaeta-em-acao-pelo-Flamengo-contra-o-ABC-na-Copa-do-Brasil.webp\",\"width\":799,\"height\":533,\"caption\":\"Gabigol e Arrascaeta em a\u00e7\u00e3o pelo Flamengo contra o ABC na Copa do Brasil (Foto: Alexandre Vidal\/Flamengo)\"},{\"@type\":\"BreadcrumbList\",\"@id\":\"https:\/\/www.gaveanews.com\/index.php\/2022\/04\/15\/ronaldinho-gaucho-vagner-love-everton-ribeiro-vitinho-gabigol-de-arrasceta-pedro-e-mais-as-contratacoes-mais-caras-do-flamengo-desde-2011\/#breadcrumb\",\"itemListElement\":[{\"@type\":\"ListItem\",\"position\":1,\"name\":\"Home\",\"item\":\"https:\/\/www.gaveanews.com\/\"},{\"@type\":\"ListItem\",\"position\":2,\"name\":\"Ronaldinho Ga\u00facho, Vagner Love, Everton Ribeiro, Vitinho, Gabigol, De Arrasceta, Pedro e mais: As contrata\u00e7\u00f5es mais caras do Flamengo desde 2011\"}]},{\"@type\":\"WebSite\",\"@id\":\"https:\/\/www.gaveanews.com\/#website\",\"url\":\"https:\/\/www.gaveanews.com\/\",\"name\":\"G\u00e1vea News\",\"description\":\"Veja todas as not\u00edcias sobre o Flamengo: Contrata\u00e7\u00f5es, categorias de base, resultados das partidas, tabela de classifica\u00e7\u00e3o, pr\u00f3ximos jogos!\",\"potentialAction\":[{\"@type\":\"SearchAction\",\"target\":{\"@type\":\"EntryPoint\",\"urlTemplate\":\"https:\/\/www.gaveanews.com\/?s={search_term_string}\"},\"query-input\":{\"@type\":\"PropertyValueSpecification\",\"valueRequired\":true,\"valueName\":\"search_term_string\"}}],\"inLanguage\":\"pt-BR\"},{\"@type\":\"Person\",\"@id\":\"https:\/\/www.gaveanews.com\/#\/schema\/person\/714c67050b836198af2450ba1c142a67\",\"name\":\"Let\u00edcia Gerheim\",\"image\":{\"@type\":\"ImageObject\",\"inLanguage\":\"pt-BR\",\"@id\":\"https:\/\/www.gaveanews.com\/#\/schema\/person\/image\/\",\"url\":\"https:\/\/secure.gravatar.com\/avatar\/60734739c50fcebfbac509e2a826ccd0ff405c019bc73aab9354f19ecad1dcb4?s=96&d=mm&r=g\",\"contentUrl\":\"https:\/\/secure.gravatar.com\/avatar\/60734739c50fcebfbac509e2a826ccd0ff405c019bc73aab9354f19ecad1dcb4?s=96&d=mm&r=g\",\"caption\":\"Let\u00edcia Gerheim\"}}]}<\/script>\n<!-- \/ Yoast SEO Premium plugin. -->","yoast_head_json":{"title":"Ronaldinho Ga\u00facho, Vagner Love, Everton Ribeiro, Vitinho, Gabigol, De Arrasceta, Pedro e mais: As contrata\u00e7\u00f5es mais caras do Flamengo desde 2011","robots":{"index":"index","follow":"follow","max-snippet":"max-snippet:-1","max-image-preview":"max-image-preview:large","max-video-preview":"max-video-preview:-1"},"canonical":"https:\/\/www.gaveanews.com\/index.php\/2022\/04\/15\/ronaldinho-gaucho-vagner-love-everton-ribeiro-vitinho-gabigol-de-arrasceta-pedro-e-mais-as-contratacoes-mais-caras-do-flamengo-desde-2011\/","og_locale":"pt_BR","og_type":"article","og_title":"Ronaldinho Ga\u00facho, Vagner Love, Everton Ribeiro, Vitinho, Gabigol, De Arrasceta, Pedro e mais: As contrata\u00e7\u00f5es mais caras do Flamengo desde 2011","og_description":"O Flamengo passou por um processo de reestrutura\u00e7\u00e3o financeira nos \u00faltimos anos que hoje em dia o permite fazer altos investimentos no elenco. Contudo, antes mesmo de seu poder aquisitivo aumentar consideravelmente, o Mais Querido j\u00e1 havia feito contrata\u00e7\u00f5es por valores considerados altos nos anos anteriores. Nos \u00faltimos 11 anos, por exemplo, o clube acertou [&hellip;]","og_url":"https:\/\/www.gaveanews.com\/index.php\/2022\/04\/15\/ronaldinho-gaucho-vagner-love-everton-ribeiro-vitinho-gabigol-de-arrasceta-pedro-e-mais-as-contratacoes-mais-caras-do-flamengo-desde-2011\/","og_site_name":"G\u00e1vea News","article_publisher":"https:\/\/facebook.com\/gaveaNews\/","article_published_time":"2022-04-15T11:46:16+00:00","article_modified_time":"2024-04-07T12:44:28+00:00","og_image":[{"width":799,"height":533,"url":"https:\/\/www.gaveanews.com\/wp-content\/uploads\/Gabigol-e-Arrascaeta-em-acao-pelo-Flamengo-contra-o-ABC-na-Copa-do-Brasil.webp","type":"image\/jpeg"}],"author":"Let\u00edcia Gerheim","twitter_card":"summary_large_image","twitter_misc":{"Escrito por":"Let\u00edcia Gerheim","Est. tempo de leitura":"6 minutos"},"schema":{"@context":"https:\/\/schema.org","@graph":[{"@type":"NewsArticle","@id":"https:\/\/www.gaveanews.com\/index.php\/2022\/04\/15\/ronaldinho-gaucho-vagner-love-everton-ribeiro-vitinho-gabigol-de-arrasceta-pedro-e-mais-as-contratacoes-mais-caras-do-flamengo-desde-2011\/#article","isPartOf":{"@id":"https:\/\/www.gaveanews.com\/index.php\/2022\/04\/15\/ronaldinho-gaucho-vagner-love-everton-ribeiro-vitinho-gabigol-de-arrasceta-pedro-e-mais-as-contratacoes-mais-caras-do-flamengo-desde-2011\/"},"author":{"name":"Let\u00edcia Gerheim","@id":"https:\/\/www.gaveanews.com\/#\/schema\/person\/714c67050b836198af2450ba1c142a67"},"headline":"Ronaldinho Ga\u00facho, Vagner Love, Everton Ribeiro, Vitinho, Gabigol, De Arrasceta, Pedro e mais: As contrata\u00e7\u00f5es mais caras do Flamengo desde 2011","datePublished":"2022-04-15T11:46:16+00:00","dateModified":"2024-04-07T12:44:28+00:00","mainEntityOfPage":{"@id":"https:\/\/www.gaveanews.com\/index.php\/2022\/04\/15\/ronaldinho-gaucho-vagner-love-everton-ribeiro-vitinho-gabigol-de-arrasceta-pedro-e-mais-as-contratacoes-mais-caras-do-flamengo-desde-2011\/"},"wordCount":613,"commentCount":0,"image":{"@id":"https:\/\/www.gaveanews.com\/index.php\/2022\/04\/15\/ronaldinho-gaucho-vagner-love-everton-ribeiro-vitinho-gabigol-de-arrasceta-pedro-e-mais-as-contratacoes-mais-caras-do-flamengo-desde-2011\/#primaryimage"},"thumbnailUrl":"https:\/\/www.gaveanews.com\/wp-content\/uploads\/Gabigol-e-Arrascaeta-em-acao-pelo-Flamengo-contra-o-ABC-na-Copa-do-Brasil.webp","keywords":["Ronaldo de Assis Moreira","V\u00e1gner Silva de Souza"],"articleSection":["Flamengo"],"inLanguage":"pt-BR","potentialAction":[{"@type":"CommentAction","name":"Comment","target":["https:\/\/www.gaveanews.com\/index.php\/2022\/04\/15\/ronaldinho-gaucho-vagner-love-everton-ribeiro-vitinho-gabigol-de-arrasceta-pedro-e-mais-as-contratacoes-mais-caras-do-flamengo-desde-2011\/#respond"]}],"copyrightYear":"2022","copyrightHolder":{"@id":"https:\/\/www.gaveanews.com\/#organization"}},{"@type":"WebPage","@id":"https:\/\/www.gaveanews.com\/index.php\/2022\/04\/15\/ronaldinho-gaucho-vagner-love-everton-ribeiro-vitinho-gabigol-de-arrasceta-pedro-e-mais-as-contratacoes-mais-caras-do-flamengo-desde-2011\/","url":"https:\/\/www.gaveanews.com\/index.php\/2022\/04\/15\/ronaldinho-gaucho-vagner-love-everton-ribeiro-vitinho-gabigol-de-arrasceta-pedro-e-mais-as-contratacoes-mais-caras-do-flamengo-desde-2011\/","name":"Ronaldinho Ga\u00facho, Vagner Love, Everton Ribeiro, Vitinho, Gabigol, De Arrasceta, Pedro e mais: As contrata\u00e7\u00f5es mais caras do Flamengo desde 2011","isPartOf":{"@id":"https:\/\/www.gaveanews.com\/#website"},"primaryImageOfPage":{"@id":"https:\/\/www.gaveanews.com\/index.php\/2022\/04\/15\/ronaldinho-gaucho-vagner-love-everton-ribeiro-vitinho-gabigol-de-arrasceta-pedro-e-mais-as-contratacoes-mais-caras-do-flamengo-desde-2011\/#primaryimage"},"image":{"@id":"https:\/\/www.gaveanews.com\/index.php\/2022\/04\/15\/ronaldinho-gaucho-vagner-love-everton-ribeiro-vitinho-gabigol-de-arrasceta-pedro-e-mais-as-contratacoes-mais-caras-do-flamengo-desde-2011\/#primaryimage"},"thumbnailUrl":"https:\/\/www.gaveanews.com\/wp-content\/uploads\/Gabigol-e-Arrascaeta-em-acao-pelo-Flamengo-contra-o-ABC-na-Copa-do-Brasil.webp","datePublished":"2022-04-15T11:46:16+00:00","dateModified":"2024-04-07T12:44:28+00:00","author":{"@id":"https:\/\/www.gaveanews.com\/#\/schema\/person\/714c67050b836198af2450ba1c142a67"},"breadcrumb":{"@id":"https:\/\/www.gaveanews.com\/index.php\/2022\/04\/15\/ronaldinho-gaucho-vagner-love-everton-ribeiro-vitinho-gabigol-de-arrasceta-pedro-e-mais-as-contratacoes-mais-caras-do-flamengo-desde-2011\/#breadcrumb"},"inLanguage":"pt-BR","potentialAction":[{"@type":"ReadAction","target":["https:\/\/www.gaveanews.com\/index.php\/2022\/04\/15\/ronaldinho-gaucho-vagner-love-everton-ribeiro-vitinho-gabigol-de-arrasceta-pedro-e-mais-as-contratacoes-mais-caras-do-flamengo-desde-2011\/"]}]},{"@type":"ImageObject","inLanguage":"pt-BR","@id":"https:\/\/www.gaveanews.com\/index.php\/2022\/04\/15\/ronaldinho-gaucho-vagner-love-everton-ribeiro-vitinho-gabigol-de-arrasceta-pedro-e-mais-as-contratacoes-mais-caras-do-flamengo-desde-2011\/#primaryimage","url":"https:\/\/www.gaveanews.com\/wp-content\/uploads\/Gabigol-e-Arrascaeta-em-acao-pelo-Flamengo-contra-o-ABC-na-Copa-do-Brasil.webp","contentUrl":"https:\/\/www.gaveanews.com\/wp-content\/uploads\/Gabigol-e-Arrascaeta-em-acao-pelo-Flamengo-contra-o-ABC-na-Copa-do-Brasil.webp","width":799,"height":533,"caption":"Gabigol e Arrascaeta em a\u00e7\u00e3o pelo Flamengo contra o ABC na Copa do Brasil (Foto: Alexandre Vidal\/Flamengo)"},{"@type":"BreadcrumbList","@id":"https:\/\/www.gaveanews.com\/index.php\/2022\/04\/15\/ronaldinho-gaucho-vagner-love-everton-ribeiro-vitinho-gabigol-de-arrasceta-pedro-e-mais-as-contratacoes-mais-caras-do-flamengo-desde-2011\/#breadcrumb","itemListElement":[{"@type":"ListItem","position":1,"name":"Home","item":"https:\/\/www.gaveanews.com\/"},{"@type":"ListItem","position":2,"name":"Ronaldinho Ga\u00facho, Vagner Love, Everton Ribeiro, Vitinho, Gabigol, De Arrasceta, Pedro e mais: As contrata\u00e7\u00f5es mais caras do Flamengo desde 2011"}]},{"@type":"WebSite","@id":"https:\/\/www.gaveanews.com\/#website","url":"https:\/\/www.gaveanews.com\/","name":"G\u00e1vea News","description":"Veja todas as not\u00edcias sobre o Flamengo: Contrata\u00e7\u00f5es, categorias de base, resultados das partidas, tabela de classifica\u00e7\u00e3o, pr\u00f3ximos jogos!","potentialAction":[{"@type":"SearchAction","target":{"@type":"EntryPoint","urlTemplate":"https:\/\/www.gaveanews.com\/?s={search_term_string}"},"query-input":{"@type":"PropertyValueSpecification","valueRequired":true,"valueName":"search_term_string"}}],"inLanguage":"pt-BR"},{"@type":"Person","@id":"https:\/\/www.gaveanews.com\/#\/schema\/person\/714c67050b836198af2450ba1c142a67","name":"Let\u00edcia Gerheim","image":{"@type":"ImageObject","inLanguage":"pt-BR","@id":"https:\/\/www.gaveanews.com\/#\/schema\/person\/image\/","url":"https:\/\/secure.gravatar.com\/avatar\/60734739c50fcebfbac509e2a826ccd0ff405c019bc73aab9354f19ecad1dcb4?s=96&d=mm&r=g","contentUrl":"https:\/\/secure.gravatar.com\/avatar\/60734739c50fcebfbac509e2a826ccd0ff405c019bc73aab9354f19ecad1dcb4?s=96&d=mm&r=g","caption":"Let\u00edcia Gerheim"}}]}},"_links":{"self":[{"href":"https:\/\/www.gaveanews.com\/index.php\/wp-json\/wp\/v2\/posts\/80069","targetHints":{"allow":["GET"]}}],"collection":[{"href":"https:\/\/www.gaveanews.com\/index.php\/wp-json\/wp\/v2\/posts"}],"about":[{"href":"https:\/\/www.gaveanews.com\/index.php\/wp-json\/wp\/v2\/types\/post"}],"author":[{"embeddable":true,"href":"https:\/\/www.gaveanews.com\/index.php\/wp-json\/wp\/v2\/users\/4"}],"replies":[{"embeddable":true,"href":"https:\/\/www.gaveanews.com\/index.php\/wp-json\/wp\/v2\/comments?post=80069"}],"version-history":[{"count":1,"href":"https:\/\/www.gaveanews.com\/index.php\/wp-json\/wp\/v2\/posts\/80069\/revisions"}],"predecessor-version":[{"id":136357,"href":"https:\/\/www.gaveanews.com\/index.php\/wp-json\/wp\/v2\/posts\/80069\/revisions\/136357"}],"wp:featuredmedia":[{"embeddable":true,"href":"https:\/\/www.gaveanews.com\/index.php\/wp-json\/wp\/v2\/media\/65048"}],"wp:attachment":[{"href":"https:\/\/www.gaveanews.com\/index.php\/wp-json\/wp\/v2\/media?parent=80069"}],"wp:term":[{"taxonomy":"category","embeddable":true,"href":"https:\/\/www.gaveanews.com\/index.php\/wp-json\/wp\/v2\/categories?post=80069"},{"taxonomy":"post_tag","embeddable":true,"href":"https:\/\/www.gaveanews.com\/index.php\/wp-json\/wp\/v2\/tags?post=80069"}],"curies":[{"name":"wp","href":"https:\/\/api.w.org\/{rel}","templated":true}]}}