{"id":80083,"date":"2022-04-15T11:12:49","date_gmt":"2022-04-15T14:12:49","guid":{"rendered":"https:\/\/www.gaveanews.com\/?p=80083"},"modified":"2022-04-15T11:13:01","modified_gmt":"2022-04-15T14:13:01","slug":"flamengo-emite-nota-oficial-sobre-bruno-henrique-4","status":"publish","type":"post","link":"https:\/\/www.gaveanews.com\/index.php\/2022\/04\/15\/flamengo-emite-nota-oficial-sobre-bruno-henrique-4\/","title":{"rendered":"Flamengo emite nota oficial sobre Bruno Henrique"},"content":{"rendered":"\n<p>O elenco do Flamengo trabalhou no Ninho do Urubu, na manh\u00e3 desta sexta, sem a presen\u00e7a de Bruno Henrique. De acordo com o clube, o atacante teve constatada tendinopatia no joelho direito, dando sequ\u00eancia ao tratamento no CT nesta manh\u00e3. Assim, Paulo Sousa n\u00e3o contar\u00e1 com o camisa 27 diante do S\u00e3o Paulo, neste domingo, pela segunda rodada do Campeonato Brasileiro.<\/p>\n\n\n\n<figure class=\"wp-block-embed is-type-rich is-provider-twitter wp-block-embed-twitter\"><div class=\"wp-block-embed__wrapper\">\n<blockquote class=\"twitter-tweet\" data-width=\"550\" data-dnt=\"true\"><p lang=\"pt\" dir=\"ltr\">Nesta sexta-feira (15), o atleta Bruno Henrique realizou exame, que constatou uma tendinopatia no joelho direito, ap\u00f3s trauma sofrido no \u00faltimo jogo. Segue o tratamento. <a href=\"https:\/\/twitter.com\/hashtag\/CRF?src=hash&amp;ref_src=twsrc%5Etfw\">#CRF<\/a><\/p>&mdash; Flamengo (@Flamengo) <a href=\"https:\/\/twitter.com\/Flamengo\/status\/1514955960401420292?ref_src=twsrc%5Etfw\">April 15, 2022<\/a><\/blockquote><script async src=\"https:\/\/platform.twitter.com\/widgets.js\" charset=\"utf-8\"><\/script>\n<\/div><\/figure>\n\n\n\n<p>Bruno Henrique j\u00e1 teve o mesmo problema no ano passado. Nesta temporada, o atacante j\u00e1 desfalcou o Flamengo em outras partidas por conta de problemas f\u00edsicos. Al\u00e9m dele, Paulo Sousa n\u00e3o conta com os zagueiros Fabr\u00edcio Bruno, Rodrigo Caio e Gustavo Henrique e o lateral-direito Matheuzinho para o jogo.<\/p>\n\n\n\n<p>Os primeiros 15 minutos da atividade no gramado do Ninho foram liberados \u00e0 imprensa. Os zagueiros Rodrigo Caio e Pablo, que ainda n\u00e3o atuaram nesta temporada, participaram deste per\u00edodo do treino, que consistia em um circuito, com diferentes exerc\u00edcios f\u00edsicos, al\u00e9m de uma a\u00e7\u00e3o coordenada dos jogadores, que precisavam avan\u00e7ar em linha e simular uma marca\u00e7\u00e3o sobre o advers\u00e1rio.<\/p>\n\n\n\n<p>Pablo tem trabalhado com o grupo h\u00e1 alguns dias e feito um complemento de trabalho individualmente. J\u00e1 Rodrigo Caio tem alternado trabalhos individuais e com o elenco, e o complemento com a prepara\u00e7\u00e3o f\u00edsica no Ninho do Urubu.<\/p>\n\n\n\n<p>Retirado de: Lance<\/p>\n","protected":false},"excerpt":{"rendered":"<p>O elenco do Flamengo trabalhou no Ninho do Urubu, na manh\u00e3 desta sexta, sem a presen\u00e7a de Bruno Henrique. De acordo com o clube, o atacante teve constatada tendinopatia no joelho direito, dando sequ\u00eancia ao tratamento no CT nesta manh\u00e3. Assim, Paulo Sousa n\u00e3o contar\u00e1 com o camisa 27 diante do S\u00e3o Paulo, neste domingo, [&hellip;]<\/p>\n","protected":false},"author":1,"featured_media":78927,"comment_status":"open","ping_status":"closed","sticky":false,"template":"","format":"standard","meta":{"footnotes":""},"categories":[1],"tags":[],"class_list":["post-80083","post","type-post","status-publish","format-standard","has-post-thumbnail","hentry","category-flamengo"],"yoast_head":"<!-- This site is optimized with the Yoast SEO Premium plugin v24.2 (Yoast SEO v26.9) - https:\/\/yoast.com\/product\/yoast-seo-premium-wordpress\/ -->\n<title>Flamengo emite nota oficial sobre Bruno Henrique<\/title>\n<meta name=\"robots\" content=\"index, follow, max-snippet:-1, max-image-preview:large, max-video-preview:-1\" \/>\n<link rel=\"canonical\" href=\"https:\/\/www.gaveanews.com\/index.php\/2022\/04\/15\/flamengo-emite-nota-oficial-sobre-bruno-henrique-4\/\" \/>\n<meta property=\"og:locale\" content=\"pt_BR\" \/>\n<meta property=\"og:type\" content=\"article\" \/>\n<meta property=\"og:title\" content=\"Flamengo emite nota oficial sobre Bruno Henrique\" \/>\n<meta property=\"og:description\" content=\"O elenco do Flamengo trabalhou no Ninho do Urubu, na manh\u00e3 desta sexta, sem a presen\u00e7a de Bruno Henrique. De acordo com o clube, o atacante teve constatada tendinopatia no joelho direito, dando sequ\u00eancia ao tratamento no CT nesta manh\u00e3. Assim, Paulo Sousa n\u00e3o contar\u00e1 com o camisa 27 diante do S\u00e3o Paulo, neste domingo, [&hellip;]\" \/>\n<meta property=\"og:url\" content=\"https:\/\/www.gaveanews.com\/index.php\/2022\/04\/15\/flamengo-emite-nota-oficial-sobre-bruno-henrique-4\/\" \/>\n<meta property=\"og:site_name\" content=\"G\u00e1vea News\" \/>\n<meta property=\"article:publisher\" content=\"https:\/\/facebook.com\/gaveaNews\/\" \/>\n<meta property=\"article:published_time\" content=\"2022-04-15T14:12:49+00:00\" \/>\n<meta property=\"article:modified_time\" content=\"2022-04-15T14:13:01+00:00\" \/>\n<meta property=\"og:image\" content=\"https:\/\/www.gaveanews.com\/wp-content\/uploads\/Bruno-Henrique-durante-treinamento-do-Flamengo.webp\" \/>\n\t<meta property=\"og:image:width\" content=\"533\" \/>\n\t<meta property=\"og:image:height\" content=\"799\" \/>\n\t<meta property=\"og:image:type\" content=\"image\/jpeg\" \/>\n<meta name=\"author\" content=\"Equipe G\u00e1vea News\" \/>\n<meta name=\"twitter:card\" content=\"summary_large_image\" \/>\n<meta name=\"twitter:label1\" content=\"Escrito por\" \/>\n\t<meta name=\"twitter:data1\" content=\"Equipe G\u00e1vea News\" \/>\n\t<meta name=\"twitter:label2\" content=\"Est. tempo de leitura\" \/>\n\t<meta name=\"twitter:data2\" content=\"2 minutos\" \/>\n<script type=\"application\/ld+json\" class=\"yoast-schema-graph\">{\"@context\":\"https:\/\/schema.org\",\"@graph\":[{\"@type\":\"NewsArticle\",\"@id\":\"https:\/\/www.gaveanews.com\/index.php\/2022\/04\/15\/flamengo-emite-nota-oficial-sobre-bruno-henrique-4\/#article\",\"isPartOf\":{\"@id\":\"https:\/\/www.gaveanews.com\/index.php\/2022\/04\/15\/flamengo-emite-nota-oficial-sobre-bruno-henrique-4\/\"},\"author\":{\"name\":\"Equipe G\u00e1vea News\",\"@id\":\"https:\/\/www.gaveanews.com\/#\/schema\/person\/2ec14f73fb96be2caf28f91afb14749d\"},\"headline\":\"Flamengo emite nota oficial sobre Bruno Henrique\",\"datePublished\":\"2022-04-15T14:12:49+00:00\",\"dateModified\":\"2022-04-15T14:13:01+00:00\",\"mainEntityOfPage\":{\"@id\":\"https:\/\/www.gaveanews.com\/index.php\/2022\/04\/15\/flamengo-emite-nota-oficial-sobre-bruno-henrique-4\/\"},\"wordCount\":238,\"commentCount\":0,\"image\":{\"@id\":\"https:\/\/www.gaveanews.com\/index.php\/2022\/04\/15\/flamengo-emite-nota-oficial-sobre-bruno-henrique-4\/#primaryimage\"},\"thumbnailUrl\":\"https:\/\/www.gaveanews.com\/wp-content\/uploads\/Bruno-Henrique-durante-treinamento-do-Flamengo.webp\",\"articleSection\":[\"Flamengo\"],\"inLanguage\":\"pt-BR\",\"potentialAction\":[{\"@type\":\"CommentAction\",\"name\":\"Comment\",\"target\":[\"https:\/\/www.gaveanews.com\/index.php\/2022\/04\/15\/flamengo-emite-nota-oficial-sobre-bruno-henrique-4\/#respond\"]}],\"copyrightYear\":\"2022\",\"copyrightHolder\":{\"@id\":\"https:\/\/www.gaveanews.com\/#organization\"}},{\"@type\":\"WebPage\",\"@id\":\"https:\/\/www.gaveanews.com\/index.php\/2022\/04\/15\/flamengo-emite-nota-oficial-sobre-bruno-henrique-4\/\",\"url\":\"https:\/\/www.gaveanews.com\/index.php\/2022\/04\/15\/flamengo-emite-nota-oficial-sobre-bruno-henrique-4\/\",\"name\":\"Flamengo emite nota oficial sobre Bruno Henrique\",\"isPartOf\":{\"@id\":\"https:\/\/www.gaveanews.com\/#website\"},\"primaryImageOfPage\":{\"@id\":\"https:\/\/www.gaveanews.com\/index.php\/2022\/04\/15\/flamengo-emite-nota-oficial-sobre-bruno-henrique-4\/#primaryimage\"},\"image\":{\"@id\":\"https:\/\/www.gaveanews.com\/index.php\/2022\/04\/15\/flamengo-emite-nota-oficial-sobre-bruno-henrique-4\/#primaryimage\"},\"thumbnailUrl\":\"https:\/\/www.gaveanews.com\/wp-content\/uploads\/Bruno-Henrique-durante-treinamento-do-Flamengo.webp\",\"datePublished\":\"2022-04-15T14:12:49+00:00\",\"dateModified\":\"2022-04-15T14:13:01+00:00\",\"author\":{\"@id\":\"https:\/\/www.gaveanews.com\/#\/schema\/person\/2ec14f73fb96be2caf28f91afb14749d\"},\"breadcrumb\":{\"@id\":\"https:\/\/www.gaveanews.com\/index.php\/2022\/04\/15\/flamengo-emite-nota-oficial-sobre-bruno-henrique-4\/#breadcrumb\"},\"inLanguage\":\"pt-BR\",\"potentialAction\":[{\"@type\":\"ReadAction\",\"target\":[\"https:\/\/www.gaveanews.com\/index.php\/2022\/04\/15\/flamengo-emite-nota-oficial-sobre-bruno-henrique-4\/\"]}]},{\"@type\":\"ImageObject\",\"inLanguage\":\"pt-BR\",\"@id\":\"https:\/\/www.gaveanews.com\/index.php\/2022\/04\/15\/flamengo-emite-nota-oficial-sobre-bruno-henrique-4\/#primaryimage\",\"url\":\"https:\/\/www.gaveanews.com\/wp-content\/uploads\/Bruno-Henrique-durante-treinamento-do-Flamengo.webp\",\"contentUrl\":\"https:\/\/www.gaveanews.com\/wp-content\/uploads\/Bruno-Henrique-durante-treinamento-do-Flamengo.webp\",\"width\":533,\"height\":799,\"caption\":\"Bruno Henrique durante treinamento do Flamengo (Foto: Gilvan de Souza\/Flamengo)\"},{\"@type\":\"BreadcrumbList\",\"@id\":\"https:\/\/www.gaveanews.com\/index.php\/2022\/04\/15\/flamengo-emite-nota-oficial-sobre-bruno-henrique-4\/#breadcrumb\",\"itemListElement\":[{\"@type\":\"ListItem\",\"position\":1,\"name\":\"Home\",\"item\":\"https:\/\/www.gaveanews.com\/\"},{\"@type\":\"ListItem\",\"position\":2,\"name\":\"Flamengo emite nota oficial sobre Bruno Henrique\"}]},{\"@type\":\"WebSite\",\"@id\":\"https:\/\/www.gaveanews.com\/#website\",\"url\":\"https:\/\/www.gaveanews.com\/\",\"name\":\"G\u00e1vea News\",\"description\":\"Veja todas as not\u00edcias sobre o Flamengo: Contrata\u00e7\u00f5es, categorias de base, resultados das partidas, tabela de classifica\u00e7\u00e3o, pr\u00f3ximos jogos!\",\"potentialAction\":[{\"@type\":\"SearchAction\",\"target\":{\"@type\":\"EntryPoint\",\"urlTemplate\":\"https:\/\/www.gaveanews.com\/?s={search_term_string}\"},\"query-input\":{\"@type\":\"PropertyValueSpecification\",\"valueRequired\":true,\"valueName\":\"search_term_string\"}}],\"inLanguage\":\"pt-BR\"},{\"@type\":\"Person\",\"@id\":\"https:\/\/www.gaveanews.com\/#\/schema\/person\/2ec14f73fb96be2caf28f91afb14749d\",\"name\":\"Equipe G\u00e1vea News\",\"image\":{\"@type\":\"ImageObject\",\"inLanguage\":\"pt-BR\",\"@id\":\"https:\/\/www.gaveanews.com\/#\/schema\/person\/image\/\",\"url\":\"https:\/\/secure.gravatar.com\/avatar\/1e1956f1facbffd3f8fa53a326721950116b3b9dc9bd44939c01180fd4a745a9?s=96&d=mm&r=g\",\"contentUrl\":\"https:\/\/secure.gravatar.com\/avatar\/1e1956f1facbffd3f8fa53a326721950116b3b9dc9bd44939c01180fd4a745a9?s=96&d=mm&r=g\",\"caption\":\"Equipe G\u00e1vea News\"}}]}<\/script>\n<!-- \/ Yoast SEO Premium plugin. -->","yoast_head_json":{"title":"Flamengo emite nota oficial sobre Bruno Henrique","robots":{"index":"index","follow":"follow","max-snippet":"max-snippet:-1","max-image-preview":"max-image-preview:large","max-video-preview":"max-video-preview:-1"},"canonical":"https:\/\/www.gaveanews.com\/index.php\/2022\/04\/15\/flamengo-emite-nota-oficial-sobre-bruno-henrique-4\/","og_locale":"pt_BR","og_type":"article","og_title":"Flamengo emite nota oficial sobre Bruno Henrique","og_description":"O elenco do Flamengo trabalhou no Ninho do Urubu, na manh\u00e3 desta sexta, sem a presen\u00e7a de Bruno Henrique. De acordo com o clube, o atacante teve constatada tendinopatia no joelho direito, dando sequ\u00eancia ao tratamento no CT nesta manh\u00e3. Assim, Paulo Sousa n\u00e3o contar\u00e1 com o camisa 27 diante do S\u00e3o Paulo, neste domingo, [&hellip;]","og_url":"https:\/\/www.gaveanews.com\/index.php\/2022\/04\/15\/flamengo-emite-nota-oficial-sobre-bruno-henrique-4\/","og_site_name":"G\u00e1vea News","article_publisher":"https:\/\/facebook.com\/gaveaNews\/","article_published_time":"2022-04-15T14:12:49+00:00","article_modified_time":"2022-04-15T14:13:01+00:00","og_image":[{"width":533,"height":799,"url":"https:\/\/www.gaveanews.com\/wp-content\/uploads\/Bruno-Henrique-durante-treinamento-do-Flamengo.webp","type":"image\/jpeg"}],"author":"Equipe G\u00e1vea News","twitter_card":"summary_large_image","twitter_misc":{"Escrito por":"Equipe G\u00e1vea News","Est. tempo de leitura":"2 minutos"},"schema":{"@context":"https:\/\/schema.org","@graph":[{"@type":"NewsArticle","@id":"https:\/\/www.gaveanews.com\/index.php\/2022\/04\/15\/flamengo-emite-nota-oficial-sobre-bruno-henrique-4\/#article","isPartOf":{"@id":"https:\/\/www.gaveanews.com\/index.php\/2022\/04\/15\/flamengo-emite-nota-oficial-sobre-bruno-henrique-4\/"},"author":{"name":"Equipe G\u00e1vea News","@id":"https:\/\/www.gaveanews.com\/#\/schema\/person\/2ec14f73fb96be2caf28f91afb14749d"},"headline":"Flamengo emite nota oficial sobre Bruno Henrique","datePublished":"2022-04-15T14:12:49+00:00","dateModified":"2022-04-15T14:13:01+00:00","mainEntityOfPage":{"@id":"https:\/\/www.gaveanews.com\/index.php\/2022\/04\/15\/flamengo-emite-nota-oficial-sobre-bruno-henrique-4\/"},"wordCount":238,"commentCount":0,"image":{"@id":"https:\/\/www.gaveanews.com\/index.php\/2022\/04\/15\/flamengo-emite-nota-oficial-sobre-bruno-henrique-4\/#primaryimage"},"thumbnailUrl":"https:\/\/www.gaveanews.com\/wp-content\/uploads\/Bruno-Henrique-durante-treinamento-do-Flamengo.webp","articleSection":["Flamengo"],"inLanguage":"pt-BR","potentialAction":[{"@type":"CommentAction","name":"Comment","target":["https:\/\/www.gaveanews.com\/index.php\/2022\/04\/15\/flamengo-emite-nota-oficial-sobre-bruno-henrique-4\/#respond"]}],"copyrightYear":"2022","copyrightHolder":{"@id":"https:\/\/www.gaveanews.com\/#organization"}},{"@type":"WebPage","@id":"https:\/\/www.gaveanews.com\/index.php\/2022\/04\/15\/flamengo-emite-nota-oficial-sobre-bruno-henrique-4\/","url":"https:\/\/www.gaveanews.com\/index.php\/2022\/04\/15\/flamengo-emite-nota-oficial-sobre-bruno-henrique-4\/","name":"Flamengo emite nota oficial sobre Bruno Henrique","isPartOf":{"@id":"https:\/\/www.gaveanews.com\/#website"},"primaryImageOfPage":{"@id":"https:\/\/www.gaveanews.com\/index.php\/2022\/04\/15\/flamengo-emite-nota-oficial-sobre-bruno-henrique-4\/#primaryimage"},"image":{"@id":"https:\/\/www.gaveanews.com\/index.php\/2022\/04\/15\/flamengo-emite-nota-oficial-sobre-bruno-henrique-4\/#primaryimage"},"thumbnailUrl":"https:\/\/www.gaveanews.com\/wp-content\/uploads\/Bruno-Henrique-durante-treinamento-do-Flamengo.webp","datePublished":"2022-04-15T14:12:49+00:00","dateModified":"2022-04-15T14:13:01+00:00","author":{"@id":"https:\/\/www.gaveanews.com\/#\/schema\/person\/2ec14f73fb96be2caf28f91afb14749d"},"breadcrumb":{"@id":"https:\/\/www.gaveanews.com\/index.php\/2022\/04\/15\/flamengo-emite-nota-oficial-sobre-bruno-henrique-4\/#breadcrumb"},"inLanguage":"pt-BR","potentialAction":[{"@type":"ReadAction","target":["https:\/\/www.gaveanews.com\/index.php\/2022\/04\/15\/flamengo-emite-nota-oficial-sobre-bruno-henrique-4\/"]}]},{"@type":"ImageObject","inLanguage":"pt-BR","@id":"https:\/\/www.gaveanews.com\/index.php\/2022\/04\/15\/flamengo-emite-nota-oficial-sobre-bruno-henrique-4\/#primaryimage","url":"https:\/\/www.gaveanews.com\/wp-content\/uploads\/Bruno-Henrique-durante-treinamento-do-Flamengo.webp","contentUrl":"https:\/\/www.gaveanews.com\/wp-content\/uploads\/Bruno-Henrique-durante-treinamento-do-Flamengo.webp","width":533,"height":799,"caption":"Bruno Henrique durante treinamento do Flamengo (Foto: Gilvan de Souza\/Flamengo)"},{"@type":"BreadcrumbList","@id":"https:\/\/www.gaveanews.com\/index.php\/2022\/04\/15\/flamengo-emite-nota-oficial-sobre-bruno-henrique-4\/#breadcrumb","itemListElement":[{"@type":"ListItem","position":1,"name":"Home","item":"https:\/\/www.gaveanews.com\/"},{"@type":"ListItem","position":2,"name":"Flamengo emite nota oficial sobre Bruno Henrique"}]},{"@type":"WebSite","@id":"https:\/\/www.gaveanews.com\/#website","url":"https:\/\/www.gaveanews.com\/","name":"G\u00e1vea News","description":"Veja todas as not\u00edcias sobre o Flamengo: Contrata\u00e7\u00f5es, categorias de base, resultados das partidas, tabela de classifica\u00e7\u00e3o, pr\u00f3ximos jogos!","potentialAction":[{"@type":"SearchAction","target":{"@type":"EntryPoint","urlTemplate":"https:\/\/www.gaveanews.com\/?s={search_term_string}"},"query-input":{"@type":"PropertyValueSpecification","valueRequired":true,"valueName":"search_term_string"}}],"inLanguage":"pt-BR"},{"@type":"Person","@id":"https:\/\/www.gaveanews.com\/#\/schema\/person\/2ec14f73fb96be2caf28f91afb14749d","name":"Equipe G\u00e1vea News","image":{"@type":"ImageObject","inLanguage":"pt-BR","@id":"https:\/\/www.gaveanews.com\/#\/schema\/person\/image\/","url":"https:\/\/secure.gravatar.com\/avatar\/1e1956f1facbffd3f8fa53a326721950116b3b9dc9bd44939c01180fd4a745a9?s=96&d=mm&r=g","contentUrl":"https:\/\/secure.gravatar.com\/avatar\/1e1956f1facbffd3f8fa53a326721950116b3b9dc9bd44939c01180fd4a745a9?s=96&d=mm&r=g","caption":"Equipe G\u00e1vea News"}}]}},"_links":{"self":[{"href":"https:\/\/www.gaveanews.com\/index.php\/wp-json\/wp\/v2\/posts\/80083","targetHints":{"allow":["GET"]}}],"collection":[{"href":"https:\/\/www.gaveanews.com\/index.php\/wp-json\/wp\/v2\/posts"}],"about":[{"href":"https:\/\/www.gaveanews.com\/index.php\/wp-json\/wp\/v2\/types\/post"}],"author":[{"embeddable":true,"href":"https:\/\/www.gaveanews.com\/index.php\/wp-json\/wp\/v2\/users\/1"}],"replies":[{"embeddable":true,"href":"https:\/\/www.gaveanews.com\/index.php\/wp-json\/wp\/v2\/comments?post=80083"}],"version-history":[{"count":0,"href":"https:\/\/www.gaveanews.com\/index.php\/wp-json\/wp\/v2\/posts\/80083\/revisions"}],"wp:featuredmedia":[{"embeddable":true,"href":"https:\/\/www.gaveanews.com\/index.php\/wp-json\/wp\/v2\/media\/78927"}],"wp:attachment":[{"href":"https:\/\/www.gaveanews.com\/index.php\/wp-json\/wp\/v2\/media?parent=80083"}],"wp:term":[{"taxonomy":"category","embeddable":true,"href":"https:\/\/www.gaveanews.com\/index.php\/wp-json\/wp\/v2\/categories?post=80083"},{"taxonomy":"post_tag","embeddable":true,"href":"https:\/\/www.gaveanews.com\/index.php\/wp-json\/wp\/v2\/tags?post=80083"}],"curies":[{"name":"wp","href":"https:\/\/api.w.org\/{rel}","templated":true}]}}