{"id":80091,"date":"2022-04-15T13:21:13","date_gmt":"2022-04-15T16:21:13","guid":{"rendered":"https:\/\/www.gaveanews.com\/?p=80091"},"modified":"2022-04-15T13:21:16","modified_gmt":"2022-04-15T16:21:16","slug":"marcos-braz-do-flamengo-abre-o-jogo-sobre-fernandinho-do-manchester-e-arturo-vidal","status":"publish","type":"post","link":"https:\/\/www.gaveanews.com\/index.php\/2022\/04\/15\/marcos-braz-do-flamengo-abre-o-jogo-sobre-fernandinho-do-manchester-e-arturo-vidal\/","title":{"rendered":"Marcos Braz, do Flamengo, abre o jogo sobre Fernandinho, do Manchester, e Arturo Vidal"},"content":{"rendered":"\n<p>O in\u00edcio de temporada foi movimentado para o Flamengo no mercado. O Rubro-Negro contratou alguns novos refor\u00e7os e negociou outros. Em conversa com jornalistas no Ninho do Urubu, Marcos Braz falou sobre a possibilidade de chegada de Arturo Vidal e Fernandinho. O dirigente afirmou que novos nomes agora s\u00f3 chegam a partir de 18 de julho.<\/p>\n\n\n\n<p><strong><em>\u2014 A partir do momento que estiver liberado (Fernandinho), vamos conversar. N\u00e3o tem nada. Conhe\u00e7o o empres\u00e1rio dele. Ele n\u00e3o resolveu a vida dele. N\u00e3o tem nada. A gente at\u00e9 foi saber um tempo atr\u00e1s as condi\u00e7\u00f5es (sobre Vidal), mas ainda n\u00e3o tem nada. Foi passado pra gente que tinha interesse do jogador em voltar \u00e0 Am\u00e9rica do Sul<\/em><\/strong>, disse Marcos Braz.<\/p>\n\n\n\n<p>O dirigente do Flamengo tamb\u00e9m afirmou que n\u00e3o tentou a contrata\u00e7\u00e3o de Thiago Mendes novamente, mas elogiou o jogador. At\u00e9 aqui, o Rubro-Negro j\u00e1 se refor\u00e7ou com Fabr\u00edcio Bruno, Marinho, Pablo, Ayrton Lucas e Santos. O Flamengo agora encara o S\u00e3o Paulo, neste domingo, pelo Campeonato Brasileiro, no Maracan\u00e3.<\/p>\n\n\n\n<p>Retirado de: Di\u00e1rio do Fla<\/p>\n","protected":false},"excerpt":{"rendered":"<p>O in\u00edcio de temporada foi movimentado para o Flamengo no mercado. O Rubro-Negro contratou alguns novos refor\u00e7os e negociou outros. Em conversa com jornalistas no Ninho do Urubu, Marcos Braz falou sobre a possibilidade de chegada de Arturo Vidal e Fernandinho. O dirigente afirmou que novos nomes agora s\u00f3 chegam a partir de 18 de [&hellip;]<\/p>\n","protected":false},"author":1,"featured_media":62573,"comment_status":"open","ping_status":"closed","sticky":false,"template":"","format":"standard","meta":{"footnotes":""},"categories":[48],"tags":[],"class_list":["post-80091","post","type-post","status-publish","format-standard","has-post-thumbnail","hentry","category-negociacoes"],"yoast_head":"<!-- This site is optimized with the Yoast SEO Premium plugin v24.2 (Yoast SEO v26.9) - https:\/\/yoast.com\/product\/yoast-seo-premium-wordpress\/ -->\n<title>Marcos Braz, do Flamengo, abre o jogo sobre Fernandinho, do Manchester, e Arturo Vidal<\/title>\n<meta name=\"robots\" content=\"index, follow, max-snippet:-1, max-image-preview:large, max-video-preview:-1\" \/>\n<link rel=\"canonical\" href=\"https:\/\/www.gaveanews.com\/index.php\/2022\/04\/15\/marcos-braz-do-flamengo-abre-o-jogo-sobre-fernandinho-do-manchester-e-arturo-vidal\/\" \/>\n<meta property=\"og:locale\" content=\"pt_BR\" \/>\n<meta property=\"og:type\" content=\"article\" \/>\n<meta property=\"og:title\" content=\"Marcos Braz, do Flamengo, abre o jogo sobre Fernandinho, do Manchester, e Arturo Vidal\" \/>\n<meta property=\"og:description\" content=\"O in\u00edcio de temporada foi movimentado para o Flamengo no mercado. O Rubro-Negro contratou alguns novos refor\u00e7os e negociou outros. Em conversa com jornalistas no Ninho do Urubu, Marcos Braz falou sobre a possibilidade de chegada de Arturo Vidal e Fernandinho. O dirigente afirmou que novos nomes agora s\u00f3 chegam a partir de 18 de [&hellip;]\" \/>\n<meta property=\"og:url\" content=\"https:\/\/www.gaveanews.com\/index.php\/2022\/04\/15\/marcos-braz-do-flamengo-abre-o-jogo-sobre-fernandinho-do-manchester-e-arturo-vidal\/\" \/>\n<meta property=\"og:site_name\" content=\"G\u00e1vea News\" \/>\n<meta property=\"article:publisher\" content=\"https:\/\/facebook.com\/gaveaNews\/\" \/>\n<meta property=\"article:published_time\" content=\"2022-04-15T16:21:13+00:00\" \/>\n<meta property=\"article:modified_time\" content=\"2022-04-15T16:21:16+00:00\" \/>\n<meta property=\"og:image\" content=\"https:\/\/www.gaveanews.com\/wp-content\/uploads\/Fernandinho-durante-treinamento-do-Brasil.webp\" \/>\n\t<meta property=\"og:image:width\" content=\"846\" \/>\n\t<meta property=\"og:image:height\" content=\"564\" \/>\n\t<meta property=\"og:image:type\" content=\"image\/jpeg\" \/>\n<meta name=\"author\" content=\"Equipe G\u00e1vea News\" \/>\n<meta name=\"twitter:card\" content=\"summary_large_image\" \/>\n<meta name=\"twitter:label1\" content=\"Escrito por\" \/>\n\t<meta name=\"twitter:data1\" content=\"Equipe G\u00e1vea News\" \/>\n\t<meta name=\"twitter:label2\" content=\"Est. tempo de leitura\" \/>\n\t<meta name=\"twitter:data2\" content=\"1 minuto\" \/>\n<script type=\"application\/ld+json\" class=\"yoast-schema-graph\">{\"@context\":\"https:\/\/schema.org\",\"@graph\":[{\"@type\":\"NewsArticle\",\"@id\":\"https:\/\/www.gaveanews.com\/index.php\/2022\/04\/15\/marcos-braz-do-flamengo-abre-o-jogo-sobre-fernandinho-do-manchester-e-arturo-vidal\/#article\",\"isPartOf\":{\"@id\":\"https:\/\/www.gaveanews.com\/index.php\/2022\/04\/15\/marcos-braz-do-flamengo-abre-o-jogo-sobre-fernandinho-do-manchester-e-arturo-vidal\/\"},\"author\":{\"name\":\"Equipe G\u00e1vea News\",\"@id\":\"https:\/\/www.gaveanews.com\/#\/schema\/person\/2ec14f73fb96be2caf28f91afb14749d\"},\"headline\":\"Marcos Braz, do Flamengo, abre o jogo sobre Fernandinho, do Manchester, e Arturo Vidal\",\"datePublished\":\"2022-04-15T16:21:13+00:00\",\"dateModified\":\"2022-04-15T16:21:16+00:00\",\"mainEntityOfPage\":{\"@id\":\"https:\/\/www.gaveanews.com\/index.php\/2022\/04\/15\/marcos-braz-do-flamengo-abre-o-jogo-sobre-fernandinho-do-manchester-e-arturo-vidal\/\"},\"wordCount\":201,\"commentCount\":0,\"image\":{\"@id\":\"https:\/\/www.gaveanews.com\/index.php\/2022\/04\/15\/marcos-braz-do-flamengo-abre-o-jogo-sobre-fernandinho-do-manchester-e-arturo-vidal\/#primaryimage\"},\"thumbnailUrl\":\"https:\/\/www.gaveanews.com\/wp-content\/uploads\/Fernandinho-durante-treinamento-do-Brasil.webp\",\"articleSection\":[\"Negocia\u00e7\u00f5es\"],\"inLanguage\":\"pt-BR\",\"potentialAction\":[{\"@type\":\"CommentAction\",\"name\":\"Comment\",\"target\":[\"https:\/\/www.gaveanews.com\/index.php\/2022\/04\/15\/marcos-braz-do-flamengo-abre-o-jogo-sobre-fernandinho-do-manchester-e-arturo-vidal\/#respond\"]}],\"copyrightYear\":\"2022\",\"copyrightHolder\":{\"@id\":\"https:\/\/www.gaveanews.com\/#organization\"}},{\"@type\":\"WebPage\",\"@id\":\"https:\/\/www.gaveanews.com\/index.php\/2022\/04\/15\/marcos-braz-do-flamengo-abre-o-jogo-sobre-fernandinho-do-manchester-e-arturo-vidal\/\",\"url\":\"https:\/\/www.gaveanews.com\/index.php\/2022\/04\/15\/marcos-braz-do-flamengo-abre-o-jogo-sobre-fernandinho-do-manchester-e-arturo-vidal\/\",\"name\":\"Marcos Braz, do Flamengo, abre o jogo sobre Fernandinho, do Manchester, e Arturo Vidal\",\"isPartOf\":{\"@id\":\"https:\/\/www.gaveanews.com\/#website\"},\"primaryImageOfPage\":{\"@id\":\"https:\/\/www.gaveanews.com\/index.php\/2022\/04\/15\/marcos-braz-do-flamengo-abre-o-jogo-sobre-fernandinho-do-manchester-e-arturo-vidal\/#primaryimage\"},\"image\":{\"@id\":\"https:\/\/www.gaveanews.com\/index.php\/2022\/04\/15\/marcos-braz-do-flamengo-abre-o-jogo-sobre-fernandinho-do-manchester-e-arturo-vidal\/#primaryimage\"},\"thumbnailUrl\":\"https:\/\/www.gaveanews.com\/wp-content\/uploads\/Fernandinho-durante-treinamento-do-Brasil.webp\",\"datePublished\":\"2022-04-15T16:21:13+00:00\",\"dateModified\":\"2022-04-15T16:21:16+00:00\",\"author\":{\"@id\":\"https:\/\/www.gaveanews.com\/#\/schema\/person\/2ec14f73fb96be2caf28f91afb14749d\"},\"breadcrumb\":{\"@id\":\"https:\/\/www.gaveanews.com\/index.php\/2022\/04\/15\/marcos-braz-do-flamengo-abre-o-jogo-sobre-fernandinho-do-manchester-e-arturo-vidal\/#breadcrumb\"},\"inLanguage\":\"pt-BR\",\"potentialAction\":[{\"@type\":\"ReadAction\",\"target\":[\"https:\/\/www.gaveanews.com\/index.php\/2022\/04\/15\/marcos-braz-do-flamengo-abre-o-jogo-sobre-fernandinho-do-manchester-e-arturo-vidal\/\"]}]},{\"@type\":\"ImageObject\",\"inLanguage\":\"pt-BR\",\"@id\":\"https:\/\/www.gaveanews.com\/index.php\/2022\/04\/15\/marcos-braz-do-flamengo-abre-o-jogo-sobre-fernandinho-do-manchester-e-arturo-vidal\/#primaryimage\",\"url\":\"https:\/\/www.gaveanews.com\/wp-content\/uploads\/Fernandinho-durante-treinamento-do-Brasil.webp\",\"contentUrl\":\"https:\/\/www.gaveanews.com\/wp-content\/uploads\/Fernandinho-durante-treinamento-do-Brasil.webp\",\"width\":846,\"height\":564,\"caption\":\"Fernandinho durante treinamento do Brasil (Foto: Lucas Figueiredo\/CBF)\"},{\"@type\":\"BreadcrumbList\",\"@id\":\"https:\/\/www.gaveanews.com\/index.php\/2022\/04\/15\/marcos-braz-do-flamengo-abre-o-jogo-sobre-fernandinho-do-manchester-e-arturo-vidal\/#breadcrumb\",\"itemListElement\":[{\"@type\":\"ListItem\",\"position\":1,\"name\":\"Home\",\"item\":\"https:\/\/www.gaveanews.com\/\"},{\"@type\":\"ListItem\",\"position\":2,\"name\":\"Marcos Braz, do Flamengo, abre o jogo sobre Fernandinho, do Manchester, e Arturo Vidal\"}]},{\"@type\":\"WebSite\",\"@id\":\"https:\/\/www.gaveanews.com\/#website\",\"url\":\"https:\/\/www.gaveanews.com\/\",\"name\":\"G\u00e1vea News\",\"description\":\"Veja todas as not\u00edcias sobre o Flamengo: Contrata\u00e7\u00f5es, categorias de base, resultados das partidas, tabela de classifica\u00e7\u00e3o, pr\u00f3ximos jogos!\",\"potentialAction\":[{\"@type\":\"SearchAction\",\"target\":{\"@type\":\"EntryPoint\",\"urlTemplate\":\"https:\/\/www.gaveanews.com\/?s={search_term_string}\"},\"query-input\":{\"@type\":\"PropertyValueSpecification\",\"valueRequired\":true,\"valueName\":\"search_term_string\"}}],\"inLanguage\":\"pt-BR\"},{\"@type\":\"Person\",\"@id\":\"https:\/\/www.gaveanews.com\/#\/schema\/person\/2ec14f73fb96be2caf28f91afb14749d\",\"name\":\"Equipe G\u00e1vea News\",\"image\":{\"@type\":\"ImageObject\",\"inLanguage\":\"pt-BR\",\"@id\":\"https:\/\/www.gaveanews.com\/#\/schema\/person\/image\/\",\"url\":\"https:\/\/secure.gravatar.com\/avatar\/1e1956f1facbffd3f8fa53a326721950116b3b9dc9bd44939c01180fd4a745a9?s=96&d=mm&r=g\",\"contentUrl\":\"https:\/\/secure.gravatar.com\/avatar\/1e1956f1facbffd3f8fa53a326721950116b3b9dc9bd44939c01180fd4a745a9?s=96&d=mm&r=g\",\"caption\":\"Equipe G\u00e1vea News\"}}]}<\/script>\n<!-- \/ Yoast SEO Premium plugin. -->","yoast_head_json":{"title":"Marcos Braz, do Flamengo, abre o jogo sobre Fernandinho, do Manchester, e Arturo Vidal","robots":{"index":"index","follow":"follow","max-snippet":"max-snippet:-1","max-image-preview":"max-image-preview:large","max-video-preview":"max-video-preview:-1"},"canonical":"https:\/\/www.gaveanews.com\/index.php\/2022\/04\/15\/marcos-braz-do-flamengo-abre-o-jogo-sobre-fernandinho-do-manchester-e-arturo-vidal\/","og_locale":"pt_BR","og_type":"article","og_title":"Marcos Braz, do Flamengo, abre o jogo sobre Fernandinho, do Manchester, e Arturo Vidal","og_description":"O in\u00edcio de temporada foi movimentado para o Flamengo no mercado. O Rubro-Negro contratou alguns novos refor\u00e7os e negociou outros. Em conversa com jornalistas no Ninho do Urubu, Marcos Braz falou sobre a possibilidade de chegada de Arturo Vidal e Fernandinho. O dirigente afirmou que novos nomes agora s\u00f3 chegam a partir de 18 de [&hellip;]","og_url":"https:\/\/www.gaveanews.com\/index.php\/2022\/04\/15\/marcos-braz-do-flamengo-abre-o-jogo-sobre-fernandinho-do-manchester-e-arturo-vidal\/","og_site_name":"G\u00e1vea News","article_publisher":"https:\/\/facebook.com\/gaveaNews\/","article_published_time":"2022-04-15T16:21:13+00:00","article_modified_time":"2022-04-15T16:21:16+00:00","og_image":[{"width":846,"height":564,"url":"https:\/\/www.gaveanews.com\/wp-content\/uploads\/Fernandinho-durante-treinamento-do-Brasil.webp","type":"image\/jpeg"}],"author":"Equipe G\u00e1vea News","twitter_card":"summary_large_image","twitter_misc":{"Escrito por":"Equipe G\u00e1vea News","Est. tempo de leitura":"1 minuto"},"schema":{"@context":"https:\/\/schema.org","@graph":[{"@type":"NewsArticle","@id":"https:\/\/www.gaveanews.com\/index.php\/2022\/04\/15\/marcos-braz-do-flamengo-abre-o-jogo-sobre-fernandinho-do-manchester-e-arturo-vidal\/#article","isPartOf":{"@id":"https:\/\/www.gaveanews.com\/index.php\/2022\/04\/15\/marcos-braz-do-flamengo-abre-o-jogo-sobre-fernandinho-do-manchester-e-arturo-vidal\/"},"author":{"name":"Equipe G\u00e1vea News","@id":"https:\/\/www.gaveanews.com\/#\/schema\/person\/2ec14f73fb96be2caf28f91afb14749d"},"headline":"Marcos Braz, do Flamengo, abre o jogo sobre Fernandinho, do Manchester, e Arturo Vidal","datePublished":"2022-04-15T16:21:13+00:00","dateModified":"2022-04-15T16:21:16+00:00","mainEntityOfPage":{"@id":"https:\/\/www.gaveanews.com\/index.php\/2022\/04\/15\/marcos-braz-do-flamengo-abre-o-jogo-sobre-fernandinho-do-manchester-e-arturo-vidal\/"},"wordCount":201,"commentCount":0,"image":{"@id":"https:\/\/www.gaveanews.com\/index.php\/2022\/04\/15\/marcos-braz-do-flamengo-abre-o-jogo-sobre-fernandinho-do-manchester-e-arturo-vidal\/#primaryimage"},"thumbnailUrl":"https:\/\/www.gaveanews.com\/wp-content\/uploads\/Fernandinho-durante-treinamento-do-Brasil.webp","articleSection":["Negocia\u00e7\u00f5es"],"inLanguage":"pt-BR","potentialAction":[{"@type":"CommentAction","name":"Comment","target":["https:\/\/www.gaveanews.com\/index.php\/2022\/04\/15\/marcos-braz-do-flamengo-abre-o-jogo-sobre-fernandinho-do-manchester-e-arturo-vidal\/#respond"]}],"copyrightYear":"2022","copyrightHolder":{"@id":"https:\/\/www.gaveanews.com\/#organization"}},{"@type":"WebPage","@id":"https:\/\/www.gaveanews.com\/index.php\/2022\/04\/15\/marcos-braz-do-flamengo-abre-o-jogo-sobre-fernandinho-do-manchester-e-arturo-vidal\/","url":"https:\/\/www.gaveanews.com\/index.php\/2022\/04\/15\/marcos-braz-do-flamengo-abre-o-jogo-sobre-fernandinho-do-manchester-e-arturo-vidal\/","name":"Marcos Braz, do Flamengo, abre o jogo sobre Fernandinho, do Manchester, e Arturo Vidal","isPartOf":{"@id":"https:\/\/www.gaveanews.com\/#website"},"primaryImageOfPage":{"@id":"https:\/\/www.gaveanews.com\/index.php\/2022\/04\/15\/marcos-braz-do-flamengo-abre-o-jogo-sobre-fernandinho-do-manchester-e-arturo-vidal\/#primaryimage"},"image":{"@id":"https:\/\/www.gaveanews.com\/index.php\/2022\/04\/15\/marcos-braz-do-flamengo-abre-o-jogo-sobre-fernandinho-do-manchester-e-arturo-vidal\/#primaryimage"},"thumbnailUrl":"https:\/\/www.gaveanews.com\/wp-content\/uploads\/Fernandinho-durante-treinamento-do-Brasil.webp","datePublished":"2022-04-15T16:21:13+00:00","dateModified":"2022-04-15T16:21:16+00:00","author":{"@id":"https:\/\/www.gaveanews.com\/#\/schema\/person\/2ec14f73fb96be2caf28f91afb14749d"},"breadcrumb":{"@id":"https:\/\/www.gaveanews.com\/index.php\/2022\/04\/15\/marcos-braz-do-flamengo-abre-o-jogo-sobre-fernandinho-do-manchester-e-arturo-vidal\/#breadcrumb"},"inLanguage":"pt-BR","potentialAction":[{"@type":"ReadAction","target":["https:\/\/www.gaveanews.com\/index.php\/2022\/04\/15\/marcos-braz-do-flamengo-abre-o-jogo-sobre-fernandinho-do-manchester-e-arturo-vidal\/"]}]},{"@type":"ImageObject","inLanguage":"pt-BR","@id":"https:\/\/www.gaveanews.com\/index.php\/2022\/04\/15\/marcos-braz-do-flamengo-abre-o-jogo-sobre-fernandinho-do-manchester-e-arturo-vidal\/#primaryimage","url":"https:\/\/www.gaveanews.com\/wp-content\/uploads\/Fernandinho-durante-treinamento-do-Brasil.webp","contentUrl":"https:\/\/www.gaveanews.com\/wp-content\/uploads\/Fernandinho-durante-treinamento-do-Brasil.webp","width":846,"height":564,"caption":"Fernandinho durante treinamento do Brasil (Foto: Lucas Figueiredo\/CBF)"},{"@type":"BreadcrumbList","@id":"https:\/\/www.gaveanews.com\/index.php\/2022\/04\/15\/marcos-braz-do-flamengo-abre-o-jogo-sobre-fernandinho-do-manchester-e-arturo-vidal\/#breadcrumb","itemListElement":[{"@type":"ListItem","position":1,"name":"Home","item":"https:\/\/www.gaveanews.com\/"},{"@type":"ListItem","position":2,"name":"Marcos Braz, do Flamengo, abre o jogo sobre Fernandinho, do Manchester, e Arturo Vidal"}]},{"@type":"WebSite","@id":"https:\/\/www.gaveanews.com\/#website","url":"https:\/\/www.gaveanews.com\/","name":"G\u00e1vea News","description":"Veja todas as not\u00edcias sobre o Flamengo: Contrata\u00e7\u00f5es, categorias de base, resultados das partidas, tabela de classifica\u00e7\u00e3o, pr\u00f3ximos jogos!","potentialAction":[{"@type":"SearchAction","target":{"@type":"EntryPoint","urlTemplate":"https:\/\/www.gaveanews.com\/?s={search_term_string}"},"query-input":{"@type":"PropertyValueSpecification","valueRequired":true,"valueName":"search_term_string"}}],"inLanguage":"pt-BR"},{"@type":"Person","@id":"https:\/\/www.gaveanews.com\/#\/schema\/person\/2ec14f73fb96be2caf28f91afb14749d","name":"Equipe G\u00e1vea News","image":{"@type":"ImageObject","inLanguage":"pt-BR","@id":"https:\/\/www.gaveanews.com\/#\/schema\/person\/image\/","url":"https:\/\/secure.gravatar.com\/avatar\/1e1956f1facbffd3f8fa53a326721950116b3b9dc9bd44939c01180fd4a745a9?s=96&d=mm&r=g","contentUrl":"https:\/\/secure.gravatar.com\/avatar\/1e1956f1facbffd3f8fa53a326721950116b3b9dc9bd44939c01180fd4a745a9?s=96&d=mm&r=g","caption":"Equipe G\u00e1vea News"}}]}},"_links":{"self":[{"href":"https:\/\/www.gaveanews.com\/index.php\/wp-json\/wp\/v2\/posts\/80091","targetHints":{"allow":["GET"]}}],"collection":[{"href":"https:\/\/www.gaveanews.com\/index.php\/wp-json\/wp\/v2\/posts"}],"about":[{"href":"https:\/\/www.gaveanews.com\/index.php\/wp-json\/wp\/v2\/types\/post"}],"author":[{"embeddable":true,"href":"https:\/\/www.gaveanews.com\/index.php\/wp-json\/wp\/v2\/users\/1"}],"replies":[{"embeddable":true,"href":"https:\/\/www.gaveanews.com\/index.php\/wp-json\/wp\/v2\/comments?post=80091"}],"version-history":[{"count":0,"href":"https:\/\/www.gaveanews.com\/index.php\/wp-json\/wp\/v2\/posts\/80091\/revisions"}],"wp:featuredmedia":[{"embeddable":true,"href":"https:\/\/www.gaveanews.com\/index.php\/wp-json\/wp\/v2\/media\/62573"}],"wp:attachment":[{"href":"https:\/\/www.gaveanews.com\/index.php\/wp-json\/wp\/v2\/media?parent=80091"}],"wp:term":[{"taxonomy":"category","embeddable":true,"href":"https:\/\/www.gaveanews.com\/index.php\/wp-json\/wp\/v2\/categories?post=80091"},{"taxonomy":"post_tag","embeddable":true,"href":"https:\/\/www.gaveanews.com\/index.php\/wp-json\/wp\/v2\/tags?post=80091"}],"curies":[{"name":"wp","href":"https:\/\/api.w.org\/{rel}","templated":true}]}}