{"id":80204,"date":"2022-04-18T12:35:03","date_gmt":"2022-04-18T15:35:03","guid":{"rendered":"https:\/\/www.gaveanews.com\/?p=80204"},"modified":"2022-04-18T12:35:06","modified_gmt":"2022-04-18T15:35:06","slug":"de-arrascaeta-gabigol-joao-gomes-mauricio-isla-e-paulo-sousa-os-representantes-do-flamengo-na-selecao-da-2a-rodada-do-brasileirao","status":"publish","type":"post","link":"https:\/\/www.gaveanews.com\/index.php\/2022\/04\/18\/de-arrascaeta-gabigol-joao-gomes-mauricio-isla-e-paulo-sousa-os-representantes-do-flamengo-na-selecao-da-2a-rodada-do-brasileirao\/","title":{"rendered":"De Arrascaeta, Gabigol, Jo\u00e3o Gomes, Mauricio Isla e Paulo Sousa: Os representantes do Flamengo na sele\u00e7\u00e3o da 2\u00aa rodada do Brasileir\u00e3o"},"content":{"rendered":"\n<p>No \u00faltimo domingo (17), o Flamengo deu um presente de p\u00e1scoa aos seus torcedores e venceu o S\u00e3o Paulo por 3 a 1 em duelo pela segunda rodada do Campeonato Brasileiro. A partida contou com um bom desempenho do elenco de maneira geral, mas alguns nomes certamente ganharam destaque.<\/p>\n\n\n\n<p>Idolatrado pela Na\u00e7\u00e3o j\u00e1 h\u00e1 bastante tempo, Arrascaeta teve ampla maioria dos votos e ganhou sua vaga na sele\u00e7\u00e3o da rodada. Al\u00e9m dele, o outro estrangeiro da equipe tamb\u00e9m ganhou sua posi\u00e7\u00e3o. Ao ser acionado e entrar bem no jogo, Isla deixou o dele e foi celebrado pela torcida.<\/p>\n\n\n\n<p>Para fechar o trio que balan\u00e7ou a rede pelo Flamengo, Gabigol tamb\u00e9m foi escolhido pela torcida para a sele\u00e7\u00e3o da rodada. O \u00faltimo jogador rubro-negro a ter maioria na vota\u00e7\u00e3o foi Jo\u00e3o Gomes, que faz uma excelente temporada at\u00e9 agora e tem conquistado seu espa\u00e7o no time titular.<\/p>\n\n\n\n<p>Por \u00faltimo, mas n\u00e3o menos importante, o comandante da equipe tamb\u00e9m ganhou o reconhecimento da torcida. Por conseguir extrair um bom rendimento do elenco mais uma vez, Paulo Sousa foi definido como o melhor t\u00e9cnico da segunda rodada do Brasileir\u00e3o.<\/p>\n\n\n\n<p>Um outro nome que tem sua carreira ligada ao Flamengo na sele\u00e7\u00e3o da rodada \u00e9 Natan, revelado pelo Mais Querido e vendido ao Bragantino no ano passado. Assim como teve um bom desempenho no time carioca, o trabalho do zagueiro tamb\u00e9m est\u00e1 sendo reconhecido no clube paulista.<\/p>\n\n\n\n<p>Desta forma, a sele\u00e7\u00e3o da segunda rodada do Campeonato Brasileiro ficou assim: C\u00e1ssio; Isla, Natan, Maidana e Piton; Jo\u00e3o Gomes, Juninho, D&#8217;Alessandro e Arrascaeta; Roger Guedes e Gabigol.<\/p>\n\n\n\n<figure class=\"wp-block-embed is-type-rich is-provider-twitter wp-block-embed-twitter\"><div class=\"wp-block-embed__wrapper\">\n<blockquote class=\"twitter-tweet\" data-width=\"550\" data-dnt=\"true\"><p lang=\"pt\" dir=\"ltr\">AL\u00d4, TORCEDORES! \ud83c\udde7\ud83c\uddf7<br><br>Voc\u00ea votou mais uma vez e a <a href=\"https:\/\/twitter.com\/hashtag\/Sele%C3%A7%C3%A3oDoTorcedorBR22?src=hash&amp;ref_src=twsrc%5Etfw\">#Sele\u00e7\u00e3oDoTorcedorBR22<\/a> da 2\u00aa rodada ficou assim&#8230; <a href=\"https:\/\/t.co\/VmidQWYEBo\">pic.twitter.com\/VmidQWYEBo<\/a><\/p>&mdash; Brasileir\u00e3o (@Brasileirao) <a href=\"https:\/\/twitter.com\/Brasileirao\/status\/1516062147608031233?ref_src=twsrc%5Etfw\">April 18, 2022<\/a><\/blockquote><script async src=\"https:\/\/platform.twitter.com\/widgets.js\" charset=\"utf-8\"><\/script>\n<\/div><\/figure>\n","protected":false},"excerpt":{"rendered":"<p>No \u00faltimo domingo (17), o Flamengo deu um presente de p\u00e1scoa aos seus torcedores e venceu o S\u00e3o Paulo por 3 a 1 em duelo pela segunda rodada do Campeonato Brasileiro. A partida contou com um bom desempenho do elenco de maneira geral, mas alguns nomes certamente ganharam destaque. Idolatrado pela Na\u00e7\u00e3o j\u00e1 h\u00e1 bastante [&hellip;]<\/p>\n","protected":false},"author":4,"featured_media":80205,"comment_status":"open","ping_status":"closed","sticky":false,"template":"","format":"standard","meta":{"footnotes":""},"categories":[40],"tags":[],"class_list":["post-80204","post","type-post","status-publish","format-standard","has-post-thumbnail","hentry","category-video"],"yoast_head":"<!-- This site is optimized with the Yoast SEO Premium plugin v24.2 (Yoast SEO v26.9) - https:\/\/yoast.com\/product\/yoast-seo-premium-wordpress\/ -->\n<title>De Arrascaeta, Gabigol, Jo\u00e3o Gomes, Mauricio Isla e Paulo Sousa: Os representantes do Flamengo na sele\u00e7\u00e3o da 2\u00aa rodada do Brasileir\u00e3o<\/title>\n<meta name=\"robots\" content=\"index, follow, max-snippet:-1, max-image-preview:large, max-video-preview:-1\" \/>\n<link rel=\"canonical\" href=\"https:\/\/www.gaveanews.com\/index.php\/2022\/04\/18\/de-arrascaeta-gabigol-joao-gomes-mauricio-isla-e-paulo-sousa-os-representantes-do-flamengo-na-selecao-da-2a-rodada-do-brasileirao\/\" \/>\n<meta property=\"og:locale\" content=\"pt_BR\" \/>\n<meta property=\"og:type\" content=\"article\" \/>\n<meta property=\"og:title\" content=\"De Arrascaeta, Gabigol, Jo\u00e3o Gomes, Mauricio Isla e Paulo Sousa: Os representantes do Flamengo na sele\u00e7\u00e3o da 2\u00aa rodada do Brasileir\u00e3o\" \/>\n<meta property=\"og:description\" content=\"No \u00faltimo domingo (17), o Flamengo deu um presente de p\u00e1scoa aos seus torcedores e venceu o S\u00e3o Paulo por 3 a 1 em duelo pela segunda rodada do Campeonato Brasileiro. A partida contou com um bom desempenho do elenco de maneira geral, mas alguns nomes certamente ganharam destaque. Idolatrado pela Na\u00e7\u00e3o j\u00e1 h\u00e1 bastante [&hellip;]\" \/>\n<meta property=\"og:url\" content=\"https:\/\/www.gaveanews.com\/index.php\/2022\/04\/18\/de-arrascaeta-gabigol-joao-gomes-mauricio-isla-e-paulo-sousa-os-representantes-do-flamengo-na-selecao-da-2a-rodada-do-brasileirao\/\" \/>\n<meta property=\"og:site_name\" content=\"G\u00e1vea News\" \/>\n<meta property=\"article:publisher\" content=\"https:\/\/facebook.com\/gaveaNews\/\" \/>\n<meta property=\"article:published_time\" content=\"2022-04-18T15:35:03+00:00\" \/>\n<meta property=\"article:modified_time\" content=\"2022-04-18T15:35:06+00:00\" \/>\n<meta property=\"og:image\" content=\"https:\/\/www.gaveanews.com\/wp-content\/uploads\/Isla-e-Joao-Gomes-em-partida-do-Flamengo-contra-o-Sao-Paulo-pelo-Campeonato-Brasileiro-2022.webp\" \/>\n\t<meta property=\"og:image:width\" content=\"799\" \/>\n\t<meta property=\"og:image:height\" content=\"533\" \/>\n\t<meta property=\"og:image:type\" content=\"image\/jpeg\" \/>\n<meta name=\"author\" content=\"Let\u00edcia Gerheim\" \/>\n<meta name=\"twitter:card\" content=\"summary_large_image\" \/>\n<meta name=\"twitter:label1\" content=\"Escrito por\" \/>\n\t<meta name=\"twitter:data1\" content=\"Let\u00edcia Gerheim\" \/>\n\t<meta name=\"twitter:label2\" content=\"Est. tempo de leitura\" \/>\n\t<meta name=\"twitter:data2\" content=\"2 minutos\" \/>\n<script type=\"application\/ld+json\" class=\"yoast-schema-graph\">{\"@context\":\"https:\/\/schema.org\",\"@graph\":[{\"@type\":\"NewsArticle\",\"@id\":\"https:\/\/www.gaveanews.com\/index.php\/2022\/04\/18\/de-arrascaeta-gabigol-joao-gomes-mauricio-isla-e-paulo-sousa-os-representantes-do-flamengo-na-selecao-da-2a-rodada-do-brasileirao\/#article\",\"isPartOf\":{\"@id\":\"https:\/\/www.gaveanews.com\/index.php\/2022\/04\/18\/de-arrascaeta-gabigol-joao-gomes-mauricio-isla-e-paulo-sousa-os-representantes-do-flamengo-na-selecao-da-2a-rodada-do-brasileirao\/\"},\"author\":{\"name\":\"Let\u00edcia Gerheim\",\"@id\":\"https:\/\/www.gaveanews.com\/#\/schema\/person\/714c67050b836198af2450ba1c142a67\"},\"headline\":\"De Arrascaeta, Gabigol, Jo\u00e3o Gomes, Mauricio Isla e Paulo Sousa: Os representantes do Flamengo na sele\u00e7\u00e3o da 2\u00aa rodada do Brasileir\u00e3o\",\"datePublished\":\"2022-04-18T15:35:03+00:00\",\"dateModified\":\"2022-04-18T15:35:06+00:00\",\"mainEntityOfPage\":{\"@id\":\"https:\/\/www.gaveanews.com\/index.php\/2022\/04\/18\/de-arrascaeta-gabigol-joao-gomes-mauricio-isla-e-paulo-sousa-os-representantes-do-flamengo-na-selecao-da-2a-rodada-do-brasileirao\/\"},\"wordCount\":308,\"commentCount\":0,\"image\":{\"@id\":\"https:\/\/www.gaveanews.com\/index.php\/2022\/04\/18\/de-arrascaeta-gabigol-joao-gomes-mauricio-isla-e-paulo-sousa-os-representantes-do-flamengo-na-selecao-da-2a-rodada-do-brasileirao\/#primaryimage\"},\"thumbnailUrl\":\"https:\/\/www.gaveanews.com\/wp-content\/uploads\/Isla-e-Joao-Gomes-em-partida-do-Flamengo-contra-o-Sao-Paulo-pelo-Campeonato-Brasileiro-2022.webp\",\"articleSection\":[\"V\u00eddeos\"],\"inLanguage\":\"pt-BR\",\"potentialAction\":[{\"@type\":\"CommentAction\",\"name\":\"Comment\",\"target\":[\"https:\/\/www.gaveanews.com\/index.php\/2022\/04\/18\/de-arrascaeta-gabigol-joao-gomes-mauricio-isla-e-paulo-sousa-os-representantes-do-flamengo-na-selecao-da-2a-rodada-do-brasileirao\/#respond\"]}],\"copyrightYear\":\"2022\",\"copyrightHolder\":{\"@id\":\"https:\/\/www.gaveanews.com\/#organization\"}},{\"@type\":\"WebPage\",\"@id\":\"https:\/\/www.gaveanews.com\/index.php\/2022\/04\/18\/de-arrascaeta-gabigol-joao-gomes-mauricio-isla-e-paulo-sousa-os-representantes-do-flamengo-na-selecao-da-2a-rodada-do-brasileirao\/\",\"url\":\"https:\/\/www.gaveanews.com\/index.php\/2022\/04\/18\/de-arrascaeta-gabigol-joao-gomes-mauricio-isla-e-paulo-sousa-os-representantes-do-flamengo-na-selecao-da-2a-rodada-do-brasileirao\/\",\"name\":\"De Arrascaeta, Gabigol, Jo\u00e3o Gomes, Mauricio Isla e Paulo Sousa: Os representantes do Flamengo na sele\u00e7\u00e3o da 2\u00aa rodada do Brasileir\u00e3o\",\"isPartOf\":{\"@id\":\"https:\/\/www.gaveanews.com\/#website\"},\"primaryImageOfPage\":{\"@id\":\"https:\/\/www.gaveanews.com\/index.php\/2022\/04\/18\/de-arrascaeta-gabigol-joao-gomes-mauricio-isla-e-paulo-sousa-os-representantes-do-flamengo-na-selecao-da-2a-rodada-do-brasileirao\/#primaryimage\"},\"image\":{\"@id\":\"https:\/\/www.gaveanews.com\/index.php\/2022\/04\/18\/de-arrascaeta-gabigol-joao-gomes-mauricio-isla-e-paulo-sousa-os-representantes-do-flamengo-na-selecao-da-2a-rodada-do-brasileirao\/#primaryimage\"},\"thumbnailUrl\":\"https:\/\/www.gaveanews.com\/wp-content\/uploads\/Isla-e-Joao-Gomes-em-partida-do-Flamengo-contra-o-Sao-Paulo-pelo-Campeonato-Brasileiro-2022.webp\",\"datePublished\":\"2022-04-18T15:35:03+00:00\",\"dateModified\":\"2022-04-18T15:35:06+00:00\",\"author\":{\"@id\":\"https:\/\/www.gaveanews.com\/#\/schema\/person\/714c67050b836198af2450ba1c142a67\"},\"breadcrumb\":{\"@id\":\"https:\/\/www.gaveanews.com\/index.php\/2022\/04\/18\/de-arrascaeta-gabigol-joao-gomes-mauricio-isla-e-paulo-sousa-os-representantes-do-flamengo-na-selecao-da-2a-rodada-do-brasileirao\/#breadcrumb\"},\"inLanguage\":\"pt-BR\",\"potentialAction\":[{\"@type\":\"ReadAction\",\"target\":[\"https:\/\/www.gaveanews.com\/index.php\/2022\/04\/18\/de-arrascaeta-gabigol-joao-gomes-mauricio-isla-e-paulo-sousa-os-representantes-do-flamengo-na-selecao-da-2a-rodada-do-brasileirao\/\"]}]},{\"@type\":\"ImageObject\",\"inLanguage\":\"pt-BR\",\"@id\":\"https:\/\/www.gaveanews.com\/index.php\/2022\/04\/18\/de-arrascaeta-gabigol-joao-gomes-mauricio-isla-e-paulo-sousa-os-representantes-do-flamengo-na-selecao-da-2a-rodada-do-brasileirao\/#primaryimage\",\"url\":\"https:\/\/www.gaveanews.com\/wp-content\/uploads\/Isla-e-Joao-Gomes-em-partida-do-Flamengo-contra-o-Sao-Paulo-pelo-Campeonato-Brasileiro-2022.webp\",\"contentUrl\":\"https:\/\/www.gaveanews.com\/wp-content\/uploads\/Isla-e-Joao-Gomes-em-partida-do-Flamengo-contra-o-Sao-Paulo-pelo-Campeonato-Brasileiro-2022.webp\",\"width\":799,\"height\":533,\"caption\":\"Isla e Jo\u00e3o Gomes em partida do Flamengo contra o S\u00e3o Paulo pelo Campeonato Brasileiro 2022 (Foto: Gilvan de Souza\/Flamengo)\"},{\"@type\":\"BreadcrumbList\",\"@id\":\"https:\/\/www.gaveanews.com\/index.php\/2022\/04\/18\/de-arrascaeta-gabigol-joao-gomes-mauricio-isla-e-paulo-sousa-os-representantes-do-flamengo-na-selecao-da-2a-rodada-do-brasileirao\/#breadcrumb\",\"itemListElement\":[{\"@type\":\"ListItem\",\"position\":1,\"name\":\"Home\",\"item\":\"https:\/\/www.gaveanews.com\/\"},{\"@type\":\"ListItem\",\"position\":2,\"name\":\"De Arrascaeta, Gabigol, Jo\u00e3o Gomes, Mauricio Isla e Paulo Sousa: Os representantes do Flamengo na sele\u00e7\u00e3o da 2\u00aa rodada do Brasileir\u00e3o\"}]},{\"@type\":\"WebSite\",\"@id\":\"https:\/\/www.gaveanews.com\/#website\",\"url\":\"https:\/\/www.gaveanews.com\/\",\"name\":\"G\u00e1vea News\",\"description\":\"Veja todas as not\u00edcias sobre o Flamengo: Contrata\u00e7\u00f5es, categorias de base, resultados das partidas, tabela de classifica\u00e7\u00e3o, pr\u00f3ximos jogos!\",\"potentialAction\":[{\"@type\":\"SearchAction\",\"target\":{\"@type\":\"EntryPoint\",\"urlTemplate\":\"https:\/\/www.gaveanews.com\/?s={search_term_string}\"},\"query-input\":{\"@type\":\"PropertyValueSpecification\",\"valueRequired\":true,\"valueName\":\"search_term_string\"}}],\"inLanguage\":\"pt-BR\"},{\"@type\":\"Person\",\"@id\":\"https:\/\/www.gaveanews.com\/#\/schema\/person\/714c67050b836198af2450ba1c142a67\",\"name\":\"Let\u00edcia Gerheim\",\"image\":{\"@type\":\"ImageObject\",\"inLanguage\":\"pt-BR\",\"@id\":\"https:\/\/www.gaveanews.com\/#\/schema\/person\/image\/\",\"url\":\"https:\/\/secure.gravatar.com\/avatar\/60734739c50fcebfbac509e2a826ccd0ff405c019bc73aab9354f19ecad1dcb4?s=96&d=mm&r=g\",\"contentUrl\":\"https:\/\/secure.gravatar.com\/avatar\/60734739c50fcebfbac509e2a826ccd0ff405c019bc73aab9354f19ecad1dcb4?s=96&d=mm&r=g\",\"caption\":\"Let\u00edcia Gerheim\"}}]}<\/script>\n<!-- \/ Yoast SEO Premium plugin. -->","yoast_head_json":{"title":"De Arrascaeta, Gabigol, Jo\u00e3o Gomes, Mauricio Isla e Paulo Sousa: Os representantes do Flamengo na sele\u00e7\u00e3o da 2\u00aa rodada do Brasileir\u00e3o","robots":{"index":"index","follow":"follow","max-snippet":"max-snippet:-1","max-image-preview":"max-image-preview:large","max-video-preview":"max-video-preview:-1"},"canonical":"https:\/\/www.gaveanews.com\/index.php\/2022\/04\/18\/de-arrascaeta-gabigol-joao-gomes-mauricio-isla-e-paulo-sousa-os-representantes-do-flamengo-na-selecao-da-2a-rodada-do-brasileirao\/","og_locale":"pt_BR","og_type":"article","og_title":"De Arrascaeta, Gabigol, Jo\u00e3o Gomes, Mauricio Isla e Paulo Sousa: Os representantes do Flamengo na sele\u00e7\u00e3o da 2\u00aa rodada do Brasileir\u00e3o","og_description":"No \u00faltimo domingo (17), o Flamengo deu um presente de p\u00e1scoa aos seus torcedores e venceu o S\u00e3o Paulo por 3 a 1 em duelo pela segunda rodada do Campeonato Brasileiro. A partida contou com um bom desempenho do elenco de maneira geral, mas alguns nomes certamente ganharam destaque. Idolatrado pela Na\u00e7\u00e3o j\u00e1 h\u00e1 bastante [&hellip;]","og_url":"https:\/\/www.gaveanews.com\/index.php\/2022\/04\/18\/de-arrascaeta-gabigol-joao-gomes-mauricio-isla-e-paulo-sousa-os-representantes-do-flamengo-na-selecao-da-2a-rodada-do-brasileirao\/","og_site_name":"G\u00e1vea News","article_publisher":"https:\/\/facebook.com\/gaveaNews\/","article_published_time":"2022-04-18T15:35:03+00:00","article_modified_time":"2022-04-18T15:35:06+00:00","og_image":[{"width":799,"height":533,"url":"https:\/\/www.gaveanews.com\/wp-content\/uploads\/Isla-e-Joao-Gomes-em-partida-do-Flamengo-contra-o-Sao-Paulo-pelo-Campeonato-Brasileiro-2022.webp","type":"image\/jpeg"}],"author":"Let\u00edcia Gerheim","twitter_card":"summary_large_image","twitter_misc":{"Escrito por":"Let\u00edcia Gerheim","Est. tempo de leitura":"2 minutos"},"schema":{"@context":"https:\/\/schema.org","@graph":[{"@type":"NewsArticle","@id":"https:\/\/www.gaveanews.com\/index.php\/2022\/04\/18\/de-arrascaeta-gabigol-joao-gomes-mauricio-isla-e-paulo-sousa-os-representantes-do-flamengo-na-selecao-da-2a-rodada-do-brasileirao\/#article","isPartOf":{"@id":"https:\/\/www.gaveanews.com\/index.php\/2022\/04\/18\/de-arrascaeta-gabigol-joao-gomes-mauricio-isla-e-paulo-sousa-os-representantes-do-flamengo-na-selecao-da-2a-rodada-do-brasileirao\/"},"author":{"name":"Let\u00edcia Gerheim","@id":"https:\/\/www.gaveanews.com\/#\/schema\/person\/714c67050b836198af2450ba1c142a67"},"headline":"De Arrascaeta, Gabigol, Jo\u00e3o Gomes, Mauricio Isla e Paulo Sousa: Os representantes do Flamengo na sele\u00e7\u00e3o da 2\u00aa rodada do Brasileir\u00e3o","datePublished":"2022-04-18T15:35:03+00:00","dateModified":"2022-04-18T15:35:06+00:00","mainEntityOfPage":{"@id":"https:\/\/www.gaveanews.com\/index.php\/2022\/04\/18\/de-arrascaeta-gabigol-joao-gomes-mauricio-isla-e-paulo-sousa-os-representantes-do-flamengo-na-selecao-da-2a-rodada-do-brasileirao\/"},"wordCount":308,"commentCount":0,"image":{"@id":"https:\/\/www.gaveanews.com\/index.php\/2022\/04\/18\/de-arrascaeta-gabigol-joao-gomes-mauricio-isla-e-paulo-sousa-os-representantes-do-flamengo-na-selecao-da-2a-rodada-do-brasileirao\/#primaryimage"},"thumbnailUrl":"https:\/\/www.gaveanews.com\/wp-content\/uploads\/Isla-e-Joao-Gomes-em-partida-do-Flamengo-contra-o-Sao-Paulo-pelo-Campeonato-Brasileiro-2022.webp","articleSection":["V\u00eddeos"],"inLanguage":"pt-BR","potentialAction":[{"@type":"CommentAction","name":"Comment","target":["https:\/\/www.gaveanews.com\/index.php\/2022\/04\/18\/de-arrascaeta-gabigol-joao-gomes-mauricio-isla-e-paulo-sousa-os-representantes-do-flamengo-na-selecao-da-2a-rodada-do-brasileirao\/#respond"]}],"copyrightYear":"2022","copyrightHolder":{"@id":"https:\/\/www.gaveanews.com\/#organization"}},{"@type":"WebPage","@id":"https:\/\/www.gaveanews.com\/index.php\/2022\/04\/18\/de-arrascaeta-gabigol-joao-gomes-mauricio-isla-e-paulo-sousa-os-representantes-do-flamengo-na-selecao-da-2a-rodada-do-brasileirao\/","url":"https:\/\/www.gaveanews.com\/index.php\/2022\/04\/18\/de-arrascaeta-gabigol-joao-gomes-mauricio-isla-e-paulo-sousa-os-representantes-do-flamengo-na-selecao-da-2a-rodada-do-brasileirao\/","name":"De Arrascaeta, Gabigol, Jo\u00e3o Gomes, Mauricio Isla e Paulo Sousa: Os representantes do Flamengo na sele\u00e7\u00e3o da 2\u00aa rodada do Brasileir\u00e3o","isPartOf":{"@id":"https:\/\/www.gaveanews.com\/#website"},"primaryImageOfPage":{"@id":"https:\/\/www.gaveanews.com\/index.php\/2022\/04\/18\/de-arrascaeta-gabigol-joao-gomes-mauricio-isla-e-paulo-sousa-os-representantes-do-flamengo-na-selecao-da-2a-rodada-do-brasileirao\/#primaryimage"},"image":{"@id":"https:\/\/www.gaveanews.com\/index.php\/2022\/04\/18\/de-arrascaeta-gabigol-joao-gomes-mauricio-isla-e-paulo-sousa-os-representantes-do-flamengo-na-selecao-da-2a-rodada-do-brasileirao\/#primaryimage"},"thumbnailUrl":"https:\/\/www.gaveanews.com\/wp-content\/uploads\/Isla-e-Joao-Gomes-em-partida-do-Flamengo-contra-o-Sao-Paulo-pelo-Campeonato-Brasileiro-2022.webp","datePublished":"2022-04-18T15:35:03+00:00","dateModified":"2022-04-18T15:35:06+00:00","author":{"@id":"https:\/\/www.gaveanews.com\/#\/schema\/person\/714c67050b836198af2450ba1c142a67"},"breadcrumb":{"@id":"https:\/\/www.gaveanews.com\/index.php\/2022\/04\/18\/de-arrascaeta-gabigol-joao-gomes-mauricio-isla-e-paulo-sousa-os-representantes-do-flamengo-na-selecao-da-2a-rodada-do-brasileirao\/#breadcrumb"},"inLanguage":"pt-BR","potentialAction":[{"@type":"ReadAction","target":["https:\/\/www.gaveanews.com\/index.php\/2022\/04\/18\/de-arrascaeta-gabigol-joao-gomes-mauricio-isla-e-paulo-sousa-os-representantes-do-flamengo-na-selecao-da-2a-rodada-do-brasileirao\/"]}]},{"@type":"ImageObject","inLanguage":"pt-BR","@id":"https:\/\/www.gaveanews.com\/index.php\/2022\/04\/18\/de-arrascaeta-gabigol-joao-gomes-mauricio-isla-e-paulo-sousa-os-representantes-do-flamengo-na-selecao-da-2a-rodada-do-brasileirao\/#primaryimage","url":"https:\/\/www.gaveanews.com\/wp-content\/uploads\/Isla-e-Joao-Gomes-em-partida-do-Flamengo-contra-o-Sao-Paulo-pelo-Campeonato-Brasileiro-2022.webp","contentUrl":"https:\/\/www.gaveanews.com\/wp-content\/uploads\/Isla-e-Joao-Gomes-em-partida-do-Flamengo-contra-o-Sao-Paulo-pelo-Campeonato-Brasileiro-2022.webp","width":799,"height":533,"caption":"Isla e Jo\u00e3o Gomes em partida do Flamengo contra o S\u00e3o Paulo pelo Campeonato Brasileiro 2022 (Foto: Gilvan de Souza\/Flamengo)"},{"@type":"BreadcrumbList","@id":"https:\/\/www.gaveanews.com\/index.php\/2022\/04\/18\/de-arrascaeta-gabigol-joao-gomes-mauricio-isla-e-paulo-sousa-os-representantes-do-flamengo-na-selecao-da-2a-rodada-do-brasileirao\/#breadcrumb","itemListElement":[{"@type":"ListItem","position":1,"name":"Home","item":"https:\/\/www.gaveanews.com\/"},{"@type":"ListItem","position":2,"name":"De Arrascaeta, Gabigol, Jo\u00e3o Gomes, Mauricio Isla e Paulo Sousa: Os representantes do Flamengo na sele\u00e7\u00e3o da 2\u00aa rodada do Brasileir\u00e3o"}]},{"@type":"WebSite","@id":"https:\/\/www.gaveanews.com\/#website","url":"https:\/\/www.gaveanews.com\/","name":"G\u00e1vea News","description":"Veja todas as not\u00edcias sobre o Flamengo: Contrata\u00e7\u00f5es, categorias de base, resultados das partidas, tabela de classifica\u00e7\u00e3o, pr\u00f3ximos jogos!","potentialAction":[{"@type":"SearchAction","target":{"@type":"EntryPoint","urlTemplate":"https:\/\/www.gaveanews.com\/?s={search_term_string}"},"query-input":{"@type":"PropertyValueSpecification","valueRequired":true,"valueName":"search_term_string"}}],"inLanguage":"pt-BR"},{"@type":"Person","@id":"https:\/\/www.gaveanews.com\/#\/schema\/person\/714c67050b836198af2450ba1c142a67","name":"Let\u00edcia Gerheim","image":{"@type":"ImageObject","inLanguage":"pt-BR","@id":"https:\/\/www.gaveanews.com\/#\/schema\/person\/image\/","url":"https:\/\/secure.gravatar.com\/avatar\/60734739c50fcebfbac509e2a826ccd0ff405c019bc73aab9354f19ecad1dcb4?s=96&d=mm&r=g","contentUrl":"https:\/\/secure.gravatar.com\/avatar\/60734739c50fcebfbac509e2a826ccd0ff405c019bc73aab9354f19ecad1dcb4?s=96&d=mm&r=g","caption":"Let\u00edcia Gerheim"}}]}},"_links":{"self":[{"href":"https:\/\/www.gaveanews.com\/index.php\/wp-json\/wp\/v2\/posts\/80204","targetHints":{"allow":["GET"]}}],"collection":[{"href":"https:\/\/www.gaveanews.com\/index.php\/wp-json\/wp\/v2\/posts"}],"about":[{"href":"https:\/\/www.gaveanews.com\/index.php\/wp-json\/wp\/v2\/types\/post"}],"author":[{"embeddable":true,"href":"https:\/\/www.gaveanews.com\/index.php\/wp-json\/wp\/v2\/users\/4"}],"replies":[{"embeddable":true,"href":"https:\/\/www.gaveanews.com\/index.php\/wp-json\/wp\/v2\/comments?post=80204"}],"version-history":[{"count":0,"href":"https:\/\/www.gaveanews.com\/index.php\/wp-json\/wp\/v2\/posts\/80204\/revisions"}],"wp:featuredmedia":[{"embeddable":true,"href":"https:\/\/www.gaveanews.com\/index.php\/wp-json\/wp\/v2\/media\/80205"}],"wp:attachment":[{"href":"https:\/\/www.gaveanews.com\/index.php\/wp-json\/wp\/v2\/media?parent=80204"}],"wp:term":[{"taxonomy":"category","embeddable":true,"href":"https:\/\/www.gaveanews.com\/index.php\/wp-json\/wp\/v2\/categories?post=80204"},{"taxonomy":"post_tag","embeddable":true,"href":"https:\/\/www.gaveanews.com\/index.php\/wp-json\/wp\/v2\/tags?post=80204"}],"curies":[{"name":"wp","href":"https:\/\/api.w.org\/{rel}","templated":true}]}}