{"id":80210,"date":"2022-04-18T11:17:44","date_gmt":"2022-04-18T14:17:44","guid":{"rendered":"https:\/\/www.gaveanews.com\/?p=80210"},"modified":"2022-04-18T11:17:46","modified_gmt":"2022-04-18T14:17:46","slug":"tenho-a-impressao-que-o-flamengo-vai-encontrando-seu-time-titular","status":"publish","type":"post","link":"https:\/\/www.gaveanews.com\/index.php\/2022\/04\/18\/tenho-a-impressao-que-o-flamengo-vai-encontrando-seu-time-titular\/","title":{"rendered":"&#8220;Tenho a impress\u00e3o que o Flamengo vai encontrando seu time titular&#8221;"},"content":{"rendered":"\n<p>O Flamengo mostrou bom futebol e autoridade para vencer o S\u00e3o Paulo por 3 a 1, no Maracan\u00e3, em partida v\u00e1lida pela segunda rodada do Campeonato Brasileiro. A equipe teve uma atua\u00e7\u00e3o consistente e dominou durante os 90 minutos. Durante a \u201cLive do Flamengo, do portal \u201cUOL\u201d, Andr\u00e9 Rocha e Renato Maur\u00edcio Prado elogiaram o Meng\u00e3o.<\/p>\n\n\n\n<p>\u201cTenho a impress\u00e3o que o Flamengo vai encontrando seu time titular, o Rodinei n\u00e3o pode ser titular, \u00e9 Matheuzinho ou Isla, Rodinei \u00e9 um desastre, mas do meio para frente a gente v\u00ea a coisa se encaminhar. \u201cCom a boa atua\u00e7\u00e3o, o L\u00e1zaro passa a disputar posi\u00e7\u00e3o com o Bruno Henrique, \u00e9 um jogador taticamente importante e tem muita t\u00e9cnica, deu dois passes espetaculares, passes de quem sabe jogar e tem vis\u00e3o de jogo. O Paulo Sousa come\u00e7a a achar seu time titular\u201d, afirmou RMP.<\/p>\n\n\n\n<p>\u201cO Everton Ribeiro est\u00e1 voltando a jogar bola, voltou a fazer uma partida muito boa, a atua\u00e7\u00e3o dele foi excelente. V\u00e1rios jogadores foram muito bem, mas o Jo\u00e3o Gomes foi espetacular, o passe dele para o gol do Isla \u00e9 de alta categoria, esse refinamento est\u00e1 come\u00e7ando a aparecer agora. O L\u00e1zaro tamb\u00e9m fez um partida\u00e7o, \u00e9 outro jogador que cresce cada vez mais\u201d, completou o colunista do UOL.<\/p>\n\n\n\n<p>Um dos pontos altos do confronto foi o desempenho de Jo\u00e3o Gomes. O cria do Ninho do Urubu fez uma partida\u00e7a, foi eleito o melhor em campo e mais uma vez foi muito elogiado por torcedores e jornalistas. Para Andr\u00e9 Rocha, Paulo Sousa tem ajudado o jovem a evoluir t\u00e9cnica e taticamente.<\/p>\n\n\n\n<p>\u201cMuito desse bom jogo passa pela atua\u00e7\u00e3o portentosa do Jo\u00e3o Gomes, d\u00e1 volume de jogo, marca, rouba bola, e deu passes espetaculares como no gola\u00e7o do Isla, foi o melhor em campo disparado. A grande atua\u00e7\u00e3o do Flamengo passa pela regularidade do Jo\u00e3o Gomes em um n\u00edvel muito alto, em outra rota\u00e7\u00e3o, \u00e9 um jogador que n\u00e3o para de crescer e isso \u00e9 m\u00e9rito de Paulo Sousa\u201d, analisou Rocha.<\/p>\n\n\n\n<p>Retirado de: Di\u00e1rio do Fla<\/p>\n","protected":false},"excerpt":{"rendered":"<p>O Flamengo mostrou bom futebol e autoridade para vencer o S\u00e3o Paulo por 3 a 1, no Maracan\u00e3, em partida v\u00e1lida pela segunda rodada do Campeonato Brasileiro. A equipe teve uma atua\u00e7\u00e3o consistente e dominou durante os 90 minutos. Durante a \u201cLive do Flamengo, do portal \u201cUOL\u201d, Andr\u00e9 Rocha e Renato Maur\u00edcio Prado elogiaram o [&hellip;]<\/p>\n","protected":false},"author":1,"featured_media":79978,"comment_status":"open","ping_status":"closed","sticky":false,"template":"","format":"standard","meta":{"footnotes":""},"categories":[1],"tags":[],"class_list":["post-80210","post","type-post","status-publish","format-standard","has-post-thumbnail","hentry","category-flamengo"],"yoast_head":"<!-- This site is optimized with the Yoast SEO Premium plugin v24.2 (Yoast SEO v26.9) - https:\/\/yoast.com\/product\/yoast-seo-premium-wordpress\/ -->\n<title>&quot;Tenho a impress\u00e3o que o Flamengo vai encontrando seu time titular&quot;<\/title>\n<meta name=\"robots\" content=\"index, follow, max-snippet:-1, max-image-preview:large, max-video-preview:-1\" \/>\n<link rel=\"canonical\" href=\"https:\/\/www.gaveanews.com\/index.php\/2022\/04\/18\/tenho-a-impressao-que-o-flamengo-vai-encontrando-seu-time-titular\/\" \/>\n<meta property=\"og:locale\" content=\"pt_BR\" \/>\n<meta property=\"og:type\" content=\"article\" \/>\n<meta property=\"og:title\" content=\"&quot;Tenho a impress\u00e3o que o Flamengo vai encontrando seu time titular&quot;\" \/>\n<meta property=\"og:description\" content=\"O Flamengo mostrou bom futebol e autoridade para vencer o S\u00e3o Paulo por 3 a 1, no Maracan\u00e3, em partida v\u00e1lida pela segunda rodada do Campeonato Brasileiro. A equipe teve uma atua\u00e7\u00e3o consistente e dominou durante os 90 minutos. Durante a \u201cLive do Flamengo, do portal \u201cUOL\u201d, Andr\u00e9 Rocha e Renato Maur\u00edcio Prado elogiaram o [&hellip;]\" \/>\n<meta property=\"og:url\" content=\"https:\/\/www.gaveanews.com\/index.php\/2022\/04\/18\/tenho-a-impressao-que-o-flamengo-vai-encontrando-seu-time-titular\/\" \/>\n<meta property=\"og:site_name\" content=\"G\u00e1vea News\" \/>\n<meta property=\"article:publisher\" content=\"https:\/\/facebook.com\/gaveaNews\/\" \/>\n<meta property=\"article:published_time\" content=\"2022-04-18T14:17:44+00:00\" \/>\n<meta property=\"article:modified_time\" content=\"2022-04-18T14:17:46+00:00\" \/>\n<meta property=\"og:image\" content=\"https:\/\/www.gaveanews.com\/wp-content\/uploads\/Jogadores-do-Flamengo-comemoram-gol-marcado-contra-o-Talleres-pela-Libertadores.webp\" \/>\n\t<meta property=\"og:image:width\" content=\"800\" \/>\n\t<meta property=\"og:image:height\" content=\"533\" \/>\n\t<meta property=\"og:image:type\" content=\"image\/jpeg\" \/>\n<meta name=\"author\" content=\"Equipe G\u00e1vea News\" \/>\n<meta name=\"twitter:card\" content=\"summary_large_image\" \/>\n<meta name=\"twitter:label1\" content=\"Escrito por\" \/>\n\t<meta name=\"twitter:data1\" content=\"Equipe G\u00e1vea News\" \/>\n\t<meta name=\"twitter:label2\" content=\"Est. tempo de leitura\" \/>\n\t<meta name=\"twitter:data2\" content=\"2 minutos\" \/>\n<script type=\"application\/ld+json\" class=\"yoast-schema-graph\">{\"@context\":\"https:\/\/schema.org\",\"@graph\":[{\"@type\":\"NewsArticle\",\"@id\":\"https:\/\/www.gaveanews.com\/index.php\/2022\/04\/18\/tenho-a-impressao-que-o-flamengo-vai-encontrando-seu-time-titular\/#article\",\"isPartOf\":{\"@id\":\"https:\/\/www.gaveanews.com\/index.php\/2022\/04\/18\/tenho-a-impressao-que-o-flamengo-vai-encontrando-seu-time-titular\/\"},\"author\":{\"name\":\"Equipe G\u00e1vea News\",\"@id\":\"https:\/\/www.gaveanews.com\/#\/schema\/person\/2ec14f73fb96be2caf28f91afb14749d\"},\"headline\":\"&#8220;Tenho a impress\u00e3o que o Flamengo vai encontrando seu time titular&#8221;\",\"datePublished\":\"2022-04-18T14:17:44+00:00\",\"dateModified\":\"2022-04-18T14:17:46+00:00\",\"mainEntityOfPage\":{\"@id\":\"https:\/\/www.gaveanews.com\/index.php\/2022\/04\/18\/tenho-a-impressao-que-o-flamengo-vai-encontrando-seu-time-titular\/\"},\"wordCount\":371,\"commentCount\":0,\"image\":{\"@id\":\"https:\/\/www.gaveanews.com\/index.php\/2022\/04\/18\/tenho-a-impressao-que-o-flamengo-vai-encontrando-seu-time-titular\/#primaryimage\"},\"thumbnailUrl\":\"https:\/\/www.gaveanews.com\/wp-content\/uploads\/Jogadores-do-Flamengo-comemoram-gol-marcado-contra-o-Talleres-pela-Libertadores.webp\",\"articleSection\":[\"Flamengo\"],\"inLanguage\":\"pt-BR\",\"potentialAction\":[{\"@type\":\"CommentAction\",\"name\":\"Comment\",\"target\":[\"https:\/\/www.gaveanews.com\/index.php\/2022\/04\/18\/tenho-a-impressao-que-o-flamengo-vai-encontrando-seu-time-titular\/#respond\"]}],\"copyrightYear\":\"2022\",\"copyrightHolder\":{\"@id\":\"https:\/\/www.gaveanews.com\/#organization\"}},{\"@type\":\"WebPage\",\"@id\":\"https:\/\/www.gaveanews.com\/index.php\/2022\/04\/18\/tenho-a-impressao-que-o-flamengo-vai-encontrando-seu-time-titular\/\",\"url\":\"https:\/\/www.gaveanews.com\/index.php\/2022\/04\/18\/tenho-a-impressao-que-o-flamengo-vai-encontrando-seu-time-titular\/\",\"name\":\"\\\"Tenho a impress\u00e3o que o Flamengo vai encontrando seu time titular\\\"\",\"isPartOf\":{\"@id\":\"https:\/\/www.gaveanews.com\/#website\"},\"primaryImageOfPage\":{\"@id\":\"https:\/\/www.gaveanews.com\/index.php\/2022\/04\/18\/tenho-a-impressao-que-o-flamengo-vai-encontrando-seu-time-titular\/#primaryimage\"},\"image\":{\"@id\":\"https:\/\/www.gaveanews.com\/index.php\/2022\/04\/18\/tenho-a-impressao-que-o-flamengo-vai-encontrando-seu-time-titular\/#primaryimage\"},\"thumbnailUrl\":\"https:\/\/www.gaveanews.com\/wp-content\/uploads\/Jogadores-do-Flamengo-comemoram-gol-marcado-contra-o-Talleres-pela-Libertadores.webp\",\"datePublished\":\"2022-04-18T14:17:44+00:00\",\"dateModified\":\"2022-04-18T14:17:46+00:00\",\"author\":{\"@id\":\"https:\/\/www.gaveanews.com\/#\/schema\/person\/2ec14f73fb96be2caf28f91afb14749d\"},\"breadcrumb\":{\"@id\":\"https:\/\/www.gaveanews.com\/index.php\/2022\/04\/18\/tenho-a-impressao-que-o-flamengo-vai-encontrando-seu-time-titular\/#breadcrumb\"},\"inLanguage\":\"pt-BR\",\"potentialAction\":[{\"@type\":\"ReadAction\",\"target\":[\"https:\/\/www.gaveanews.com\/index.php\/2022\/04\/18\/tenho-a-impressao-que-o-flamengo-vai-encontrando-seu-time-titular\/\"]}]},{\"@type\":\"ImageObject\",\"inLanguage\":\"pt-BR\",\"@id\":\"https:\/\/www.gaveanews.com\/index.php\/2022\/04\/18\/tenho-a-impressao-que-o-flamengo-vai-encontrando-seu-time-titular\/#primaryimage\",\"url\":\"https:\/\/www.gaveanews.com\/wp-content\/uploads\/Jogadores-do-Flamengo-comemoram-gol-marcado-contra-o-Talleres-pela-Libertadores.webp\",\"contentUrl\":\"https:\/\/www.gaveanews.com\/wp-content\/uploads\/Jogadores-do-Flamengo-comemoram-gol-marcado-contra-o-Talleres-pela-Libertadores.webp\",\"width\":800,\"height\":533,\"caption\":\"Jogadores do Flamengo comemoram gol marcado contra o Talleres pela Libertadores (Foto: Marcelo Cortes\/Flamengo)\"},{\"@type\":\"BreadcrumbList\",\"@id\":\"https:\/\/www.gaveanews.com\/index.php\/2022\/04\/18\/tenho-a-impressao-que-o-flamengo-vai-encontrando-seu-time-titular\/#breadcrumb\",\"itemListElement\":[{\"@type\":\"ListItem\",\"position\":1,\"name\":\"Home\",\"item\":\"https:\/\/www.gaveanews.com\/\"},{\"@type\":\"ListItem\",\"position\":2,\"name\":\"&#8220;Tenho a impress\u00e3o que o Flamengo vai encontrando seu time titular&#8221;\"}]},{\"@type\":\"WebSite\",\"@id\":\"https:\/\/www.gaveanews.com\/#website\",\"url\":\"https:\/\/www.gaveanews.com\/\",\"name\":\"G\u00e1vea News\",\"description\":\"Veja todas as not\u00edcias sobre o Flamengo: Contrata\u00e7\u00f5es, categorias de base, resultados das partidas, tabela de classifica\u00e7\u00e3o, pr\u00f3ximos jogos!\",\"potentialAction\":[{\"@type\":\"SearchAction\",\"target\":{\"@type\":\"EntryPoint\",\"urlTemplate\":\"https:\/\/www.gaveanews.com\/?s={search_term_string}\"},\"query-input\":{\"@type\":\"PropertyValueSpecification\",\"valueRequired\":true,\"valueName\":\"search_term_string\"}}],\"inLanguage\":\"pt-BR\"},{\"@type\":\"Person\",\"@id\":\"https:\/\/www.gaveanews.com\/#\/schema\/person\/2ec14f73fb96be2caf28f91afb14749d\",\"name\":\"Equipe G\u00e1vea News\",\"image\":{\"@type\":\"ImageObject\",\"inLanguage\":\"pt-BR\",\"@id\":\"https:\/\/www.gaveanews.com\/#\/schema\/person\/image\/\",\"url\":\"https:\/\/secure.gravatar.com\/avatar\/1e1956f1facbffd3f8fa53a326721950116b3b9dc9bd44939c01180fd4a745a9?s=96&d=mm&r=g\",\"contentUrl\":\"https:\/\/secure.gravatar.com\/avatar\/1e1956f1facbffd3f8fa53a326721950116b3b9dc9bd44939c01180fd4a745a9?s=96&d=mm&r=g\",\"caption\":\"Equipe G\u00e1vea News\"}}]}<\/script>\n<!-- \/ Yoast SEO Premium plugin. -->","yoast_head_json":{"title":"\"Tenho a impress\u00e3o que o Flamengo vai encontrando seu time titular\"","robots":{"index":"index","follow":"follow","max-snippet":"max-snippet:-1","max-image-preview":"max-image-preview:large","max-video-preview":"max-video-preview:-1"},"canonical":"https:\/\/www.gaveanews.com\/index.php\/2022\/04\/18\/tenho-a-impressao-que-o-flamengo-vai-encontrando-seu-time-titular\/","og_locale":"pt_BR","og_type":"article","og_title":"\"Tenho a impress\u00e3o que o Flamengo vai encontrando seu time titular\"","og_description":"O Flamengo mostrou bom futebol e autoridade para vencer o S\u00e3o Paulo por 3 a 1, no Maracan\u00e3, em partida v\u00e1lida pela segunda rodada do Campeonato Brasileiro. A equipe teve uma atua\u00e7\u00e3o consistente e dominou durante os 90 minutos. Durante a \u201cLive do Flamengo, do portal \u201cUOL\u201d, Andr\u00e9 Rocha e Renato Maur\u00edcio Prado elogiaram o [&hellip;]","og_url":"https:\/\/www.gaveanews.com\/index.php\/2022\/04\/18\/tenho-a-impressao-que-o-flamengo-vai-encontrando-seu-time-titular\/","og_site_name":"G\u00e1vea News","article_publisher":"https:\/\/facebook.com\/gaveaNews\/","article_published_time":"2022-04-18T14:17:44+00:00","article_modified_time":"2022-04-18T14:17:46+00:00","og_image":[{"width":800,"height":533,"url":"https:\/\/www.gaveanews.com\/wp-content\/uploads\/Jogadores-do-Flamengo-comemoram-gol-marcado-contra-o-Talleres-pela-Libertadores.webp","type":"image\/jpeg"}],"author":"Equipe G\u00e1vea News","twitter_card":"summary_large_image","twitter_misc":{"Escrito por":"Equipe G\u00e1vea News","Est. tempo de leitura":"2 minutos"},"schema":{"@context":"https:\/\/schema.org","@graph":[{"@type":"NewsArticle","@id":"https:\/\/www.gaveanews.com\/index.php\/2022\/04\/18\/tenho-a-impressao-que-o-flamengo-vai-encontrando-seu-time-titular\/#article","isPartOf":{"@id":"https:\/\/www.gaveanews.com\/index.php\/2022\/04\/18\/tenho-a-impressao-que-o-flamengo-vai-encontrando-seu-time-titular\/"},"author":{"name":"Equipe G\u00e1vea News","@id":"https:\/\/www.gaveanews.com\/#\/schema\/person\/2ec14f73fb96be2caf28f91afb14749d"},"headline":"&#8220;Tenho a impress\u00e3o que o Flamengo vai encontrando seu time titular&#8221;","datePublished":"2022-04-18T14:17:44+00:00","dateModified":"2022-04-18T14:17:46+00:00","mainEntityOfPage":{"@id":"https:\/\/www.gaveanews.com\/index.php\/2022\/04\/18\/tenho-a-impressao-que-o-flamengo-vai-encontrando-seu-time-titular\/"},"wordCount":371,"commentCount":0,"image":{"@id":"https:\/\/www.gaveanews.com\/index.php\/2022\/04\/18\/tenho-a-impressao-que-o-flamengo-vai-encontrando-seu-time-titular\/#primaryimage"},"thumbnailUrl":"https:\/\/www.gaveanews.com\/wp-content\/uploads\/Jogadores-do-Flamengo-comemoram-gol-marcado-contra-o-Talleres-pela-Libertadores.webp","articleSection":["Flamengo"],"inLanguage":"pt-BR","potentialAction":[{"@type":"CommentAction","name":"Comment","target":["https:\/\/www.gaveanews.com\/index.php\/2022\/04\/18\/tenho-a-impressao-que-o-flamengo-vai-encontrando-seu-time-titular\/#respond"]}],"copyrightYear":"2022","copyrightHolder":{"@id":"https:\/\/www.gaveanews.com\/#organization"}},{"@type":"WebPage","@id":"https:\/\/www.gaveanews.com\/index.php\/2022\/04\/18\/tenho-a-impressao-que-o-flamengo-vai-encontrando-seu-time-titular\/","url":"https:\/\/www.gaveanews.com\/index.php\/2022\/04\/18\/tenho-a-impressao-que-o-flamengo-vai-encontrando-seu-time-titular\/","name":"\"Tenho a impress\u00e3o que o Flamengo vai encontrando seu time titular\"","isPartOf":{"@id":"https:\/\/www.gaveanews.com\/#website"},"primaryImageOfPage":{"@id":"https:\/\/www.gaveanews.com\/index.php\/2022\/04\/18\/tenho-a-impressao-que-o-flamengo-vai-encontrando-seu-time-titular\/#primaryimage"},"image":{"@id":"https:\/\/www.gaveanews.com\/index.php\/2022\/04\/18\/tenho-a-impressao-que-o-flamengo-vai-encontrando-seu-time-titular\/#primaryimage"},"thumbnailUrl":"https:\/\/www.gaveanews.com\/wp-content\/uploads\/Jogadores-do-Flamengo-comemoram-gol-marcado-contra-o-Talleres-pela-Libertadores.webp","datePublished":"2022-04-18T14:17:44+00:00","dateModified":"2022-04-18T14:17:46+00:00","author":{"@id":"https:\/\/www.gaveanews.com\/#\/schema\/person\/2ec14f73fb96be2caf28f91afb14749d"},"breadcrumb":{"@id":"https:\/\/www.gaveanews.com\/index.php\/2022\/04\/18\/tenho-a-impressao-que-o-flamengo-vai-encontrando-seu-time-titular\/#breadcrumb"},"inLanguage":"pt-BR","potentialAction":[{"@type":"ReadAction","target":["https:\/\/www.gaveanews.com\/index.php\/2022\/04\/18\/tenho-a-impressao-que-o-flamengo-vai-encontrando-seu-time-titular\/"]}]},{"@type":"ImageObject","inLanguage":"pt-BR","@id":"https:\/\/www.gaveanews.com\/index.php\/2022\/04\/18\/tenho-a-impressao-que-o-flamengo-vai-encontrando-seu-time-titular\/#primaryimage","url":"https:\/\/www.gaveanews.com\/wp-content\/uploads\/Jogadores-do-Flamengo-comemoram-gol-marcado-contra-o-Talleres-pela-Libertadores.webp","contentUrl":"https:\/\/www.gaveanews.com\/wp-content\/uploads\/Jogadores-do-Flamengo-comemoram-gol-marcado-contra-o-Talleres-pela-Libertadores.webp","width":800,"height":533,"caption":"Jogadores do Flamengo comemoram gol marcado contra o Talleres pela Libertadores (Foto: Marcelo Cortes\/Flamengo)"},{"@type":"BreadcrumbList","@id":"https:\/\/www.gaveanews.com\/index.php\/2022\/04\/18\/tenho-a-impressao-que-o-flamengo-vai-encontrando-seu-time-titular\/#breadcrumb","itemListElement":[{"@type":"ListItem","position":1,"name":"Home","item":"https:\/\/www.gaveanews.com\/"},{"@type":"ListItem","position":2,"name":"&#8220;Tenho a impress\u00e3o que o Flamengo vai encontrando seu time titular&#8221;"}]},{"@type":"WebSite","@id":"https:\/\/www.gaveanews.com\/#website","url":"https:\/\/www.gaveanews.com\/","name":"G\u00e1vea News","description":"Veja todas as not\u00edcias sobre o Flamengo: Contrata\u00e7\u00f5es, categorias de base, resultados das partidas, tabela de classifica\u00e7\u00e3o, pr\u00f3ximos jogos!","potentialAction":[{"@type":"SearchAction","target":{"@type":"EntryPoint","urlTemplate":"https:\/\/www.gaveanews.com\/?s={search_term_string}"},"query-input":{"@type":"PropertyValueSpecification","valueRequired":true,"valueName":"search_term_string"}}],"inLanguage":"pt-BR"},{"@type":"Person","@id":"https:\/\/www.gaveanews.com\/#\/schema\/person\/2ec14f73fb96be2caf28f91afb14749d","name":"Equipe G\u00e1vea News","image":{"@type":"ImageObject","inLanguage":"pt-BR","@id":"https:\/\/www.gaveanews.com\/#\/schema\/person\/image\/","url":"https:\/\/secure.gravatar.com\/avatar\/1e1956f1facbffd3f8fa53a326721950116b3b9dc9bd44939c01180fd4a745a9?s=96&d=mm&r=g","contentUrl":"https:\/\/secure.gravatar.com\/avatar\/1e1956f1facbffd3f8fa53a326721950116b3b9dc9bd44939c01180fd4a745a9?s=96&d=mm&r=g","caption":"Equipe G\u00e1vea News"}}]}},"_links":{"self":[{"href":"https:\/\/www.gaveanews.com\/index.php\/wp-json\/wp\/v2\/posts\/80210","targetHints":{"allow":["GET"]}}],"collection":[{"href":"https:\/\/www.gaveanews.com\/index.php\/wp-json\/wp\/v2\/posts"}],"about":[{"href":"https:\/\/www.gaveanews.com\/index.php\/wp-json\/wp\/v2\/types\/post"}],"author":[{"embeddable":true,"href":"https:\/\/www.gaveanews.com\/index.php\/wp-json\/wp\/v2\/users\/1"}],"replies":[{"embeddable":true,"href":"https:\/\/www.gaveanews.com\/index.php\/wp-json\/wp\/v2\/comments?post=80210"}],"version-history":[{"count":0,"href":"https:\/\/www.gaveanews.com\/index.php\/wp-json\/wp\/v2\/posts\/80210\/revisions"}],"wp:featuredmedia":[{"embeddable":true,"href":"https:\/\/www.gaveanews.com\/index.php\/wp-json\/wp\/v2\/media\/79978"}],"wp:attachment":[{"href":"https:\/\/www.gaveanews.com\/index.php\/wp-json\/wp\/v2\/media?parent=80210"}],"wp:term":[{"taxonomy":"category","embeddable":true,"href":"https:\/\/www.gaveanews.com\/index.php\/wp-json\/wp\/v2\/categories?post=80210"},{"taxonomy":"post_tag","embeddable":true,"href":"https:\/\/www.gaveanews.com\/index.php\/wp-json\/wp\/v2\/tags?post=80210"}],"curies":[{"name":"wp","href":"https:\/\/api.w.org\/{rel}","templated":true}]}}