{"id":80212,"date":"2022-04-18T13:36:57","date_gmt":"2022-04-18T16:36:57","guid":{"rendered":"https:\/\/www.gaveanews.com\/?p=80212"},"modified":"2022-04-18T13:36:57","modified_gmt":"2022-04-18T16:36:57","slug":"comentaristas-elogiam-comando-de-paulo-sousa-em-vitoria-do-flamengo","status":"publish","type":"post","link":"https:\/\/www.gaveanews.com\/index.php\/2022\/04\/18\/comentaristas-elogiam-comando-de-paulo-sousa-em-vitoria-do-flamengo\/","title":{"rendered":"Comentaristas elogiam comando de Paulo Sousa em vit\u00f3ria do Flamengo"},"content":{"rendered":"\r\n<p>O Flamengo mostrou evolu\u00e7\u00e3o e melhora de rendimento na vit\u00f3ria sobre o S\u00e3o Paulo do \u00faltimo domingo (17). O aproveitamento do elenco contra seu ex-t\u00e9cnico convenceu os torcedores, rubro-negros, que agora voltam a sonhar com a conquista de t\u00edtulos nesta temporada.<\/p>\r\n\r\n\r\n\r\n<p>Frente ao sucesso do time da G\u00e1vea no final de semana, Paulo Sousa teve seu trabalho exaltado no programa <em>&#8220;ESPN F360&#8221;<\/em> desta segunda-feira (18). Os coment\u00e1rios de Celso Unzelte e Breiller Pires, al\u00e9m de ressaltarem a vit\u00f3ria da equipe, foram bastante positivos ao desempenho e postura do t\u00e9cnico portugu\u00eas.<\/p>\r\n\r\n\r\n\r\n<p><strong><em>\u2014 Vamos deixar os resultados de lado, a grande evolu\u00e7\u00e3o ontem foi o Paulo Sousa conseguir essa press\u00e3o que ele quer, por mais tempo. O jogo inteiro foi a sanfona que o futebol pede, que \u00e9 justamente o problema do Flamengo desde os tempos de Jesus. O Paulo Sousa conseguiu esse equil\u00edbrio. O Flamengo n\u00e3o conseguia nos \u00faltimos jogos e ontem conseguiu. Ontem n\u00e3o se falou dos problemas entre as linhas, de espa\u00e7o\u2026 Paulo conseguiu o que ele queria ontem <\/em><\/strong>&#8211; disse Celso, antes de Breiller comentar:<\/p>\r\n\r\n\r\n\r\n<p><em><strong>\u2014 A entrada do Isla ajudou o Flamengo a explorar as fragilidades do S\u00e3o Paulo por ali. Ontem foi um jogo muito feliz do Paulo Sousa. E, depois do jogo, depois de uma vit\u00f3ria, ele poderia exaltar, mas n\u00e3o, ele fez ressalvas importantes. Que no gol do S\u00e3o Paulo, ele est\u00e1 desesperado para ajeitar as linhas. Houve uma desconex\u00e3o, o Gabigol e o Arrascaeta n\u00e3o estavam ajustados, esse desajuste fez com que o S\u00e3o Paulo aproveitasse e marcasse.<\/strong><\/em><\/p>\r\n\r\n\r\n\r\n<p>Ap\u00f3s conquistar mais tr\u00eas pontos e subir \u00e0 quarta coloca\u00e7\u00e3o na tabela de classifica\u00e7\u00e3o, o Flamengo iniciou as prepara\u00e7\u00f5es para seu pr\u00f3ximo compromisso nesta manh\u00e3. O time volta ao Maracan\u00e3 na quarta-feira (20), quando recebe o Palmeiras em partida adiantada da quarta rodada do Brasileir\u00e3o.<\/p>\r\n\r\n\r\n\r\n<p>O duelo ocorrer\u00e1 \u00e0s 19h30 (hor\u00e1rio de Bras\u00edlia) e, devido ao hor\u00e1rio, n\u00e3o ser\u00e1 transmitido pela TV aberta. Sendo assim, a transmiss\u00e3o ser\u00e1 feita somente pelo canal Premiere.<\/p>\r\n","protected":false},"excerpt":{"rendered":"<p>O Flamengo mostrou evolu\u00e7\u00e3o e melhora de rendimento na vit\u00f3ria sobre o S\u00e3o Paulo do \u00faltimo domingo (17). O aproveitamento do elenco contra seu ex-t\u00e9cnico convenceu os torcedores, rubro-negros, que agora voltam a sonhar com a conquista de t\u00edtulos nesta temporada. Frente ao sucesso do time da G\u00e1vea no final de semana, Paulo Sousa teve [&hellip;]<\/p>\n","protected":false},"author":4,"featured_media":80213,"comment_status":"open","ping_status":"closed","sticky":false,"template":"","format":"standard","meta":{"footnotes":""},"categories":[1],"tags":[],"class_list":["post-80212","post","type-post","status-publish","format-standard","has-post-thumbnail","hentry","category-flamengo"],"yoast_head":"<!-- This site is optimized with the Yoast SEO Premium plugin v24.2 (Yoast SEO v26.9) - https:\/\/yoast.com\/product\/yoast-seo-premium-wordpress\/ -->\n<title>Comentaristas elogiam comando de Paulo Sousa em vit\u00f3ria do Flamengo<\/title>\n<meta name=\"robots\" content=\"index, follow, max-snippet:-1, max-image-preview:large, max-video-preview:-1\" \/>\n<link rel=\"canonical\" href=\"https:\/\/www.gaveanews.com\/index.php\/2022\/04\/18\/comentaristas-elogiam-comando-de-paulo-sousa-em-vitoria-do-flamengo\/\" \/>\n<meta property=\"og:locale\" content=\"pt_BR\" \/>\n<meta property=\"og:type\" content=\"article\" \/>\n<meta property=\"og:title\" content=\"Comentaristas elogiam comando de Paulo Sousa em vit\u00f3ria do Flamengo\" \/>\n<meta property=\"og:description\" content=\"O Flamengo mostrou evolu\u00e7\u00e3o e melhora de rendimento na vit\u00f3ria sobre o S\u00e3o Paulo do \u00faltimo domingo (17). O aproveitamento do elenco contra seu ex-t\u00e9cnico convenceu os torcedores, rubro-negros, que agora voltam a sonhar com a conquista de t\u00edtulos nesta temporada. Frente ao sucesso do time da G\u00e1vea no final de semana, Paulo Sousa teve [&hellip;]\" \/>\n<meta property=\"og:url\" content=\"https:\/\/www.gaveanews.com\/index.php\/2022\/04\/18\/comentaristas-elogiam-comando-de-paulo-sousa-em-vitoria-do-flamengo\/\" \/>\n<meta property=\"og:site_name\" content=\"G\u00e1vea News\" \/>\n<meta property=\"article:publisher\" content=\"https:\/\/facebook.com\/gaveaNews\/\" \/>\n<meta property=\"article:published_time\" content=\"2022-04-18T16:36:57+00:00\" \/>\n<meta property=\"og:image\" content=\"https:\/\/www.gaveanews.com\/wp-content\/uploads\/Paulo-Sousa-comanda-o-Flamengo-em-jogo-contra-o-Sao-Paulo.webp\" \/>\n\t<meta property=\"og:image:width\" content=\"799\" \/>\n\t<meta property=\"og:image:height\" content=\"533\" \/>\n\t<meta property=\"og:image:type\" content=\"image\/jpeg\" \/>\n<meta name=\"author\" content=\"Let\u00edcia Gerheim\" \/>\n<meta name=\"twitter:card\" content=\"summary_large_image\" \/>\n<meta name=\"twitter:label1\" content=\"Escrito por\" \/>\n\t<meta name=\"twitter:data1\" content=\"Let\u00edcia Gerheim\" \/>\n\t<meta name=\"twitter:label2\" content=\"Est. tempo de leitura\" \/>\n\t<meta name=\"twitter:data2\" content=\"2 minutos\" \/>\n<script type=\"application\/ld+json\" class=\"yoast-schema-graph\">{\"@context\":\"https:\/\/schema.org\",\"@graph\":[{\"@type\":\"NewsArticle\",\"@id\":\"https:\/\/www.gaveanews.com\/index.php\/2022\/04\/18\/comentaristas-elogiam-comando-de-paulo-sousa-em-vitoria-do-flamengo\/#article\",\"isPartOf\":{\"@id\":\"https:\/\/www.gaveanews.com\/index.php\/2022\/04\/18\/comentaristas-elogiam-comando-de-paulo-sousa-em-vitoria-do-flamengo\/\"},\"author\":{\"name\":\"Let\u00edcia Gerheim\",\"@id\":\"https:\/\/www.gaveanews.com\/#\/schema\/person\/714c67050b836198af2450ba1c142a67\"},\"headline\":\"Comentaristas elogiam comando de Paulo Sousa em vit\u00f3ria do Flamengo\",\"datePublished\":\"2022-04-18T16:36:57+00:00\",\"mainEntityOfPage\":{\"@id\":\"https:\/\/www.gaveanews.com\/index.php\/2022\/04\/18\/comentaristas-elogiam-comando-de-paulo-sousa-em-vitoria-do-flamengo\/\"},\"wordCount\":368,\"commentCount\":0,\"image\":{\"@id\":\"https:\/\/www.gaveanews.com\/index.php\/2022\/04\/18\/comentaristas-elogiam-comando-de-paulo-sousa-em-vitoria-do-flamengo\/#primaryimage\"},\"thumbnailUrl\":\"https:\/\/www.gaveanews.com\/wp-content\/uploads\/Paulo-Sousa-comanda-o-Flamengo-em-jogo-contra-o-Sao-Paulo.webp\",\"articleSection\":[\"Flamengo\"],\"inLanguage\":\"pt-BR\",\"potentialAction\":[{\"@type\":\"CommentAction\",\"name\":\"Comment\",\"target\":[\"https:\/\/www.gaveanews.com\/index.php\/2022\/04\/18\/comentaristas-elogiam-comando-de-paulo-sousa-em-vitoria-do-flamengo\/#respond\"]}],\"copyrightYear\":\"2022\",\"copyrightHolder\":{\"@id\":\"https:\/\/www.gaveanews.com\/#organization\"}},{\"@type\":\"WebPage\",\"@id\":\"https:\/\/www.gaveanews.com\/index.php\/2022\/04\/18\/comentaristas-elogiam-comando-de-paulo-sousa-em-vitoria-do-flamengo\/\",\"url\":\"https:\/\/www.gaveanews.com\/index.php\/2022\/04\/18\/comentaristas-elogiam-comando-de-paulo-sousa-em-vitoria-do-flamengo\/\",\"name\":\"Comentaristas elogiam comando de Paulo Sousa em vit\u00f3ria do Flamengo\",\"isPartOf\":{\"@id\":\"https:\/\/www.gaveanews.com\/#website\"},\"primaryImageOfPage\":{\"@id\":\"https:\/\/www.gaveanews.com\/index.php\/2022\/04\/18\/comentaristas-elogiam-comando-de-paulo-sousa-em-vitoria-do-flamengo\/#primaryimage\"},\"image\":{\"@id\":\"https:\/\/www.gaveanews.com\/index.php\/2022\/04\/18\/comentaristas-elogiam-comando-de-paulo-sousa-em-vitoria-do-flamengo\/#primaryimage\"},\"thumbnailUrl\":\"https:\/\/www.gaveanews.com\/wp-content\/uploads\/Paulo-Sousa-comanda-o-Flamengo-em-jogo-contra-o-Sao-Paulo.webp\",\"datePublished\":\"2022-04-18T16:36:57+00:00\",\"author\":{\"@id\":\"https:\/\/www.gaveanews.com\/#\/schema\/person\/714c67050b836198af2450ba1c142a67\"},\"breadcrumb\":{\"@id\":\"https:\/\/www.gaveanews.com\/index.php\/2022\/04\/18\/comentaristas-elogiam-comando-de-paulo-sousa-em-vitoria-do-flamengo\/#breadcrumb\"},\"inLanguage\":\"pt-BR\",\"potentialAction\":[{\"@type\":\"ReadAction\",\"target\":[\"https:\/\/www.gaveanews.com\/index.php\/2022\/04\/18\/comentaristas-elogiam-comando-de-paulo-sousa-em-vitoria-do-flamengo\/\"]}]},{\"@type\":\"ImageObject\",\"inLanguage\":\"pt-BR\",\"@id\":\"https:\/\/www.gaveanews.com\/index.php\/2022\/04\/18\/comentaristas-elogiam-comando-de-paulo-sousa-em-vitoria-do-flamengo\/#primaryimage\",\"url\":\"https:\/\/www.gaveanews.com\/wp-content\/uploads\/Paulo-Sousa-comanda-o-Flamengo-em-jogo-contra-o-Sao-Paulo.webp\",\"contentUrl\":\"https:\/\/www.gaveanews.com\/wp-content\/uploads\/Paulo-Sousa-comanda-o-Flamengo-em-jogo-contra-o-Sao-Paulo.webp\",\"width\":799,\"height\":533,\"caption\":\"Paulo Sousa comanda o Flamengo em jogo contra o S\u00e3o Paulo (Foto: Gilvan de Souza\/Flamengo)\"},{\"@type\":\"BreadcrumbList\",\"@id\":\"https:\/\/www.gaveanews.com\/index.php\/2022\/04\/18\/comentaristas-elogiam-comando-de-paulo-sousa-em-vitoria-do-flamengo\/#breadcrumb\",\"itemListElement\":[{\"@type\":\"ListItem\",\"position\":1,\"name\":\"Home\",\"item\":\"https:\/\/www.gaveanews.com\/\"},{\"@type\":\"ListItem\",\"position\":2,\"name\":\"Comentaristas elogiam comando de Paulo Sousa em vit\u00f3ria do Flamengo\"}]},{\"@type\":\"WebSite\",\"@id\":\"https:\/\/www.gaveanews.com\/#website\",\"url\":\"https:\/\/www.gaveanews.com\/\",\"name\":\"G\u00e1vea News\",\"description\":\"Veja todas as not\u00edcias sobre o Flamengo: Contrata\u00e7\u00f5es, categorias de base, resultados das partidas, tabela de classifica\u00e7\u00e3o, pr\u00f3ximos jogos!\",\"potentialAction\":[{\"@type\":\"SearchAction\",\"target\":{\"@type\":\"EntryPoint\",\"urlTemplate\":\"https:\/\/www.gaveanews.com\/?s={search_term_string}\"},\"query-input\":{\"@type\":\"PropertyValueSpecification\",\"valueRequired\":true,\"valueName\":\"search_term_string\"}}],\"inLanguage\":\"pt-BR\"},{\"@type\":\"Person\",\"@id\":\"https:\/\/www.gaveanews.com\/#\/schema\/person\/714c67050b836198af2450ba1c142a67\",\"name\":\"Let\u00edcia Gerheim\",\"image\":{\"@type\":\"ImageObject\",\"inLanguage\":\"pt-BR\",\"@id\":\"https:\/\/www.gaveanews.com\/#\/schema\/person\/image\/\",\"url\":\"https:\/\/secure.gravatar.com\/avatar\/60734739c50fcebfbac509e2a826ccd0ff405c019bc73aab9354f19ecad1dcb4?s=96&d=mm&r=g\",\"contentUrl\":\"https:\/\/secure.gravatar.com\/avatar\/60734739c50fcebfbac509e2a826ccd0ff405c019bc73aab9354f19ecad1dcb4?s=96&d=mm&r=g\",\"caption\":\"Let\u00edcia Gerheim\"}}]}<\/script>\n<!-- \/ Yoast SEO Premium plugin. -->","yoast_head_json":{"title":"Comentaristas elogiam comando de Paulo Sousa em vit\u00f3ria do Flamengo","robots":{"index":"index","follow":"follow","max-snippet":"max-snippet:-1","max-image-preview":"max-image-preview:large","max-video-preview":"max-video-preview:-1"},"canonical":"https:\/\/www.gaveanews.com\/index.php\/2022\/04\/18\/comentaristas-elogiam-comando-de-paulo-sousa-em-vitoria-do-flamengo\/","og_locale":"pt_BR","og_type":"article","og_title":"Comentaristas elogiam comando de Paulo Sousa em vit\u00f3ria do Flamengo","og_description":"O Flamengo mostrou evolu\u00e7\u00e3o e melhora de rendimento na vit\u00f3ria sobre o S\u00e3o Paulo do \u00faltimo domingo (17). O aproveitamento do elenco contra seu ex-t\u00e9cnico convenceu os torcedores, rubro-negros, que agora voltam a sonhar com a conquista de t\u00edtulos nesta temporada. Frente ao sucesso do time da G\u00e1vea no final de semana, Paulo Sousa teve [&hellip;]","og_url":"https:\/\/www.gaveanews.com\/index.php\/2022\/04\/18\/comentaristas-elogiam-comando-de-paulo-sousa-em-vitoria-do-flamengo\/","og_site_name":"G\u00e1vea News","article_publisher":"https:\/\/facebook.com\/gaveaNews\/","article_published_time":"2022-04-18T16:36:57+00:00","og_image":[{"width":799,"height":533,"url":"https:\/\/www.gaveanews.com\/wp-content\/uploads\/Paulo-Sousa-comanda-o-Flamengo-em-jogo-contra-o-Sao-Paulo.webp","type":"image\/jpeg"}],"author":"Let\u00edcia Gerheim","twitter_card":"summary_large_image","twitter_misc":{"Escrito por":"Let\u00edcia Gerheim","Est. tempo de leitura":"2 minutos"},"schema":{"@context":"https:\/\/schema.org","@graph":[{"@type":"NewsArticle","@id":"https:\/\/www.gaveanews.com\/index.php\/2022\/04\/18\/comentaristas-elogiam-comando-de-paulo-sousa-em-vitoria-do-flamengo\/#article","isPartOf":{"@id":"https:\/\/www.gaveanews.com\/index.php\/2022\/04\/18\/comentaristas-elogiam-comando-de-paulo-sousa-em-vitoria-do-flamengo\/"},"author":{"name":"Let\u00edcia Gerheim","@id":"https:\/\/www.gaveanews.com\/#\/schema\/person\/714c67050b836198af2450ba1c142a67"},"headline":"Comentaristas elogiam comando de Paulo Sousa em vit\u00f3ria do Flamengo","datePublished":"2022-04-18T16:36:57+00:00","mainEntityOfPage":{"@id":"https:\/\/www.gaveanews.com\/index.php\/2022\/04\/18\/comentaristas-elogiam-comando-de-paulo-sousa-em-vitoria-do-flamengo\/"},"wordCount":368,"commentCount":0,"image":{"@id":"https:\/\/www.gaveanews.com\/index.php\/2022\/04\/18\/comentaristas-elogiam-comando-de-paulo-sousa-em-vitoria-do-flamengo\/#primaryimage"},"thumbnailUrl":"https:\/\/www.gaveanews.com\/wp-content\/uploads\/Paulo-Sousa-comanda-o-Flamengo-em-jogo-contra-o-Sao-Paulo.webp","articleSection":["Flamengo"],"inLanguage":"pt-BR","potentialAction":[{"@type":"CommentAction","name":"Comment","target":["https:\/\/www.gaveanews.com\/index.php\/2022\/04\/18\/comentaristas-elogiam-comando-de-paulo-sousa-em-vitoria-do-flamengo\/#respond"]}],"copyrightYear":"2022","copyrightHolder":{"@id":"https:\/\/www.gaveanews.com\/#organization"}},{"@type":"WebPage","@id":"https:\/\/www.gaveanews.com\/index.php\/2022\/04\/18\/comentaristas-elogiam-comando-de-paulo-sousa-em-vitoria-do-flamengo\/","url":"https:\/\/www.gaveanews.com\/index.php\/2022\/04\/18\/comentaristas-elogiam-comando-de-paulo-sousa-em-vitoria-do-flamengo\/","name":"Comentaristas elogiam comando de Paulo Sousa em vit\u00f3ria do Flamengo","isPartOf":{"@id":"https:\/\/www.gaveanews.com\/#website"},"primaryImageOfPage":{"@id":"https:\/\/www.gaveanews.com\/index.php\/2022\/04\/18\/comentaristas-elogiam-comando-de-paulo-sousa-em-vitoria-do-flamengo\/#primaryimage"},"image":{"@id":"https:\/\/www.gaveanews.com\/index.php\/2022\/04\/18\/comentaristas-elogiam-comando-de-paulo-sousa-em-vitoria-do-flamengo\/#primaryimage"},"thumbnailUrl":"https:\/\/www.gaveanews.com\/wp-content\/uploads\/Paulo-Sousa-comanda-o-Flamengo-em-jogo-contra-o-Sao-Paulo.webp","datePublished":"2022-04-18T16:36:57+00:00","author":{"@id":"https:\/\/www.gaveanews.com\/#\/schema\/person\/714c67050b836198af2450ba1c142a67"},"breadcrumb":{"@id":"https:\/\/www.gaveanews.com\/index.php\/2022\/04\/18\/comentaristas-elogiam-comando-de-paulo-sousa-em-vitoria-do-flamengo\/#breadcrumb"},"inLanguage":"pt-BR","potentialAction":[{"@type":"ReadAction","target":["https:\/\/www.gaveanews.com\/index.php\/2022\/04\/18\/comentaristas-elogiam-comando-de-paulo-sousa-em-vitoria-do-flamengo\/"]}]},{"@type":"ImageObject","inLanguage":"pt-BR","@id":"https:\/\/www.gaveanews.com\/index.php\/2022\/04\/18\/comentaristas-elogiam-comando-de-paulo-sousa-em-vitoria-do-flamengo\/#primaryimage","url":"https:\/\/www.gaveanews.com\/wp-content\/uploads\/Paulo-Sousa-comanda-o-Flamengo-em-jogo-contra-o-Sao-Paulo.webp","contentUrl":"https:\/\/www.gaveanews.com\/wp-content\/uploads\/Paulo-Sousa-comanda-o-Flamengo-em-jogo-contra-o-Sao-Paulo.webp","width":799,"height":533,"caption":"Paulo Sousa comanda o Flamengo em jogo contra o S\u00e3o Paulo (Foto: Gilvan de Souza\/Flamengo)"},{"@type":"BreadcrumbList","@id":"https:\/\/www.gaveanews.com\/index.php\/2022\/04\/18\/comentaristas-elogiam-comando-de-paulo-sousa-em-vitoria-do-flamengo\/#breadcrumb","itemListElement":[{"@type":"ListItem","position":1,"name":"Home","item":"https:\/\/www.gaveanews.com\/"},{"@type":"ListItem","position":2,"name":"Comentaristas elogiam comando de Paulo Sousa em vit\u00f3ria do Flamengo"}]},{"@type":"WebSite","@id":"https:\/\/www.gaveanews.com\/#website","url":"https:\/\/www.gaveanews.com\/","name":"G\u00e1vea News","description":"Veja todas as not\u00edcias sobre o Flamengo: Contrata\u00e7\u00f5es, categorias de base, resultados das partidas, tabela de classifica\u00e7\u00e3o, pr\u00f3ximos jogos!","potentialAction":[{"@type":"SearchAction","target":{"@type":"EntryPoint","urlTemplate":"https:\/\/www.gaveanews.com\/?s={search_term_string}"},"query-input":{"@type":"PropertyValueSpecification","valueRequired":true,"valueName":"search_term_string"}}],"inLanguage":"pt-BR"},{"@type":"Person","@id":"https:\/\/www.gaveanews.com\/#\/schema\/person\/714c67050b836198af2450ba1c142a67","name":"Let\u00edcia Gerheim","image":{"@type":"ImageObject","inLanguage":"pt-BR","@id":"https:\/\/www.gaveanews.com\/#\/schema\/person\/image\/","url":"https:\/\/secure.gravatar.com\/avatar\/60734739c50fcebfbac509e2a826ccd0ff405c019bc73aab9354f19ecad1dcb4?s=96&d=mm&r=g","contentUrl":"https:\/\/secure.gravatar.com\/avatar\/60734739c50fcebfbac509e2a826ccd0ff405c019bc73aab9354f19ecad1dcb4?s=96&d=mm&r=g","caption":"Let\u00edcia Gerheim"}}]}},"_links":{"self":[{"href":"https:\/\/www.gaveanews.com\/index.php\/wp-json\/wp\/v2\/posts\/80212","targetHints":{"allow":["GET"]}}],"collection":[{"href":"https:\/\/www.gaveanews.com\/index.php\/wp-json\/wp\/v2\/posts"}],"about":[{"href":"https:\/\/www.gaveanews.com\/index.php\/wp-json\/wp\/v2\/types\/post"}],"author":[{"embeddable":true,"href":"https:\/\/www.gaveanews.com\/index.php\/wp-json\/wp\/v2\/users\/4"}],"replies":[{"embeddable":true,"href":"https:\/\/www.gaveanews.com\/index.php\/wp-json\/wp\/v2\/comments?post=80212"}],"version-history":[{"count":0,"href":"https:\/\/www.gaveanews.com\/index.php\/wp-json\/wp\/v2\/posts\/80212\/revisions"}],"wp:featuredmedia":[{"embeddable":true,"href":"https:\/\/www.gaveanews.com\/index.php\/wp-json\/wp\/v2\/media\/80213"}],"wp:attachment":[{"href":"https:\/\/www.gaveanews.com\/index.php\/wp-json\/wp\/v2\/media?parent=80212"}],"wp:term":[{"taxonomy":"category","embeddable":true,"href":"https:\/\/www.gaveanews.com\/index.php\/wp-json\/wp\/v2\/categories?post=80212"},{"taxonomy":"post_tag","embeddable":true,"href":"https:\/\/www.gaveanews.com\/index.php\/wp-json\/wp\/v2\/tags?post=80212"}],"curies":[{"name":"wp","href":"https:\/\/api.w.org\/{rel}","templated":true}]}}