{"id":80239,"date":"2022-04-18T18:06:36","date_gmt":"2022-04-18T21:06:36","guid":{"rendered":"https:\/\/www.gaveanews.com\/?p=80239"},"modified":"2022-04-18T18:06:36","modified_gmt":"2022-04-18T21:06:36","slug":"bruno-henrique-matheus-franca-pablo-rodrigo-caio-fabricio-bruno-ayrton-lucas-matheuzinho-e-vitinho-saiba-como-esta-a-recuperacao-dos-jogadores-lesionados-do-flamengo","status":"publish","type":"post","link":"https:\/\/www.gaveanews.com\/index.php\/2022\/04\/18\/bruno-henrique-matheus-franca-pablo-rodrigo-caio-fabricio-bruno-ayrton-lucas-matheuzinho-e-vitinho-saiba-como-esta-a-recuperacao-dos-jogadores-lesionados-do-flamengo\/","title":{"rendered":"Bruno Henrique, Matheus Fran\u00e7a, Pablo, Rodrigo Caio, Fabr\u00edcio Bruno, Ayrton Lucas, Matheuzinho e Vitinho: Saiba como est\u00e1 a recupera\u00e7\u00e3o dos jogadores lesionados do Flamengo"},"content":{"rendered":"<p>A lista de lesionados no elenco do Flamengo segue aumentado com uma frequ\u00eancia alarmante. O novo nome entre os que realizam tratamento no departamento m\u00e9dico \u00e9 Matheus Fran\u00e7a, que fraturou a f\u00edbula da perna direita na vit\u00f3ria sobre o S\u00e3o Paulo no \u00faltimo domingo (17).<\/p>\n<p>O jovem foi submetido por cirurgia para fixa\u00e7\u00e3o da f\u00edbula nesta segunda-feira (18), e desfalcar\u00e1 o elenco de tr\u00eas e quatro meses. O procedimento foi realizado no Hospital Samaritano Barra, supervisionado pelo Dr. M\u00e1rcio Tannure.<\/p>\n<p>A lista de baixas ainda conta com Bruno Henrique, Ayrton Lucas, Fabr\u00edcio Bruno, Rodrigo Caio, Matheuzinho e Vitinho. Dentre eles, o zagueiro ex-Bragantino foi quem teve o caso destacado por Paulo Sousa e ainda \u00e9 uma inc\u00f3gnita quanto \u00e0 recupera\u00e7\u00e3o.<\/p>\n<p><em><strong>\u2014 O Fabricio Bruno tem uma les\u00e3o at\u00e9 dif\u00edcil de explicar e torcemos para que ele possa se recuperar\u00a0<\/strong><\/em>&#8211; disse o t\u00e9cnico ap\u00f3s a vit\u00f3ria sobre o S\u00e3o Paulo.<\/p>\n<p>Matheuzinho e Vitinho, ambos com les\u00f5es na coxa direita, seguem trabalhando junto ao DM e tamb\u00e9m realizando trabalhos na academia. O lateral apresentou problema na parte anterior, enquanto o meia-atacante na posterior.<\/p>\n<p>Ayrton Lucas iniciou o processo de transi\u00e7\u00e3o nesta segunda-feira. Al\u00e9m do lateral, Rodrigo Caio tamb\u00e9m est\u00e1 nesta mesma etapa, mas seu retorno deve demorar mais algumas semanas.<\/p>\n<p>Bruno Henrique est\u00e1 sendo preparado para voltar a ser relacionado no jogo contra o Athletico-PR deste final de semana. O mais avan\u00e7ado na recupera\u00e7\u00e3o \u00e9 Pablo, que j\u00e1 foi reintegrado \u00e0s atividades coletivas e tem grandes chances de ser relacionado para a partida contra o Palmeiras desta quarta-feira (20), \u00e0s 19h30 (hor\u00e1rio de Bras\u00edlia).<\/p>\n","protected":false},"excerpt":{"rendered":"<p>A lista de lesionados no elenco do Flamengo segue aumentado com uma frequ\u00eancia alarmante. O novo nome entre os que realizam tratamento no departamento m\u00e9dico \u00e9 Matheus Fran\u00e7a, que fraturou a f\u00edbula da perna direita na vit\u00f3ria sobre o S\u00e3o Paulo no \u00faltimo domingo (17). O jovem foi submetido por cirurgia para fixa\u00e7\u00e3o da f\u00edbula [&hellip;]<\/p>\n","protected":false},"author":4,"featured_media":80240,"comment_status":"open","ping_status":"closed","sticky":false,"template":"","format":"standard","meta":{"footnotes":""},"categories":[1],"tags":[],"class_list":["post-80239","post","type-post","status-publish","format-standard","has-post-thumbnail","hentry","category-flamengo"],"yoast_head":"<!-- This site is optimized with the Yoast SEO Premium plugin v24.2 (Yoast SEO v26.9) - https:\/\/yoast.com\/product\/yoast-seo-premium-wordpress\/ -->\n<title>Bruno Henrique, Matheus Fran\u00e7a, Pablo, Rodrigo Caio, Fabr\u00edcio Bruno, Ayrton Lucas, Matheuzinho e Vitinho: Saiba como est\u00e1 a recupera\u00e7\u00e3o dos jogadores lesionados do Flamengo<\/title>\n<meta name=\"robots\" content=\"index, follow, max-snippet:-1, max-image-preview:large, max-video-preview:-1\" \/>\n<link rel=\"canonical\" href=\"https:\/\/www.gaveanews.com\/index.php\/2022\/04\/18\/bruno-henrique-matheus-franca-pablo-rodrigo-caio-fabricio-bruno-ayrton-lucas-matheuzinho-e-vitinho-saiba-como-esta-a-recuperacao-dos-jogadores-lesionados-do-flamengo\/\" \/>\n<meta property=\"og:locale\" content=\"pt_BR\" \/>\n<meta property=\"og:type\" content=\"article\" \/>\n<meta property=\"og:title\" content=\"Bruno Henrique, Matheus Fran\u00e7a, Pablo, Rodrigo Caio, Fabr\u00edcio Bruno, Ayrton Lucas, Matheuzinho e Vitinho: Saiba como est\u00e1 a recupera\u00e7\u00e3o dos jogadores lesionados do Flamengo\" \/>\n<meta property=\"og:description\" content=\"A lista de lesionados no elenco do Flamengo segue aumentado com uma frequ\u00eancia alarmante. O novo nome entre os que realizam tratamento no departamento m\u00e9dico \u00e9 Matheus Fran\u00e7a, que fraturou a f\u00edbula da perna direita na vit\u00f3ria sobre o S\u00e3o Paulo no \u00faltimo domingo (17). O jovem foi submetido por cirurgia para fixa\u00e7\u00e3o da f\u00edbula [&hellip;]\" \/>\n<meta property=\"og:url\" content=\"https:\/\/www.gaveanews.com\/index.php\/2022\/04\/18\/bruno-henrique-matheus-franca-pablo-rodrigo-caio-fabricio-bruno-ayrton-lucas-matheuzinho-e-vitinho-saiba-como-esta-a-recuperacao-dos-jogadores-lesionados-do-flamengo\/\" \/>\n<meta property=\"og:site_name\" content=\"G\u00e1vea News\" \/>\n<meta property=\"article:publisher\" content=\"https:\/\/facebook.com\/gaveaNews\/\" \/>\n<meta property=\"article:published_time\" content=\"2022-04-18T21:06:36+00:00\" \/>\n<meta property=\"og:image\" content=\"https:\/\/www.gaveanews.com\/wp-content\/uploads\/Matheus-Franca-sofre-lesao-em-partida-contra-o-Sao-Paulo-e-e-operado.webp\" \/>\n\t<meta property=\"og:image:width\" content=\"799\" \/>\n\t<meta property=\"og:image:height\" content=\"533\" \/>\n\t<meta property=\"og:image:type\" content=\"image\/jpeg\" \/>\n<meta name=\"author\" content=\"Let\u00edcia Gerheim\" \/>\n<meta name=\"twitter:card\" content=\"summary_large_image\" \/>\n<meta name=\"twitter:label1\" content=\"Escrito por\" \/>\n\t<meta name=\"twitter:data1\" content=\"Let\u00edcia Gerheim\" \/>\n\t<meta name=\"twitter:label2\" content=\"Est. tempo de leitura\" \/>\n\t<meta name=\"twitter:data2\" content=\"2 minutos\" \/>\n<script type=\"application\/ld+json\" class=\"yoast-schema-graph\">{\"@context\":\"https:\/\/schema.org\",\"@graph\":[{\"@type\":\"NewsArticle\",\"@id\":\"https:\/\/www.gaveanews.com\/index.php\/2022\/04\/18\/bruno-henrique-matheus-franca-pablo-rodrigo-caio-fabricio-bruno-ayrton-lucas-matheuzinho-e-vitinho-saiba-como-esta-a-recuperacao-dos-jogadores-lesionados-do-flamengo\/#article\",\"isPartOf\":{\"@id\":\"https:\/\/www.gaveanews.com\/index.php\/2022\/04\/18\/bruno-henrique-matheus-franca-pablo-rodrigo-caio-fabricio-bruno-ayrton-lucas-matheuzinho-e-vitinho-saiba-como-esta-a-recuperacao-dos-jogadores-lesionados-do-flamengo\/\"},\"author\":{\"name\":\"Let\u00edcia Gerheim\",\"@id\":\"https:\/\/www.gaveanews.com\/#\/schema\/person\/714c67050b836198af2450ba1c142a67\"},\"headline\":\"Bruno Henrique, Matheus Fran\u00e7a, Pablo, Rodrigo Caio, Fabr\u00edcio Bruno, Ayrton Lucas, Matheuzinho e Vitinho: Saiba como est\u00e1 a recupera\u00e7\u00e3o dos jogadores lesionados do Flamengo\",\"datePublished\":\"2022-04-18T21:06:36+00:00\",\"mainEntityOfPage\":{\"@id\":\"https:\/\/www.gaveanews.com\/index.php\/2022\/04\/18\/bruno-henrique-matheus-franca-pablo-rodrigo-caio-fabricio-bruno-ayrton-lucas-matheuzinho-e-vitinho-saiba-como-esta-a-recuperacao-dos-jogadores-lesionados-do-flamengo\/\"},\"wordCount\":310,\"commentCount\":0,\"image\":{\"@id\":\"https:\/\/www.gaveanews.com\/index.php\/2022\/04\/18\/bruno-henrique-matheus-franca-pablo-rodrigo-caio-fabricio-bruno-ayrton-lucas-matheuzinho-e-vitinho-saiba-como-esta-a-recuperacao-dos-jogadores-lesionados-do-flamengo\/#primaryimage\"},\"thumbnailUrl\":\"https:\/\/www.gaveanews.com\/wp-content\/uploads\/Matheus-Franca-sofre-lesao-em-partida-contra-o-Sao-Paulo-e-e-operado.webp\",\"articleSection\":[\"Flamengo\"],\"inLanguage\":\"pt-BR\",\"potentialAction\":[{\"@type\":\"CommentAction\",\"name\":\"Comment\",\"target\":[\"https:\/\/www.gaveanews.com\/index.php\/2022\/04\/18\/bruno-henrique-matheus-franca-pablo-rodrigo-caio-fabricio-bruno-ayrton-lucas-matheuzinho-e-vitinho-saiba-como-esta-a-recuperacao-dos-jogadores-lesionados-do-flamengo\/#respond\"]}],\"copyrightYear\":\"2022\",\"copyrightHolder\":{\"@id\":\"https:\/\/www.gaveanews.com\/#organization\"}},{\"@type\":\"WebPage\",\"@id\":\"https:\/\/www.gaveanews.com\/index.php\/2022\/04\/18\/bruno-henrique-matheus-franca-pablo-rodrigo-caio-fabricio-bruno-ayrton-lucas-matheuzinho-e-vitinho-saiba-como-esta-a-recuperacao-dos-jogadores-lesionados-do-flamengo\/\",\"url\":\"https:\/\/www.gaveanews.com\/index.php\/2022\/04\/18\/bruno-henrique-matheus-franca-pablo-rodrigo-caio-fabricio-bruno-ayrton-lucas-matheuzinho-e-vitinho-saiba-como-esta-a-recuperacao-dos-jogadores-lesionados-do-flamengo\/\",\"name\":\"Bruno Henrique, Matheus Fran\u00e7a, Pablo, Rodrigo Caio, Fabr\u00edcio Bruno, Ayrton Lucas, Matheuzinho e Vitinho: Saiba como est\u00e1 a recupera\u00e7\u00e3o dos jogadores lesionados do Flamengo\",\"isPartOf\":{\"@id\":\"https:\/\/www.gaveanews.com\/#website\"},\"primaryImageOfPage\":{\"@id\":\"https:\/\/www.gaveanews.com\/index.php\/2022\/04\/18\/bruno-henrique-matheus-franca-pablo-rodrigo-caio-fabricio-bruno-ayrton-lucas-matheuzinho-e-vitinho-saiba-como-esta-a-recuperacao-dos-jogadores-lesionados-do-flamengo\/#primaryimage\"},\"image\":{\"@id\":\"https:\/\/www.gaveanews.com\/index.php\/2022\/04\/18\/bruno-henrique-matheus-franca-pablo-rodrigo-caio-fabricio-bruno-ayrton-lucas-matheuzinho-e-vitinho-saiba-como-esta-a-recuperacao-dos-jogadores-lesionados-do-flamengo\/#primaryimage\"},\"thumbnailUrl\":\"https:\/\/www.gaveanews.com\/wp-content\/uploads\/Matheus-Franca-sofre-lesao-em-partida-contra-o-Sao-Paulo-e-e-operado.webp\",\"datePublished\":\"2022-04-18T21:06:36+00:00\",\"author\":{\"@id\":\"https:\/\/www.gaveanews.com\/#\/schema\/person\/714c67050b836198af2450ba1c142a67\"},\"breadcrumb\":{\"@id\":\"https:\/\/www.gaveanews.com\/index.php\/2022\/04\/18\/bruno-henrique-matheus-franca-pablo-rodrigo-caio-fabricio-bruno-ayrton-lucas-matheuzinho-e-vitinho-saiba-como-esta-a-recuperacao-dos-jogadores-lesionados-do-flamengo\/#breadcrumb\"},\"inLanguage\":\"pt-BR\",\"potentialAction\":[{\"@type\":\"ReadAction\",\"target\":[\"https:\/\/www.gaveanews.com\/index.php\/2022\/04\/18\/bruno-henrique-matheus-franca-pablo-rodrigo-caio-fabricio-bruno-ayrton-lucas-matheuzinho-e-vitinho-saiba-como-esta-a-recuperacao-dos-jogadores-lesionados-do-flamengo\/\"]}]},{\"@type\":\"ImageObject\",\"inLanguage\":\"pt-BR\",\"@id\":\"https:\/\/www.gaveanews.com\/index.php\/2022\/04\/18\/bruno-henrique-matheus-franca-pablo-rodrigo-caio-fabricio-bruno-ayrton-lucas-matheuzinho-e-vitinho-saiba-como-esta-a-recuperacao-dos-jogadores-lesionados-do-flamengo\/#primaryimage\",\"url\":\"https:\/\/www.gaveanews.com\/wp-content\/uploads\/Matheus-Franca-sofre-lesao-em-partida-contra-o-Sao-Paulo-e-e-operado.webp\",\"contentUrl\":\"https:\/\/www.gaveanews.com\/wp-content\/uploads\/Matheus-Franca-sofre-lesao-em-partida-contra-o-Sao-Paulo-e-e-operado.webp\",\"width\":799,\"height\":533,\"caption\":\"Matheus Fran\u00e7a sofre les\u00e3o em partida contra o S\u00e3o Paulo e \u00e9 operado (Foto: Gilvan de Souza\/Flamengo)\"},{\"@type\":\"BreadcrumbList\",\"@id\":\"https:\/\/www.gaveanews.com\/index.php\/2022\/04\/18\/bruno-henrique-matheus-franca-pablo-rodrigo-caio-fabricio-bruno-ayrton-lucas-matheuzinho-e-vitinho-saiba-como-esta-a-recuperacao-dos-jogadores-lesionados-do-flamengo\/#breadcrumb\",\"itemListElement\":[{\"@type\":\"ListItem\",\"position\":1,\"name\":\"Home\",\"item\":\"https:\/\/www.gaveanews.com\/\"},{\"@type\":\"ListItem\",\"position\":2,\"name\":\"Bruno Henrique, Matheus Fran\u00e7a, Pablo, Rodrigo Caio, Fabr\u00edcio Bruno, Ayrton Lucas, Matheuzinho e Vitinho: Saiba como est\u00e1 a recupera\u00e7\u00e3o dos jogadores lesionados do Flamengo\"}]},{\"@type\":\"WebSite\",\"@id\":\"https:\/\/www.gaveanews.com\/#website\",\"url\":\"https:\/\/www.gaveanews.com\/\",\"name\":\"G\u00e1vea News\",\"description\":\"Veja todas as not\u00edcias sobre o Flamengo: Contrata\u00e7\u00f5es, categorias de base, resultados das partidas, tabela de classifica\u00e7\u00e3o, pr\u00f3ximos jogos!\",\"potentialAction\":[{\"@type\":\"SearchAction\",\"target\":{\"@type\":\"EntryPoint\",\"urlTemplate\":\"https:\/\/www.gaveanews.com\/?s={search_term_string}\"},\"query-input\":{\"@type\":\"PropertyValueSpecification\",\"valueRequired\":true,\"valueName\":\"search_term_string\"}}],\"inLanguage\":\"pt-BR\"},{\"@type\":\"Person\",\"@id\":\"https:\/\/www.gaveanews.com\/#\/schema\/person\/714c67050b836198af2450ba1c142a67\",\"name\":\"Let\u00edcia Gerheim\",\"image\":{\"@type\":\"ImageObject\",\"inLanguage\":\"pt-BR\",\"@id\":\"https:\/\/www.gaveanews.com\/#\/schema\/person\/image\/\",\"url\":\"https:\/\/secure.gravatar.com\/avatar\/60734739c50fcebfbac509e2a826ccd0ff405c019bc73aab9354f19ecad1dcb4?s=96&d=mm&r=g\",\"contentUrl\":\"https:\/\/secure.gravatar.com\/avatar\/60734739c50fcebfbac509e2a826ccd0ff405c019bc73aab9354f19ecad1dcb4?s=96&d=mm&r=g\",\"caption\":\"Let\u00edcia Gerheim\"}}]}<\/script>\n<!-- \/ Yoast SEO Premium plugin. -->","yoast_head_json":{"title":"Bruno Henrique, Matheus Fran\u00e7a, Pablo, Rodrigo Caio, Fabr\u00edcio Bruno, Ayrton Lucas, Matheuzinho e Vitinho: Saiba como est\u00e1 a recupera\u00e7\u00e3o dos jogadores lesionados do Flamengo","robots":{"index":"index","follow":"follow","max-snippet":"max-snippet:-1","max-image-preview":"max-image-preview:large","max-video-preview":"max-video-preview:-1"},"canonical":"https:\/\/www.gaveanews.com\/index.php\/2022\/04\/18\/bruno-henrique-matheus-franca-pablo-rodrigo-caio-fabricio-bruno-ayrton-lucas-matheuzinho-e-vitinho-saiba-como-esta-a-recuperacao-dos-jogadores-lesionados-do-flamengo\/","og_locale":"pt_BR","og_type":"article","og_title":"Bruno Henrique, Matheus Fran\u00e7a, Pablo, Rodrigo Caio, Fabr\u00edcio Bruno, Ayrton Lucas, Matheuzinho e Vitinho: Saiba como est\u00e1 a recupera\u00e7\u00e3o dos jogadores lesionados do Flamengo","og_description":"A lista de lesionados no elenco do Flamengo segue aumentado com uma frequ\u00eancia alarmante. O novo nome entre os que realizam tratamento no departamento m\u00e9dico \u00e9 Matheus Fran\u00e7a, que fraturou a f\u00edbula da perna direita na vit\u00f3ria sobre o S\u00e3o Paulo no \u00faltimo domingo (17). O jovem foi submetido por cirurgia para fixa\u00e7\u00e3o da f\u00edbula [&hellip;]","og_url":"https:\/\/www.gaveanews.com\/index.php\/2022\/04\/18\/bruno-henrique-matheus-franca-pablo-rodrigo-caio-fabricio-bruno-ayrton-lucas-matheuzinho-e-vitinho-saiba-como-esta-a-recuperacao-dos-jogadores-lesionados-do-flamengo\/","og_site_name":"G\u00e1vea News","article_publisher":"https:\/\/facebook.com\/gaveaNews\/","article_published_time":"2022-04-18T21:06:36+00:00","og_image":[{"width":799,"height":533,"url":"https:\/\/www.gaveanews.com\/wp-content\/uploads\/Matheus-Franca-sofre-lesao-em-partida-contra-o-Sao-Paulo-e-e-operado.webp","type":"image\/jpeg"}],"author":"Let\u00edcia Gerheim","twitter_card":"summary_large_image","twitter_misc":{"Escrito por":"Let\u00edcia Gerheim","Est. tempo de leitura":"2 minutos"},"schema":{"@context":"https:\/\/schema.org","@graph":[{"@type":"NewsArticle","@id":"https:\/\/www.gaveanews.com\/index.php\/2022\/04\/18\/bruno-henrique-matheus-franca-pablo-rodrigo-caio-fabricio-bruno-ayrton-lucas-matheuzinho-e-vitinho-saiba-como-esta-a-recuperacao-dos-jogadores-lesionados-do-flamengo\/#article","isPartOf":{"@id":"https:\/\/www.gaveanews.com\/index.php\/2022\/04\/18\/bruno-henrique-matheus-franca-pablo-rodrigo-caio-fabricio-bruno-ayrton-lucas-matheuzinho-e-vitinho-saiba-como-esta-a-recuperacao-dos-jogadores-lesionados-do-flamengo\/"},"author":{"name":"Let\u00edcia Gerheim","@id":"https:\/\/www.gaveanews.com\/#\/schema\/person\/714c67050b836198af2450ba1c142a67"},"headline":"Bruno Henrique, Matheus Fran\u00e7a, Pablo, Rodrigo Caio, Fabr\u00edcio Bruno, Ayrton Lucas, Matheuzinho e Vitinho: Saiba como est\u00e1 a recupera\u00e7\u00e3o dos jogadores lesionados do Flamengo","datePublished":"2022-04-18T21:06:36+00:00","mainEntityOfPage":{"@id":"https:\/\/www.gaveanews.com\/index.php\/2022\/04\/18\/bruno-henrique-matheus-franca-pablo-rodrigo-caio-fabricio-bruno-ayrton-lucas-matheuzinho-e-vitinho-saiba-como-esta-a-recuperacao-dos-jogadores-lesionados-do-flamengo\/"},"wordCount":310,"commentCount":0,"image":{"@id":"https:\/\/www.gaveanews.com\/index.php\/2022\/04\/18\/bruno-henrique-matheus-franca-pablo-rodrigo-caio-fabricio-bruno-ayrton-lucas-matheuzinho-e-vitinho-saiba-como-esta-a-recuperacao-dos-jogadores-lesionados-do-flamengo\/#primaryimage"},"thumbnailUrl":"https:\/\/www.gaveanews.com\/wp-content\/uploads\/Matheus-Franca-sofre-lesao-em-partida-contra-o-Sao-Paulo-e-e-operado.webp","articleSection":["Flamengo"],"inLanguage":"pt-BR","potentialAction":[{"@type":"CommentAction","name":"Comment","target":["https:\/\/www.gaveanews.com\/index.php\/2022\/04\/18\/bruno-henrique-matheus-franca-pablo-rodrigo-caio-fabricio-bruno-ayrton-lucas-matheuzinho-e-vitinho-saiba-como-esta-a-recuperacao-dos-jogadores-lesionados-do-flamengo\/#respond"]}],"copyrightYear":"2022","copyrightHolder":{"@id":"https:\/\/www.gaveanews.com\/#organization"}},{"@type":"WebPage","@id":"https:\/\/www.gaveanews.com\/index.php\/2022\/04\/18\/bruno-henrique-matheus-franca-pablo-rodrigo-caio-fabricio-bruno-ayrton-lucas-matheuzinho-e-vitinho-saiba-como-esta-a-recuperacao-dos-jogadores-lesionados-do-flamengo\/","url":"https:\/\/www.gaveanews.com\/index.php\/2022\/04\/18\/bruno-henrique-matheus-franca-pablo-rodrigo-caio-fabricio-bruno-ayrton-lucas-matheuzinho-e-vitinho-saiba-como-esta-a-recuperacao-dos-jogadores-lesionados-do-flamengo\/","name":"Bruno Henrique, Matheus Fran\u00e7a, Pablo, Rodrigo Caio, Fabr\u00edcio Bruno, Ayrton Lucas, Matheuzinho e Vitinho: Saiba como est\u00e1 a recupera\u00e7\u00e3o dos jogadores lesionados do Flamengo","isPartOf":{"@id":"https:\/\/www.gaveanews.com\/#website"},"primaryImageOfPage":{"@id":"https:\/\/www.gaveanews.com\/index.php\/2022\/04\/18\/bruno-henrique-matheus-franca-pablo-rodrigo-caio-fabricio-bruno-ayrton-lucas-matheuzinho-e-vitinho-saiba-como-esta-a-recuperacao-dos-jogadores-lesionados-do-flamengo\/#primaryimage"},"image":{"@id":"https:\/\/www.gaveanews.com\/index.php\/2022\/04\/18\/bruno-henrique-matheus-franca-pablo-rodrigo-caio-fabricio-bruno-ayrton-lucas-matheuzinho-e-vitinho-saiba-como-esta-a-recuperacao-dos-jogadores-lesionados-do-flamengo\/#primaryimage"},"thumbnailUrl":"https:\/\/www.gaveanews.com\/wp-content\/uploads\/Matheus-Franca-sofre-lesao-em-partida-contra-o-Sao-Paulo-e-e-operado.webp","datePublished":"2022-04-18T21:06:36+00:00","author":{"@id":"https:\/\/www.gaveanews.com\/#\/schema\/person\/714c67050b836198af2450ba1c142a67"},"breadcrumb":{"@id":"https:\/\/www.gaveanews.com\/index.php\/2022\/04\/18\/bruno-henrique-matheus-franca-pablo-rodrigo-caio-fabricio-bruno-ayrton-lucas-matheuzinho-e-vitinho-saiba-como-esta-a-recuperacao-dos-jogadores-lesionados-do-flamengo\/#breadcrumb"},"inLanguage":"pt-BR","potentialAction":[{"@type":"ReadAction","target":["https:\/\/www.gaveanews.com\/index.php\/2022\/04\/18\/bruno-henrique-matheus-franca-pablo-rodrigo-caio-fabricio-bruno-ayrton-lucas-matheuzinho-e-vitinho-saiba-como-esta-a-recuperacao-dos-jogadores-lesionados-do-flamengo\/"]}]},{"@type":"ImageObject","inLanguage":"pt-BR","@id":"https:\/\/www.gaveanews.com\/index.php\/2022\/04\/18\/bruno-henrique-matheus-franca-pablo-rodrigo-caio-fabricio-bruno-ayrton-lucas-matheuzinho-e-vitinho-saiba-como-esta-a-recuperacao-dos-jogadores-lesionados-do-flamengo\/#primaryimage","url":"https:\/\/www.gaveanews.com\/wp-content\/uploads\/Matheus-Franca-sofre-lesao-em-partida-contra-o-Sao-Paulo-e-e-operado.webp","contentUrl":"https:\/\/www.gaveanews.com\/wp-content\/uploads\/Matheus-Franca-sofre-lesao-em-partida-contra-o-Sao-Paulo-e-e-operado.webp","width":799,"height":533,"caption":"Matheus Fran\u00e7a sofre les\u00e3o em partida contra o S\u00e3o Paulo e \u00e9 operado (Foto: Gilvan de Souza\/Flamengo)"},{"@type":"BreadcrumbList","@id":"https:\/\/www.gaveanews.com\/index.php\/2022\/04\/18\/bruno-henrique-matheus-franca-pablo-rodrigo-caio-fabricio-bruno-ayrton-lucas-matheuzinho-e-vitinho-saiba-como-esta-a-recuperacao-dos-jogadores-lesionados-do-flamengo\/#breadcrumb","itemListElement":[{"@type":"ListItem","position":1,"name":"Home","item":"https:\/\/www.gaveanews.com\/"},{"@type":"ListItem","position":2,"name":"Bruno Henrique, Matheus Fran\u00e7a, Pablo, Rodrigo Caio, Fabr\u00edcio Bruno, Ayrton Lucas, Matheuzinho e Vitinho: Saiba como est\u00e1 a recupera\u00e7\u00e3o dos jogadores lesionados do Flamengo"}]},{"@type":"WebSite","@id":"https:\/\/www.gaveanews.com\/#website","url":"https:\/\/www.gaveanews.com\/","name":"G\u00e1vea News","description":"Veja todas as not\u00edcias sobre o Flamengo: Contrata\u00e7\u00f5es, categorias de base, resultados das partidas, tabela de classifica\u00e7\u00e3o, pr\u00f3ximos jogos!","potentialAction":[{"@type":"SearchAction","target":{"@type":"EntryPoint","urlTemplate":"https:\/\/www.gaveanews.com\/?s={search_term_string}"},"query-input":{"@type":"PropertyValueSpecification","valueRequired":true,"valueName":"search_term_string"}}],"inLanguage":"pt-BR"},{"@type":"Person","@id":"https:\/\/www.gaveanews.com\/#\/schema\/person\/714c67050b836198af2450ba1c142a67","name":"Let\u00edcia Gerheim","image":{"@type":"ImageObject","inLanguage":"pt-BR","@id":"https:\/\/www.gaveanews.com\/#\/schema\/person\/image\/","url":"https:\/\/secure.gravatar.com\/avatar\/60734739c50fcebfbac509e2a826ccd0ff405c019bc73aab9354f19ecad1dcb4?s=96&d=mm&r=g","contentUrl":"https:\/\/secure.gravatar.com\/avatar\/60734739c50fcebfbac509e2a826ccd0ff405c019bc73aab9354f19ecad1dcb4?s=96&d=mm&r=g","caption":"Let\u00edcia Gerheim"}}]}},"_links":{"self":[{"href":"https:\/\/www.gaveanews.com\/index.php\/wp-json\/wp\/v2\/posts\/80239","targetHints":{"allow":["GET"]}}],"collection":[{"href":"https:\/\/www.gaveanews.com\/index.php\/wp-json\/wp\/v2\/posts"}],"about":[{"href":"https:\/\/www.gaveanews.com\/index.php\/wp-json\/wp\/v2\/types\/post"}],"author":[{"embeddable":true,"href":"https:\/\/www.gaveanews.com\/index.php\/wp-json\/wp\/v2\/users\/4"}],"replies":[{"embeddable":true,"href":"https:\/\/www.gaveanews.com\/index.php\/wp-json\/wp\/v2\/comments?post=80239"}],"version-history":[{"count":0,"href":"https:\/\/www.gaveanews.com\/index.php\/wp-json\/wp\/v2\/posts\/80239\/revisions"}],"wp:featuredmedia":[{"embeddable":true,"href":"https:\/\/www.gaveanews.com\/index.php\/wp-json\/wp\/v2\/media\/80240"}],"wp:attachment":[{"href":"https:\/\/www.gaveanews.com\/index.php\/wp-json\/wp\/v2\/media?parent=80239"}],"wp:term":[{"taxonomy":"category","embeddable":true,"href":"https:\/\/www.gaveanews.com\/index.php\/wp-json\/wp\/v2\/categories?post=80239"},{"taxonomy":"post_tag","embeddable":true,"href":"https:\/\/www.gaveanews.com\/index.php\/wp-json\/wp\/v2\/tags?post=80239"}],"curies":[{"name":"wp","href":"https:\/\/api.w.org\/{rel}","templated":true}]}}