{"id":80259,"date":"2022-04-18T21:53:18","date_gmt":"2022-04-19T00:53:18","guid":{"rendered":"https:\/\/www.gaveanews.com\/?p=80259"},"modified":"2022-04-18T21:53:18","modified_gmt":"2022-04-19T00:53:18","slug":"video-marinho-da-bronca-em-david-luiz-apos-vitoria-do-flamengo","status":"publish","type":"post","link":"https:\/\/www.gaveanews.com\/index.php\/2022\/04\/18\/video-marinho-da-bronca-em-david-luiz-apos-vitoria-do-flamengo\/","title":{"rendered":"V\u00eddeo: Marinho d\u00e1 \u201cbronca\u201d em David Luiz ap\u00f3s vit\u00f3ria do Flamengo"},"content":{"rendered":"<p>Entrando em campo com muita vontade de mostrar servi\u00e7o, Marinho teve participa\u00e7\u00e3o importante na vit\u00f3ria do Flamengo sobre o S\u00e3o Paulo. Com uma grande jogada, o camisa 31 forneceu passe para Arrascaeta balan\u00e7ar as redes de Jandrei e decretar a vit\u00f3ria do Rubro-Negro por 3 a 1. Sendo assim, o atacante, na zona mista do Maracan\u00e3, avaliou sua evolu\u00e7\u00e3o sob o comando de Paulo Sousa.<\/p>\n<p>Falando com os jornalistas no local, Marinho protagonizou um momento curioso. Isso porque ele citou o aux\u00edlio de David Luiz para seu desempenho ficar ainda melhor, mas acabou sendo \u201cdesmentido\u201d pelo zagueiro. Sendo assim, sua rea\u00e7\u00e3o espont\u00e2nea divertiu os rep\u00f3rteres, e o atacante chegou a pedir desculpas.<\/p>\n<p>\u201cEles (David Luiz e Filipe Lu\u00eds) sempre conversam comigo porque ele sabem\u2026\u201d, iniciou Marinho. \u201cConverso nada\u201d, interrompeu o defensor. \u201cConversa sim! N\u00e3o viaje n\u00e3o, meu irm\u00e3o. Oxe! Desculpa a\u00ed, turma\u201d, retrucou o atacante.<\/p>\n<p>\u201cO David conversa bastante comigo e com o Filipe porque eles sabem que eu estou aprendendo a fun\u00e7\u00e3o. Eles (dizem) para ficar na linha advers\u00e1ria da zaga. Eu procuro escut\u00e1-los para que eu entre e nos jogos e venha desempenhar da melhor forma\u201d, completou o atleta do Flamengo.<\/p>\n<blockquote class=\"twitter-tweet\" data-width=\"550\" data-dnt=\"true\">\n<p lang=\"zxx\" dir=\"ltr\"><a href=\"https:\/\/t.co\/DSBRKtSLKH\">pic.twitter.com\/DSBRKtSLKH<\/a><\/p>\n<p>&mdash; out of context Flamengo (@outofcontextCRF) <a href=\"https:\/\/twitter.com\/outofcontextCRF\/status\/1516165475113254914?ref_src=twsrc%5Etfw\">April 18, 2022<\/a><\/p><\/blockquote>\n<p><script async src=\"https:\/\/platform.twitter.com\/widgets.js\" charset=\"utf-8\"><\/script><\/p>\n<h2>Marinho mais confort\u00e1vel no Flamengo<\/h2>\n<p>Como relatou, Marinho est\u00e1 se adaptando para atuar como ala pela esquerda. Coletando dicas dos companheiros e seguindo as instru\u00e7\u00f5es de Paulo Sousa, ele espera ser uma op\u00e7\u00e3o importante para o Flamengo ao longo da temporada.<\/p>\n<p>\u201c\u00c9 uma adapta\u00e7\u00e3o por nunca ter desempenhado essa fun\u00e7\u00e3o, mas acho que entrei mais leve, conversei bastante com todos no Flamengo. Se tiver novas oportunidades, vou trabalhar bastante para dar conta do recado. Estou me soltando mais. Tenho muita confian\u00e7a no meu trabalho. Tendo a oportunidade de desempenhar outra fun\u00e7\u00e3o dentro da equipe, vou cada vez mais me dedicando\u201d, contou.<\/p>\n<p>Retirado de: Torcedores<\/p>\n","protected":false},"excerpt":{"rendered":"<p>Entrando em campo com muita vontade de mostrar servi\u00e7o, Marinho teve participa\u00e7\u00e3o importante na vit\u00f3ria do Flamengo sobre o S\u00e3o Paulo. Com uma grande jogada, o camisa 31 forneceu passe para Arrascaeta balan\u00e7ar as redes de Jandrei e decretar a vit\u00f3ria do Rubro-Negro por 3 a 1. Sendo assim, o atacante, na zona mista do [&hellip;]<\/p>\n","protected":false},"author":1,"featured_media":78338,"comment_status":"open","ping_status":"closed","sticky":false,"template":"","format":"standard","meta":{"footnotes":""},"categories":[40],"tags":[],"class_list":["post-80259","post","type-post","status-publish","format-standard","has-post-thumbnail","hentry","category-video"],"yoast_head":"<!-- This site is optimized with the Yoast SEO Premium plugin v24.2 (Yoast SEO v26.9) - https:\/\/yoast.com\/product\/yoast-seo-premium-wordpress\/ -->\n<title>V\u00eddeo: Marinho d\u00e1 \u201cbronca\u201d em David Luiz ap\u00f3s vit\u00f3ria do Flamengo<\/title>\n<meta name=\"robots\" content=\"index, follow, max-snippet:-1, max-image-preview:large, max-video-preview:-1\" \/>\n<link rel=\"canonical\" href=\"https:\/\/www.gaveanews.com\/index.php\/2022\/04\/18\/video-marinho-da-bronca-em-david-luiz-apos-vitoria-do-flamengo\/\" \/>\n<meta property=\"og:locale\" content=\"pt_BR\" \/>\n<meta property=\"og:type\" content=\"article\" \/>\n<meta property=\"og:title\" content=\"V\u00eddeo: Marinho d\u00e1 \u201cbronca\u201d em David Luiz ap\u00f3s vit\u00f3ria do Flamengo\" \/>\n<meta property=\"og:description\" content=\"Entrando em campo com muita vontade de mostrar servi\u00e7o, Marinho teve participa\u00e7\u00e3o importante na vit\u00f3ria do Flamengo sobre o S\u00e3o Paulo. Com uma grande jogada, o camisa 31 forneceu passe para Arrascaeta balan\u00e7ar as redes de Jandrei e decretar a vit\u00f3ria do Rubro-Negro por 3 a 1. Sendo assim, o atacante, na zona mista do [&hellip;]\" \/>\n<meta property=\"og:url\" content=\"https:\/\/www.gaveanews.com\/index.php\/2022\/04\/18\/video-marinho-da-bronca-em-david-luiz-apos-vitoria-do-flamengo\/\" \/>\n<meta property=\"og:site_name\" content=\"G\u00e1vea News\" \/>\n<meta property=\"article:publisher\" content=\"https:\/\/facebook.com\/gaveaNews\/\" \/>\n<meta property=\"article:published_time\" content=\"2022-04-19T00:53:18+00:00\" \/>\n<meta property=\"og:image\" content=\"https:\/\/www.gaveanews.com\/wp-content\/uploads\/Marinho-em-acao-pelo-Flamengo-contra-o-Bangu-no-Maracana.webp\" \/>\n\t<meta property=\"og:image:width\" content=\"800\" \/>\n\t<meta property=\"og:image:height\" content=\"532\" \/>\n\t<meta property=\"og:image:type\" content=\"image\/jpeg\" \/>\n<meta name=\"author\" content=\"Equipe G\u00e1vea News\" \/>\n<meta name=\"twitter:card\" content=\"summary_large_image\" \/>\n<meta name=\"twitter:label1\" content=\"Escrito por\" \/>\n\t<meta name=\"twitter:data1\" content=\"Equipe G\u00e1vea News\" \/>\n\t<meta name=\"twitter:label2\" content=\"Est. tempo de leitura\" \/>\n\t<meta name=\"twitter:data2\" content=\"2 minutos\" \/>\n<script type=\"application\/ld+json\" class=\"yoast-schema-graph\">{\"@context\":\"https:\/\/schema.org\",\"@graph\":[{\"@type\":\"NewsArticle\",\"@id\":\"https:\/\/www.gaveanews.com\/index.php\/2022\/04\/18\/video-marinho-da-bronca-em-david-luiz-apos-vitoria-do-flamengo\/#article\",\"isPartOf\":{\"@id\":\"https:\/\/www.gaveanews.com\/index.php\/2022\/04\/18\/video-marinho-da-bronca-em-david-luiz-apos-vitoria-do-flamengo\/\"},\"author\":{\"name\":\"Equipe G\u00e1vea News\",\"@id\":\"https:\/\/www.gaveanews.com\/#\/schema\/person\/2ec14f73fb96be2caf28f91afb14749d\"},\"headline\":\"V\u00eddeo: Marinho d\u00e1 \u201cbronca\u201d em David Luiz ap\u00f3s vit\u00f3ria do Flamengo\",\"datePublished\":\"2022-04-19T00:53:18+00:00\",\"mainEntityOfPage\":{\"@id\":\"https:\/\/www.gaveanews.com\/index.php\/2022\/04\/18\/video-marinho-da-bronca-em-david-luiz-apos-vitoria-do-flamengo\/\"},\"wordCount\":362,\"commentCount\":0,\"image\":{\"@id\":\"https:\/\/www.gaveanews.com\/index.php\/2022\/04\/18\/video-marinho-da-bronca-em-david-luiz-apos-vitoria-do-flamengo\/#primaryimage\"},\"thumbnailUrl\":\"https:\/\/www.gaveanews.com\/wp-content\/uploads\/Marinho-em-acao-pelo-Flamengo-contra-o-Bangu-no-Maracana.webp\",\"articleSection\":[\"V\u00eddeos\"],\"inLanguage\":\"pt-BR\",\"potentialAction\":[{\"@type\":\"CommentAction\",\"name\":\"Comment\",\"target\":[\"https:\/\/www.gaveanews.com\/index.php\/2022\/04\/18\/video-marinho-da-bronca-em-david-luiz-apos-vitoria-do-flamengo\/#respond\"]}],\"copyrightYear\":\"2022\",\"copyrightHolder\":{\"@id\":\"https:\/\/www.gaveanews.com\/#organization\"}},{\"@type\":\"WebPage\",\"@id\":\"https:\/\/www.gaveanews.com\/index.php\/2022\/04\/18\/video-marinho-da-bronca-em-david-luiz-apos-vitoria-do-flamengo\/\",\"url\":\"https:\/\/www.gaveanews.com\/index.php\/2022\/04\/18\/video-marinho-da-bronca-em-david-luiz-apos-vitoria-do-flamengo\/\",\"name\":\"V\u00eddeo: Marinho d\u00e1 \u201cbronca\u201d em David Luiz ap\u00f3s vit\u00f3ria do Flamengo\",\"isPartOf\":{\"@id\":\"https:\/\/www.gaveanews.com\/#website\"},\"primaryImageOfPage\":{\"@id\":\"https:\/\/www.gaveanews.com\/index.php\/2022\/04\/18\/video-marinho-da-bronca-em-david-luiz-apos-vitoria-do-flamengo\/#primaryimage\"},\"image\":{\"@id\":\"https:\/\/www.gaveanews.com\/index.php\/2022\/04\/18\/video-marinho-da-bronca-em-david-luiz-apos-vitoria-do-flamengo\/#primaryimage\"},\"thumbnailUrl\":\"https:\/\/www.gaveanews.com\/wp-content\/uploads\/Marinho-em-acao-pelo-Flamengo-contra-o-Bangu-no-Maracana.webp\",\"datePublished\":\"2022-04-19T00:53:18+00:00\",\"author\":{\"@id\":\"https:\/\/www.gaveanews.com\/#\/schema\/person\/2ec14f73fb96be2caf28f91afb14749d\"},\"breadcrumb\":{\"@id\":\"https:\/\/www.gaveanews.com\/index.php\/2022\/04\/18\/video-marinho-da-bronca-em-david-luiz-apos-vitoria-do-flamengo\/#breadcrumb\"},\"inLanguage\":\"pt-BR\",\"potentialAction\":[{\"@type\":\"ReadAction\",\"target\":[\"https:\/\/www.gaveanews.com\/index.php\/2022\/04\/18\/video-marinho-da-bronca-em-david-luiz-apos-vitoria-do-flamengo\/\"]}]},{\"@type\":\"ImageObject\",\"inLanguage\":\"pt-BR\",\"@id\":\"https:\/\/www.gaveanews.com\/index.php\/2022\/04\/18\/video-marinho-da-bronca-em-david-luiz-apos-vitoria-do-flamengo\/#primaryimage\",\"url\":\"https:\/\/www.gaveanews.com\/wp-content\/uploads\/Marinho-em-acao-pelo-Flamengo-contra-o-Bangu-no-Maracana.webp\",\"contentUrl\":\"https:\/\/www.gaveanews.com\/wp-content\/uploads\/Marinho-em-acao-pelo-Flamengo-contra-o-Bangu-no-Maracana.webp\",\"width\":800,\"height\":532,\"caption\":\"Marinho em a\u00e7\u00e3o pelo Flamengo contra o Bangu no Maracan\u00e3 (Foto: Marcelo Cortes\/Flamengo)\"},{\"@type\":\"BreadcrumbList\",\"@id\":\"https:\/\/www.gaveanews.com\/index.php\/2022\/04\/18\/video-marinho-da-bronca-em-david-luiz-apos-vitoria-do-flamengo\/#breadcrumb\",\"itemListElement\":[{\"@type\":\"ListItem\",\"position\":1,\"name\":\"Home\",\"item\":\"https:\/\/www.gaveanews.com\/\"},{\"@type\":\"ListItem\",\"position\":2,\"name\":\"V\u00eddeo: Marinho d\u00e1 \u201cbronca\u201d em David Luiz ap\u00f3s vit\u00f3ria do Flamengo\"}]},{\"@type\":\"WebSite\",\"@id\":\"https:\/\/www.gaveanews.com\/#website\",\"url\":\"https:\/\/www.gaveanews.com\/\",\"name\":\"G\u00e1vea News\",\"description\":\"Veja todas as not\u00edcias sobre o Flamengo: Contrata\u00e7\u00f5es, categorias de base, resultados das partidas, tabela de classifica\u00e7\u00e3o, pr\u00f3ximos jogos!\",\"potentialAction\":[{\"@type\":\"SearchAction\",\"target\":{\"@type\":\"EntryPoint\",\"urlTemplate\":\"https:\/\/www.gaveanews.com\/?s={search_term_string}\"},\"query-input\":{\"@type\":\"PropertyValueSpecification\",\"valueRequired\":true,\"valueName\":\"search_term_string\"}}],\"inLanguage\":\"pt-BR\"},{\"@type\":\"Person\",\"@id\":\"https:\/\/www.gaveanews.com\/#\/schema\/person\/2ec14f73fb96be2caf28f91afb14749d\",\"name\":\"Equipe G\u00e1vea News\",\"image\":{\"@type\":\"ImageObject\",\"inLanguage\":\"pt-BR\",\"@id\":\"https:\/\/www.gaveanews.com\/#\/schema\/person\/image\/\",\"url\":\"https:\/\/secure.gravatar.com\/avatar\/1e1956f1facbffd3f8fa53a326721950116b3b9dc9bd44939c01180fd4a745a9?s=96&d=mm&r=g\",\"contentUrl\":\"https:\/\/secure.gravatar.com\/avatar\/1e1956f1facbffd3f8fa53a326721950116b3b9dc9bd44939c01180fd4a745a9?s=96&d=mm&r=g\",\"caption\":\"Equipe G\u00e1vea News\"}}]}<\/script>\n<!-- \/ Yoast SEO Premium plugin. -->","yoast_head_json":{"title":"V\u00eddeo: Marinho d\u00e1 \u201cbronca\u201d em David Luiz ap\u00f3s vit\u00f3ria do Flamengo","robots":{"index":"index","follow":"follow","max-snippet":"max-snippet:-1","max-image-preview":"max-image-preview:large","max-video-preview":"max-video-preview:-1"},"canonical":"https:\/\/www.gaveanews.com\/index.php\/2022\/04\/18\/video-marinho-da-bronca-em-david-luiz-apos-vitoria-do-flamengo\/","og_locale":"pt_BR","og_type":"article","og_title":"V\u00eddeo: Marinho d\u00e1 \u201cbronca\u201d em David Luiz ap\u00f3s vit\u00f3ria do Flamengo","og_description":"Entrando em campo com muita vontade de mostrar servi\u00e7o, Marinho teve participa\u00e7\u00e3o importante na vit\u00f3ria do Flamengo sobre o S\u00e3o Paulo. Com uma grande jogada, o camisa 31 forneceu passe para Arrascaeta balan\u00e7ar as redes de Jandrei e decretar a vit\u00f3ria do Rubro-Negro por 3 a 1. Sendo assim, o atacante, na zona mista do [&hellip;]","og_url":"https:\/\/www.gaveanews.com\/index.php\/2022\/04\/18\/video-marinho-da-bronca-em-david-luiz-apos-vitoria-do-flamengo\/","og_site_name":"G\u00e1vea News","article_publisher":"https:\/\/facebook.com\/gaveaNews\/","article_published_time":"2022-04-19T00:53:18+00:00","og_image":[{"width":800,"height":532,"url":"https:\/\/www.gaveanews.com\/wp-content\/uploads\/Marinho-em-acao-pelo-Flamengo-contra-o-Bangu-no-Maracana.webp","type":"image\/jpeg"}],"author":"Equipe G\u00e1vea News","twitter_card":"summary_large_image","twitter_misc":{"Escrito por":"Equipe G\u00e1vea News","Est. tempo de leitura":"2 minutos"},"schema":{"@context":"https:\/\/schema.org","@graph":[{"@type":"NewsArticle","@id":"https:\/\/www.gaveanews.com\/index.php\/2022\/04\/18\/video-marinho-da-bronca-em-david-luiz-apos-vitoria-do-flamengo\/#article","isPartOf":{"@id":"https:\/\/www.gaveanews.com\/index.php\/2022\/04\/18\/video-marinho-da-bronca-em-david-luiz-apos-vitoria-do-flamengo\/"},"author":{"name":"Equipe G\u00e1vea News","@id":"https:\/\/www.gaveanews.com\/#\/schema\/person\/2ec14f73fb96be2caf28f91afb14749d"},"headline":"V\u00eddeo: Marinho d\u00e1 \u201cbronca\u201d em David Luiz ap\u00f3s vit\u00f3ria do Flamengo","datePublished":"2022-04-19T00:53:18+00:00","mainEntityOfPage":{"@id":"https:\/\/www.gaveanews.com\/index.php\/2022\/04\/18\/video-marinho-da-bronca-em-david-luiz-apos-vitoria-do-flamengo\/"},"wordCount":362,"commentCount":0,"image":{"@id":"https:\/\/www.gaveanews.com\/index.php\/2022\/04\/18\/video-marinho-da-bronca-em-david-luiz-apos-vitoria-do-flamengo\/#primaryimage"},"thumbnailUrl":"https:\/\/www.gaveanews.com\/wp-content\/uploads\/Marinho-em-acao-pelo-Flamengo-contra-o-Bangu-no-Maracana.webp","articleSection":["V\u00eddeos"],"inLanguage":"pt-BR","potentialAction":[{"@type":"CommentAction","name":"Comment","target":["https:\/\/www.gaveanews.com\/index.php\/2022\/04\/18\/video-marinho-da-bronca-em-david-luiz-apos-vitoria-do-flamengo\/#respond"]}],"copyrightYear":"2022","copyrightHolder":{"@id":"https:\/\/www.gaveanews.com\/#organization"}},{"@type":"WebPage","@id":"https:\/\/www.gaveanews.com\/index.php\/2022\/04\/18\/video-marinho-da-bronca-em-david-luiz-apos-vitoria-do-flamengo\/","url":"https:\/\/www.gaveanews.com\/index.php\/2022\/04\/18\/video-marinho-da-bronca-em-david-luiz-apos-vitoria-do-flamengo\/","name":"V\u00eddeo: Marinho d\u00e1 \u201cbronca\u201d em David Luiz ap\u00f3s vit\u00f3ria do Flamengo","isPartOf":{"@id":"https:\/\/www.gaveanews.com\/#website"},"primaryImageOfPage":{"@id":"https:\/\/www.gaveanews.com\/index.php\/2022\/04\/18\/video-marinho-da-bronca-em-david-luiz-apos-vitoria-do-flamengo\/#primaryimage"},"image":{"@id":"https:\/\/www.gaveanews.com\/index.php\/2022\/04\/18\/video-marinho-da-bronca-em-david-luiz-apos-vitoria-do-flamengo\/#primaryimage"},"thumbnailUrl":"https:\/\/www.gaveanews.com\/wp-content\/uploads\/Marinho-em-acao-pelo-Flamengo-contra-o-Bangu-no-Maracana.webp","datePublished":"2022-04-19T00:53:18+00:00","author":{"@id":"https:\/\/www.gaveanews.com\/#\/schema\/person\/2ec14f73fb96be2caf28f91afb14749d"},"breadcrumb":{"@id":"https:\/\/www.gaveanews.com\/index.php\/2022\/04\/18\/video-marinho-da-bronca-em-david-luiz-apos-vitoria-do-flamengo\/#breadcrumb"},"inLanguage":"pt-BR","potentialAction":[{"@type":"ReadAction","target":["https:\/\/www.gaveanews.com\/index.php\/2022\/04\/18\/video-marinho-da-bronca-em-david-luiz-apos-vitoria-do-flamengo\/"]}]},{"@type":"ImageObject","inLanguage":"pt-BR","@id":"https:\/\/www.gaveanews.com\/index.php\/2022\/04\/18\/video-marinho-da-bronca-em-david-luiz-apos-vitoria-do-flamengo\/#primaryimage","url":"https:\/\/www.gaveanews.com\/wp-content\/uploads\/Marinho-em-acao-pelo-Flamengo-contra-o-Bangu-no-Maracana.webp","contentUrl":"https:\/\/www.gaveanews.com\/wp-content\/uploads\/Marinho-em-acao-pelo-Flamengo-contra-o-Bangu-no-Maracana.webp","width":800,"height":532,"caption":"Marinho em a\u00e7\u00e3o pelo Flamengo contra o Bangu no Maracan\u00e3 (Foto: Marcelo Cortes\/Flamengo)"},{"@type":"BreadcrumbList","@id":"https:\/\/www.gaveanews.com\/index.php\/2022\/04\/18\/video-marinho-da-bronca-em-david-luiz-apos-vitoria-do-flamengo\/#breadcrumb","itemListElement":[{"@type":"ListItem","position":1,"name":"Home","item":"https:\/\/www.gaveanews.com\/"},{"@type":"ListItem","position":2,"name":"V\u00eddeo: Marinho d\u00e1 \u201cbronca\u201d em David Luiz ap\u00f3s vit\u00f3ria do Flamengo"}]},{"@type":"WebSite","@id":"https:\/\/www.gaveanews.com\/#website","url":"https:\/\/www.gaveanews.com\/","name":"G\u00e1vea News","description":"Veja todas as not\u00edcias sobre o Flamengo: Contrata\u00e7\u00f5es, categorias de base, resultados das partidas, tabela de classifica\u00e7\u00e3o, pr\u00f3ximos jogos!","potentialAction":[{"@type":"SearchAction","target":{"@type":"EntryPoint","urlTemplate":"https:\/\/www.gaveanews.com\/?s={search_term_string}"},"query-input":{"@type":"PropertyValueSpecification","valueRequired":true,"valueName":"search_term_string"}}],"inLanguage":"pt-BR"},{"@type":"Person","@id":"https:\/\/www.gaveanews.com\/#\/schema\/person\/2ec14f73fb96be2caf28f91afb14749d","name":"Equipe G\u00e1vea News","image":{"@type":"ImageObject","inLanguage":"pt-BR","@id":"https:\/\/www.gaveanews.com\/#\/schema\/person\/image\/","url":"https:\/\/secure.gravatar.com\/avatar\/1e1956f1facbffd3f8fa53a326721950116b3b9dc9bd44939c01180fd4a745a9?s=96&d=mm&r=g","contentUrl":"https:\/\/secure.gravatar.com\/avatar\/1e1956f1facbffd3f8fa53a326721950116b3b9dc9bd44939c01180fd4a745a9?s=96&d=mm&r=g","caption":"Equipe G\u00e1vea News"}}]}},"_links":{"self":[{"href":"https:\/\/www.gaveanews.com\/index.php\/wp-json\/wp\/v2\/posts\/80259","targetHints":{"allow":["GET"]}}],"collection":[{"href":"https:\/\/www.gaveanews.com\/index.php\/wp-json\/wp\/v2\/posts"}],"about":[{"href":"https:\/\/www.gaveanews.com\/index.php\/wp-json\/wp\/v2\/types\/post"}],"author":[{"embeddable":true,"href":"https:\/\/www.gaveanews.com\/index.php\/wp-json\/wp\/v2\/users\/1"}],"replies":[{"embeddable":true,"href":"https:\/\/www.gaveanews.com\/index.php\/wp-json\/wp\/v2\/comments?post=80259"}],"version-history":[{"count":0,"href":"https:\/\/www.gaveanews.com\/index.php\/wp-json\/wp\/v2\/posts\/80259\/revisions"}],"wp:featuredmedia":[{"embeddable":true,"href":"https:\/\/www.gaveanews.com\/index.php\/wp-json\/wp\/v2\/media\/78338"}],"wp:attachment":[{"href":"https:\/\/www.gaveanews.com\/index.php\/wp-json\/wp\/v2\/media?parent=80259"}],"wp:term":[{"taxonomy":"category","embeddable":true,"href":"https:\/\/www.gaveanews.com\/index.php\/wp-json\/wp\/v2\/categories?post=80259"},{"taxonomy":"post_tag","embeddable":true,"href":"https:\/\/www.gaveanews.com\/index.php\/wp-json\/wp\/v2\/tags?post=80259"}],"curies":[{"name":"wp","href":"https:\/\/api.w.org\/{rel}","templated":true}]}}